
{"id":1028,"date":"2020-06-01T10:08:42","date_gmt":"2020-06-01T13:08:42","guid":{"rendered":"https:\/\/africaatual.com.br\/index.php\/2020\/06\/01\/madaraka-day\/"},"modified":"2020-06-01T10:08:42","modified_gmt":"2020-06-01T13:08:42","slug":"madaraka-day","status":"publish","type":"post","link":"https:\/\/africaatual.com.br\/index.php\/2020\/06\/01\/madaraka-day\/","title":{"rendered":"Madaraka day"},"content":{"rendered":"\t\t<div data-elementor-type=\"wp-post\" data-elementor-id=\"1028\" class=\"elementor elementor-1028\">\n\t\t\t\t\t\t<section class=\"elementor-section elementor-top-section elementor-element elementor-element-2cd00dcd elementor-section-boxed elementor-section-height-default elementor-section-height-default wpr-particle-no wpr-jarallax-no wpr-parallax-no wpr-sticky-section-no wpr-equal-height-no\" data-id=\"2cd00dcd\" data-element_type=\"section\" data-e-type=\"section\">\n\t\t\t\t\t\t<div class=\"elementor-container elementor-column-gap-default\">\n\t\t\t\t\t<div class=\"elementor-column elementor-col-100 elementor-top-column elementor-element elementor-element-60624c1f\" data-id=\"60624c1f\" data-element_type=\"column\" data-e-type=\"column\">\n\t\t\t<div class=\"elementor-widget-wrap elementor-element-populated\">\n\t\t\t\t\t\t<div class=\"elementor-element elementor-element-79f1e85d elementor-widget elementor-widget-text-editor\" data-id=\"79f1e85d\" data-element_type=\"widget\" data-e-type=\"widget\" data-widget_type=\"text-editor.default\">\n\t\t\t\t<div class=\"elementor-widget-container\">\n\t\t\t\t\t\t\t\t\t<p><\/p>\n<h2 class=\"wp-block-heading\">Quando \u00e9 o dia <strong>Madaraka<\/strong>?<\/h2>\n<p><\/p>\n<p><\/p>\n<p>O dia <strong>Madaraka<\/strong> \u00e9 comemorado como feriado nacional, no Qu\u00eania, em 1\u00ba de junho.\u00a0<\/p>\n<p><\/p>\n<p><\/p>\n<p>Madaraka \u00e9 a palavra sua\u00edli para &#8216;poder&#8217;. O Dia <strong>Madaraka<\/strong> \u00e9 um feriado que comemora o momento em que o Qu\u00eania assumiu o poder. E, em 1963, alcan\u00e7a o autogoverno nacional.<\/p>\n<p><\/p>\t\t\t\t\t\t\t\t<\/div>\n\t\t\t\t<\/div>\n\t\t\t\t\t<\/div>\n\t\t<\/div>\n\t\t\t\t\t<\/div>\n\t\t<\/section>\n\t\t\t\t<section class=\"elementor-section elementor-top-section elementor-element elementor-element-7483002 elementor-section-boxed elementor-section-height-default elementor-section-height-default wpr-particle-no wpr-jarallax-no wpr-parallax-no wpr-sticky-section-no wpr-equal-height-no\" data-id=\"7483002\" data-element_type=\"section\" data-e-type=\"section\">\n\t\t\t\t\t\t<div class=\"elementor-container elementor-column-gap-default\">\n\t\t\t\t\t<div class=\"elementor-column elementor-col-100 elementor-top-column elementor-element elementor-element-df9109d\" data-id=\"df9109d\" data-element_type=\"column\" data-e-type=\"column\">\n\t\t\t<div class=\"elementor-widget-wrap elementor-element-populated\">\n\t\t\t\t\t\t<div class=\"elementor-element elementor-element-65927f9 elementor-widget elementor-widget-text-editor\" data-id=\"65927f9\" data-element_type=\"widget\" data-e-type=\"widget\" data-widget_type=\"text-editor.default\">\n\t\t\t\t<div class=\"elementor-widget-container\">\n\t\t\t\t\t\t\t\t\t<h2><span class=\"notranslate\"><img fetchpriority=\"high\" decoding=\"async\" class=\"alignnone size-medium wp-image-1054\" src=\"httpss:\/\/africaatual.com.br\/wp-content\/uploads\/2020\/06\/madaraka-day-africa-nazarene-university-1-240x300.jpg\" alt=\"\" width=\"240\" height=\"300\" \/>Hist\u00f3ria do Madaraka Day<\/span><\/h2>\n<p><span class=\"notranslate\">Em 1890, a regi\u00e3o que hoje se denomina Qu\u00eania, sofria sob o controle da Imperial British East Africa Company. Tamb\u00e9m possu\u00eda ocupa\u00e7\u00f5es de terras e explora\u00e7\u00e3o de com\u00e9rcio por comunidades alem\u00e3s.<\/span><\/p>\n<p><span class=\"notranslate\">O Qu\u00eania fazia parte do &#8220;protetorado&#8221; brit\u00e2nico da \u00c1frica Oriental, de 1895 \u00e0 1920, quando formalmente se torna uma col\u00f4nia brit\u00e2nica.<\/span><\/p>\n<p><span class=\"notranslate\">Disputas por terra eram comuns, levando \u00e0 rebeli\u00e3o do povo Kikuyu em 1952.<\/span><\/p>\n<p><span class=\"notranslate\">As primeiras elei\u00e7\u00f5es diretas ocorreram em 1957. A Uni\u00e3o Nacional Africana do Qu\u00eania, liderada por Jomo Kenyatta, da etnia Kikuyu, forma o primeiro governo.<\/span><\/p>\n<p><span class=\"notranslate\">Em 1\u00ba de junho de 1963, o Qu\u00eania se torna um pa\u00eds aut\u00f4nomo. Jomo Kenyatta \u00e9 aclamado seu primeiro primeiro-ministro.<\/span><\/p>\n<p><span class=\"notranslate\">A independ\u00eancia total do dom\u00ednio brit\u00e2nico ocorre em 12 de dezembro de 1963. O Qu\u00eania se afirma como na\u00e7\u00e3o independente.<\/span><\/p>\n<p><span class=\"notranslate\">Este \u00e9 um dos tr\u00eas feriados nacionais, a constarem da Constitui\u00e7\u00e3o do Qu\u00eania, de 2010.<\/span><\/p>\n<h2><span class=\"notranslate\">Como \u00e9 comemorado Madaraka day?<\/span><\/h2>\n<p><span class=\"notranslate\">Para comemorar o Dia Madaraka, os quenianos se reunem em v\u00e1rias atividades c\u00edvicas. Algumas com <\/span><span style=\"font-size: 15px;\">apresenta\u00e7\u00f5es de desfiles militares, palestras, m\u00fasicas e dan\u00e7as. Este ano, em fun\u00e7\u00e3o da pandemia, as formas de comemora\u00e7\u00e3o est\u00e3o dentro das precau\u00e7\u00f5es alertadas por seu minist\u00e9rio da sa\u00fade.\u00a0\u00a0<\/span><\/p>\n<p>V\u00e1rias organiza\u00e7\u00f5es sociais se organizam para desenvolver a\u00e7\u00f5es de cidadania, no Qu\u00eania e no exterior, onde h\u00e1 quenianos da di\u00e1spora, para celebrar o <strong>Madaraka day<\/strong>.\u00a0\u00a0<\/p>\n<p>\u00a0<\/p>\n<p>\u00a0<\/p>\t\t\t\t\t\t\t\t<\/div>\n\t\t\t\t<\/div>\n\t\t\t\t\t<\/div>\n\t\t<\/div>\n\t\t\t\t\t<\/div>\n\t\t<\/section>\n\t\t\t\t<section class=\"elementor-section elementor-top-section elementor-element elementor-element-6042530 elementor-section-boxed elementor-section-height-default elementor-section-height-default wpr-particle-no wpr-jarallax-no wpr-parallax-no wpr-sticky-section-no wpr-equal-height-no\" data-id=\"6042530\" data-element_type=\"section\" data-e-type=\"section\">\n\t\t\t\t\t\t<div class=\"elementor-container elementor-column-gap-default\">\n\t\t\t\t\t<div class=\"elementor-column elementor-col-100 elementor-top-column elementor-element elementor-element-60c8c66\" data-id=\"60c8c66\" data-element_type=\"column\" data-e-type=\"column\">\n\t\t\t<div class=\"elementor-widget-wrap elementor-element-populated\">\n\t\t\t\t\t\t<div class=\"elementor-element elementor-element-48f3ea9 elementor-widget elementor-widget-text-editor\" data-id=\"48f3ea9\" data-element_type=\"widget\" data-e-type=\"widget\" data-widget_type=\"text-editor.default\">\n\t\t\t\t<div class=\"elementor-widget-container\">\n\t\t\t\t\t\t\t\t\t<p>fonte de imagem:\u00a0<\/p>\n<p><a href=\"httpsss:\/\/www.facebook.com\/anu.ac.ke\/\">httpsss:\/\/www.facebook.com\/anu.ac.ke\/<\/a><\/p>\t\t\t\t\t\t\t\t<\/div>\n\t\t\t\t<\/div>\n\t\t\t\t\t<\/div>\n\t\t<\/div>\n\t\t\t\t\t<\/div>\n\t\t<\/section>\n\t\t\t\t<section class=\"elementor-section elementor-top-section elementor-element elementor-element-46c602c elementor-section-boxed elementor-section-height-default elementor-section-height-default wpr-particle-no wpr-jarallax-no wpr-parallax-no wpr-sticky-section-no wpr-equal-height-no\" data-id=\"46c602c\" data-element_type=\"section\" data-e-type=\"section\">\n\t\t\t\t\t\t<div class=\"elementor-container elementor-column-gap-default\">\n\t\t\t\t\t<div class=\"elementor-column elementor-col-100 elementor-top-column elementor-element elementor-element-2154d34\" data-id=\"2154d34\" data-element_type=\"column\" data-e-type=\"column\">\n\t\t\t<div class=\"elementor-widget-wrap elementor-element-populated\">\n\t\t\t\t\t\t<div class=\"elementor-element elementor-element-7e4ae83 elementor-widget elementor-widget-text-editor\" data-id=\"7e4ae83\" data-element_type=\"widget\" data-e-type=\"widget\" data-widget_type=\"text-editor.default\">\n\t\t\t\t<div class=\"elementor-widget-container\">\n\t\t\t\t\t\t\t\t\t<p>fonte da mat\u00e9ria:\u00a0<\/p>\n<p><a href=\"httpsss:\/\/www.officeholidays.com\/holidays\/kenya\/madaraka-day\">httpsss:\/\/www.officeholidays.com\/holidays\/kenya\/madaraka-day<\/a><\/p>\n<p><a href=\"httpsss:\/\/cog.go.ke\/46-news-highlights-old\/417-madaraka-day-celebrations\">httpsss:\/\/cog.go.ke\/46-news-highlights-old\/417-madaraka-day-celebrations<\/a><\/p>\n<p>\u00a0<\/p>\t\t\t\t\t\t\t\t<\/div>\n\t\t\t\t<\/div>\n\t\t\t\t\t<\/div>\n\t\t<\/div>\n\t\t\t\t\t<\/div>\n\t\t<\/section>\n\t\t\t\t<\/div>\n\t\t","protected":false},"excerpt":{"rendered":"<p>Quando \u00e9 o dia Madaraka? O dia Madaraka \u00e9 comemorado como feriado nacional, no Qu\u00eania, em 1\u00ba de junho.\u00a0 Madaraka \u00e9 a palavra sua\u00edli para &#8216;poder&#8217;. O Dia Madaraka \u00e9 um feriado que comemora o momento em que o Qu\u00eania assumiu o poder. E, em 1963, alcan\u00e7a o autogoverno nacional. Hist\u00f3ria do Madaraka Day Em 1890, a regi\u00e3o que hoje se denomina Qu\u00eania, sofria sob o controle da Imperial British East Africa Company. Tamb\u00e9m possu\u00eda ocupa\u00e7\u00f5es de terras e explora\u00e7\u00e3o de com\u00e9rcio por comunidades alem\u00e3s. O Qu\u00eania fazia parte do &#8220;protetorado&#8221; brit\u00e2nico da \u00c1frica Oriental, de 1895 \u00e0 1920, quando formalmente se torna uma col\u00f4nia brit\u00e2nica. Disputas por terra eram comuns, levando \u00e0 rebeli\u00e3o do povo Kikuyu em 1952. As primeiras elei\u00e7\u00f5es diretas ocorreram em 1957. A Uni\u00e3o Nacional Africana do Qu\u00eania, liderada por Jomo Kenyatta, da etnia Kikuyu, forma o primeiro governo. Em 1\u00ba de junho de 1963, o Qu\u00eania se torna um pa\u00eds aut\u00f4nomo. Jomo Kenyatta \u00e9 aclamado seu primeiro primeiro-ministro. A independ\u00eancia total do dom\u00ednio brit\u00e2nico ocorre em 12 de dezembro de 1963. O Qu\u00eania se afirma como na\u00e7\u00e3o independente. Este \u00e9 um dos tr\u00eas feriados nacionais, a constarem da Constitui\u00e7\u00e3o do Qu\u00eania, de 2010. Como \u00e9 comemorado Madaraka day? Para comemorar o Dia Madaraka, os quenianos se reunem em v\u00e1rias atividades c\u00edvicas. Algumas com apresenta\u00e7\u00f5es de desfiles militares, palestras, m\u00fasicas e dan\u00e7as. Este ano, em fun\u00e7\u00e3o da pandemia, as formas de comemora\u00e7\u00e3o est\u00e3o dentro das precau\u00e7\u00f5es alertadas por seu minist\u00e9rio da sa\u00fade.&nbsp;&nbsp; V\u00e1rias organiza\u00e7\u00f5es sociais se organizam para desenvolver a\u00e7\u00f5es de cidadania, no Qu\u00eania e no exterior, onde h\u00e1 quenianos da di\u00e1spora, para celebrar o Madaraka day.&nbsp;&nbsp; fonte de imagem:&nbsp; httpsss:\/\/www.facebook.com\/anu.ac.ke\/ fonte da mat\u00e9ria:&nbsp; httpsss:\/\/www.officeholidays.com\/holidays\/kenya\/madaraka-day httpsss:\/\/cog.go.ke\/46-news-highlights-old\/417-madaraka-day-celebrations<\/p>\n","protected":false},"author":1,"featured_media":1029,"comment_status":"open","ping_status":"open","sticky":false,"template":"","format":"standard","meta":{"inline_featured_image":false,"ocean_post_layout":"","ocean_both_sidebars_style":"","ocean_both_sidebars_content_width":0,"ocean_both_sidebars_sidebars_width":0,"ocean_sidebar":"","ocean_second_sidebar":"","ocean_disable_margins":"enable","ocean_add_body_class":"","ocean_shortcode_before_top_bar":"","ocean_shortcode_after_top_bar":"","ocean_shortcode_before_header":"","ocean_shortcode_after_header":"","ocean_has_shortcode":"","ocean_shortcode_after_title":"","ocean_shortcode_before_footer_widgets":"","ocean_shortcode_after_footer_widgets":"","ocean_shortcode_before_footer_bottom":"","ocean_shortcode_after_footer_bottom":"","ocean_display_top_bar":"default","ocean_display_header":"default","ocean_header_style":"","ocean_center_header_left_menu":"","ocean_custom_header_template":"","ocean_custom_logo":0,"ocean_custom_retina_logo":0,"ocean_custom_logo_max_width":0,"ocean_custom_logo_tablet_max_width":0,"ocean_custom_logo_mobile_max_width":0,"ocean_custom_logo_max_height":0,"ocean_custom_logo_tablet_max_height":0,"ocean_custom_logo_mobile_max_height":0,"ocean_header_custom_menu":"","ocean_menu_typo_font_family":"","ocean_menu_typo_font_subset":"","ocean_menu_typo_font_size":0,"ocean_menu_typo_font_size_tablet":0,"ocean_menu_typo_font_size_mobile":0,"ocean_menu_typo_font_size_unit":"px","ocean_menu_typo_font_weight":"","ocean_menu_typo_font_weight_tablet":"","ocean_menu_typo_font_weight_mobile":"","ocean_menu_typo_transform":"","ocean_menu_typo_transform_tablet":"","ocean_menu_typo_transform_mobile":"","ocean_menu_typo_line_height":0,"ocean_menu_typo_line_height_tablet":0,"ocean_menu_typo_line_height_mobile":0,"ocean_menu_typo_line_height_unit":"","ocean_menu_typo_spacing":0,"ocean_menu_typo_spacing_tablet":0,"ocean_menu_typo_spacing_mobile":0,"ocean_menu_typo_spacing_unit":"","ocean_menu_link_color":"","ocean_menu_link_color_hover":"","ocean_menu_link_color_active":"","ocean_menu_link_background":"","ocean_menu_link_hover_background":"","ocean_menu_link_active_background":"","ocean_menu_social_links_bg":"","ocean_menu_social_hover_links_bg":"","ocean_menu_social_links_color":"","ocean_menu_social_hover_links_color":"","ocean_disable_title":"default","ocean_disable_heading":"default","ocean_post_title":"","ocean_post_subheading":"","ocean_post_title_style":"","ocean_post_title_background_color":"","ocean_post_title_background":0,"ocean_post_title_bg_image_position":"","ocean_post_title_bg_image_attachment":"","ocean_post_title_bg_image_repeat":"","ocean_post_title_bg_image_size":"","ocean_post_title_height":0,"ocean_post_title_bg_overlay":0.5,"ocean_post_title_bg_overlay_color":"","ocean_disable_breadcrumbs":"default","ocean_breadcrumbs_color":"","ocean_breadcrumbs_separator_color":"","ocean_breadcrumbs_links_color":"","ocean_breadcrumbs_links_hover_color":"","ocean_display_footer_widgets":"default","ocean_display_footer_bottom":"default","ocean_custom_footer_template":"","omw_enable_modal_window":"enable","ocean_post_oembed":"","ocean_post_self_hosted_media":"","ocean_post_video_embed":"","ocean_link_format":"","ocean_link_format_target":"self","ocean_quote_format":"","ocean_quote_format_link":"post","ocean_gallery_link_images":"on","ocean_gallery_id":[],"footnotes":""},"categories":[48],"tags":[],"palavra-chave":[],"class_list":["post-1028","post","type-post","status-publish","format-standard","has-post-thumbnail","hentry","category-sem-categoria","entry","has-media"],"yoast_head":"<!-- This site is optimized with the Yoast SEO plugin v27.3 - https:\/\/yoast.com\/product\/yoast-seo-wordpress\/ -->\n<title>Madaraka day - africaatual.com.br<\/title>\n<meta name=\"robots\" content=\"index, follow, max-snippet:-1, max-image-preview:large, max-video-preview:-1\" \/>\n<link rel=\"canonical\" href=\"https:\/\/africaatual.com.br\/index.php\/2020\/06\/01\/madaraka-day\/\" \/>\n<meta property=\"og:locale\" content=\"pt_BR\" \/>\n<meta property=\"og:type\" content=\"article\" \/>\n<meta property=\"og:title\" content=\"Madaraka day - africaatual.com.br\" \/>\n<meta property=\"og:description\" content=\"Quando \u00e9 o dia Madaraka? O dia Madaraka \u00e9 comemorado como feriado nacional, no Qu\u00eania, em 1\u00ba de junho.\u00a0 Madaraka \u00e9 a palavra sua\u00edli para &#8216;poder&#8217;. O Dia Madaraka \u00e9 um feriado que comemora o momento em que o Qu\u00eania assumiu o poder. E, em 1963, alcan\u00e7a o autogoverno nacional. Hist\u00f3ria do Madaraka Day Em 1890, a regi\u00e3o que hoje se denomina Qu\u00eania, sofria sob o controle da Imperial British East Africa Company. Tamb\u00e9m possu\u00eda ocupa\u00e7\u00f5es de terras e explora\u00e7\u00e3o de com\u00e9rcio por comunidades alem\u00e3s. O Qu\u00eania fazia parte do &#8220;protetorado&#8221; brit\u00e2nico da \u00c1frica Oriental, de 1895 \u00e0 1920, quando formalmente se torna uma col\u00f4nia brit\u00e2nica. Disputas por terra eram comuns, levando \u00e0 rebeli\u00e3o do povo Kikuyu em 1952. As primeiras elei\u00e7\u00f5es diretas ocorreram em 1957. A Uni\u00e3o Nacional Africana do Qu\u00eania, liderada por Jomo Kenyatta, da etnia Kikuyu, forma o primeiro governo. Em 1\u00ba de junho de 1963, o Qu\u00eania se torna um pa\u00eds aut\u00f4nomo. Jomo Kenyatta \u00e9 aclamado seu primeiro primeiro-ministro. A independ\u00eancia total do dom\u00ednio brit\u00e2nico ocorre em 12 de dezembro de 1963. O Qu\u00eania se afirma como na\u00e7\u00e3o independente. Este \u00e9 um dos tr\u00eas feriados nacionais, a constarem da Constitui\u00e7\u00e3o do Qu\u00eania, de 2010. Como \u00e9 comemorado Madaraka day? Para comemorar o Dia Madaraka, os quenianos se reunem em v\u00e1rias atividades c\u00edvicas. Algumas com apresenta\u00e7\u00f5es de desfiles militares, palestras, m\u00fasicas e dan\u00e7as. Este ano, em fun\u00e7\u00e3o da pandemia, as formas de comemora\u00e7\u00e3o est\u00e3o dentro das precau\u00e7\u00f5es alertadas por seu minist\u00e9rio da sa\u00fade.&nbsp;&nbsp; V\u00e1rias organiza\u00e7\u00f5es sociais se organizam para desenvolver a\u00e7\u00f5es de cidadania, no Qu\u00eania e no exterior, onde h\u00e1 quenianos da di\u00e1spora, para celebrar o Madaraka day.&nbsp;&nbsp; fonte de imagem:&nbsp; httpsss:\/\/www.facebook.com\/anu.ac.ke\/ fonte da mat\u00e9ria:&nbsp; httpsss:\/\/www.officeholidays.com\/holidays\/kenya\/madaraka-day httpsss:\/\/cog.go.ke\/46-news-highlights-old\/417-madaraka-day-celebrations\" \/>\n<meta property=\"og:url\" content=\"https:\/\/africaatual.com.br\/index.php\/2020\/06\/01\/madaraka-day\/\" \/>\n<meta property=\"og:site_name\" content=\"africaatual.com.br\" \/>\n<meta property=\"article:published_time\" content=\"2020-06-01T13:08:42+00:00\" \/>\n<meta property=\"og:image\" content=\"\" \/>\n<meta name=\"author\" content=\"africaatual\" \/>\n<meta name=\"twitter:card\" content=\"summary_large_image\" \/>\n<meta name=\"twitter:label1\" content=\"Escrito por\" \/>\n\t<meta name=\"twitter:data1\" content=\"africaatual\" \/>\n\t<meta name=\"twitter:label2\" content=\"Est. tempo de leitura\" \/>\n\t<meta name=\"twitter:data2\" content=\"2 minutos\" \/>\n<script type=\"application\/ld+json\" class=\"yoast-schema-graph\">{\"@context\":\"https:\\\/\\\/schema.org\",\"@graph\":[{\"@type\":\"Article\",\"@id\":\"https:\\\/\\\/africaatual.com.br\\\/index.php\\\/2020\\\/06\\\/01\\\/madaraka-day\\\/#article\",\"isPartOf\":{\"@id\":\"https:\\\/\\\/africaatual.com.br\\\/index.php\\\/2020\\\/06\\\/01\\\/madaraka-day\\\/\"},\"author\":{\"name\":\"africaatual\",\"@id\":\"https:\\\/\\\/africaatual.com.br\\\/#\\\/schema\\\/person\\\/31315b203b16bec551dcad6d14ff6b17\"},\"headline\":\"Madaraka day\",\"datePublished\":\"2020-06-01T13:08:42+00:00\",\"mainEntityOfPage\":{\"@id\":\"https:\\\/\\\/africaatual.com.br\\\/index.php\\\/2020\\\/06\\\/01\\\/madaraka-day\\\/\"},\"wordCount\":333,\"commentCount\":4,\"publisher\":{\"@id\":\"https:\\\/\\\/africaatual.com.br\\\/#organization\"},\"image\":{\"@id\":\"https:\\\/\\\/africaatual.com.br\\\/index.php\\\/2020\\\/06\\\/01\\\/madaraka-day\\\/#primaryimage\"},\"thumbnailUrl\":\"https:\\\/\\\/africaatual.com.br\\\/wp-content\\\/uploads\\\/2020\\\/06\\\/foto-univesidade-nazarena.jpg\",\"articleSection\":[\"A Africa\"],\"inLanguage\":\"pt-BR\",\"potentialAction\":[{\"@type\":\"CommentAction\",\"name\":\"Comment\",\"target\":[\"https:\\\/\\\/africaatual.com.br\\\/index.php\\\/2020\\\/06\\\/01\\\/madaraka-day\\\/#respond\"]}]},{\"@type\":\"WebPage\",\"@id\":\"https:\\\/\\\/africaatual.com.br\\\/index.php\\\/2020\\\/06\\\/01\\\/madaraka-day\\\/\",\"url\":\"https:\\\/\\\/africaatual.com.br\\\/index.php\\\/2020\\\/06\\\/01\\\/madaraka-day\\\/\",\"name\":\"Madaraka day - africaatual.com.br\",\"isPartOf\":{\"@id\":\"https:\\\/\\\/africaatual.com.br\\\/#website\"},\"primaryImageOfPage\":{\"@id\":\"https:\\\/\\\/africaatual.com.br\\\/index.php\\\/2020\\\/06\\\/01\\\/madaraka-day\\\/#primaryimage\"},\"image\":{\"@id\":\"https:\\\/\\\/africaatual.com.br\\\/index.php\\\/2020\\\/06\\\/01\\\/madaraka-day\\\/#primaryimage\"},\"thumbnailUrl\":\"https:\\\/\\\/africaatual.com.br\\\/wp-content\\\/uploads\\\/2020\\\/06\\\/foto-univesidade-nazarena.jpg\",\"datePublished\":\"2020-06-01T13:08:42+00:00\",\"breadcrumb\":{\"@id\":\"https:\\\/\\\/africaatual.com.br\\\/index.php\\\/2020\\\/06\\\/01\\\/madaraka-day\\\/#breadcrumb\"},\"inLanguage\":\"pt-BR\",\"potentialAction\":[{\"@type\":\"ReadAction\",\"target\":[\"https:\\\/\\\/africaatual.com.br\\\/index.php\\\/2020\\\/06\\\/01\\\/madaraka-day\\\/\"]}]},{\"@type\":\"ImageObject\",\"inLanguage\":\"pt-BR\",\"@id\":\"https:\\\/\\\/africaatual.com.br\\\/index.php\\\/2020\\\/06\\\/01\\\/madaraka-day\\\/#primaryimage\",\"url\":\"https:\\\/\\\/africaatual.com.br\\\/wp-content\\\/uploads\\\/2020\\\/06\\\/foto-univesidade-nazarena.jpg\",\"contentUrl\":\"https:\\\/\\\/africaatual.com.br\\\/wp-content\\\/uploads\\\/2020\\\/06\\\/foto-univesidade-nazarena.jpg\",\"width\":2048,\"height\":1365},{\"@type\":\"BreadcrumbList\",\"@id\":\"https:\\\/\\\/africaatual.com.br\\\/index.php\\\/2020\\\/06\\\/01\\\/madaraka-day\\\/#breadcrumb\",\"itemListElement\":[{\"@type\":\"ListItem\",\"position\":1,\"name\":\"In\u00edcio\",\"item\":\"https:\\\/\\\/africaatual.com.br\\\/\"},{\"@type\":\"ListItem\",\"position\":2,\"name\":\"Madaraka day\"}]},{\"@type\":\"WebSite\",\"@id\":\"https:\\\/\\\/africaatual.com.br\\\/#website\",\"url\":\"https:\\\/\\\/africaatual.com.br\\\/\",\"name\":\"africaatual.com.br\",\"description\":\"O Atlas Geocultural da \u00c1frica \u00e9 um rico material de leitura e pesquisa, que visa apresentar de forma atual os pa\u00edses africanos, ainda t\u00e3o pouco conhecidos.\",\"publisher\":{\"@id\":\"https:\\\/\\\/africaatual.com.br\\\/#organization\"},\"potentialAction\":[{\"@type\":\"SearchAction\",\"target\":{\"@type\":\"EntryPoint\",\"urlTemplate\":\"https:\\\/\\\/africaatual.com.br\\\/?s={search_term_string}\"},\"query-input\":{\"@type\":\"PropertyValueSpecification\",\"valueRequired\":true,\"valueName\":\"search_term_string\"}}],\"inLanguage\":\"pt-BR\"},{\"@type\":\"Organization\",\"@id\":\"https:\\\/\\\/africaatual.com.br\\\/#organization\",\"name\":\"africaatual.com.br\",\"url\":\"https:\\\/\\\/africaatual.com.br\\\/\",\"logo\":{\"@type\":\"ImageObject\",\"inLanguage\":\"pt-BR\",\"@id\":\"https:\\\/\\\/africaatual.com.br\\\/#\\\/schema\\\/logo\\\/image\\\/\",\"url\":\"http:\\\/\\\/africaatual.com.br\\\/wp-content\\\/uploads\\\/2023\\\/06\\\/LOGOEIROS_Prancheta-1-tipo-preto.png\",\"contentUrl\":\"http:\\\/\\\/africaatual.com.br\\\/wp-content\\\/uploads\\\/2023\\\/06\\\/LOGOEIROS_Prancheta-1-tipo-preto.png\",\"width\":1667,\"height\":730,\"caption\":\"africaatual.com.br\"},\"image\":{\"@id\":\"https:\\\/\\\/africaatual.com.br\\\/#\\\/schema\\\/logo\\\/image\\\/\"}},{\"@type\":\"Person\",\"@id\":\"https:\\\/\\\/africaatual.com.br\\\/#\\\/schema\\\/person\\\/31315b203b16bec551dcad6d14ff6b17\",\"name\":\"africaatual\",\"image\":{\"@type\":\"ImageObject\",\"inLanguage\":\"pt-BR\",\"@id\":\"https:\\\/\\\/secure.gravatar.com\\\/avatar\\\/62aeeba3c7bd20a0a9ee0e00da31fba130446f5c08871cd9335ec9bce29b9030?s=96&d=mm&r=g\",\"url\":\"https:\\\/\\\/secure.gravatar.com\\\/avatar\\\/62aeeba3c7bd20a0a9ee0e00da31fba130446f5c08871cd9335ec9bce29b9030?s=96&d=mm&r=g\",\"contentUrl\":\"https:\\\/\\\/secure.gravatar.com\\\/avatar\\\/62aeeba3c7bd20a0a9ee0e00da31fba130446f5c08871cd9335ec9bce29b9030?s=96&d=mm&r=g\",\"caption\":\"africaatual\"},\"sameAs\":[\"http:\\\/\\\/africaatual.com.br\"],\"url\":\"https:\\\/\\\/africaatual.com.br\\\/index.php\\\/author\\\/atlasgeoculturalafricaatual-com\\\/\"}]}<\/script>\n<!-- \/ Yoast SEO plugin. -->","yoast_head_json":{"title":"Madaraka day - africaatual.com.br","robots":{"index":"index","follow":"follow","max-snippet":"max-snippet:-1","max-image-preview":"max-image-preview:large","max-video-preview":"max-video-preview:-1"},"canonical":"https:\/\/africaatual.com.br\/index.php\/2020\/06\/01\/madaraka-day\/","og_locale":"pt_BR","og_type":"article","og_title":"Madaraka day - africaatual.com.br","og_description":"Quando \u00e9 o dia Madaraka? O dia Madaraka \u00e9 comemorado como feriado nacional, no Qu\u00eania, em 1\u00ba de junho.\u00a0 Madaraka \u00e9 a palavra sua\u00edli para &#8216;poder&#8217;. O Dia Madaraka \u00e9 um feriado que comemora o momento em que o Qu\u00eania assumiu o poder. E, em 1963, alcan\u00e7a o autogoverno nacional. Hist\u00f3ria do Madaraka Day Em 1890, a regi\u00e3o que hoje se denomina Qu\u00eania, sofria sob o controle da Imperial British East Africa Company. Tamb\u00e9m possu\u00eda ocupa\u00e7\u00f5es de terras e explora\u00e7\u00e3o de com\u00e9rcio por comunidades alem\u00e3s. O Qu\u00eania fazia parte do &#8220;protetorado&#8221; brit\u00e2nico da \u00c1frica Oriental, de 1895 \u00e0 1920, quando formalmente se torna uma col\u00f4nia brit\u00e2nica. Disputas por terra eram comuns, levando \u00e0 rebeli\u00e3o do povo Kikuyu em 1952. As primeiras elei\u00e7\u00f5es diretas ocorreram em 1957. A Uni\u00e3o Nacional Africana do Qu\u00eania, liderada por Jomo Kenyatta, da etnia Kikuyu, forma o primeiro governo. Em 1\u00ba de junho de 1963, o Qu\u00eania se torna um pa\u00eds aut\u00f4nomo. Jomo Kenyatta \u00e9 aclamado seu primeiro primeiro-ministro. A independ\u00eancia total do dom\u00ednio brit\u00e2nico ocorre em 12 de dezembro de 1963. O Qu\u00eania se afirma como na\u00e7\u00e3o independente. Este \u00e9 um dos tr\u00eas feriados nacionais, a constarem da Constitui\u00e7\u00e3o do Qu\u00eania, de 2010. Como \u00e9 comemorado Madaraka day? Para comemorar o Dia Madaraka, os quenianos se reunem em v\u00e1rias atividades c\u00edvicas. Algumas com apresenta\u00e7\u00f5es de desfiles militares, palestras, m\u00fasicas e dan\u00e7as. Este ano, em fun\u00e7\u00e3o da pandemia, as formas de comemora\u00e7\u00e3o est\u00e3o dentro das precau\u00e7\u00f5es alertadas por seu minist\u00e9rio da sa\u00fade.&nbsp;&nbsp; V\u00e1rias organiza\u00e7\u00f5es sociais se organizam para desenvolver a\u00e7\u00f5es de cidadania, no Qu\u00eania e no exterior, onde h\u00e1 quenianos da di\u00e1spora, para celebrar o Madaraka day.&nbsp;&nbsp; fonte de imagem:&nbsp; httpsss:\/\/www.facebook.com\/anu.ac.ke\/ fonte da mat\u00e9ria:&nbsp; httpsss:\/\/www.officeholidays.com\/holidays\/kenya\/madaraka-day httpsss:\/\/cog.go.ke\/46-news-highlights-old\/417-madaraka-day-celebrations","og_url":"https:\/\/africaatual.com.br\/index.php\/2020\/06\/01\/madaraka-day\/","og_site_name":"africaatual.com.br","article_published_time":"2020-06-01T13:08:42+00:00","og_image":[{"url":"httpsss:\/\/africaatual.com.br\/wp-content\/uploads\/2020\/06\/madaraka-day-africa-nazarene-university-1-240x300.jpg","type":"","width":"","height":""}],"author":"africaatual","twitter_card":"summary_large_image","twitter_misc":{"Escrito por":"africaatual","Est. tempo de leitura":"2 minutos"},"schema":{"@context":"https:\/\/schema.org","@graph":[{"@type":"Article","@id":"https:\/\/africaatual.com.br\/index.php\/2020\/06\/01\/madaraka-day\/#article","isPartOf":{"@id":"https:\/\/africaatual.com.br\/index.php\/2020\/06\/01\/madaraka-day\/"},"author":{"name":"africaatual","@id":"https:\/\/africaatual.com.br\/#\/schema\/person\/31315b203b16bec551dcad6d14ff6b17"},"headline":"Madaraka day","datePublished":"2020-06-01T13:08:42+00:00","mainEntityOfPage":{"@id":"https:\/\/africaatual.com.br\/index.php\/2020\/06\/01\/madaraka-day\/"},"wordCount":333,"commentCount":4,"publisher":{"@id":"https:\/\/africaatual.com.br\/#organization"},"image":{"@id":"https:\/\/africaatual.com.br\/index.php\/2020\/06\/01\/madaraka-day\/#primaryimage"},"thumbnailUrl":"https:\/\/africaatual.com.br\/wp-content\/uploads\/2020\/06\/foto-univesidade-nazarena.jpg","articleSection":["A Africa"],"inLanguage":"pt-BR","potentialAction":[{"@type":"CommentAction","name":"Comment","target":["https:\/\/africaatual.com.br\/index.php\/2020\/06\/01\/madaraka-day\/#respond"]}]},{"@type":"WebPage","@id":"https:\/\/africaatual.com.br\/index.php\/2020\/06\/01\/madaraka-day\/","url":"https:\/\/africaatual.com.br\/index.php\/2020\/06\/01\/madaraka-day\/","name":"Madaraka day - africaatual.com.br","isPartOf":{"@id":"https:\/\/africaatual.com.br\/#website"},"primaryImageOfPage":{"@id":"https:\/\/africaatual.com.br\/index.php\/2020\/06\/01\/madaraka-day\/#primaryimage"},"image":{"@id":"https:\/\/africaatual.com.br\/index.php\/2020\/06\/01\/madaraka-day\/#primaryimage"},"thumbnailUrl":"https:\/\/africaatual.com.br\/wp-content\/uploads\/2020\/06\/foto-univesidade-nazarena.jpg","datePublished":"2020-06-01T13:08:42+00:00","breadcrumb":{"@id":"https:\/\/africaatual.com.br\/index.php\/2020\/06\/01\/madaraka-day\/#breadcrumb"},"inLanguage":"pt-BR","potentialAction":[{"@type":"ReadAction","target":["https:\/\/africaatual.com.br\/index.php\/2020\/06\/01\/madaraka-day\/"]}]},{"@type":"ImageObject","inLanguage":"pt-BR","@id":"https:\/\/africaatual.com.br\/index.php\/2020\/06\/01\/madaraka-day\/#primaryimage","url":"https:\/\/africaatual.com.br\/wp-content\/uploads\/2020\/06\/foto-univesidade-nazarena.jpg","contentUrl":"https:\/\/africaatual.com.br\/wp-content\/uploads\/2020\/06\/foto-univesidade-nazarena.jpg","width":2048,"height":1365},{"@type":"BreadcrumbList","@id":"https:\/\/africaatual.com.br\/index.php\/2020\/06\/01\/madaraka-day\/#breadcrumb","itemListElement":[{"@type":"ListItem","position":1,"name":"In\u00edcio","item":"https:\/\/africaatual.com.br\/"},{"@type":"ListItem","position":2,"name":"Madaraka day"}]},{"@type":"WebSite","@id":"https:\/\/africaatual.com.br\/#website","url":"https:\/\/africaatual.com.br\/","name":"africaatual.com.br","description":"O Atlas Geocultural da \u00c1frica \u00e9 um rico material de leitura e pesquisa, que visa apresentar de forma atual os pa\u00edses africanos, ainda t\u00e3o pouco conhecidos.","publisher":{"@id":"https:\/\/africaatual.com.br\/#organization"},"potentialAction":[{"@type":"SearchAction","target":{"@type":"EntryPoint","urlTemplate":"https:\/\/africaatual.com.br\/?s={search_term_string}"},"query-input":{"@type":"PropertyValueSpecification","valueRequired":true,"valueName":"search_term_string"}}],"inLanguage":"pt-BR"},{"@type":"Organization","@id":"https:\/\/africaatual.com.br\/#organization","name":"africaatual.com.br","url":"https:\/\/africaatual.com.br\/","logo":{"@type":"ImageObject","inLanguage":"pt-BR","@id":"https:\/\/africaatual.com.br\/#\/schema\/logo\/image\/","url":"http:\/\/africaatual.com.br\/wp-content\/uploads\/2023\/06\/LOGOEIROS_Prancheta-1-tipo-preto.png","contentUrl":"http:\/\/africaatual.com.br\/wp-content\/uploads\/2023\/06\/LOGOEIROS_Prancheta-1-tipo-preto.png","width":1667,"height":730,"caption":"africaatual.com.br"},"image":{"@id":"https:\/\/africaatual.com.br\/#\/schema\/logo\/image\/"}},{"@type":"Person","@id":"https:\/\/africaatual.com.br\/#\/schema\/person\/31315b203b16bec551dcad6d14ff6b17","name":"africaatual","image":{"@type":"ImageObject","inLanguage":"pt-BR","@id":"https:\/\/secure.gravatar.com\/avatar\/62aeeba3c7bd20a0a9ee0e00da31fba130446f5c08871cd9335ec9bce29b9030?s=96&d=mm&r=g","url":"https:\/\/secure.gravatar.com\/avatar\/62aeeba3c7bd20a0a9ee0e00da31fba130446f5c08871cd9335ec9bce29b9030?s=96&d=mm&r=g","contentUrl":"https:\/\/secure.gravatar.com\/avatar\/62aeeba3c7bd20a0a9ee0e00da31fba130446f5c08871cd9335ec9bce29b9030?s=96&d=mm&r=g","caption":"africaatual"},"sameAs":["http:\/\/africaatual.com.br"],"url":"https:\/\/africaatual.com.br\/index.php\/author\/atlasgeoculturalafricaatual-com\/"}]}},"_links":{"self":[{"href":"https:\/\/africaatual.com.br\/index.php\/wp-json\/wp\/v2\/posts\/1028","targetHints":{"allow":["GET"]}}],"collection":[{"href":"https:\/\/africaatual.com.br\/index.php\/wp-json\/wp\/v2\/posts"}],"about":[{"href":"https:\/\/africaatual.com.br\/index.php\/wp-json\/wp\/v2\/types\/post"}],"author":[{"embeddable":true,"href":"https:\/\/africaatual.com.br\/index.php\/wp-json\/wp\/v2\/users\/1"}],"replies":[{"embeddable":true,"href":"https:\/\/africaatual.com.br\/index.php\/wp-json\/wp\/v2\/comments?post=1028"}],"version-history":[{"count":0,"href":"https:\/\/africaatual.com.br\/index.php\/wp-json\/wp\/v2\/posts\/1028\/revisions"}],"wp:featuredmedia":[{"embeddable":true,"href":"https:\/\/africaatual.com.br\/index.php\/wp-json\/wp\/v2\/media\/1029"}],"wp:attachment":[{"href":"https:\/\/africaatual.com.br\/index.php\/wp-json\/wp\/v2\/media?parent=1028"}],"wp:term":[{"taxonomy":"category","embeddable":true,"href":"https:\/\/africaatual.com.br\/index.php\/wp-json\/wp\/v2\/categories?post=1028"},{"taxonomy":"post_tag","embeddable":true,"href":"https:\/\/africaatual.com.br\/index.php\/wp-json\/wp\/v2\/tags?post=1028"},{"taxonomy":"palavra-chave","embeddable":true,"href":"https:\/\/africaatual.com.br\/index.php\/wp-json\/wp\/v2\/palavra-chave?post=1028"}],"curies":[{"name":"wp","href":"https:\/\/api.w.org\/{rel}","templated":true}]}}