
{"id":10330,"date":"2024-02-15T10:55:02","date_gmt":"2024-02-15T13:55:02","guid":{"rendered":"https:\/\/africaatual.com.br\/?p=10330"},"modified":"2024-02-15T11:09:52","modified_gmt":"2024-02-15T14:09:52","slug":"noticias-africanas-4","status":"publish","type":"post","link":"https:\/\/africaatual.com.br\/index.php\/2024\/02\/15\/noticias-africanas-4\/","title":{"rendered":"Not\u00edcias Africanas #4"},"content":{"rendered":"\t\t<div data-elementor-type=\"wp-post\" data-elementor-id=\"10330\" class=\"elementor elementor-10330\">\n\t\t\t\t<div class=\"elementor-element elementor-element-ed28694 e-flex e-con-boxed wpr-particle-no wpr-jarallax-no wpr-parallax-no wpr-sticky-section-no wpr-equal-height-no e-con e-parent\" data-id=\"ed28694\" data-element_type=\"container\" data-e-type=\"container\">\n\t\t\t\t\t<div class=\"e-con-inner\">\n\t\t<div class=\"elementor-element elementor-element-17af921 e-flex e-con-boxed wpr-particle-no wpr-jarallax-no wpr-parallax-no wpr-sticky-section-no wpr-equal-height-no e-con e-child\" data-id=\"17af921\" data-element_type=\"container\" data-e-type=\"container\">\n\t\t\t\t\t<div class=\"e-con-inner\">\n\t\t\t\t<div class=\"elementor-element elementor-element-2d98419 elementor-widget elementor-widget-heading\" data-id=\"2d98419\" data-element_type=\"widget\" data-e-type=\"widget\" data-widget_type=\"heading.default\">\n\t\t\t\t<div class=\"elementor-widget-container\">\n\t\t\t\t\t<h1 class=\"elementor-heading-title elementor-size-default\">Not\u00edcias Africanas\nConex\u00f5es Brasil e \u00c1fricas\nN\u00famero 4 - Fevereiro\/2024\n<\/h1>\t\t\t\t<\/div>\n\t\t\t\t<\/div>\n\t\t\t\t\t<\/div>\n\t\t\t\t<\/div>\n\t\t\t\t\t<\/div>\n\t\t\t\t<\/div>\n\t\t<div class=\"elementor-element elementor-element-cd708ff e-flex e-con-boxed wpr-particle-no wpr-jarallax-no wpr-parallax-no wpr-sticky-section-no wpr-equal-height-no e-con e-parent\" data-id=\"cd708ff\" data-element_type=\"container\" data-e-type=\"container\" data-settings=\"{&quot;background_background&quot;:&quot;classic&quot;}\">\n\t\t\t\t\t<div class=\"e-con-inner\">\n\t\t<div class=\"elementor-element elementor-element-ad1e69b e-flex e-con-boxed wpr-particle-no wpr-jarallax-no wpr-parallax-no wpr-sticky-section-no wpr-equal-height-no e-con e-child\" data-id=\"ad1e69b\" data-element_type=\"container\" data-e-type=\"container\">\n\t\t\t\t\t<div class=\"e-con-inner\">\n\t\t\t\t<div class=\"elementor-element elementor-element-252d706 elementor-widget elementor-widget-text-editor\" data-id=\"252d706\" data-element_type=\"widget\" data-e-type=\"widget\" data-widget_type=\"text-editor.default\">\n\t\t\t\t<div class=\"elementor-widget-container\">\n\t\t\t\t\t\t\t\t\t<p><span style=\"font-weight: 400;\">Este boletim de not\u00edcias se insere no contexto do Projeto \u00c1frica Atual. Sua postagem ser\u00e1 semanal, \u00e0s quintas-feiras, no site <\/span><a href=\"http:\/\/www.africaatual.com.br\"><span style=\"font-weight: 400;\">www.africaatual.com.br<\/span><\/a><span style=\"font-weight: 400;\">. Outros espa\u00e7os de informa\u00e7\u00e3o: \u00c1frica Atual TV no Youtube, <\/span><a href=\"http:\/\/www.editoraeiros.com.br\"><span style=\"font-weight: 400;\">www.editoraeiros.com.br<\/span><\/a><span style=\"font-weight: 400;\"> e m\u00eddias digitais coligadas. O prop\u00f3sito do boletim est\u00e1 em facilitar a sua pesquisa por informa\u00e7\u00f5es inovadoras sobre os pa\u00edses africanos.\u00a0\u00a0<\/span><\/p>\n<p><span style=\"font-weight: 400;\">Alertamos que n\u00e3o somos uma ag\u00eancia de not\u00edcias. Nosso prop\u00f3sito se adequa ao selecionar uma breve colet\u00e2nea de informa\u00e7\u00f5es inovadoras, por vezes n\u00e3o publicadas em m\u00eddias brasileiras, apresentando a voc\u00ea os <\/span><i><span style=\"font-weight: 400;\">links<\/span><\/i><span style=\"font-weight: 400;\"> das fontes de informa\u00e7\u00e3o, aproximando os leitores brasileiros de fontes africanas, facilitando pesquisas, subs\u00eddios \u00e0s suas atividades e iniciativas escolares.\u00a0\u00a0<\/span><\/p>\t\t\t\t\t\t\t\t<\/div>\n\t\t\t\t<\/div>\n\t\t\t\t\t<\/div>\n\t\t\t\t<\/div>\n\t\t\t\t\t<\/div>\n\t\t\t\t<\/div>\n\t\t<div class=\"elementor-element elementor-element-15e483d e-flex e-con-boxed wpr-particle-no wpr-jarallax-no wpr-parallax-no wpr-sticky-section-no wpr-equal-height-no e-con e-parent\" data-id=\"15e483d\" data-element_type=\"container\" data-e-type=\"container\">\n\t\t\t\t\t<div class=\"e-con-inner\">\n\t\t<div class=\"elementor-element elementor-element-2ac6fbc e-con-full e-flex wpr-particle-no wpr-jarallax-no wpr-parallax-no wpr-sticky-section-no wpr-equal-height-no e-con e-child\" data-id=\"2ac6fbc\" data-element_type=\"container\" data-e-type=\"container\">\n\t\t\t\t<div class=\"elementor-element elementor-element-39ae2b9 elementor-widget__width-initial elementor-widget elementor-widget-heading\" data-id=\"39ae2b9\" data-element_type=\"widget\" data-e-type=\"widget\" data-widget_type=\"heading.default\">\n\t\t\t\t<div class=\"elementor-widget-container\">\n\t\t\t\t\t<h2 class=\"elementor-heading-title elementor-size-default\">Destaques da Semana<br>\nBRASIL, EGITO E ETI\u00d3PIA<br>\nBrasil retoma investimentos com Pa\u00edses Africanos em 2024<\/h2>\t\t\t\t<\/div>\n\t\t\t\t<\/div>\n\t\t\t\t<\/div>\n\t\t\t\t\t<\/div>\n\t\t\t\t<\/div>\n\t\t<div class=\"elementor-element elementor-element-49fe0d9 e-flex e-con-boxed wpr-particle-no wpr-jarallax-no wpr-parallax-no wpr-sticky-section-no wpr-equal-height-no e-con e-parent\" data-id=\"49fe0d9\" data-element_type=\"container\" data-e-type=\"container\">\n\t\t\t\t\t<div class=\"e-con-inner\">\n\t\t\t\t<div class=\"elementor-element elementor-element-6ecf905 elementor-widget elementor-widget-image\" data-id=\"6ecf905\" data-element_type=\"widget\" data-e-type=\"widget\" data-widget_type=\"image.default\">\n\t\t\t\t<div class=\"elementor-widget-container\">\n\t\t\t\t\t\t\t\t\t\t\t\t\t\t\t<img fetchpriority=\"high\" decoding=\"async\" width=\"1024\" height=\"576\" src=\"https:\/\/africaatual.com.br\/wp-content\/uploads\/2024\/02\/FOTO-VAtican-News-Sede-da-Uniao-Africana-em-Addis-Abeba-Etiopia-1024x576.jpg\" class=\"attachment-large size-large wp-image-10333\" alt=\"\" srcset=\"https:\/\/africaatual.com.br\/wp-content\/uploads\/2024\/02\/FOTO-VAtican-News-Sede-da-Uniao-Africana-em-Addis-Abeba-Etiopia-1024x576.jpg.webp 1024w, https:\/\/africaatual.com.br\/wp-content\/uploads\/2024\/02\/FOTO-VAtican-News-Sede-da-Uniao-Africana-em-Addis-Abeba-Etiopia-300x169.jpg.webp 300w, https:\/\/africaatual.com.br\/wp-content\/uploads\/2024\/02\/FOTO-VAtican-News-Sede-da-Uniao-Africana-em-Addis-Abeba-Etiopia-768x432.jpg.webp 768w, https:\/\/africaatual.com.br\/wp-content\/uploads\/2024\/02\/FOTO-VAtican-News-Sede-da-Uniao-Africana-em-Addis-Abeba-Etiopia-1536x864.jpg.webp 1536w, https:\/\/africaatual.com.br\/wp-content\/uploads\/2024\/02\/FOTO-VAtican-News-Sede-da-Uniao-Africana-em-Addis-Abeba-Etiopia-800x450.jpg.webp 800w, https:\/\/africaatual.com.br\/wp-content\/uploads\/2024\/02\/FOTO-VAtican-News-Sede-da-Uniao-Africana-em-Addis-Abeba-Etiopia.jpg.webp 1920w\" sizes=\"(max-width: 1024px) 100vw, 1024px\" \/>\t\t\t\t\t\t\t\t\t\t\t\t\t\t\t<\/div>\n\t\t\t\t<\/div>\n\t\t\t\t\t<\/div>\n\t\t\t\t<\/div>\n\t\t<div class=\"elementor-element elementor-element-c8e53f8 e-flex e-con-boxed wpr-particle-no wpr-jarallax-no wpr-parallax-no wpr-sticky-section-no wpr-equal-height-no e-con e-parent\" data-id=\"c8e53f8\" data-element_type=\"container\" data-e-type=\"container\">\n\t\t\t\t\t<div class=\"e-con-inner\">\n\t\t<div class=\"elementor-element elementor-element-ed25659 e-flex e-con-boxed wpr-particle-no wpr-jarallax-no wpr-parallax-no wpr-sticky-section-no wpr-equal-height-no e-con e-child\" data-id=\"ed25659\" data-element_type=\"container\" data-e-type=\"container\">\n\t\t\t\t\t<div class=\"e-con-inner\">\n\t\t\t\t<div class=\"elementor-element elementor-element-a9cafe2 elementor-widget elementor-widget-text-editor\" data-id=\"a9cafe2\" data-element_type=\"widget\" data-e-type=\"widget\" data-widget_type=\"text-editor.default\">\n\t\t\t\t<div class=\"elementor-widget-container\">\n\t\t\t\t\t\t\t\t\t\n<p><span style=\"font-weight: 400;\">\u201cO combate \u00e0 desigualdade e \u00e0 fome, a transi\u00e7\u00e3o energ\u00e9tica e as mudan\u00e7as clim\u00e1ticas e a reforma das institui\u00e7\u00f5es internacionais, al\u00e9m da amplia\u00e7\u00e3o do com\u00e9rcio entre o Brasil e os pa\u00edses africanos, est\u00e3o entre os temas que o presidente Lula deve tratar na viagem, segundo informou, nesta quarta-feira (7), o Minist\u00e9rio das Rela\u00e7\u00f5es Exteriores (MRE)\u201d.<\/span><\/p>\n<p><span style=\"font-weight: 400;\">\u201cO presidente Luiz In\u00e1cio Lula da Silva vai ao Egito e \u00e0 Eti\u00f3pia, entre os dias 14 e 18 de fevereiro, para refor\u00e7ar a agenda internacional do Brasil junto aos pa\u00edses africanos, buscando ampliar as parcerias por meio de uma agenda comum pr\u00f3-Sul Global\u201d.<\/span><\/p>\n<p><span style=\"font-weight: 400;\">\u201cNa Eti\u00f3pia, o presidente Lula ter\u00e1 reuni\u00f5es bilaterais com autoridades e vai participar, como convidado, da Assembleia da Uni\u00e3o Africana, entidade que representa os cerca de 50 estados do continente e tem sua sede na Adis Abeba, capital da Eti\u00f3pia\u201d.<\/span><\/p>\n<p><span style=\"font-weight: 400;\">Mat\u00e9ria completa e fonte das informa\u00e7\u00f5es:\u00a0<\/span><\/p>\n<p><a href=\"https:\/\/agenciabrasil.ebc.com.br\/politica\/noticia\/2024-02\/lula-vai-ao-egito-e-etiopia-reforcar-os-lacos-do-brasil-com-africa\"><span style=\"font-weight: 400;\">https:\/\/agenciabrasil.ebc.com.br\/politica\/noticia\/2024-02\/lula-vai-ao-egito-e-etiopia-reforcar-os-lacos-do-brasil-com-africa<\/span><\/a><\/p>\n<p><span style=\"font-weight: 400;\">Fonte da Imagem<a href=\"https:\/\/www.vaticannews.va\/pt\/africa\/news\/2021-02\/conferencia-das-igrejas-africanas-ao-novo-presidente-ua-por-fim.html\"> (Sede da Uni\u00e3o Africana em Adis Ababa)<\/a><\/span><\/p>\n\t\t\t\t\t\t\t\t<\/div>\n\t\t\t\t<\/div>\n\t\t\t\t\t<\/div>\n\t\t\t\t<\/div>\n\t\t\t\t\t<\/div>\n\t\t\t\t<\/div>\n\t\t<div class=\"elementor-element elementor-element-487d0f1 e-flex e-con-boxed wpr-particle-no wpr-jarallax-no wpr-parallax-no wpr-sticky-section-no wpr-equal-height-no e-con e-parent\" data-id=\"487d0f1\" data-element_type=\"container\" data-e-type=\"container\">\n\t\t\t\t\t<div class=\"e-con-inner\">\n\t\t<div class=\"elementor-element elementor-element-ee5d15b e-con-full e-flex wpr-particle-no wpr-jarallax-no wpr-parallax-no wpr-sticky-section-no wpr-equal-height-no e-con e-child\" data-id=\"ee5d15b\" data-element_type=\"container\" data-e-type=\"container\">\n\t\t\t\t<div class=\"elementor-element elementor-element-6cbba39 elementor-widget__width-initial elementor-widget elementor-widget-heading\" data-id=\"6cbba39\" data-element_type=\"widget\" data-e-type=\"widget\" data-widget_type=\"heading.default\">\n\t\t\t\t<div class=\"elementor-widget-container\">\n\t\t\t\t\t<h2 class=\"elementor-heading-title elementor-size-default\">NIG\u00c9RIA \u2013 PAN-AFRICANA <br>\nA Universidade Africana de Ci\u00eancia e Tecnologia (AUST) \n<\/h2>\t\t\t\t<\/div>\n\t\t\t\t<\/div>\n\t\t\t\t<\/div>\n\t\t\t\t\t<\/div>\n\t\t\t\t<\/div>\n\t\t<div class=\"elementor-element elementor-element-457a09b e-flex e-con-boxed wpr-particle-no wpr-jarallax-no wpr-parallax-no wpr-sticky-section-no wpr-equal-height-no e-con e-parent\" data-id=\"457a09b\" data-element_type=\"container\" data-e-type=\"container\">\n\t\t\t\t\t<div class=\"e-con-inner\">\n\t\t\t\t<div class=\"elementor-element elementor-element-0f8481b elementor-widget elementor-widget-image\" data-id=\"0f8481b\" data-element_type=\"widget\" data-e-type=\"widget\" data-widget_type=\"image.default\">\n\t\t\t\t<div class=\"elementor-widget-container\">\n\t\t\t\t\t\t\t\t\t\t\t\t\t\t\t<img decoding=\"async\" width=\"697\" height=\"452\" src=\"https:\/\/africaatual.com.br\/wp-content\/uploads\/2024\/02\/Equipe_de_docentes_AUST.jpg\" class=\"attachment-large size-large wp-image-10337\" alt=\"\" srcset=\"https:\/\/africaatual.com.br\/wp-content\/uploads\/2024\/02\/Equipe_de_docentes_AUST.jpg 697w, https:\/\/africaatual.com.br\/wp-content\/uploads\/2024\/02\/Equipe_de_docentes_AUST-300x195.jpg.webp 300w\" sizes=\"(max-width: 697px) 100vw, 697px\" \/>\t\t\t\t\t\t\t\t\t\t\t\t\t\t\t<\/div>\n\t\t\t\t<\/div>\n\t\t\t\t\t<\/div>\n\t\t\t\t<\/div>\n\t\t<div class=\"elementor-element elementor-element-b2bf33e e-flex e-con-boxed wpr-particle-no wpr-jarallax-no wpr-parallax-no wpr-sticky-section-no wpr-equal-height-no e-con e-parent\" data-id=\"b2bf33e\" data-element_type=\"container\" data-e-type=\"container\">\n\t\t\t\t\t<div class=\"e-con-inner\">\n\t\t\t\t<div class=\"elementor-element elementor-element-282cc61 elementor-widget elementor-widget-text-editor\" data-id=\"282cc61\" data-element_type=\"widget\" data-e-type=\"widget\" data-widget_type=\"text-editor.default\">\n\t\t\t\t<div class=\"elementor-widget-container\">\n\t\t\t\t\t\t\t\t\t<p><span style=\"font-weight: 400;\">A AUST \u00e9 uma institui\u00e7\u00e3o pan-africana,\u00a0criada em 2007 em resposta a um pedido de v\u00e1rios Chefes de Estado africanos, para dar vida a um pedido feito pelo ent\u00e3o Presidente Nelson Mandela da \u00c1frica do Sul, de que o Banco Mundial e a Uni\u00e3o Africana trabalham em conjunto para criar fortes centros pan-africanos de excel\u00eancia para melhorar a capacidade da \u00c1frica Subsariana em Ci\u00eancia e Tecnologia.\u00a0<\/span><\/p>\n<p><span style=\"font-weight: 400;\">Assim nasceu uma rede dos agora chamados Institutos Africanos de Ci\u00eancia e Tecnologia Nelson Mandela (NM-AISTs).\u00a0<\/span><\/p>\n<p><span style=\"font-weight: 400;\">AUST em Abuja foi o primeiro destes Centros de Excel\u00eancia a ser estabelecido.\u00a0Atualmente, oferece apenas programas de p\u00f3s-gradua\u00e7\u00e3o por meio de uma combina\u00e7\u00e3o de cursos e pesquisas.\u00a0<\/span><\/p>\n<p><span style=\"font-weight: 400;\">Fonte de informa\u00e7\u00f5es e novas pesquisas:\u00a0<\/span><\/p>\n<p><a href=\"https:\/\/aust.edu.ng\/\"><b>https:\/\/aust.edu.ng\/<\/b><\/a><\/p>\n<p><b>imagem: <\/b><span style=\"font-weight: 400;\">E<\/span><span style=\"font-weight: 400;\">quipe da AUST e da NABDA durante a visita t\u00e9cnica<\/span><\/p>\t\t\t\t\t\t\t\t<\/div>\n\t\t\t\t<\/div>\n\t\t\t\t\t<\/div>\n\t\t\t\t<\/div>\n\t\t<div class=\"elementor-element elementor-element-ad99d2d e-flex e-con-boxed wpr-particle-no wpr-jarallax-no wpr-parallax-no wpr-sticky-section-no wpr-equal-height-no e-con e-parent\" data-id=\"ad99d2d\" data-element_type=\"container\" data-e-type=\"container\">\n\t\t\t\t\t<div class=\"e-con-inner\">\n\t\t<div class=\"elementor-element elementor-element-51b7f02 e-con-full e-flex wpr-particle-no wpr-jarallax-no wpr-parallax-no wpr-sticky-section-no wpr-equal-height-no e-con e-child\" data-id=\"51b7f02\" data-element_type=\"container\" data-e-type=\"container\">\n\t\t\t\t<div class=\"elementor-element elementor-element-eab3de2 elementor-widget__width-initial elementor-widget elementor-widget-heading\" data-id=\"eab3de2\" data-element_type=\"widget\" data-e-type=\"widget\" data-widget_type=\"heading.default\">\n\t\t\t\t<div class=\"elementor-widget-container\">\n\t\t\t\t\t<h2 class=\"elementor-heading-title elementor-size-default\">Cultura Musical Eswatini <\/h2>\t\t\t\t<\/div>\n\t\t\t\t<\/div>\n\t\t\t\t<\/div>\n\t\t\t\t\t<\/div>\n\t\t\t\t<\/div>\n\t\t<div class=\"elementor-element elementor-element-c76b700 e-flex e-con-boxed wpr-particle-no wpr-jarallax-no wpr-parallax-no wpr-sticky-section-no wpr-equal-height-no e-con e-parent\" data-id=\"c76b700\" data-element_type=\"container\" data-e-type=\"container\">\n\t\t\t\t\t<div class=\"e-con-inner\">\n\t\t\t\t<div class=\"elementor-element elementor-element-66c1abe elementor-widget elementor-widget-image\" data-id=\"66c1abe\" data-element_type=\"widget\" data-e-type=\"widget\" data-widget_type=\"image.default\">\n\t\t\t\t<div class=\"elementor-widget-container\">\n\t\t\t\t\t\t\t\t\t\t\t\t\t\t\t<img decoding=\"async\" width=\"720\" height=\"564\" src=\"https:\/\/africaatual.com.br\/wp-content\/uploads\/2024\/02\/Uncle_Waffles_imagem.jpg\" class=\"attachment-large size-large wp-image-10341\" alt=\"\" srcset=\"https:\/\/africaatual.com.br\/wp-content\/uploads\/2024\/02\/Uncle_Waffles_imagem.jpg.webp 720w, https:\/\/africaatual.com.br\/wp-content\/uploads\/2024\/02\/Uncle_Waffles_imagem-300x235.jpg.webp 300w\" sizes=\"(max-width: 720px) 100vw, 720px\" \/>\t\t\t\t\t\t\t\t\t\t\t\t\t\t\t<\/div>\n\t\t\t\t<\/div>\n\t\t\t\t\t<\/div>\n\t\t\t\t<\/div>\n\t\t<div class=\"elementor-element elementor-element-293e0d1 e-flex e-con-boxed wpr-particle-no wpr-jarallax-no wpr-parallax-no wpr-sticky-section-no wpr-equal-height-no e-con e-parent\" data-id=\"293e0d1\" data-element_type=\"container\" data-e-type=\"container\">\n\t\t\t\t\t<div class=\"e-con-inner\">\n\t\t\t\t<div class=\"elementor-element elementor-element-33b74b1 elementor-widget elementor-widget-text-editor\" data-id=\"33b74b1\" data-element_type=\"widget\" data-e-type=\"widget\" data-widget_type=\"text-editor.default\">\n\t\t\t\t<div class=\"elementor-widget-container\">\n\t\t\t\t\t\t\t\t\t<p><span style=\"font-weight: 400;\">Lungelihle Zwane, nasce em 2000 e faz parte da nova juventude musical africana. Famosa como <\/span><b>Uncle Waffles<\/b><span style=\"font-weight: 400;\">, \u00e9 uma DJ e produtora musical nascida em Eswatini e radicada na \u00c1frica do Sul.\u00a0Ela \u00e9 conhecida por seu trabalho no g\u00eanero <\/span><b>AMAPIANO<\/b><span style=\"font-weight: 400;\"> e suas habilidades de dan\u00e7a, popularmente conhecida como a princesa do Amapiano. Um de seus singles mais conhecidos tem o t\u00edtulo de Tanz\u00e2nia.<\/span><\/p>\n<p><span style=\"font-weight: 400;\">A DJ, que conta com 2,3 milh\u00f5es de seguidores no Instagram.<\/span><\/p>\n<p><span style=\"font-weight: 400;\">\u201cEm apenas dois anos, a DJ conhecida como Uncle Waffles transformou toda a sua vida &#8211; desde os seus primeiros passos atr\u00e1s dos gira-discos at\u00e9 se tornar uma DJ e produtora internacionalmente aclamada\u201d.<\/span><\/p>\n<p><span style=\"font-weight: 400;\">Fonte de mat\u00e9ria: <\/span><a href=\"https:\/\/aussiedlerbote.de\/pt\/de-novata-a-superestrela-mundial-em-2-anos-o-percurso-pioneiro-de-uncle-waffles-esta-a-dar-poder-as-mulheres-dj\/\"><span style=\"font-weight: 400;\">https:\/\/aussiedlerbote.de\/pt\/de-novata-a-superestrela-mundial-em-2-anos-o-percurso-pioneiro-de-uncle-waffles-esta-a-dar-poder-as-mulheres-dj\/<\/span><\/a><\/p>\n<p><span style=\"font-weight: 400;\">Imagem: <\/span><a href=\"https:\/\/www.ubetoo.com\/artists\/uncle-waffles-biography-real-name-age-net-worth-mother-booking-fee-drake-affiliation\/\"><span style=\"font-weight: 400;\">https:\/\/www.ubetoo.com\/artists\/uncle-waffles-biography-real-name-age-net-worth-mother-booking-fee-drake-affiliation\/<\/span><\/a><\/p>\t\t\t\t\t\t\t\t<\/div>\n\t\t\t\t<\/div>\n\t\t\t\t\t<\/div>\n\t\t\t\t<\/div>\n\t\t<div class=\"elementor-element elementor-element-018944b e-flex e-con-boxed wpr-particle-no wpr-jarallax-no wpr-parallax-no wpr-sticky-section-no wpr-equal-height-no e-con e-parent\" data-id=\"018944b\" data-element_type=\"container\" data-e-type=\"container\" data-settings=\"{&quot;background_background&quot;:&quot;classic&quot;}\">\n\t\t\t\t\t<div class=\"e-con-inner\">\n\t\t\t\t<div class=\"elementor-element elementor-element-faaa4c0 elementor-widget elementor-widget-text-editor\" data-id=\"faaa4c0\" data-element_type=\"widget\" data-e-type=\"widget\" data-widget_type=\"text-editor.default\">\n\t\t\t\t<div class=\"elementor-widget-container\">\n\t\t\t\t\t\t\t\t\t<p><i><span style=\"font-weight: 400;\">Surpreenda-se semanalmente com <\/span><\/i><b><i>Not\u00edcias Africanas em Conex\u00f5es Brasil e \u00c1fricas. Publicadas em <\/i><\/b><a href=\"http:\/\/www.africaatual.com.br\"><b><i>www.africaatual.com.br<\/i><\/b><\/a><b><i>. Adquira o Atlas Geocultural da \u00c1frica e amplie o leque de suas informa\u00e7\u00f5es.\u00a0 \u00a0<\/i><\/b><\/p>\n<p><b><i>Voc\u00ea deseja subs\u00eddios para atividades em sala de aula?\u00a0<\/i><\/b><\/p>\n<p><b><i>Fa\u00e7a um dos cursos propostos no <\/i><\/b><a href=\"https:\/\/africaatual.com.br\/index.php\/cursos-e-palestras\/\"><span style=\"font-weight: 400;\">https:\/\/africaatual.com.br\/index.php\/cursos-e-palestras\/<\/span><\/a><\/p>\t\t\t\t\t\t\t\t<\/div>\n\t\t\t\t<\/div>\n\t\t\t\t\t<\/div>\n\t\t\t\t<\/div>\n\t\t\t\t<\/div>\n\t\t","protected":false},"excerpt":{"rendered":"<p>Not\u00edcias Africanas Conex\u00f5es Brasil e \u00c1fricas N\u00famero 4 &#8211; Fevereiro\/2024 Este boletim de not\u00edcias se insere no contexto do Projeto \u00c1frica Atual. Sua postagem ser\u00e1 semanal, \u00e0s quintas-feiras, no site www.africaatual.com.br. Outros espa\u00e7os de informa\u00e7\u00e3o: \u00c1frica Atual TV no Youtube, www.editoraeiros.com.br e m\u00eddias digitais coligadas. O prop\u00f3sito do boletim est\u00e1 em facilitar a sua pesquisa por informa\u00e7\u00f5es inovadoras sobre os pa\u00edses africanos.\u00a0\u00a0 Alertamos que n\u00e3o somos uma ag\u00eancia de not\u00edcias. Nosso prop\u00f3sito se adequa ao selecionar uma breve colet\u00e2nea de informa\u00e7\u00f5es inovadoras, por vezes n\u00e3o publicadas em m\u00eddias brasileiras, apresentando a voc\u00ea os links das fontes de informa\u00e7\u00e3o, aproximando os leitores brasileiros de fontes africanas, facilitando pesquisas, subs\u00eddios \u00e0s suas atividades e iniciativas escolares.\u00a0\u00a0 Destaques da Semana BRASIL, EGITO E ETI\u00d3PIA Brasil retoma investimentos com Pa\u00edses Africanos em 2024 \u201cO combate \u00e0 desigualdade e \u00e0 fome, a transi\u00e7\u00e3o energ\u00e9tica e as mudan\u00e7as clim\u00e1ticas e a reforma das institui\u00e7\u00f5es internacionais, al\u00e9m da amplia\u00e7\u00e3o do com\u00e9rcio entre o Brasil e os pa\u00edses africanos, est\u00e3o entre os temas que o presidente Lula deve tratar na viagem, segundo informou, nesta quarta-feira (7), o Minist\u00e9rio das Rela\u00e7\u00f5es Exteriores (MRE)\u201d. \u201cO presidente Luiz In\u00e1cio Lula da Silva vai ao Egito e \u00e0 Eti\u00f3pia, entre os dias 14 e 18 de fevereiro, para refor\u00e7ar a agenda internacional do Brasil junto aos pa\u00edses africanos, buscando ampliar as parcerias por meio de uma agenda comum pr\u00f3-Sul Global\u201d. \u201cNa Eti\u00f3pia, o presidente Lula ter\u00e1 reuni\u00f5es bilaterais com autoridades e vai participar, como convidado, da Assembleia da Uni\u00e3o Africana, entidade que representa os cerca de 50 estados do continente e tem sua sede na Adis Abeba, capital da Eti\u00f3pia\u201d. Mat\u00e9ria completa e fonte das informa\u00e7\u00f5es:\u00a0 https:\/\/agenciabrasil.ebc.com.br\/politica\/noticia\/2024-02\/lula-vai-ao-egito-e-etiopia-reforcar-os-lacos-do-brasil-com-africa Fonte da Imagem (Sede da Uni\u00e3o Africana em Adis Ababa) NIG\u00c9RIA \u2013 PAN-AFRICANA A Universidade Africana de Ci\u00eancia e Tecnologia (AUST) A AUST \u00e9 uma institui\u00e7\u00e3o pan-africana,\u00a0criada em 2007 em resposta a um pedido de v\u00e1rios Chefes de Estado africanos, para dar vida a um pedido feito pelo ent\u00e3o Presidente Nelson Mandela da \u00c1frica do Sul, de que o Banco Mundial e a Uni\u00e3o Africana trabalham em conjunto para criar fortes centros pan-africanos de excel\u00eancia para melhorar a capacidade da \u00c1frica Subsariana em Ci\u00eancia e Tecnologia.\u00a0 Assim nasceu uma rede dos agora chamados Institutos Africanos de Ci\u00eancia e Tecnologia Nelson Mandela (NM-AISTs).\u00a0 AUST em Abuja foi o primeiro destes Centros de Excel\u00eancia a ser estabelecido.\u00a0Atualmente, oferece apenas programas de p\u00f3s-gradua\u00e7\u00e3o por meio de uma combina\u00e7\u00e3o de cursos e pesquisas.\u00a0 Fonte de informa\u00e7\u00f5es e novas pesquisas:\u00a0 https:\/\/aust.edu.ng\/ imagem: Equipe da AUST e da NABDA durante a visita t\u00e9cnica Cultura Musical Eswatini Lungelihle Zwane, nasce em 2000 e faz parte da nova juventude musical africana. Famosa como Uncle Waffles, \u00e9 uma DJ e produtora musical nascida em Eswatini e radicada na \u00c1frica do Sul.\u00a0Ela \u00e9 conhecida por seu trabalho no g\u00eanero AMAPIANO e suas habilidades de dan\u00e7a, popularmente conhecida como a princesa do Amapiano. Um de seus singles mais conhecidos tem o t\u00edtulo de Tanz\u00e2nia. A DJ, que conta com 2,3 milh\u00f5es de seguidores no Instagram. \u201cEm apenas dois anos, a DJ conhecida como Uncle Waffles transformou toda a sua vida &#8211; desde os seus primeiros passos atr\u00e1s dos gira-discos at\u00e9 se tornar uma DJ e produtora internacionalmente aclamada\u201d. Fonte de mat\u00e9ria: https:\/\/aussiedlerbote.de\/pt\/de-novata-a-superestrela-mundial-em-2-anos-o-percurso-pioneiro-de-uncle-waffles-esta-a-dar-poder-as-mulheres-dj\/ Imagem: https:\/\/www.ubetoo.com\/artists\/uncle-waffles-biography-real-name-age-net-worth-mother-booking-fee-drake-affiliation\/ Surpreenda-se semanalmente com Not\u00edcias Africanas em Conex\u00f5es Brasil e \u00c1fricas. Publicadas em www.africaatual.com.br. Adquira o Atlas Geocultural da \u00c1frica e amplie o leque de suas informa\u00e7\u00f5es.\u00a0 \u00a0 Voc\u00ea deseja subs\u00eddios para atividades em sala de aula?\u00a0 Fa\u00e7a um dos cursos propostos no https:\/\/africaatual.com.br\/index.php\/cursos-e-palestras\/<\/p>\n","protected":false},"author":1,"featured_media":10332,"comment_status":"open","ping_status":"open","sticky":false,"template":"elementor_theme","format":"standard","meta":{"inline_featured_image":false,"ocean_post_layout":"","ocean_both_sidebars_style":"","ocean_both_sidebars_content_width":0,"ocean_both_sidebars_sidebars_width":0,"ocean_sidebar":"","ocean_second_sidebar":"","ocean_disable_margins":"enable","ocean_add_body_class":"","ocean_shortcode_before_top_bar":"","ocean_shortcode_after_top_bar":"","ocean_shortcode_before_header":"","ocean_shortcode_after_header":"","ocean_has_shortcode":"","ocean_shortcode_after_title":"","ocean_shortcode_before_footer_widgets":"","ocean_shortcode_after_footer_widgets":"","ocean_shortcode_before_footer_bottom":"","ocean_shortcode_after_footer_bottom":"","ocean_display_top_bar":"default","ocean_display_header":"default","ocean_header_style":"","ocean_center_header_left_menu":"","ocean_custom_header_template":"","ocean_custom_logo":0,"ocean_custom_retina_logo":0,"ocean_custom_logo_max_width":0,"ocean_custom_logo_tablet_max_width":0,"ocean_custom_logo_mobile_max_width":0,"ocean_custom_logo_max_height":0,"ocean_custom_logo_tablet_max_height":0,"ocean_custom_logo_mobile_max_height":0,"ocean_header_custom_menu":"","ocean_menu_typo_font_family":"","ocean_menu_typo_font_subset":"","ocean_menu_typo_font_size":0,"ocean_menu_typo_font_size_tablet":0,"ocean_menu_typo_font_size_mobile":0,"ocean_menu_typo_font_size_unit":"px","ocean_menu_typo_font_weight":"","ocean_menu_typo_font_weight_tablet":"","ocean_menu_typo_font_weight_mobile":"","ocean_menu_typo_transform":"","ocean_menu_typo_transform_tablet":"","ocean_menu_typo_transform_mobile":"","ocean_menu_typo_line_height":0,"ocean_menu_typo_line_height_tablet":0,"ocean_menu_typo_line_height_mobile":0,"ocean_menu_typo_line_height_unit":"","ocean_menu_typo_spacing":0,"ocean_menu_typo_spacing_tablet":0,"ocean_menu_typo_spacing_mobile":0,"ocean_menu_typo_spacing_unit":"","ocean_menu_link_color":"","ocean_menu_link_color_hover":"","ocean_menu_link_color_active":"","ocean_menu_link_background":"","ocean_menu_link_hover_background":"","ocean_menu_link_active_background":"","ocean_menu_social_links_bg":"","ocean_menu_social_hover_links_bg":"","ocean_menu_social_links_color":"","ocean_menu_social_hover_links_color":"","ocean_disable_title":"default","ocean_disable_heading":"default","ocean_post_title":"","ocean_post_subheading":"","ocean_post_title_style":"","ocean_post_title_background_color":"","ocean_post_title_background":0,"ocean_post_title_bg_image_position":"","ocean_post_title_bg_image_attachment":"","ocean_post_title_bg_image_repeat":"","ocean_post_title_bg_image_size":"","ocean_post_title_height":0,"ocean_post_title_bg_overlay":0.5,"ocean_post_title_bg_overlay_color":"","ocean_disable_breadcrumbs":"default","ocean_breadcrumbs_color":"","ocean_breadcrumbs_separator_color":"","ocean_breadcrumbs_links_color":"","ocean_breadcrumbs_links_hover_color":"","ocean_display_footer_widgets":"default","ocean_display_footer_bottom":"default","ocean_custom_footer_template":"","omw_enable_modal_window":"enable","ocean_post_oembed":"","ocean_post_self_hosted_media":"","ocean_post_video_embed":"","ocean_link_format":"","ocean_link_format_target":"self","ocean_quote_format":"","ocean_quote_format_link":"post","ocean_gallery_link_images":"on","ocean_gallery_id":[],"footnotes":""},"categories":[48,1,14],"tags":[150,149,151,148],"palavra-chave":[],"class_list":["post-10330","post","type-post","status-publish","format-standard","has-post-thumbnail","hentry","category-sem-categoria","category-blog","category-noticias","tag-brasil","tag-cultura-musical","tag-egito-e-etiopia","tag-nigeria-pan-africana","entry","has-media"],"yoast_head":"<!-- This site is optimized with the Yoast SEO plugin v27.3 - https:\/\/yoast.com\/product\/yoast-seo-wordpress\/ -->\n<title>Not\u00edcias Africanas #4 - africaatual.com.br<\/title>\n<meta name=\"robots\" content=\"index, follow, max-snippet:-1, max-image-preview:large, max-video-preview:-1\" \/>\n<link rel=\"canonical\" href=\"https:\/\/africaatual.com.br\/index.php\/2024\/02\/15\/noticias-africanas-4\/\" \/>\n<meta property=\"og:locale\" content=\"pt_BR\" \/>\n<meta property=\"og:type\" content=\"article\" \/>\n<meta property=\"og:title\" content=\"Not\u00edcias Africanas #4 - africaatual.com.br\" \/>\n<meta property=\"og:description\" content=\"Not\u00edcias Africanas Conex\u00f5es Brasil e \u00c1fricas N\u00famero 4 &#8211; Fevereiro\/2024 Este boletim de not\u00edcias se insere no contexto do Projeto \u00c1frica Atual. Sua postagem ser\u00e1 semanal, \u00e0s quintas-feiras, no site www.africaatual.com.br. Outros espa\u00e7os de informa\u00e7\u00e3o: \u00c1frica Atual TV no Youtube, www.editoraeiros.com.br e m\u00eddias digitais coligadas. O prop\u00f3sito do boletim est\u00e1 em facilitar a sua pesquisa por informa\u00e7\u00f5es inovadoras sobre os pa\u00edses africanos.\u00a0\u00a0 Alertamos que n\u00e3o somos uma ag\u00eancia de not\u00edcias. Nosso prop\u00f3sito se adequa ao selecionar uma breve colet\u00e2nea de informa\u00e7\u00f5es inovadoras, por vezes n\u00e3o publicadas em m\u00eddias brasileiras, apresentando a voc\u00ea os links das fontes de informa\u00e7\u00e3o, aproximando os leitores brasileiros de fontes africanas, facilitando pesquisas, subs\u00eddios \u00e0s suas atividades e iniciativas escolares.\u00a0\u00a0 Destaques da Semana BRASIL, EGITO E ETI\u00d3PIA Brasil retoma investimentos com Pa\u00edses Africanos em 2024 \u201cO combate \u00e0 desigualdade e \u00e0 fome, a transi\u00e7\u00e3o energ\u00e9tica e as mudan\u00e7as clim\u00e1ticas e a reforma das institui\u00e7\u00f5es internacionais, al\u00e9m da amplia\u00e7\u00e3o do com\u00e9rcio entre o Brasil e os pa\u00edses africanos, est\u00e3o entre os temas que o presidente Lula deve tratar na viagem, segundo informou, nesta quarta-feira (7), o Minist\u00e9rio das Rela\u00e7\u00f5es Exteriores (MRE)\u201d. \u201cO presidente Luiz In\u00e1cio Lula da Silva vai ao Egito e \u00e0 Eti\u00f3pia, entre os dias 14 e 18 de fevereiro, para refor\u00e7ar a agenda internacional do Brasil junto aos pa\u00edses africanos, buscando ampliar as parcerias por meio de uma agenda comum pr\u00f3-Sul Global\u201d. \u201cNa Eti\u00f3pia, o presidente Lula ter\u00e1 reuni\u00f5es bilaterais com autoridades e vai participar, como convidado, da Assembleia da Uni\u00e3o Africana, entidade que representa os cerca de 50 estados do continente e tem sua sede na Adis Abeba, capital da Eti\u00f3pia\u201d. Mat\u00e9ria completa e fonte das informa\u00e7\u00f5es:\u00a0 https:\/\/agenciabrasil.ebc.com.br\/politica\/noticia\/2024-02\/lula-vai-ao-egito-e-etiopia-reforcar-os-lacos-do-brasil-com-africa Fonte da Imagem (Sede da Uni\u00e3o Africana em Adis Ababa) NIG\u00c9RIA \u2013 PAN-AFRICANA A Universidade Africana de Ci\u00eancia e Tecnologia (AUST) A AUST \u00e9 uma institui\u00e7\u00e3o pan-africana,\u00a0criada em 2007 em resposta a um pedido de v\u00e1rios Chefes de Estado africanos, para dar vida a um pedido feito pelo ent\u00e3o Presidente Nelson Mandela da \u00c1frica do Sul, de que o Banco Mundial e a Uni\u00e3o Africana trabalham em conjunto para criar fortes centros pan-africanos de excel\u00eancia para melhorar a capacidade da \u00c1frica Subsariana em Ci\u00eancia e Tecnologia.\u00a0 Assim nasceu uma rede dos agora chamados Institutos Africanos de Ci\u00eancia e Tecnologia Nelson Mandela (NM-AISTs).\u00a0 AUST em Abuja foi o primeiro destes Centros de Excel\u00eancia a ser estabelecido.\u00a0Atualmente, oferece apenas programas de p\u00f3s-gradua\u00e7\u00e3o por meio de uma combina\u00e7\u00e3o de cursos e pesquisas.\u00a0 Fonte de informa\u00e7\u00f5es e novas pesquisas:\u00a0 https:\/\/aust.edu.ng\/ imagem: Equipe da AUST e da NABDA durante a visita t\u00e9cnica Cultura Musical Eswatini Lungelihle Zwane, nasce em 2000 e faz parte da nova juventude musical africana. Famosa como Uncle Waffles, \u00e9 uma DJ e produtora musical nascida em Eswatini e radicada na \u00c1frica do Sul.\u00a0Ela \u00e9 conhecida por seu trabalho no g\u00eanero AMAPIANO e suas habilidades de dan\u00e7a, popularmente conhecida como a princesa do Amapiano. Um de seus singles mais conhecidos tem o t\u00edtulo de Tanz\u00e2nia. A DJ, que conta com 2,3 milh\u00f5es de seguidores no Instagram. \u201cEm apenas dois anos, a DJ conhecida como Uncle Waffles transformou toda a sua vida &#8211; desde os seus primeiros passos atr\u00e1s dos gira-discos at\u00e9 se tornar uma DJ e produtora internacionalmente aclamada\u201d. Fonte de mat\u00e9ria: https:\/\/aussiedlerbote.de\/pt\/de-novata-a-superestrela-mundial-em-2-anos-o-percurso-pioneiro-de-uncle-waffles-esta-a-dar-poder-as-mulheres-dj\/ Imagem: https:\/\/www.ubetoo.com\/artists\/uncle-waffles-biography-real-name-age-net-worth-mother-booking-fee-drake-affiliation\/ Surpreenda-se semanalmente com Not\u00edcias Africanas em Conex\u00f5es Brasil e \u00c1fricas. Publicadas em www.africaatual.com.br. Adquira o Atlas Geocultural da \u00c1frica e amplie o leque de suas informa\u00e7\u00f5es.\u00a0 \u00a0 Voc\u00ea deseja subs\u00eddios para atividades em sala de aula?\u00a0 Fa\u00e7a um dos cursos propostos no https:\/\/africaatual.com.br\/index.php\/cursos-e-palestras\/\" \/>\n<meta property=\"og:url\" content=\"https:\/\/africaatual.com.br\/index.php\/2024\/02\/15\/noticias-africanas-4\/\" \/>\n<meta property=\"og:site_name\" content=\"africaatual.com.br\" \/>\n<meta property=\"article:published_time\" content=\"2024-02-15T13:55:02+00:00\" \/>\n<meta property=\"article:modified_time\" content=\"2024-02-15T14:09:52+00:00\" \/>\n<meta property=\"og:image\" content=\"http:\/\/africaatual.com.br\/wp-content\/uploads\/2024\/02\/Noticias-de-Africa-4-1.jpg\" \/>\n\t<meta property=\"og:image:width\" content=\"1080\" \/>\n\t<meta property=\"og:image:height\" content=\"1080\" \/>\n\t<meta property=\"og:image:type\" content=\"image\/jpeg\" \/>\n<meta name=\"author\" content=\"africaatual\" \/>\n<meta name=\"twitter:card\" content=\"summary_large_image\" \/>\n<meta name=\"twitter:label1\" content=\"Escrito por\" \/>\n\t<meta name=\"twitter:data1\" content=\"africaatual\" \/>\n\t<meta name=\"twitter:label2\" content=\"Est. tempo de leitura\" \/>\n\t<meta name=\"twitter:data2\" content=\"4 minutos\" \/>\n<script type=\"application\/ld+json\" class=\"yoast-schema-graph\">{\"@context\":\"https:\\\/\\\/schema.org\",\"@graph\":[{\"@type\":\"Article\",\"@id\":\"https:\\\/\\\/africaatual.com.br\\\/index.php\\\/2024\\\/02\\\/15\\\/noticias-africanas-4\\\/#article\",\"isPartOf\":{\"@id\":\"https:\\\/\\\/africaatual.com.br\\\/index.php\\\/2024\\\/02\\\/15\\\/noticias-africanas-4\\\/\"},\"author\":{\"name\":\"africaatual\",\"@id\":\"https:\\\/\\\/africaatual.com.br\\\/#\\\/schema\\\/person\\\/31315b203b16bec551dcad6d14ff6b17\"},\"headline\":\"Not\u00edcias Africanas #4\",\"datePublished\":\"2024-02-15T13:55:02+00:00\",\"dateModified\":\"2024-02-15T14:09:52+00:00\",\"mainEntityOfPage\":{\"@id\":\"https:\\\/\\\/africaatual.com.br\\\/index.php\\\/2024\\\/02\\\/15\\\/noticias-africanas-4\\\/\"},\"wordCount\":679,\"commentCount\":0,\"publisher\":{\"@id\":\"https:\\\/\\\/africaatual.com.br\\\/#organization\"},\"image\":{\"@id\":\"https:\\\/\\\/africaatual.com.br\\\/index.php\\\/2024\\\/02\\\/15\\\/noticias-africanas-4\\\/#primaryimage\"},\"thumbnailUrl\":\"https:\\\/\\\/africaatual.com.br\\\/wp-content\\\/uploads\\\/2024\\\/02\\\/Noticias-de-Africa-4-1.jpg\",\"keywords\":[\"BRASIL\",\"Cultura Musical\",\"EGITO E ETI\u00d3PIA\",\"NIG\u00c9RIA \u2013 PAN-AFRICANA\"],\"articleSection\":[\"A Africa\",\"Blog\",\"Not\u00edcias\"],\"inLanguage\":\"pt-BR\",\"potentialAction\":[{\"@type\":\"CommentAction\",\"name\":\"Comment\",\"target\":[\"https:\\\/\\\/africaatual.com.br\\\/index.php\\\/2024\\\/02\\\/15\\\/noticias-africanas-4\\\/#respond\"]}]},{\"@type\":\"WebPage\",\"@id\":\"https:\\\/\\\/africaatual.com.br\\\/index.php\\\/2024\\\/02\\\/15\\\/noticias-africanas-4\\\/\",\"url\":\"https:\\\/\\\/africaatual.com.br\\\/index.php\\\/2024\\\/02\\\/15\\\/noticias-africanas-4\\\/\",\"name\":\"Not\u00edcias Africanas #4 - africaatual.com.br\",\"isPartOf\":{\"@id\":\"https:\\\/\\\/africaatual.com.br\\\/#website\"},\"primaryImageOfPage\":{\"@id\":\"https:\\\/\\\/africaatual.com.br\\\/index.php\\\/2024\\\/02\\\/15\\\/noticias-africanas-4\\\/#primaryimage\"},\"image\":{\"@id\":\"https:\\\/\\\/africaatual.com.br\\\/index.php\\\/2024\\\/02\\\/15\\\/noticias-africanas-4\\\/#primaryimage\"},\"thumbnailUrl\":\"https:\\\/\\\/africaatual.com.br\\\/wp-content\\\/uploads\\\/2024\\\/02\\\/Noticias-de-Africa-4-1.jpg\",\"datePublished\":\"2024-02-15T13:55:02+00:00\",\"dateModified\":\"2024-02-15T14:09:52+00:00\",\"breadcrumb\":{\"@id\":\"https:\\\/\\\/africaatual.com.br\\\/index.php\\\/2024\\\/02\\\/15\\\/noticias-africanas-4\\\/#breadcrumb\"},\"inLanguage\":\"pt-BR\",\"potentialAction\":[{\"@type\":\"ReadAction\",\"target\":[\"https:\\\/\\\/africaatual.com.br\\\/index.php\\\/2024\\\/02\\\/15\\\/noticias-africanas-4\\\/\"]}]},{\"@type\":\"ImageObject\",\"inLanguage\":\"pt-BR\",\"@id\":\"https:\\\/\\\/africaatual.com.br\\\/index.php\\\/2024\\\/02\\\/15\\\/noticias-africanas-4\\\/#primaryimage\",\"url\":\"https:\\\/\\\/africaatual.com.br\\\/wp-content\\\/uploads\\\/2024\\\/02\\\/Noticias-de-Africa-4-1.jpg\",\"contentUrl\":\"https:\\\/\\\/africaatual.com.br\\\/wp-content\\\/uploads\\\/2024\\\/02\\\/Noticias-de-Africa-4-1.jpg\",\"width\":1080,\"height\":1080},{\"@type\":\"BreadcrumbList\",\"@id\":\"https:\\\/\\\/africaatual.com.br\\\/index.php\\\/2024\\\/02\\\/15\\\/noticias-africanas-4\\\/#breadcrumb\",\"itemListElement\":[{\"@type\":\"ListItem\",\"position\":1,\"name\":\"In\u00edcio\",\"item\":\"https:\\\/\\\/africaatual.com.br\\\/\"},{\"@type\":\"ListItem\",\"position\":2,\"name\":\"Not\u00edcias Africanas #4\"}]},{\"@type\":\"WebSite\",\"@id\":\"https:\\\/\\\/africaatual.com.br\\\/#website\",\"url\":\"https:\\\/\\\/africaatual.com.br\\\/\",\"name\":\"africaatual.com.br\",\"description\":\"O Atlas Geocultural da \u00c1frica \u00e9 um rico material de leitura e pesquisa, que visa apresentar de forma atual os pa\u00edses africanos, ainda t\u00e3o pouco conhecidos.\",\"publisher\":{\"@id\":\"https:\\\/\\\/africaatual.com.br\\\/#organization\"},\"potentialAction\":[{\"@type\":\"SearchAction\",\"target\":{\"@type\":\"EntryPoint\",\"urlTemplate\":\"https:\\\/\\\/africaatual.com.br\\\/?s={search_term_string}\"},\"query-input\":{\"@type\":\"PropertyValueSpecification\",\"valueRequired\":true,\"valueName\":\"search_term_string\"}}],\"inLanguage\":\"pt-BR\"},{\"@type\":\"Organization\",\"@id\":\"https:\\\/\\\/africaatual.com.br\\\/#organization\",\"name\":\"africaatual.com.br\",\"url\":\"https:\\\/\\\/africaatual.com.br\\\/\",\"logo\":{\"@type\":\"ImageObject\",\"inLanguage\":\"pt-BR\",\"@id\":\"https:\\\/\\\/africaatual.com.br\\\/#\\\/schema\\\/logo\\\/image\\\/\",\"url\":\"http:\\\/\\\/africaatual.com.br\\\/wp-content\\\/uploads\\\/2023\\\/06\\\/LOGOEIROS_Prancheta-1-tipo-preto.png\",\"contentUrl\":\"http:\\\/\\\/africaatual.com.br\\\/wp-content\\\/uploads\\\/2023\\\/06\\\/LOGOEIROS_Prancheta-1-tipo-preto.png\",\"width\":1667,\"height\":730,\"caption\":\"africaatual.com.br\"},\"image\":{\"@id\":\"https:\\\/\\\/africaatual.com.br\\\/#\\\/schema\\\/logo\\\/image\\\/\"}},{\"@type\":\"Person\",\"@id\":\"https:\\\/\\\/africaatual.com.br\\\/#\\\/schema\\\/person\\\/31315b203b16bec551dcad6d14ff6b17\",\"name\":\"africaatual\",\"image\":{\"@type\":\"ImageObject\",\"inLanguage\":\"pt-BR\",\"@id\":\"https:\\\/\\\/secure.gravatar.com\\\/avatar\\\/62aeeba3c7bd20a0a9ee0e00da31fba130446f5c08871cd9335ec9bce29b9030?s=96&d=mm&r=g\",\"url\":\"https:\\\/\\\/secure.gravatar.com\\\/avatar\\\/62aeeba3c7bd20a0a9ee0e00da31fba130446f5c08871cd9335ec9bce29b9030?s=96&d=mm&r=g\",\"contentUrl\":\"https:\\\/\\\/secure.gravatar.com\\\/avatar\\\/62aeeba3c7bd20a0a9ee0e00da31fba130446f5c08871cd9335ec9bce29b9030?s=96&d=mm&r=g\",\"caption\":\"africaatual\"},\"sameAs\":[\"http:\\\/\\\/africaatual.com.br\"],\"url\":\"https:\\\/\\\/africaatual.com.br\\\/index.php\\\/author\\\/atlasgeoculturalafricaatual-com\\\/\"}]}<\/script>\n<!-- \/ Yoast SEO plugin. -->","yoast_head_json":{"title":"Not\u00edcias Africanas #4 - africaatual.com.br","robots":{"index":"index","follow":"follow","max-snippet":"max-snippet:-1","max-image-preview":"max-image-preview:large","max-video-preview":"max-video-preview:-1"},"canonical":"https:\/\/africaatual.com.br\/index.php\/2024\/02\/15\/noticias-africanas-4\/","og_locale":"pt_BR","og_type":"article","og_title":"Not\u00edcias Africanas #4 - africaatual.com.br","og_description":"Not\u00edcias Africanas Conex\u00f5es Brasil e \u00c1fricas N\u00famero 4 &#8211; Fevereiro\/2024 Este boletim de not\u00edcias se insere no contexto do Projeto \u00c1frica Atual. Sua postagem ser\u00e1 semanal, \u00e0s quintas-feiras, no site www.africaatual.com.br. Outros espa\u00e7os de informa\u00e7\u00e3o: \u00c1frica Atual TV no Youtube, www.editoraeiros.com.br e m\u00eddias digitais coligadas. O prop\u00f3sito do boletim est\u00e1 em facilitar a sua pesquisa por informa\u00e7\u00f5es inovadoras sobre os pa\u00edses africanos.\u00a0\u00a0 Alertamos que n\u00e3o somos uma ag\u00eancia de not\u00edcias. Nosso prop\u00f3sito se adequa ao selecionar uma breve colet\u00e2nea de informa\u00e7\u00f5es inovadoras, por vezes n\u00e3o publicadas em m\u00eddias brasileiras, apresentando a voc\u00ea os links das fontes de informa\u00e7\u00e3o, aproximando os leitores brasileiros de fontes africanas, facilitando pesquisas, subs\u00eddios \u00e0s suas atividades e iniciativas escolares.\u00a0\u00a0 Destaques da Semana BRASIL, EGITO E ETI\u00d3PIA Brasil retoma investimentos com Pa\u00edses Africanos em 2024 \u201cO combate \u00e0 desigualdade e \u00e0 fome, a transi\u00e7\u00e3o energ\u00e9tica e as mudan\u00e7as clim\u00e1ticas e a reforma das institui\u00e7\u00f5es internacionais, al\u00e9m da amplia\u00e7\u00e3o do com\u00e9rcio entre o Brasil e os pa\u00edses africanos, est\u00e3o entre os temas que o presidente Lula deve tratar na viagem, segundo informou, nesta quarta-feira (7), o Minist\u00e9rio das Rela\u00e7\u00f5es Exteriores (MRE)\u201d. \u201cO presidente Luiz In\u00e1cio Lula da Silva vai ao Egito e \u00e0 Eti\u00f3pia, entre os dias 14 e 18 de fevereiro, para refor\u00e7ar a agenda internacional do Brasil junto aos pa\u00edses africanos, buscando ampliar as parcerias por meio de uma agenda comum pr\u00f3-Sul Global\u201d. \u201cNa Eti\u00f3pia, o presidente Lula ter\u00e1 reuni\u00f5es bilaterais com autoridades e vai participar, como convidado, da Assembleia da Uni\u00e3o Africana, entidade que representa os cerca de 50 estados do continente e tem sua sede na Adis Abeba, capital da Eti\u00f3pia\u201d. Mat\u00e9ria completa e fonte das informa\u00e7\u00f5es:\u00a0 https:\/\/agenciabrasil.ebc.com.br\/politica\/noticia\/2024-02\/lula-vai-ao-egito-e-etiopia-reforcar-os-lacos-do-brasil-com-africa Fonte da Imagem (Sede da Uni\u00e3o Africana em Adis Ababa) NIG\u00c9RIA \u2013 PAN-AFRICANA A Universidade Africana de Ci\u00eancia e Tecnologia (AUST) A AUST \u00e9 uma institui\u00e7\u00e3o pan-africana,\u00a0criada em 2007 em resposta a um pedido de v\u00e1rios Chefes de Estado africanos, para dar vida a um pedido feito pelo ent\u00e3o Presidente Nelson Mandela da \u00c1frica do Sul, de que o Banco Mundial e a Uni\u00e3o Africana trabalham em conjunto para criar fortes centros pan-africanos de excel\u00eancia para melhorar a capacidade da \u00c1frica Subsariana em Ci\u00eancia e Tecnologia.\u00a0 Assim nasceu uma rede dos agora chamados Institutos Africanos de Ci\u00eancia e Tecnologia Nelson Mandela (NM-AISTs).\u00a0 AUST em Abuja foi o primeiro destes Centros de Excel\u00eancia a ser estabelecido.\u00a0Atualmente, oferece apenas programas de p\u00f3s-gradua\u00e7\u00e3o por meio de uma combina\u00e7\u00e3o de cursos e pesquisas.\u00a0 Fonte de informa\u00e7\u00f5es e novas pesquisas:\u00a0 https:\/\/aust.edu.ng\/ imagem: Equipe da AUST e da NABDA durante a visita t\u00e9cnica Cultura Musical Eswatini Lungelihle Zwane, nasce em 2000 e faz parte da nova juventude musical africana. Famosa como Uncle Waffles, \u00e9 uma DJ e produtora musical nascida em Eswatini e radicada na \u00c1frica do Sul.\u00a0Ela \u00e9 conhecida por seu trabalho no g\u00eanero AMAPIANO e suas habilidades de dan\u00e7a, popularmente conhecida como a princesa do Amapiano. Um de seus singles mais conhecidos tem o t\u00edtulo de Tanz\u00e2nia. A DJ, que conta com 2,3 milh\u00f5es de seguidores no Instagram. \u201cEm apenas dois anos, a DJ conhecida como Uncle Waffles transformou toda a sua vida &#8211; desde os seus primeiros passos atr\u00e1s dos gira-discos at\u00e9 se tornar uma DJ e produtora internacionalmente aclamada\u201d. Fonte de mat\u00e9ria: https:\/\/aussiedlerbote.de\/pt\/de-novata-a-superestrela-mundial-em-2-anos-o-percurso-pioneiro-de-uncle-waffles-esta-a-dar-poder-as-mulheres-dj\/ Imagem: https:\/\/www.ubetoo.com\/artists\/uncle-waffles-biography-real-name-age-net-worth-mother-booking-fee-drake-affiliation\/ Surpreenda-se semanalmente com Not\u00edcias Africanas em Conex\u00f5es Brasil e \u00c1fricas. Publicadas em www.africaatual.com.br. Adquira o Atlas Geocultural da \u00c1frica e amplie o leque de suas informa\u00e7\u00f5es.\u00a0 \u00a0 Voc\u00ea deseja subs\u00eddios para atividades em sala de aula?\u00a0 Fa\u00e7a um dos cursos propostos no https:\/\/africaatual.com.br\/index.php\/cursos-e-palestras\/","og_url":"https:\/\/africaatual.com.br\/index.php\/2024\/02\/15\/noticias-africanas-4\/","og_site_name":"africaatual.com.br","article_published_time":"2024-02-15T13:55:02+00:00","article_modified_time":"2024-02-15T14:09:52+00:00","og_image":[{"width":1080,"height":1080,"url":"http:\/\/africaatual.com.br\/wp-content\/uploads\/2024\/02\/Noticias-de-Africa-4-1.jpg","type":"image\/jpeg"}],"author":"africaatual","twitter_card":"summary_large_image","twitter_misc":{"Escrito por":"africaatual","Est. tempo de leitura":"4 minutos"},"schema":{"@context":"https:\/\/schema.org","@graph":[{"@type":"Article","@id":"https:\/\/africaatual.com.br\/index.php\/2024\/02\/15\/noticias-africanas-4\/#article","isPartOf":{"@id":"https:\/\/africaatual.com.br\/index.php\/2024\/02\/15\/noticias-africanas-4\/"},"author":{"name":"africaatual","@id":"https:\/\/africaatual.com.br\/#\/schema\/person\/31315b203b16bec551dcad6d14ff6b17"},"headline":"Not\u00edcias Africanas #4","datePublished":"2024-02-15T13:55:02+00:00","dateModified":"2024-02-15T14:09:52+00:00","mainEntityOfPage":{"@id":"https:\/\/africaatual.com.br\/index.php\/2024\/02\/15\/noticias-africanas-4\/"},"wordCount":679,"commentCount":0,"publisher":{"@id":"https:\/\/africaatual.com.br\/#organization"},"image":{"@id":"https:\/\/africaatual.com.br\/index.php\/2024\/02\/15\/noticias-africanas-4\/#primaryimage"},"thumbnailUrl":"https:\/\/africaatual.com.br\/wp-content\/uploads\/2024\/02\/Noticias-de-Africa-4-1.jpg","keywords":["BRASIL","Cultura Musical","EGITO E ETI\u00d3PIA","NIG\u00c9RIA \u2013 PAN-AFRICANA"],"articleSection":["A Africa","Blog","Not\u00edcias"],"inLanguage":"pt-BR","potentialAction":[{"@type":"CommentAction","name":"Comment","target":["https:\/\/africaatual.com.br\/index.php\/2024\/02\/15\/noticias-africanas-4\/#respond"]}]},{"@type":"WebPage","@id":"https:\/\/africaatual.com.br\/index.php\/2024\/02\/15\/noticias-africanas-4\/","url":"https:\/\/africaatual.com.br\/index.php\/2024\/02\/15\/noticias-africanas-4\/","name":"Not\u00edcias Africanas #4 - africaatual.com.br","isPartOf":{"@id":"https:\/\/africaatual.com.br\/#website"},"primaryImageOfPage":{"@id":"https:\/\/africaatual.com.br\/index.php\/2024\/02\/15\/noticias-africanas-4\/#primaryimage"},"image":{"@id":"https:\/\/africaatual.com.br\/index.php\/2024\/02\/15\/noticias-africanas-4\/#primaryimage"},"thumbnailUrl":"https:\/\/africaatual.com.br\/wp-content\/uploads\/2024\/02\/Noticias-de-Africa-4-1.jpg","datePublished":"2024-02-15T13:55:02+00:00","dateModified":"2024-02-15T14:09:52+00:00","breadcrumb":{"@id":"https:\/\/africaatual.com.br\/index.php\/2024\/02\/15\/noticias-africanas-4\/#breadcrumb"},"inLanguage":"pt-BR","potentialAction":[{"@type":"ReadAction","target":["https:\/\/africaatual.com.br\/index.php\/2024\/02\/15\/noticias-africanas-4\/"]}]},{"@type":"ImageObject","inLanguage":"pt-BR","@id":"https:\/\/africaatual.com.br\/index.php\/2024\/02\/15\/noticias-africanas-4\/#primaryimage","url":"https:\/\/africaatual.com.br\/wp-content\/uploads\/2024\/02\/Noticias-de-Africa-4-1.jpg","contentUrl":"https:\/\/africaatual.com.br\/wp-content\/uploads\/2024\/02\/Noticias-de-Africa-4-1.jpg","width":1080,"height":1080},{"@type":"BreadcrumbList","@id":"https:\/\/africaatual.com.br\/index.php\/2024\/02\/15\/noticias-africanas-4\/#breadcrumb","itemListElement":[{"@type":"ListItem","position":1,"name":"In\u00edcio","item":"https:\/\/africaatual.com.br\/"},{"@type":"ListItem","position":2,"name":"Not\u00edcias Africanas #4"}]},{"@type":"WebSite","@id":"https:\/\/africaatual.com.br\/#website","url":"https:\/\/africaatual.com.br\/","name":"africaatual.com.br","description":"O Atlas Geocultural da \u00c1frica \u00e9 um rico material de leitura e pesquisa, que visa apresentar de forma atual os pa\u00edses africanos, ainda t\u00e3o pouco conhecidos.","publisher":{"@id":"https:\/\/africaatual.com.br\/#organization"},"potentialAction":[{"@type":"SearchAction","target":{"@type":"EntryPoint","urlTemplate":"https:\/\/africaatual.com.br\/?s={search_term_string}"},"query-input":{"@type":"PropertyValueSpecification","valueRequired":true,"valueName":"search_term_string"}}],"inLanguage":"pt-BR"},{"@type":"Organization","@id":"https:\/\/africaatual.com.br\/#organization","name":"africaatual.com.br","url":"https:\/\/africaatual.com.br\/","logo":{"@type":"ImageObject","inLanguage":"pt-BR","@id":"https:\/\/africaatual.com.br\/#\/schema\/logo\/image\/","url":"http:\/\/africaatual.com.br\/wp-content\/uploads\/2023\/06\/LOGOEIROS_Prancheta-1-tipo-preto.png","contentUrl":"http:\/\/africaatual.com.br\/wp-content\/uploads\/2023\/06\/LOGOEIROS_Prancheta-1-tipo-preto.png","width":1667,"height":730,"caption":"africaatual.com.br"},"image":{"@id":"https:\/\/africaatual.com.br\/#\/schema\/logo\/image\/"}},{"@type":"Person","@id":"https:\/\/africaatual.com.br\/#\/schema\/person\/31315b203b16bec551dcad6d14ff6b17","name":"africaatual","image":{"@type":"ImageObject","inLanguage":"pt-BR","@id":"https:\/\/secure.gravatar.com\/avatar\/62aeeba3c7bd20a0a9ee0e00da31fba130446f5c08871cd9335ec9bce29b9030?s=96&d=mm&r=g","url":"https:\/\/secure.gravatar.com\/avatar\/62aeeba3c7bd20a0a9ee0e00da31fba130446f5c08871cd9335ec9bce29b9030?s=96&d=mm&r=g","contentUrl":"https:\/\/secure.gravatar.com\/avatar\/62aeeba3c7bd20a0a9ee0e00da31fba130446f5c08871cd9335ec9bce29b9030?s=96&d=mm&r=g","caption":"africaatual"},"sameAs":["http:\/\/africaatual.com.br"],"url":"https:\/\/africaatual.com.br\/index.php\/author\/atlasgeoculturalafricaatual-com\/"}]}},"_links":{"self":[{"href":"https:\/\/africaatual.com.br\/index.php\/wp-json\/wp\/v2\/posts\/10330","targetHints":{"allow":["GET"]}}],"collection":[{"href":"https:\/\/africaatual.com.br\/index.php\/wp-json\/wp\/v2\/posts"}],"about":[{"href":"https:\/\/africaatual.com.br\/index.php\/wp-json\/wp\/v2\/types\/post"}],"author":[{"embeddable":true,"href":"https:\/\/africaatual.com.br\/index.php\/wp-json\/wp\/v2\/users\/1"}],"replies":[{"embeddable":true,"href":"https:\/\/africaatual.com.br\/index.php\/wp-json\/wp\/v2\/comments?post=10330"}],"version-history":[{"count":10,"href":"https:\/\/africaatual.com.br\/index.php\/wp-json\/wp\/v2\/posts\/10330\/revisions"}],"predecessor-version":[{"id":10344,"href":"https:\/\/africaatual.com.br\/index.php\/wp-json\/wp\/v2\/posts\/10330\/revisions\/10344"}],"wp:featuredmedia":[{"embeddable":true,"href":"https:\/\/africaatual.com.br\/index.php\/wp-json\/wp\/v2\/media\/10332"}],"wp:attachment":[{"href":"https:\/\/africaatual.com.br\/index.php\/wp-json\/wp\/v2\/media?parent=10330"}],"wp:term":[{"taxonomy":"category","embeddable":true,"href":"https:\/\/africaatual.com.br\/index.php\/wp-json\/wp\/v2\/categories?post=10330"},{"taxonomy":"post_tag","embeddable":true,"href":"https:\/\/africaatual.com.br\/index.php\/wp-json\/wp\/v2\/tags?post=10330"},{"taxonomy":"palavra-chave","embeddable":true,"href":"https:\/\/africaatual.com.br\/index.php\/wp-json\/wp\/v2\/palavra-chave?post=10330"}],"curies":[{"name":"wp","href":"https:\/\/api.w.org\/{rel}","templated":true}]}}