
{"id":10601,"date":"2024-03-07T16:14:58","date_gmt":"2024-03-07T19:14:58","guid":{"rendered":"https:\/\/africaatual.com.br\/?p=10601"},"modified":"2024-03-07T16:24:51","modified_gmt":"2024-03-07T19:24:51","slug":"noticias-africanas-7","status":"publish","type":"post","link":"https:\/\/africaatual.com.br\/index.php\/2024\/03\/07\/noticias-africanas-7\/","title":{"rendered":"Not\u00edcias Africanas #7"},"content":{"rendered":"\t\t<div data-elementor-type=\"wp-post\" data-elementor-id=\"10601\" class=\"elementor elementor-10601\">\n\t\t\t\t<div class=\"elementor-element elementor-element-b3907fb e-flex e-con-boxed wpr-particle-no wpr-jarallax-no wpr-parallax-no wpr-sticky-section-no wpr-equal-height-no e-con e-parent\" data-id=\"b3907fb\" data-element_type=\"container\" data-e-type=\"container\">\n\t\t\t\t\t<div class=\"e-con-inner\">\n\t\t<div class=\"elementor-element elementor-element-28e60e8 e-flex e-con-boxed wpr-particle-no wpr-jarallax-no wpr-parallax-no wpr-sticky-section-no wpr-equal-height-no e-con e-child\" data-id=\"28e60e8\" data-element_type=\"container\" data-e-type=\"container\">\n\t\t\t\t\t<div class=\"e-con-inner\">\n\t\t<div class=\"elementor-element elementor-element-6d03f73 e-flex e-con-boxed wpr-particle-no wpr-jarallax-no wpr-parallax-no wpr-sticky-section-no wpr-equal-height-no e-con e-child\" data-id=\"6d03f73\" data-element_type=\"container\" data-e-type=\"container\">\n\t\t\t\t\t<div class=\"e-con-inner\">\n\t\t\t\t<div class=\"elementor-element elementor-element-8a84359 elementor-widget elementor-widget-heading\" data-id=\"8a84359\" data-element_type=\"widget\" data-e-type=\"widget\" data-widget_type=\"heading.default\">\n\t\t\t\t<div class=\"elementor-widget-container\">\n\t\t\t\t\t<h1 class=\"elementor-heading-title elementor-size-default\">Not\u00edcias Africanas\nConex\u00f5es Brasil e \u00c1fricas\nN\u00famero 7 - Mar\u00e7o\/2024\n<\/h1>\t\t\t\t<\/div>\n\t\t\t\t<\/div>\n\t\t\t\t\t<\/div>\n\t\t\t\t<\/div>\n\t\t\t\t\t<\/div>\n\t\t\t\t<\/div>\n\t\t\t\t\t<\/div>\n\t\t\t\t<\/div>\n\t\t<div class=\"elementor-element elementor-element-cb2f3aa e-flex e-con-boxed wpr-particle-no wpr-jarallax-no wpr-parallax-no wpr-sticky-section-no wpr-equal-height-no e-con e-parent\" data-id=\"cb2f3aa\" data-element_type=\"container\" data-e-type=\"container\">\n\t\t\t\t\t<div class=\"e-con-inner\">\n\t\t<div class=\"elementor-element elementor-element-54403b6 e-flex e-con-boxed wpr-particle-no wpr-jarallax-no wpr-parallax-no wpr-sticky-section-no wpr-equal-height-no e-con e-child\" data-id=\"54403b6\" data-element_type=\"container\" data-e-type=\"container\" data-settings=\"{&quot;background_background&quot;:&quot;classic&quot;}\">\n\t\t\t\t\t<div class=\"e-con-inner\">\n\t\t<div class=\"elementor-element elementor-element-78bce20 e-flex e-con-boxed wpr-particle-no wpr-jarallax-no wpr-parallax-no wpr-sticky-section-no wpr-equal-height-no e-con e-child\" data-id=\"78bce20\" data-element_type=\"container\" data-e-type=\"container\">\n\t\t\t\t\t<div class=\"e-con-inner\">\n\t\t\t\t<div class=\"elementor-element elementor-element-e4dd059 elementor-widget elementor-widget-text-editor\" data-id=\"e4dd059\" data-element_type=\"widget\" data-e-type=\"widget\" data-widget_type=\"text-editor.default\">\n\t\t\t\t<div class=\"elementor-widget-container\">\n\t\t\t\t\t\t\t\t\t<p><span style=\"font-weight: 400;\">Este boletim de not\u00edcias se insere no contexto do Projeto \u00c1frica Atual. Sua postagem ser\u00e1 semanal, \u00e0s quintas-feiras, no site <\/span><a href=\"http:\/\/www.africaatual.com.br\"><span style=\"font-weight: 400;\">www.africaatual.com.br<\/span><\/a><span style=\"font-weight: 400;\">. Outros espa\u00e7os de informa\u00e7\u00e3o: \u00c1frica Atual TV no Youtube, <\/span><a href=\"http:\/\/www.editoraeiros.com.br\"><span style=\"font-weight: 400;\">www.editoraeiros.com.br<\/span><\/a><span style=\"font-weight: 400;\"> e m\u00eddias digitais coligadas. O prop\u00f3sito do boletim est\u00e1 em facilitar a sua pesquisa por informa\u00e7\u00f5es inovadoras sobre os pa\u00edses africanos.\u00a0\u00a0<\/span><\/p>\n<p><span style=\"font-weight: 400;\">Alertamos que n\u00e3o somos uma ag\u00eancia de not\u00edcias. Nosso prop\u00f3sito se adequa ao selecionar uma breve colet\u00e2nea de informa\u00e7\u00f5es inovadoras, por vezes n\u00e3o publicadas em m\u00eddias brasileiras, apresentando a voc\u00ea os <\/span><i><span style=\"font-weight: 400;\">links<\/span><\/i><span style=\"font-weight: 400;\"> das fontes de informa\u00e7\u00e3o, aproximando os leitores brasileiros de fontes africanas, facilitando pesquisas, subs\u00eddios \u00e0s suas atividades e iniciativas escolares.\u00a0\u00a0<\/span><\/p>\t\t\t\t\t\t\t\t<\/div>\n\t\t\t\t<\/div>\n\t\t\t\t\t<\/div>\n\t\t\t\t<\/div>\n\t\t\t\t\t<\/div>\n\t\t\t\t<\/div>\n\t\t\t\t\t<\/div>\n\t\t\t\t<\/div>\n\t\t<div class=\"elementor-element elementor-element-c9f17ea e-flex e-con-boxed wpr-particle-no wpr-jarallax-no wpr-parallax-no wpr-sticky-section-no wpr-equal-height-no e-con e-parent\" data-id=\"c9f17ea\" data-element_type=\"container\" data-e-type=\"container\">\n\t\t\t\t\t<div class=\"e-con-inner\">\n\t\t<div class=\"elementor-element elementor-element-4b89017 e-flex e-con-boxed wpr-particle-no wpr-jarallax-no wpr-parallax-no wpr-sticky-section-no wpr-equal-height-no e-con e-child\" data-id=\"4b89017\" data-element_type=\"container\" data-e-type=\"container\">\n\t\t\t\t\t<div class=\"e-con-inner\">\n\t\t<div class=\"elementor-element elementor-element-decdb75 e-con-full e-flex wpr-particle-no wpr-jarallax-no wpr-parallax-no wpr-sticky-section-no wpr-equal-height-no e-con e-child\" data-id=\"decdb75\" data-element_type=\"container\" data-e-type=\"container\">\n\t\t\t\t<div class=\"elementor-element elementor-element-a3e36c6 elementor-widget__width-initial elementor-widget elementor-widget-heading\" data-id=\"a3e36c6\" data-element_type=\"widget\" data-e-type=\"widget\" data-widget_type=\"heading.default\">\n\t\t\t\t<div class=\"elementor-widget-container\">\n\t\t\t\t\t<h2 class=\"elementor-heading-title elementor-size-default\">Destaques da Semana<br>\nQue tipo de influ\u00eancia pode a \u00c1frica exercer no G20? \n<\/h2>\t\t\t\t<\/div>\n\t\t\t\t<\/div>\n\t\t\t\t<\/div>\n\t\t\t\t\t<\/div>\n\t\t\t\t<\/div>\n\t\t\t\t\t<\/div>\n\t\t\t\t<\/div>\n\t\t<div class=\"elementor-element elementor-element-131c0ef e-flex e-con-boxed wpr-particle-no wpr-jarallax-no wpr-parallax-no wpr-sticky-section-no wpr-equal-height-no e-con e-parent\" data-id=\"131c0ef\" data-element_type=\"container\" data-e-type=\"container\">\n\t\t\t\t\t<div class=\"e-con-inner\">\n\t\t\t\t<div class=\"elementor-element elementor-element-5e49f62 elementor-widget elementor-widget-image\" data-id=\"5e49f62\" data-element_type=\"widget\" data-e-type=\"widget\" data-widget_type=\"image.default\">\n\t\t\t\t<div class=\"elementor-widget-container\">\n\t\t\t\t\t\t\t\t\t\t\t\t<figure class=\"wp-caption\">\n\t\t\t\t\t\t\t\t\t\t<img fetchpriority=\"high\" decoding=\"async\" width=\"1024\" height=\"437\" src=\"https:\/\/africaatual.com.br\/wp-content\/uploads\/2024\/03\/WhatsApp-Image-2024-03-06-at-19.09.12-1024x437.jpeg\" class=\"attachment-large size-large wp-image-10613\" alt=\"\" srcset=\"https:\/\/africaatual.com.br\/wp-content\/uploads\/2024\/03\/WhatsApp-Image-2024-03-06-at-19.09.12-1024x437.jpeg.webp 1024w, https:\/\/africaatual.com.br\/wp-content\/uploads\/2024\/03\/WhatsApp-Image-2024-03-06-at-19.09.12-300x128.jpeg.webp 300w, https:\/\/africaatual.com.br\/wp-content\/uploads\/2024\/03\/WhatsApp-Image-2024-03-06-at-19.09.12-768x328.jpeg.webp 768w, https:\/\/africaatual.com.br\/wp-content\/uploads\/2024\/03\/WhatsApp-Image-2024-03-06-at-19.09.12.jpeg.webp 1200w\" sizes=\"(max-width: 1024px) 100vw, 1024px\" \/>\t\t\t\t\t\t\t\t\t\t\t<figcaption class=\"widget-image-caption wp-caption-text\">Foto: reprodu\u00e7\u00e3o do site issafrica.org\/<\/figcaption>\n\t\t\t\t\t\t\t\t\t\t<\/figure>\n\t\t\t\t\t\t\t\t\t<\/div>\n\t\t\t\t<\/div>\n\t\t\t\t\t<\/div>\n\t\t\t\t<\/div>\n\t\t<div class=\"elementor-element elementor-element-7b1dffc e-flex e-con-boxed wpr-particle-no wpr-jarallax-no wpr-parallax-no wpr-sticky-section-no wpr-equal-height-no e-con e-parent\" data-id=\"7b1dffc\" data-element_type=\"container\" data-e-type=\"container\">\n\t\t\t\t\t<div class=\"e-con-inner\">\n\t\t\t\t<div class=\"elementor-element elementor-element-38b9940 elementor-widget elementor-widget-text-editor\" data-id=\"38b9940\" data-element_type=\"widget\" data-e-type=\"widget\" data-widget_type=\"text-editor.default\">\n\t\t\t\t<div class=\"elementor-widget-container\">\n\t\t\t\t\t\t\t\t\t<p><span style=\"font-weight: 400;\">\u00a0\u201c<\/span><span style=\"font-weight: 400;\">A recente inclus\u00e3o da Uni\u00e3o Africana (UA) no G20 levantou quest\u00f5es sobre a sua disponibilidade para representar os interesses de \u00c1frica e influenciar a pol\u00edtica global em mat\u00e9ria de altera\u00e7\u00f5es clim\u00e1ticas, energia e reforma de organismos multilaterais.<\/span><\/p><p><span style=\"font-weight: 400;\">Embora haja acordo sobre a necessidade de uma voz africana robusta na governa\u00e7\u00e3o econ\u00f3mica e pol\u00edtica global, os especialistas questionam a capacidade da UA de chegar a\u00a0<\/span><a href=\"https:\/\/issafrica.org\/iss-today\/is-africa-ready-for-meaningful-participation-in-the-g20\"><span style=\"font-weight: 400;\">um consenso<\/span><\/a><span style=\"font-weight: 400;\">\u00a0sobre as prioridades do continente, dadas as\u00a0<\/span><a href=\"https:\/\/www.cfr.org\/councilofcouncils\/global-memos\/was-g20-summit-turning-point-global-south\"><span style=\"font-weight: 400;\">divis\u00f5es<\/span><\/a><span style=\"font-weight: 400;\">\u00a0entre os seus Estados-membros.<\/span><\/p><p><span style=\"font-weight: 400;\">Quem dever\u00e1 representar \u00c1frica no G20?\u00a0Os membros da UA cederiam poder \u00e0 Comiss\u00e3o da UA para agir em seu nome?\u00a0Poderiam os pa\u00edses africanos apresentar posi\u00e7\u00f5es unificadas no f\u00f3rum?\u00a0E que tipo de influ\u00eancia a UA pode exercer a\u00ed?\u201d<\/span><\/p><p><span style=\"font-weight: 400;\">Fonte. Veja informa\u00e7\u00f5es adicionais na mat\u00e9ria (link) da Uni\u00e3o Africana:\u00a0<\/span><\/p><p><a href=\"https:\/\/issafrica.org\/iss-today\/what-kind-of-influence-can-africa-wield-at-the-g20\"><span style=\"font-weight: 400;\">https:\/\/issafrica.org\/iss-today\/what-kind-of-influence-can-africa-wield-at-the-g20<\/span><\/a><\/p>\t\t\t\t\t\t\t\t<\/div>\n\t\t\t\t<\/div>\n\t\t\t\t\t<\/div>\n\t\t\t\t<\/div>\n\t\t<div class=\"elementor-element elementor-element-a65ee1e e-flex e-con-boxed wpr-particle-no wpr-jarallax-no wpr-parallax-no wpr-sticky-section-no wpr-equal-height-no e-con e-parent\" data-id=\"a65ee1e\" data-element_type=\"container\" data-e-type=\"container\">\n\t\t\t\t\t<div class=\"e-con-inner\">\n\t\t<div class=\"elementor-element elementor-element-55720fe e-flex e-con-boxed wpr-particle-no wpr-jarallax-no wpr-parallax-no wpr-sticky-section-no wpr-equal-height-no e-con e-child\" data-id=\"55720fe\" data-element_type=\"container\" data-e-type=\"container\">\n\t\t\t\t\t<div class=\"e-con-inner\">\n\t\t<div class=\"elementor-element elementor-element-ea3d9b8 e-con-full e-flex wpr-particle-no wpr-jarallax-no wpr-parallax-no wpr-sticky-section-no wpr-equal-height-no e-con e-child\" data-id=\"ea3d9b8\" data-element_type=\"container\" data-e-type=\"container\">\n\t\t\t\t<div class=\"elementor-element elementor-element-0fbf15e elementor-widget__width-initial elementor-widget elementor-widget-heading\" data-id=\"0fbf15e\" data-element_type=\"widget\" data-e-type=\"widget\" data-widget_type=\"heading.default\">\n\t\t\t\t<div class=\"elementor-widget-container\">\n\t\t\t\t\t<h2 class=\"elementor-heading-title elementor-size-default\">Brasil lidera movimento global para diminuir d\u00edvidas de pa\u00edses africanos \n\n<\/h2>\t\t\t\t<\/div>\n\t\t\t\t<\/div>\n\t\t\t\t<\/div>\n\t\t\t\t\t<\/div>\n\t\t\t\t<\/div>\n\t\t\t\t\t<\/div>\n\t\t\t\t<\/div>\n\t\t<div class=\"elementor-element elementor-element-aff92d8 e-flex e-con-boxed wpr-particle-no wpr-jarallax-no wpr-parallax-no wpr-sticky-section-no wpr-equal-height-no e-con e-parent\" data-id=\"aff92d8\" data-element_type=\"container\" data-e-type=\"container\">\n\t\t\t\t\t<div class=\"e-con-inner\">\n\t\t\t\t<div class=\"elementor-element elementor-element-ecab361 elementor-widget elementor-widget-text-editor\" data-id=\"ecab361\" data-element_type=\"widget\" data-e-type=\"widget\" data-widget_type=\"text-editor.default\">\n\t\t\t\t<div class=\"elementor-widget-container\">\n\t\t\t\t\t\t\t\t\t<p><span style=\"font-weight: 400;\">\u201cO Brasil est\u00e1 liderando uma iniciativa global para impulsionar o desenvolvimento econ\u00f4mico dos pa\u00edses mais pobres da \u00c1frica, por meio do que est\u00e1 sendo chamado de \u2018troca de d\u00edvida\u2019 (debt swap). Essa abordagem visa oferecer linhas de cr\u00e9dito sem sufocar as economias africanas com altos juros e condi\u00e7\u00f5es desfavor\u00e1veis impostas por institui\u00e7\u00f5es financeiras tradicionais, e at\u00e9 mesmo perdoar valores de d\u00edvidas dos pa\u00edses com baixo \u00cdndice de Desenvolvimento Humano (IDH).<\/span><\/p><p><span style=\"font-weight: 400;\">A proposta brasileira, que deve ser lan\u00e7ada em julho, baseia-se na troca de d\u00edvidas por investimentos em programas sociais espec\u00edficos. Os pa\u00edses africanos teriam acesso aos recursos desde que se comprometam a implementar um ou dois projetos sociais reconhecidos internacionalmente, listados na Alian\u00e7a Global contra a Fome. Esta alian\u00e7a est\u00e1 sendo montada pela presid\u00eancia brasileira do G20, um dos tr\u00eas pilares estrat\u00e9gicos do pa\u00eds\u201d.<\/span><\/p><p><span style=\"font-weight: 400;\">Fonte, veja as informa\u00e7\u00f5es adicionais em:\u00a0<\/span><\/p><p><a href=\"https:\/\/midianinja.org\/news\/brasil-lidera-movimento-global-para-diminuir-dividas-de-paises-africanos\/\"><span style=\"font-weight: 400;\">https:\/\/midianinja.org\/news\/brasil-lidera-movimento-global-para-diminuir-dividas-de-paises-africanos\/<\/span><\/a><\/p>\t\t\t\t\t\t\t\t<\/div>\n\t\t\t\t<\/div>\n\t\t\t\t\t<\/div>\n\t\t\t\t<\/div>\n\t\t<div class=\"elementor-element elementor-element-c3c2fff e-flex e-con-boxed wpr-particle-no wpr-jarallax-no wpr-parallax-no wpr-sticky-section-no wpr-equal-height-no e-con e-parent\" data-id=\"c3c2fff\" data-element_type=\"container\" data-e-type=\"container\">\n\t\t\t\t\t<div class=\"e-con-inner\">\n\t\t<div class=\"elementor-element elementor-element-7624a6d e-flex e-con-boxed wpr-particle-no wpr-jarallax-no wpr-parallax-no wpr-sticky-section-no wpr-equal-height-no e-con e-child\" data-id=\"7624a6d\" data-element_type=\"container\" data-e-type=\"container\">\n\t\t\t\t\t<div class=\"e-con-inner\">\n\t\t<div class=\"elementor-element elementor-element-de3b18d e-con-full e-flex wpr-particle-no wpr-jarallax-no wpr-parallax-no wpr-sticky-section-no wpr-equal-height-no e-con e-child\" data-id=\"de3b18d\" data-element_type=\"container\" data-e-type=\"container\">\n\t\t\t\t<div class=\"elementor-element elementor-element-d2fde2f elementor-widget__width-initial elementor-widget elementor-widget-heading\" data-id=\"d2fde2f\" data-element_type=\"widget\" data-e-type=\"widget\" data-widget_type=\"heading.default\">\n\t\t\t\t<div class=\"elementor-widget-container\">\n\t\t\t\t\t<h2 class=\"elementor-heading-title elementor-size-default\">A editora de jogos e plataforma de com\u00e9rcio digital Carry1st se torna o primeiro investimento a sair do Fundo de Inova\u00e7\u00e3o da Sony na \u00c1frica.<\/h2>\t\t\t\t<\/div>\n\t\t\t\t<\/div>\n\t\t\t\t<\/div>\n\t\t\t\t\t<\/div>\n\t\t\t\t<\/div>\n\t\t\t\t\t<\/div>\n\t\t\t\t<\/div>\n\t\t<div class=\"elementor-element elementor-element-da323f9 e-flex e-con-boxed wpr-particle-no wpr-jarallax-no wpr-parallax-no wpr-sticky-section-no wpr-equal-height-no e-con e-parent\" data-id=\"da323f9\" data-element_type=\"container\" data-e-type=\"container\">\n\t\t\t\t\t<div class=\"e-con-inner\">\n\t\t\t\t<div class=\"elementor-element elementor-element-356bce5 elementor-widget elementor-widget-image\" data-id=\"356bce5\" data-element_type=\"widget\" data-e-type=\"widget\" data-widget_type=\"image.default\">\n\t\t\t\t<div class=\"elementor-widget-container\">\n\t\t\t\t\t\t\t\t\t\t\t\t\t\t\t<img decoding=\"async\" width=\"1024\" height=\"576\" src=\"https:\/\/africaatual.com.br\/wp-content\/uploads\/2024\/03\/WhatsApp-Image-2024-03-06-at-19.09.00-1024x576.jpeg\" class=\"attachment-large size-large wp-image-10620\" alt=\"\" srcset=\"https:\/\/africaatual.com.br\/wp-content\/uploads\/2024\/03\/WhatsApp-Image-2024-03-06-at-19.09.00-1024x576.jpeg.webp 1024w, https:\/\/africaatual.com.br\/wp-content\/uploads\/2024\/03\/WhatsApp-Image-2024-03-06-at-19.09.00-300x169.jpeg.webp 300w, https:\/\/africaatual.com.br\/wp-content\/uploads\/2024\/03\/WhatsApp-Image-2024-03-06-at-19.09.00-768x432.jpeg.webp 768w, https:\/\/africaatual.com.br\/wp-content\/uploads\/2024\/03\/WhatsApp-Image-2024-03-06-at-19.09.00-1536x864.jpeg.webp 1536w, https:\/\/africaatual.com.br\/wp-content\/uploads\/2024\/03\/WhatsApp-Image-2024-03-06-at-19.09.00-800x450.jpeg.webp 800w, https:\/\/africaatual.com.br\/wp-content\/uploads\/2024\/03\/WhatsApp-Image-2024-03-06-at-19.09.00.jpeg.webp 1600w\" sizes=\"(max-width: 1024px) 100vw, 1024px\" \/>\t\t\t\t\t\t\t\t\t\t\t\t\t\t\t<\/div>\n\t\t\t\t<\/div>\n\t\t\t\t\t<\/div>\n\t\t\t\t<\/div>\n\t\t<div class=\"elementor-element elementor-element-b72135f e-flex e-con-boxed wpr-particle-no wpr-jarallax-no wpr-parallax-no wpr-sticky-section-no wpr-equal-height-no e-con e-parent\" data-id=\"b72135f\" data-element_type=\"container\" data-e-type=\"container\">\n\t\t\t\t\t<div class=\"e-con-inner\">\n\t\t\t\t<div class=\"elementor-element elementor-element-893170f elementor-widget elementor-widget-text-editor\" data-id=\"893170f\" data-element_type=\"widget\" data-e-type=\"widget\" data-widget_type=\"text-editor.default\">\n\t\t\t\t<div class=\"elementor-widget-container\">\n\t\t\t\t\t\t\t\t\t<p><span style=\"font-weight: 400;\">A Sony est\u00e1 a apostar alto na ind\u00fastria africana de videojogos.<\/span><\/p><p><span style=\"font-weight: 400;\">De acordo com um comunicado de imprensa, a Carry1st \u2013 uma editora africana de jogos e plataforma de com\u00e9rcio digital criada em 2018 por Cordel Robbin-Coker, Lucy Hoffman e Tinotenda Mundangepfupfu \u2013 obteve um compromisso financeiro do Sony Innovation Fund, o bra\u00e7o de capital de risco do Grupo Sony. Corpora\u00e7\u00e3o.<\/span><\/p><p><span style=\"font-weight: 400;\">Obtenha informa\u00e7\u00f5es adicionais no link.<\/span><\/p><p><span style=\"font-weight: 400;\">Fonte:\u00a0<\/span><\/p><p><a href=\"https:\/\/afrotech.com\/game-publisher-and-digital-commerce-platform-carry1st-becomes-the-first-investment-to-come-out-of-the-sony-innovation-fund-in-africa?utm_source=AfroTech+Daily&amp;utm_campaign=5e3459f38c-EMAIL_CAMPAIGN_2023_10_26_07_35_COPY_01&amp;utm_medium=email&amp;utm_term=0_-84d8c88b69-%5bLIST_EMAIL_ID\"><span style=\"font-weight: 400;\">https:\/\/afrotech.com\/game-publisher-and-digital-commerce-platform-carry1st-becomes-the-first-investment-to-come-out-of-the-sony-innovation-fund-in-africa?utm_source=AfroTech+Daily&amp;utm_campaign=5e3459f38c-EMAIL_CAMPAIGN_2023_10_26_07_35_COPY_01&amp;utm_medium=email&amp;utm_term=0_-84d8c88b69-[LIST_EMAIL_ID<\/span><\/a><span style=\"font-weight: 400;\">]<\/span><\/p>\t\t\t\t\t\t\t\t<\/div>\n\t\t\t\t<\/div>\n\t\t\t\t\t<\/div>\n\t\t\t\t<\/div>\n\t\t<div class=\"elementor-element elementor-element-2565a82 e-flex e-con-boxed wpr-particle-no wpr-jarallax-no wpr-parallax-no wpr-sticky-section-no wpr-equal-height-no e-con e-parent\" data-id=\"2565a82\" data-element_type=\"container\" data-e-type=\"container\">\n\t\t\t\t\t<div class=\"e-con-inner\">\n\t\t<div class=\"elementor-element elementor-element-4052025 e-flex e-con-boxed wpr-particle-no wpr-jarallax-no wpr-parallax-no wpr-sticky-section-no wpr-equal-height-no e-con e-child\" data-id=\"4052025\" data-element_type=\"container\" data-e-type=\"container\" data-settings=\"{&quot;background_background&quot;:&quot;classic&quot;}\">\n\t\t\t\t\t<div class=\"e-con-inner\">\n\t\t\t\t<div class=\"elementor-element elementor-element-c705819 elementor-widget elementor-widget-text-editor\" data-id=\"c705819\" data-element_type=\"widget\" data-e-type=\"widget\" data-widget_type=\"text-editor.default\">\n\t\t\t\t<div class=\"elementor-widget-container\">\n\t\t\t\t\t\t\t\t\t<p><i><span style=\"font-weight: 400;\">Surpreenda-se semanalmente com <\/span><\/i><b><i>Not\u00edcias Africanas em Conex\u00f5es Brasil e \u00c1fricas. Publicadas em <\/i><\/b><a href=\"http:\/\/www.africaatual.com.br\"><b><i>www.africaatual.com.br<\/i><\/b><\/a><b><i>. Adquira o Atlas Geocultural da \u00c1frica e amplie o leque de suas informa\u00e7\u00f5es.\u00a0 \u00a0<\/i><\/b><\/p>\n<p><b><i>Voc\u00ea deseja subs\u00eddios para atividades em sala de aula?\u00a0<\/i><\/b><\/p>\n<p><b><i>Fa\u00e7a um dos cursos propostos no <\/i><\/b><a href=\"https:\/\/africaatual.com.br\/index.php\/cursos-e-palestras\/\"><span style=\"font-weight: 400;\">https:\/\/africaatual.com.br\/index.php\/cursos-e-palestras\/<\/span><\/a><\/p>\t\t\t\t\t\t\t\t<\/div>\n\t\t\t\t<\/div>\n\t\t\t\t\t<\/div>\n\t\t\t\t<\/div>\n\t\t\t\t\t<\/div>\n\t\t\t\t<\/div>\n\t\t\t\t<\/div>\n\t\t","protected":false},"excerpt":{"rendered":"<p>Not\u00edcias Africanas Conex\u00f5es Brasil e \u00c1fricas N\u00famero 7 &#8211; Mar\u00e7o\/2024 Not\u00edcias Africanas Conex\u00f5es Brasil e \u00c1fricas N\u00famero 7 &#8211; Mar\u00e7o\/2024 Not\u00edcias Africanas Conex\u00f5es Brasil e \u00c1fricas N\u00famero 7 &#8211; Mar\u00e7o\/2024 \u200b Not\u00edcias Africanas Conex\u00f5es Brasil e \u00c1fricas N\u00famero 7 &#8211; Mar\u00e7o\/2024 Este boletim de not\u00edcias se insere no contexto do Projeto \u00c1frica Atual. Sua postagem ser\u00e1 semanal, \u00e0s quintas-feiras, no site www.africaatual.com.br. Outros espa\u00e7os de informa\u00e7\u00e3o: \u00c1frica Atual TV no Youtube, www.editoraeiros.com.br e m\u00eddias digitais coligadas. O prop\u00f3sito do boletim est\u00e1 em facilitar a sua pesquisa por informa\u00e7\u00f5es inovadoras sobre os pa\u00edses africanos.\u00a0\u00a0 Alertamos que n\u00e3o somos uma ag\u00eancia de not\u00edcias. Nosso prop\u00f3sito se adequa ao selecionar uma breve colet\u00e2nea de informa\u00e7\u00f5es inovadoras, por vezes n\u00e3o publicadas em m\u00eddias brasileiras, apresentando a voc\u00ea os links das fontes de informa\u00e7\u00e3o, aproximando os leitores brasileiros de fontes africanas, facilitando pesquisas, subs\u00eddios \u00e0s suas atividades e iniciativas escolares.\u00a0\u00a0 Destaques da Semana Que tipo de influ\u00eancia pode a \u00c1frica exercer no G20? Foto: reprodu\u00e7\u00e3o do site issafrica.org\/ \u00a0\u201cA recente inclus\u00e3o da Uni\u00e3o Africana (UA) no G20 levantou quest\u00f5es sobre a sua disponibilidade para representar os interesses de \u00c1frica e influenciar a pol\u00edtica global em mat\u00e9ria de altera\u00e7\u00f5es clim\u00e1ticas, energia e reforma de organismos multilaterais. Embora haja acordo sobre a necessidade de uma voz africana robusta na governa\u00e7\u00e3o econ\u00f3mica e pol\u00edtica global, os especialistas questionam a capacidade da UA de chegar a\u00a0um consenso\u00a0sobre as prioridades do continente, dadas as\u00a0divis\u00f5es\u00a0entre os seus Estados-membros. Quem dever\u00e1 representar \u00c1frica no G20?\u00a0Os membros da UA cederiam poder \u00e0 Comiss\u00e3o da UA para agir em seu nome?\u00a0Poderiam os pa\u00edses africanos apresentar posi\u00e7\u00f5es unificadas no f\u00f3rum?\u00a0E que tipo de influ\u00eancia a UA pode exercer a\u00ed?\u201d Fonte. Veja informa\u00e7\u00f5es adicionais na mat\u00e9ria (link) da Uni\u00e3o Africana:\u00a0 https:\/\/issafrica.org\/iss-today\/what-kind-of-influence-can-africa-wield-at-the-g20 Brasil lidera movimento global para diminuir d\u00edvidas de pa\u00edses africanos \u201cO Brasil est\u00e1 liderando uma iniciativa global para impulsionar o desenvolvimento econ\u00f4mico dos pa\u00edses mais pobres da \u00c1frica, por meio do que est\u00e1 sendo chamado de \u2018troca de d\u00edvida\u2019 (debt swap). Essa abordagem visa oferecer linhas de cr\u00e9dito sem sufocar as economias africanas com altos juros e condi\u00e7\u00f5es desfavor\u00e1veis impostas por institui\u00e7\u00f5es financeiras tradicionais, e at\u00e9 mesmo perdoar valores de d\u00edvidas dos pa\u00edses com baixo \u00cdndice de Desenvolvimento Humano (IDH). A proposta brasileira, que deve ser lan\u00e7ada em julho, baseia-se na troca de d\u00edvidas por investimentos em programas sociais espec\u00edficos. Os pa\u00edses africanos teriam acesso aos recursos desde que se comprometam a implementar um ou dois projetos sociais reconhecidos internacionalmente, listados na Alian\u00e7a Global contra a Fome. Esta alian\u00e7a est\u00e1 sendo montada pela presid\u00eancia brasileira do G20, um dos tr\u00eas pilares estrat\u00e9gicos do pa\u00eds\u201d. Fonte, veja as informa\u00e7\u00f5es adicionais em:\u00a0 https:\/\/midianinja.org\/news\/brasil-lidera-movimento-global-para-diminuir-dividas-de-paises-africanos\/ A editora de jogos e plataforma de com\u00e9rcio digital Carry1st se torna o primeiro investimento a sair do Fundo de Inova\u00e7\u00e3o da Sony na \u00c1frica. A Sony est\u00e1 a apostar alto na ind\u00fastria africana de videojogos. De acordo com um comunicado de imprensa, a Carry1st \u2013 uma editora africana de jogos e plataforma de com\u00e9rcio digital criada em 2018 por Cordel Robbin-Coker, Lucy Hoffman e Tinotenda Mundangepfupfu \u2013 obteve um compromisso financeiro do Sony Innovation Fund, o bra\u00e7o de capital de risco do Grupo Sony. Corpora\u00e7\u00e3o. Obtenha informa\u00e7\u00f5es adicionais no link. Fonte:\u00a0 https:\/\/afrotech.com\/game-publisher-and-digital-commerce-platform-carry1st-becomes-the-first-investment-to-come-out-of-the-sony-innovation-fund-in-africa?utm_source=AfroTech+Daily&amp;utm_campaign=5e3459f38c-EMAIL_CAMPAIGN_2023_10_26_07_35_COPY_01&amp;utm_medium=email&amp;utm_term=0_-84d8c88b69-[LIST_EMAIL_ID] Surpreenda-se semanalmente com Not\u00edcias Africanas em Conex\u00f5es Brasil e \u00c1fricas. Publicadas em www.africaatual.com.br. Adquira o Atlas Geocultural da \u00c1frica e amplie o leque de suas informa\u00e7\u00f5es.\u00a0 \u00a0 Voc\u00ea deseja subs\u00eddios para atividades em sala de aula?\u00a0 Fa\u00e7a um dos cursos propostos no https:\/\/africaatual.com.br\/index.php\/cursos-e-palestras\/<\/p>\n","protected":false},"author":1,"featured_media":10603,"comment_status":"open","ping_status":"open","sticky":false,"template":"elementor_theme","format":"standard","meta":{"inline_featured_image":false,"ocean_post_layout":"","ocean_both_sidebars_style":"","ocean_both_sidebars_content_width":0,"ocean_both_sidebars_sidebars_width":0,"ocean_sidebar":"","ocean_second_sidebar":"","ocean_disable_margins":"enable","ocean_add_body_class":"","ocean_shortcode_before_top_bar":"","ocean_shortcode_after_top_bar":"","ocean_shortcode_before_header":"","ocean_shortcode_after_header":"","ocean_has_shortcode":"","ocean_shortcode_after_title":"","ocean_shortcode_before_footer_widgets":"","ocean_shortcode_after_footer_widgets":"","ocean_shortcode_before_footer_bottom":"","ocean_shortcode_after_footer_bottom":"","ocean_display_top_bar":"default","ocean_display_header":"default","ocean_header_style":"","ocean_center_header_left_menu":"","ocean_custom_header_template":"","ocean_custom_logo":0,"ocean_custom_retina_logo":0,"ocean_custom_logo_max_width":0,"ocean_custom_logo_tablet_max_width":0,"ocean_custom_logo_mobile_max_width":0,"ocean_custom_logo_max_height":0,"ocean_custom_logo_tablet_max_height":0,"ocean_custom_logo_mobile_max_height":0,"ocean_header_custom_menu":"","ocean_menu_typo_font_family":"","ocean_menu_typo_font_subset":"","ocean_menu_typo_font_size":0,"ocean_menu_typo_font_size_tablet":0,"ocean_menu_typo_font_size_mobile":0,"ocean_menu_typo_font_size_unit":"px","ocean_menu_typo_font_weight":"","ocean_menu_typo_font_weight_tablet":"","ocean_menu_typo_font_weight_mobile":"","ocean_menu_typo_transform":"","ocean_menu_typo_transform_tablet":"","ocean_menu_typo_transform_mobile":"","ocean_menu_typo_line_height":0,"ocean_menu_typo_line_height_tablet":0,"ocean_menu_typo_line_height_mobile":0,"ocean_menu_typo_line_height_unit":"","ocean_menu_typo_spacing":0,"ocean_menu_typo_spacing_tablet":0,"ocean_menu_typo_spacing_mobile":0,"ocean_menu_typo_spacing_unit":"","ocean_menu_link_color":"","ocean_menu_link_color_hover":"","ocean_menu_link_color_active":"","ocean_menu_link_background":"","ocean_menu_link_hover_background":"","ocean_menu_link_active_background":"","ocean_menu_social_links_bg":"","ocean_menu_social_hover_links_bg":"","ocean_menu_social_links_color":"","ocean_menu_social_hover_links_color":"","ocean_disable_title":"default","ocean_disable_heading":"default","ocean_post_title":"","ocean_post_subheading":"","ocean_post_title_style":"","ocean_post_title_background_color":"","ocean_post_title_background":0,"ocean_post_title_bg_image_position":"","ocean_post_title_bg_image_attachment":"","ocean_post_title_bg_image_repeat":"","ocean_post_title_bg_image_size":"","ocean_post_title_height":0,"ocean_post_title_bg_overlay":0.5,"ocean_post_title_bg_overlay_color":"","ocean_disable_breadcrumbs":"default","ocean_breadcrumbs_color":"","ocean_breadcrumbs_separator_color":"","ocean_breadcrumbs_links_color":"","ocean_breadcrumbs_links_hover_color":"","ocean_display_footer_widgets":"default","ocean_display_footer_bottom":"default","ocean_custom_footer_template":"","omw_enable_modal_window":"enable","ocean_post_oembed":"","ocean_post_self_hosted_media":"","ocean_post_video_embed":"","ocean_link_format":"","ocean_link_format_target":"self","ocean_quote_format":"","ocean_quote_format_link":"post","ocean_gallery_link_images":"on","ocean_gallery_id":[],"footnotes":""},"categories":[48,1,14],"tags":[],"palavra-chave":[],"class_list":["post-10601","post","type-post","status-publish","format-standard","has-post-thumbnail","hentry","category-sem-categoria","category-blog","category-noticias","entry","has-media"],"yoast_head":"<!-- This site is optimized with the Yoast SEO plugin v27.3 - https:\/\/yoast.com\/product\/yoast-seo-wordpress\/ -->\n<title>Not\u00edcias Africanas #7 - africaatual.com.br<\/title>\n<meta name=\"robots\" content=\"index, follow, max-snippet:-1, max-image-preview:large, max-video-preview:-1\" \/>\n<link rel=\"canonical\" href=\"https:\/\/africaatual.com.br\/index.php\/2024\/03\/07\/noticias-africanas-7\/\" \/>\n<meta property=\"og:locale\" content=\"pt_BR\" \/>\n<meta property=\"og:type\" content=\"article\" \/>\n<meta property=\"og:title\" content=\"Not\u00edcias Africanas #7 - africaatual.com.br\" \/>\n<meta property=\"og:description\" content=\"Not\u00edcias Africanas Conex\u00f5es Brasil e \u00c1fricas N\u00famero 7 &#8211; Mar\u00e7o\/2024 Not\u00edcias Africanas Conex\u00f5es Brasil e \u00c1fricas N\u00famero 7 &#8211; Mar\u00e7o\/2024 Not\u00edcias Africanas Conex\u00f5es Brasil e \u00c1fricas N\u00famero 7 &#8211; Mar\u00e7o\/2024 \u200b Not\u00edcias Africanas Conex\u00f5es Brasil e \u00c1fricas N\u00famero 7 &#8211; Mar\u00e7o\/2024 Este boletim de not\u00edcias se insere no contexto do Projeto \u00c1frica Atual. Sua postagem ser\u00e1 semanal, \u00e0s quintas-feiras, no site www.africaatual.com.br. Outros espa\u00e7os de informa\u00e7\u00e3o: \u00c1frica Atual TV no Youtube, www.editoraeiros.com.br e m\u00eddias digitais coligadas. O prop\u00f3sito do boletim est\u00e1 em facilitar a sua pesquisa por informa\u00e7\u00f5es inovadoras sobre os pa\u00edses africanos.\u00a0\u00a0 Alertamos que n\u00e3o somos uma ag\u00eancia de not\u00edcias. Nosso prop\u00f3sito se adequa ao selecionar uma breve colet\u00e2nea de informa\u00e7\u00f5es inovadoras, por vezes n\u00e3o publicadas em m\u00eddias brasileiras, apresentando a voc\u00ea os links das fontes de informa\u00e7\u00e3o, aproximando os leitores brasileiros de fontes africanas, facilitando pesquisas, subs\u00eddios \u00e0s suas atividades e iniciativas escolares.\u00a0\u00a0 Destaques da Semana Que tipo de influ\u00eancia pode a \u00c1frica exercer no G20? Foto: reprodu\u00e7\u00e3o do site issafrica.org\/ \u00a0\u201cA recente inclus\u00e3o da Uni\u00e3o Africana (UA) no G20 levantou quest\u00f5es sobre a sua disponibilidade para representar os interesses de \u00c1frica e influenciar a pol\u00edtica global em mat\u00e9ria de altera\u00e7\u00f5es clim\u00e1ticas, energia e reforma de organismos multilaterais. Embora haja acordo sobre a necessidade de uma voz africana robusta na governa\u00e7\u00e3o econ\u00f3mica e pol\u00edtica global, os especialistas questionam a capacidade da UA de chegar a\u00a0um consenso\u00a0sobre as prioridades do continente, dadas as\u00a0divis\u00f5es\u00a0entre os seus Estados-membros. Quem dever\u00e1 representar \u00c1frica no G20?\u00a0Os membros da UA cederiam poder \u00e0 Comiss\u00e3o da UA para agir em seu nome?\u00a0Poderiam os pa\u00edses africanos apresentar posi\u00e7\u00f5es unificadas no f\u00f3rum?\u00a0E que tipo de influ\u00eancia a UA pode exercer a\u00ed?\u201d Fonte. Veja informa\u00e7\u00f5es adicionais na mat\u00e9ria (link) da Uni\u00e3o Africana:\u00a0 https:\/\/issafrica.org\/iss-today\/what-kind-of-influence-can-africa-wield-at-the-g20 Brasil lidera movimento global para diminuir d\u00edvidas de pa\u00edses africanos \u201cO Brasil est\u00e1 liderando uma iniciativa global para impulsionar o desenvolvimento econ\u00f4mico dos pa\u00edses mais pobres da \u00c1frica, por meio do que est\u00e1 sendo chamado de \u2018troca de d\u00edvida\u2019 (debt swap). Essa abordagem visa oferecer linhas de cr\u00e9dito sem sufocar as economias africanas com altos juros e condi\u00e7\u00f5es desfavor\u00e1veis impostas por institui\u00e7\u00f5es financeiras tradicionais, e at\u00e9 mesmo perdoar valores de d\u00edvidas dos pa\u00edses com baixo \u00cdndice de Desenvolvimento Humano (IDH). A proposta brasileira, que deve ser lan\u00e7ada em julho, baseia-se na troca de d\u00edvidas por investimentos em programas sociais espec\u00edficos. Os pa\u00edses africanos teriam acesso aos recursos desde que se comprometam a implementar um ou dois projetos sociais reconhecidos internacionalmente, listados na Alian\u00e7a Global contra a Fome. Esta alian\u00e7a est\u00e1 sendo montada pela presid\u00eancia brasileira do G20, um dos tr\u00eas pilares estrat\u00e9gicos do pa\u00eds\u201d. Fonte, veja as informa\u00e7\u00f5es adicionais em:\u00a0 https:\/\/midianinja.org\/news\/brasil-lidera-movimento-global-para-diminuir-dividas-de-paises-africanos\/ A editora de jogos e plataforma de com\u00e9rcio digital Carry1st se torna o primeiro investimento a sair do Fundo de Inova\u00e7\u00e3o da Sony na \u00c1frica. A Sony est\u00e1 a apostar alto na ind\u00fastria africana de videojogos. De acordo com um comunicado de imprensa, a Carry1st \u2013 uma editora africana de jogos e plataforma de com\u00e9rcio digital criada em 2018 por Cordel Robbin-Coker, Lucy Hoffman e Tinotenda Mundangepfupfu \u2013 obteve um compromisso financeiro do Sony Innovation Fund, o bra\u00e7o de capital de risco do Grupo Sony. Corpora\u00e7\u00e3o. Obtenha informa\u00e7\u00f5es adicionais no link. Fonte:\u00a0 https:\/\/afrotech.com\/game-publisher-and-digital-commerce-platform-carry1st-becomes-the-first-investment-to-come-out-of-the-sony-innovation-fund-in-africa?utm_source=AfroTech+Daily&amp;utm_campaign=5e3459f38c-EMAIL_CAMPAIGN_2023_10_26_07_35_COPY_01&amp;utm_medium=email&amp;utm_term=0_-84d8c88b69-[LIST_EMAIL_ID] Surpreenda-se semanalmente com Not\u00edcias Africanas em Conex\u00f5es Brasil e \u00c1fricas. Publicadas em www.africaatual.com.br. Adquira o Atlas Geocultural da \u00c1frica e amplie o leque de suas informa\u00e7\u00f5es.\u00a0 \u00a0 Voc\u00ea deseja subs\u00eddios para atividades em sala de aula?\u00a0 Fa\u00e7a um dos cursos propostos no https:\/\/africaatual.com.br\/index.php\/cursos-e-palestras\/\" \/>\n<meta property=\"og:url\" content=\"https:\/\/africaatual.com.br\/index.php\/2024\/03\/07\/noticias-africanas-7\/\" \/>\n<meta property=\"og:site_name\" content=\"africaatual.com.br\" \/>\n<meta property=\"article:published_time\" content=\"2024-03-07T19:14:58+00:00\" \/>\n<meta property=\"article:modified_time\" content=\"2024-03-07T19:24:51+00:00\" \/>\n<meta property=\"og:image\" content=\"http:\/\/africaatual.com.br\/wp-content\/uploads\/2024\/03\/Noticias-de-Africa-7.jpg\" \/>\n\t<meta property=\"og:image:width\" content=\"1080\" \/>\n\t<meta property=\"og:image:height\" content=\"1080\" \/>\n\t<meta property=\"og:image:type\" content=\"image\/jpeg\" \/>\n<meta name=\"author\" content=\"africaatual\" \/>\n<meta name=\"twitter:card\" content=\"summary_large_image\" \/>\n<meta name=\"twitter:label1\" content=\"Escrito por\" \/>\n\t<meta name=\"twitter:data1\" content=\"africaatual\" \/>\n\t<meta name=\"twitter:label2\" content=\"Est. tempo de leitura\" \/>\n\t<meta name=\"twitter:data2\" content=\"4 minutos\" \/>\n<script type=\"application\/ld+json\" class=\"yoast-schema-graph\">{\"@context\":\"https:\\\/\\\/schema.org\",\"@graph\":[{\"@type\":\"Article\",\"@id\":\"https:\\\/\\\/africaatual.com.br\\\/index.php\\\/2024\\\/03\\\/07\\\/noticias-africanas-7\\\/#article\",\"isPartOf\":{\"@id\":\"https:\\\/\\\/africaatual.com.br\\\/index.php\\\/2024\\\/03\\\/07\\\/noticias-africanas-7\\\/\"},\"author\":{\"name\":\"africaatual\",\"@id\":\"https:\\\/\\\/africaatual.com.br\\\/#\\\/schema\\\/person\\\/31315b203b16bec551dcad6d14ff6b17\"},\"headline\":\"Not\u00edcias Africanas #7\",\"datePublished\":\"2024-03-07T19:14:58+00:00\",\"dateModified\":\"2024-03-07T19:24:51+00:00\",\"mainEntityOfPage\":{\"@id\":\"https:\\\/\\\/africaatual.com.br\\\/index.php\\\/2024\\\/03\\\/07\\\/noticias-africanas-7\\\/\"},\"wordCount\":717,\"commentCount\":0,\"publisher\":{\"@id\":\"https:\\\/\\\/africaatual.com.br\\\/#organization\"},\"image\":{\"@id\":\"https:\\\/\\\/africaatual.com.br\\\/index.php\\\/2024\\\/03\\\/07\\\/noticias-africanas-7\\\/#primaryimage\"},\"thumbnailUrl\":\"https:\\\/\\\/africaatual.com.br\\\/wp-content\\\/uploads\\\/2024\\\/03\\\/Noticias-de-Africa-7.jpg\",\"articleSection\":[\"A Africa\",\"Blog\",\"Not\u00edcias\"],\"inLanguage\":\"pt-BR\",\"potentialAction\":[{\"@type\":\"CommentAction\",\"name\":\"Comment\",\"target\":[\"https:\\\/\\\/africaatual.com.br\\\/index.php\\\/2024\\\/03\\\/07\\\/noticias-africanas-7\\\/#respond\"]}]},{\"@type\":\"WebPage\",\"@id\":\"https:\\\/\\\/africaatual.com.br\\\/index.php\\\/2024\\\/03\\\/07\\\/noticias-africanas-7\\\/\",\"url\":\"https:\\\/\\\/africaatual.com.br\\\/index.php\\\/2024\\\/03\\\/07\\\/noticias-africanas-7\\\/\",\"name\":\"Not\u00edcias Africanas #7 - africaatual.com.br\",\"isPartOf\":{\"@id\":\"https:\\\/\\\/africaatual.com.br\\\/#website\"},\"primaryImageOfPage\":{\"@id\":\"https:\\\/\\\/africaatual.com.br\\\/index.php\\\/2024\\\/03\\\/07\\\/noticias-africanas-7\\\/#primaryimage\"},\"image\":{\"@id\":\"https:\\\/\\\/africaatual.com.br\\\/index.php\\\/2024\\\/03\\\/07\\\/noticias-africanas-7\\\/#primaryimage\"},\"thumbnailUrl\":\"https:\\\/\\\/africaatual.com.br\\\/wp-content\\\/uploads\\\/2024\\\/03\\\/Noticias-de-Africa-7.jpg\",\"datePublished\":\"2024-03-07T19:14:58+00:00\",\"dateModified\":\"2024-03-07T19:24:51+00:00\",\"breadcrumb\":{\"@id\":\"https:\\\/\\\/africaatual.com.br\\\/index.php\\\/2024\\\/03\\\/07\\\/noticias-africanas-7\\\/#breadcrumb\"},\"inLanguage\":\"pt-BR\",\"potentialAction\":[{\"@type\":\"ReadAction\",\"target\":[\"https:\\\/\\\/africaatual.com.br\\\/index.php\\\/2024\\\/03\\\/07\\\/noticias-africanas-7\\\/\"]}]},{\"@type\":\"ImageObject\",\"inLanguage\":\"pt-BR\",\"@id\":\"https:\\\/\\\/africaatual.com.br\\\/index.php\\\/2024\\\/03\\\/07\\\/noticias-africanas-7\\\/#primaryimage\",\"url\":\"https:\\\/\\\/africaatual.com.br\\\/wp-content\\\/uploads\\\/2024\\\/03\\\/Noticias-de-Africa-7.jpg\",\"contentUrl\":\"https:\\\/\\\/africaatual.com.br\\\/wp-content\\\/uploads\\\/2024\\\/03\\\/Noticias-de-Africa-7.jpg\",\"width\":1080,\"height\":1080},{\"@type\":\"BreadcrumbList\",\"@id\":\"https:\\\/\\\/africaatual.com.br\\\/index.php\\\/2024\\\/03\\\/07\\\/noticias-africanas-7\\\/#breadcrumb\",\"itemListElement\":[{\"@type\":\"ListItem\",\"position\":1,\"name\":\"In\u00edcio\",\"item\":\"https:\\\/\\\/africaatual.com.br\\\/\"},{\"@type\":\"ListItem\",\"position\":2,\"name\":\"Not\u00edcias Africanas #7\"}]},{\"@type\":\"WebSite\",\"@id\":\"https:\\\/\\\/africaatual.com.br\\\/#website\",\"url\":\"https:\\\/\\\/africaatual.com.br\\\/\",\"name\":\"africaatual.com.br\",\"description\":\"O Atlas Geocultural da \u00c1frica \u00e9 um rico material de leitura e pesquisa, que visa apresentar de forma atual os pa\u00edses africanos, ainda t\u00e3o pouco conhecidos.\",\"publisher\":{\"@id\":\"https:\\\/\\\/africaatual.com.br\\\/#organization\"},\"potentialAction\":[{\"@type\":\"SearchAction\",\"target\":{\"@type\":\"EntryPoint\",\"urlTemplate\":\"https:\\\/\\\/africaatual.com.br\\\/?s={search_term_string}\"},\"query-input\":{\"@type\":\"PropertyValueSpecification\",\"valueRequired\":true,\"valueName\":\"search_term_string\"}}],\"inLanguage\":\"pt-BR\"},{\"@type\":\"Organization\",\"@id\":\"https:\\\/\\\/africaatual.com.br\\\/#organization\",\"name\":\"africaatual.com.br\",\"url\":\"https:\\\/\\\/africaatual.com.br\\\/\",\"logo\":{\"@type\":\"ImageObject\",\"inLanguage\":\"pt-BR\",\"@id\":\"https:\\\/\\\/africaatual.com.br\\\/#\\\/schema\\\/logo\\\/image\\\/\",\"url\":\"http:\\\/\\\/africaatual.com.br\\\/wp-content\\\/uploads\\\/2023\\\/06\\\/LOGOEIROS_Prancheta-1-tipo-preto.png\",\"contentUrl\":\"http:\\\/\\\/africaatual.com.br\\\/wp-content\\\/uploads\\\/2023\\\/06\\\/LOGOEIROS_Prancheta-1-tipo-preto.png\",\"width\":1667,\"height\":730,\"caption\":\"africaatual.com.br\"},\"image\":{\"@id\":\"https:\\\/\\\/africaatual.com.br\\\/#\\\/schema\\\/logo\\\/image\\\/\"}},{\"@type\":\"Person\",\"@id\":\"https:\\\/\\\/africaatual.com.br\\\/#\\\/schema\\\/person\\\/31315b203b16bec551dcad6d14ff6b17\",\"name\":\"africaatual\",\"image\":{\"@type\":\"ImageObject\",\"inLanguage\":\"pt-BR\",\"@id\":\"https:\\\/\\\/secure.gravatar.com\\\/avatar\\\/62aeeba3c7bd20a0a9ee0e00da31fba130446f5c08871cd9335ec9bce29b9030?s=96&d=mm&r=g\",\"url\":\"https:\\\/\\\/secure.gravatar.com\\\/avatar\\\/62aeeba3c7bd20a0a9ee0e00da31fba130446f5c08871cd9335ec9bce29b9030?s=96&d=mm&r=g\",\"contentUrl\":\"https:\\\/\\\/secure.gravatar.com\\\/avatar\\\/62aeeba3c7bd20a0a9ee0e00da31fba130446f5c08871cd9335ec9bce29b9030?s=96&d=mm&r=g\",\"caption\":\"africaatual\"},\"sameAs\":[\"http:\\\/\\\/africaatual.com.br\"],\"url\":\"https:\\\/\\\/africaatual.com.br\\\/index.php\\\/author\\\/atlasgeoculturalafricaatual-com\\\/\"}]}<\/script>\n<!-- \/ Yoast SEO plugin. -->","yoast_head_json":{"title":"Not\u00edcias Africanas #7 - africaatual.com.br","robots":{"index":"index","follow":"follow","max-snippet":"max-snippet:-1","max-image-preview":"max-image-preview:large","max-video-preview":"max-video-preview:-1"},"canonical":"https:\/\/africaatual.com.br\/index.php\/2024\/03\/07\/noticias-africanas-7\/","og_locale":"pt_BR","og_type":"article","og_title":"Not\u00edcias Africanas #7 - africaatual.com.br","og_description":"Not\u00edcias Africanas Conex\u00f5es Brasil e \u00c1fricas N\u00famero 7 &#8211; Mar\u00e7o\/2024 Not\u00edcias Africanas Conex\u00f5es Brasil e \u00c1fricas N\u00famero 7 &#8211; Mar\u00e7o\/2024 Not\u00edcias Africanas Conex\u00f5es Brasil e \u00c1fricas N\u00famero 7 &#8211; Mar\u00e7o\/2024 \u200b Not\u00edcias Africanas Conex\u00f5es Brasil e \u00c1fricas N\u00famero 7 &#8211; Mar\u00e7o\/2024 Este boletim de not\u00edcias se insere no contexto do Projeto \u00c1frica Atual. Sua postagem ser\u00e1 semanal, \u00e0s quintas-feiras, no site www.africaatual.com.br. Outros espa\u00e7os de informa\u00e7\u00e3o: \u00c1frica Atual TV no Youtube, www.editoraeiros.com.br e m\u00eddias digitais coligadas. O prop\u00f3sito do boletim est\u00e1 em facilitar a sua pesquisa por informa\u00e7\u00f5es inovadoras sobre os pa\u00edses africanos.\u00a0\u00a0 Alertamos que n\u00e3o somos uma ag\u00eancia de not\u00edcias. Nosso prop\u00f3sito se adequa ao selecionar uma breve colet\u00e2nea de informa\u00e7\u00f5es inovadoras, por vezes n\u00e3o publicadas em m\u00eddias brasileiras, apresentando a voc\u00ea os links das fontes de informa\u00e7\u00e3o, aproximando os leitores brasileiros de fontes africanas, facilitando pesquisas, subs\u00eddios \u00e0s suas atividades e iniciativas escolares.\u00a0\u00a0 Destaques da Semana Que tipo de influ\u00eancia pode a \u00c1frica exercer no G20? Foto: reprodu\u00e7\u00e3o do site issafrica.org\/ \u00a0\u201cA recente inclus\u00e3o da Uni\u00e3o Africana (UA) no G20 levantou quest\u00f5es sobre a sua disponibilidade para representar os interesses de \u00c1frica e influenciar a pol\u00edtica global em mat\u00e9ria de altera\u00e7\u00f5es clim\u00e1ticas, energia e reforma de organismos multilaterais. Embora haja acordo sobre a necessidade de uma voz africana robusta na governa\u00e7\u00e3o econ\u00f3mica e pol\u00edtica global, os especialistas questionam a capacidade da UA de chegar a\u00a0um consenso\u00a0sobre as prioridades do continente, dadas as\u00a0divis\u00f5es\u00a0entre os seus Estados-membros. Quem dever\u00e1 representar \u00c1frica no G20?\u00a0Os membros da UA cederiam poder \u00e0 Comiss\u00e3o da UA para agir em seu nome?\u00a0Poderiam os pa\u00edses africanos apresentar posi\u00e7\u00f5es unificadas no f\u00f3rum?\u00a0E que tipo de influ\u00eancia a UA pode exercer a\u00ed?\u201d Fonte. Veja informa\u00e7\u00f5es adicionais na mat\u00e9ria (link) da Uni\u00e3o Africana:\u00a0 https:\/\/issafrica.org\/iss-today\/what-kind-of-influence-can-africa-wield-at-the-g20 Brasil lidera movimento global para diminuir d\u00edvidas de pa\u00edses africanos \u201cO Brasil est\u00e1 liderando uma iniciativa global para impulsionar o desenvolvimento econ\u00f4mico dos pa\u00edses mais pobres da \u00c1frica, por meio do que est\u00e1 sendo chamado de \u2018troca de d\u00edvida\u2019 (debt swap). Essa abordagem visa oferecer linhas de cr\u00e9dito sem sufocar as economias africanas com altos juros e condi\u00e7\u00f5es desfavor\u00e1veis impostas por institui\u00e7\u00f5es financeiras tradicionais, e at\u00e9 mesmo perdoar valores de d\u00edvidas dos pa\u00edses com baixo \u00cdndice de Desenvolvimento Humano (IDH). A proposta brasileira, que deve ser lan\u00e7ada em julho, baseia-se na troca de d\u00edvidas por investimentos em programas sociais espec\u00edficos. Os pa\u00edses africanos teriam acesso aos recursos desde que se comprometam a implementar um ou dois projetos sociais reconhecidos internacionalmente, listados na Alian\u00e7a Global contra a Fome. Esta alian\u00e7a est\u00e1 sendo montada pela presid\u00eancia brasileira do G20, um dos tr\u00eas pilares estrat\u00e9gicos do pa\u00eds\u201d. Fonte, veja as informa\u00e7\u00f5es adicionais em:\u00a0 https:\/\/midianinja.org\/news\/brasil-lidera-movimento-global-para-diminuir-dividas-de-paises-africanos\/ A editora de jogos e plataforma de com\u00e9rcio digital Carry1st se torna o primeiro investimento a sair do Fundo de Inova\u00e7\u00e3o da Sony na \u00c1frica. A Sony est\u00e1 a apostar alto na ind\u00fastria africana de videojogos. De acordo com um comunicado de imprensa, a Carry1st \u2013 uma editora africana de jogos e plataforma de com\u00e9rcio digital criada em 2018 por Cordel Robbin-Coker, Lucy Hoffman e Tinotenda Mundangepfupfu \u2013 obteve um compromisso financeiro do Sony Innovation Fund, o bra\u00e7o de capital de risco do Grupo Sony. Corpora\u00e7\u00e3o. Obtenha informa\u00e7\u00f5es adicionais no link. Fonte:\u00a0 https:\/\/afrotech.com\/game-publisher-and-digital-commerce-platform-carry1st-becomes-the-first-investment-to-come-out-of-the-sony-innovation-fund-in-africa?utm_source=AfroTech+Daily&amp;utm_campaign=5e3459f38c-EMAIL_CAMPAIGN_2023_10_26_07_35_COPY_01&amp;utm_medium=email&amp;utm_term=0_-84d8c88b69-[LIST_EMAIL_ID] Surpreenda-se semanalmente com Not\u00edcias Africanas em Conex\u00f5es Brasil e \u00c1fricas. Publicadas em www.africaatual.com.br. Adquira o Atlas Geocultural da \u00c1frica e amplie o leque de suas informa\u00e7\u00f5es.\u00a0 \u00a0 Voc\u00ea deseja subs\u00eddios para atividades em sala de aula?\u00a0 Fa\u00e7a um dos cursos propostos no https:\/\/africaatual.com.br\/index.php\/cursos-e-palestras\/","og_url":"https:\/\/africaatual.com.br\/index.php\/2024\/03\/07\/noticias-africanas-7\/","og_site_name":"africaatual.com.br","article_published_time":"2024-03-07T19:14:58+00:00","article_modified_time":"2024-03-07T19:24:51+00:00","og_image":[{"width":1080,"height":1080,"url":"http:\/\/africaatual.com.br\/wp-content\/uploads\/2024\/03\/Noticias-de-Africa-7.jpg","type":"image\/jpeg"}],"author":"africaatual","twitter_card":"summary_large_image","twitter_misc":{"Escrito por":"africaatual","Est. tempo de leitura":"4 minutos"},"schema":{"@context":"https:\/\/schema.org","@graph":[{"@type":"Article","@id":"https:\/\/africaatual.com.br\/index.php\/2024\/03\/07\/noticias-africanas-7\/#article","isPartOf":{"@id":"https:\/\/africaatual.com.br\/index.php\/2024\/03\/07\/noticias-africanas-7\/"},"author":{"name":"africaatual","@id":"https:\/\/africaatual.com.br\/#\/schema\/person\/31315b203b16bec551dcad6d14ff6b17"},"headline":"Not\u00edcias Africanas #7","datePublished":"2024-03-07T19:14:58+00:00","dateModified":"2024-03-07T19:24:51+00:00","mainEntityOfPage":{"@id":"https:\/\/africaatual.com.br\/index.php\/2024\/03\/07\/noticias-africanas-7\/"},"wordCount":717,"commentCount":0,"publisher":{"@id":"https:\/\/africaatual.com.br\/#organization"},"image":{"@id":"https:\/\/africaatual.com.br\/index.php\/2024\/03\/07\/noticias-africanas-7\/#primaryimage"},"thumbnailUrl":"https:\/\/africaatual.com.br\/wp-content\/uploads\/2024\/03\/Noticias-de-Africa-7.jpg","articleSection":["A Africa","Blog","Not\u00edcias"],"inLanguage":"pt-BR","potentialAction":[{"@type":"CommentAction","name":"Comment","target":["https:\/\/africaatual.com.br\/index.php\/2024\/03\/07\/noticias-africanas-7\/#respond"]}]},{"@type":"WebPage","@id":"https:\/\/africaatual.com.br\/index.php\/2024\/03\/07\/noticias-africanas-7\/","url":"https:\/\/africaatual.com.br\/index.php\/2024\/03\/07\/noticias-africanas-7\/","name":"Not\u00edcias Africanas #7 - africaatual.com.br","isPartOf":{"@id":"https:\/\/africaatual.com.br\/#website"},"primaryImageOfPage":{"@id":"https:\/\/africaatual.com.br\/index.php\/2024\/03\/07\/noticias-africanas-7\/#primaryimage"},"image":{"@id":"https:\/\/africaatual.com.br\/index.php\/2024\/03\/07\/noticias-africanas-7\/#primaryimage"},"thumbnailUrl":"https:\/\/africaatual.com.br\/wp-content\/uploads\/2024\/03\/Noticias-de-Africa-7.jpg","datePublished":"2024-03-07T19:14:58+00:00","dateModified":"2024-03-07T19:24:51+00:00","breadcrumb":{"@id":"https:\/\/africaatual.com.br\/index.php\/2024\/03\/07\/noticias-africanas-7\/#breadcrumb"},"inLanguage":"pt-BR","potentialAction":[{"@type":"ReadAction","target":["https:\/\/africaatual.com.br\/index.php\/2024\/03\/07\/noticias-africanas-7\/"]}]},{"@type":"ImageObject","inLanguage":"pt-BR","@id":"https:\/\/africaatual.com.br\/index.php\/2024\/03\/07\/noticias-africanas-7\/#primaryimage","url":"https:\/\/africaatual.com.br\/wp-content\/uploads\/2024\/03\/Noticias-de-Africa-7.jpg","contentUrl":"https:\/\/africaatual.com.br\/wp-content\/uploads\/2024\/03\/Noticias-de-Africa-7.jpg","width":1080,"height":1080},{"@type":"BreadcrumbList","@id":"https:\/\/africaatual.com.br\/index.php\/2024\/03\/07\/noticias-africanas-7\/#breadcrumb","itemListElement":[{"@type":"ListItem","position":1,"name":"In\u00edcio","item":"https:\/\/africaatual.com.br\/"},{"@type":"ListItem","position":2,"name":"Not\u00edcias Africanas #7"}]},{"@type":"WebSite","@id":"https:\/\/africaatual.com.br\/#website","url":"https:\/\/africaatual.com.br\/","name":"africaatual.com.br","description":"O Atlas Geocultural da \u00c1frica \u00e9 um rico material de leitura e pesquisa, que visa apresentar de forma atual os pa\u00edses africanos, ainda t\u00e3o pouco conhecidos.","publisher":{"@id":"https:\/\/africaatual.com.br\/#organization"},"potentialAction":[{"@type":"SearchAction","target":{"@type":"EntryPoint","urlTemplate":"https:\/\/africaatual.com.br\/?s={search_term_string}"},"query-input":{"@type":"PropertyValueSpecification","valueRequired":true,"valueName":"search_term_string"}}],"inLanguage":"pt-BR"},{"@type":"Organization","@id":"https:\/\/africaatual.com.br\/#organization","name":"africaatual.com.br","url":"https:\/\/africaatual.com.br\/","logo":{"@type":"ImageObject","inLanguage":"pt-BR","@id":"https:\/\/africaatual.com.br\/#\/schema\/logo\/image\/","url":"http:\/\/africaatual.com.br\/wp-content\/uploads\/2023\/06\/LOGOEIROS_Prancheta-1-tipo-preto.png","contentUrl":"http:\/\/africaatual.com.br\/wp-content\/uploads\/2023\/06\/LOGOEIROS_Prancheta-1-tipo-preto.png","width":1667,"height":730,"caption":"africaatual.com.br"},"image":{"@id":"https:\/\/africaatual.com.br\/#\/schema\/logo\/image\/"}},{"@type":"Person","@id":"https:\/\/africaatual.com.br\/#\/schema\/person\/31315b203b16bec551dcad6d14ff6b17","name":"africaatual","image":{"@type":"ImageObject","inLanguage":"pt-BR","@id":"https:\/\/secure.gravatar.com\/avatar\/62aeeba3c7bd20a0a9ee0e00da31fba130446f5c08871cd9335ec9bce29b9030?s=96&d=mm&r=g","url":"https:\/\/secure.gravatar.com\/avatar\/62aeeba3c7bd20a0a9ee0e00da31fba130446f5c08871cd9335ec9bce29b9030?s=96&d=mm&r=g","contentUrl":"https:\/\/secure.gravatar.com\/avatar\/62aeeba3c7bd20a0a9ee0e00da31fba130446f5c08871cd9335ec9bce29b9030?s=96&d=mm&r=g","caption":"africaatual"},"sameAs":["http:\/\/africaatual.com.br"],"url":"https:\/\/africaatual.com.br\/index.php\/author\/atlasgeoculturalafricaatual-com\/"}]}},"_links":{"self":[{"href":"https:\/\/africaatual.com.br\/index.php\/wp-json\/wp\/v2\/posts\/10601","targetHints":{"allow":["GET"]}}],"collection":[{"href":"https:\/\/africaatual.com.br\/index.php\/wp-json\/wp\/v2\/posts"}],"about":[{"href":"https:\/\/africaatual.com.br\/index.php\/wp-json\/wp\/v2\/types\/post"}],"author":[{"embeddable":true,"href":"https:\/\/africaatual.com.br\/index.php\/wp-json\/wp\/v2\/users\/1"}],"replies":[{"embeddable":true,"href":"https:\/\/africaatual.com.br\/index.php\/wp-json\/wp\/v2\/comments?post=10601"}],"version-history":[{"count":23,"href":"https:\/\/africaatual.com.br\/index.php\/wp-json\/wp\/v2\/posts\/10601\/revisions"}],"predecessor-version":[{"id":10630,"href":"https:\/\/africaatual.com.br\/index.php\/wp-json\/wp\/v2\/posts\/10601\/revisions\/10630"}],"wp:featuredmedia":[{"embeddable":true,"href":"https:\/\/africaatual.com.br\/index.php\/wp-json\/wp\/v2\/media\/10603"}],"wp:attachment":[{"href":"https:\/\/africaatual.com.br\/index.php\/wp-json\/wp\/v2\/media?parent=10601"}],"wp:term":[{"taxonomy":"category","embeddable":true,"href":"https:\/\/africaatual.com.br\/index.php\/wp-json\/wp\/v2\/categories?post=10601"},{"taxonomy":"post_tag","embeddable":true,"href":"https:\/\/africaatual.com.br\/index.php\/wp-json\/wp\/v2\/tags?post=10601"},{"taxonomy":"palavra-chave","embeddable":true,"href":"https:\/\/africaatual.com.br\/index.php\/wp-json\/wp\/v2\/palavra-chave?post=10601"}],"curies":[{"name":"wp","href":"https:\/\/api.w.org\/{rel}","templated":true}]}}