
{"id":11966,"date":"2024-09-18T15:28:06","date_gmt":"2024-09-18T18:28:06","guid":{"rendered":"https:\/\/africaatual.com.br\/?p=11966"},"modified":"2024-09-18T15:30:38","modified_gmt":"2024-09-18T18:30:38","slug":"seminario-favelismo-e-seus-valores-justica-racial-ambiental-e-novas-politicas-publicas","status":"publish","type":"post","link":"https:\/\/africaatual.com.br\/index.php\/2024\/09\/18\/seminario-favelismo-e-seus-valores-justica-racial-ambiental-e-novas-politicas-publicas\/","title":{"rendered":"Semin\u00e1rio: Favelismo e Seus Valores &#8211; Justi\u00e7a Racial, Ambiental e Novas Pol\u00edticas P\u00fablicas"},"content":{"rendered":"\n<p>No dia <strong>19 de setembro de 2024<\/strong>, \u00e0s <strong>15h<\/strong>, ser\u00e1 realizado o semin\u00e1rio <strong>&#8220;Favelismo e Seus Valores: Justi\u00e7a Racial, Ambiental e a Emerg\u00eancia de Novas Pol\u00edticas P\u00fablicas&#8221;<\/strong>, na <strong>Sala de TV Zumbi<\/strong>, com transmiss\u00e3o ao vivo pelo YouTube. O evento contar\u00e1 com a participa\u00e7\u00e3o de:<\/p>\n\n\n\n<ul class=\"wp-block-list\">\n<li><strong>Geraldo Coelho<\/strong>, Vice-presidente da Frente Nacional Antirracista.<\/li>\n\n\n\n<li><strong>Prof. Dr. Claudio Marques da Silva<\/strong>, Coordenador do CEPRACIAL da Universidade Zumbi dos Palmares.<\/li>\n<\/ul>\n\n\n\n<p>O semin\u00e1rio abordar\u00e1 como as quest\u00f5es de justi\u00e7a racial e ambiental se conectam \u00e0s lutas por reconhecimento e por pol\u00edticas p\u00fablicas que garantam os direitos das popula\u00e7\u00f5es das favelas e periferias. Participe deste importante debate!<\/p>\n\n\n\n<p><strong>Data<\/strong>: 19 de setembro de 2024<br><strong>Hor\u00e1rio<\/strong>: 15h<br><strong>Local<\/strong>: Sala de TV Zumbi<br><strong>Transmiss\u00e3o<\/strong>: <a href=\"https:\/\/youtube.com\/live\/-f-UGX9yy-E?feature=share\">YouTube<\/a><\/p>\n\n\n\n<figure class=\"wp-block-embed is-type-video is-provider-youtube wp-block-embed-youtube wp-embed-aspect-16-9 wp-has-aspect-ratio\"><div class=\"wp-block-embed__wrapper\">\n<p class=\"responsive-video-wrap clr\"><iframe title=\"Favelismo e seus valores: Justi\u00e7a racial, ambiental e a emerg\u00eancia de novas pol\u00edticas\u00a0p\u00fablicas.\" width=\"1200\" height=\"675\" src=\"https:\/\/www.youtube.com\/embed\/-f-UGX9yy-E?feature=oembed\" frameborder=\"0\" allow=\"accelerometer; autoplay; clipboard-write; encrypted-media; gyroscope; picture-in-picture; web-share\" referrerpolicy=\"strict-origin-when-cross-origin\" allowfullscreen><\/iframe><\/p>\n<\/div><\/figure>\n","protected":false},"excerpt":{"rendered":"<p>No dia 19 de setembro de 2024, \u00e0s 15h, ser\u00e1 realizado o semin\u00e1rio &#8220;Favelismo e Seus Valores: Justi\u00e7a Racial, Ambiental e a Emerg\u00eancia de Novas Pol\u00edticas P\u00fablicas&#8221;, na Sala de TV Zumbi, com transmiss\u00e3o ao vivo pelo YouTube. O evento contar\u00e1 com a participa\u00e7\u00e3o de: O semin\u00e1rio abordar\u00e1 como as quest\u00f5es de justi\u00e7a racial e ambiental se conectam \u00e0s lutas por reconhecimento e por pol\u00edticas p\u00fablicas que garantam os direitos das popula\u00e7\u00f5es das favelas e periferias. Participe deste importante debate! Data: 19 de setembro de 2024Hor\u00e1rio: 15hLocal: Sala de TV ZumbiTransmiss\u00e3o: YouTube<\/p>\n","protected":false},"author":2,"featured_media":11968,"comment_status":"open","ping_status":"open","sticky":false,"template":"","format":"standard","meta":{"inline_featured_image":false,"ocean_post_layout":"","ocean_both_sidebars_style":"","ocean_both_sidebars_content_width":0,"ocean_both_sidebars_sidebars_width":0,"ocean_sidebar":"","ocean_second_sidebar":"","ocean_disable_margins":"enable","ocean_add_body_class":"","ocean_shortcode_before_top_bar":"","ocean_shortcode_after_top_bar":"","ocean_shortcode_before_header":"","ocean_shortcode_after_header":"","ocean_has_shortcode":"","ocean_shortcode_after_title":"","ocean_shortcode_before_footer_widgets":"","ocean_shortcode_after_footer_widgets":"","ocean_shortcode_before_footer_bottom":"","ocean_shortcode_after_footer_bottom":"","ocean_display_top_bar":"default","ocean_display_header":"default","ocean_header_style":"","ocean_center_header_left_menu":"","ocean_custom_header_template":"","ocean_custom_logo":0,"ocean_custom_retina_logo":0,"ocean_custom_logo_max_width":0,"ocean_custom_logo_tablet_max_width":0,"ocean_custom_logo_mobile_max_width":0,"ocean_custom_logo_max_height":0,"ocean_custom_logo_tablet_max_height":0,"ocean_custom_logo_mobile_max_height":0,"ocean_header_custom_menu":"","ocean_menu_typo_font_family":"","ocean_menu_typo_font_subset":"","ocean_menu_typo_font_size":0,"ocean_menu_typo_font_size_tablet":0,"ocean_menu_typo_font_size_mobile":0,"ocean_menu_typo_font_size_unit":"px","ocean_menu_typo_font_weight":"","ocean_menu_typo_font_weight_tablet":"","ocean_menu_typo_font_weight_mobile":"","ocean_menu_typo_transform":"","ocean_menu_typo_transform_tablet":"","ocean_menu_typo_transform_mobile":"","ocean_menu_typo_line_height":0,"ocean_menu_typo_line_height_tablet":0,"ocean_menu_typo_line_height_mobile":0,"ocean_menu_typo_line_height_unit":"","ocean_menu_typo_spacing":0,"ocean_menu_typo_spacing_tablet":0,"ocean_menu_typo_spacing_mobile":0,"ocean_menu_typo_spacing_unit":"","ocean_menu_link_color":"","ocean_menu_link_color_hover":"","ocean_menu_link_color_active":"","ocean_menu_link_background":"","ocean_menu_link_hover_background":"","ocean_menu_link_active_background":"","ocean_menu_social_links_bg":"","ocean_menu_social_hover_links_bg":"","ocean_menu_social_links_color":"","ocean_menu_social_hover_links_color":"","ocean_disable_title":"default","ocean_disable_heading":"default","ocean_post_title":"","ocean_post_subheading":"","ocean_post_title_style":"","ocean_post_title_background_color":"","ocean_post_title_background":0,"ocean_post_title_bg_image_position":"","ocean_post_title_bg_image_attachment":"","ocean_post_title_bg_image_repeat":"","ocean_post_title_bg_image_size":"","ocean_post_title_height":0,"ocean_post_title_bg_overlay":0.5,"ocean_post_title_bg_overlay_color":"","ocean_disable_breadcrumbs":"default","ocean_breadcrumbs_color":"","ocean_breadcrumbs_separator_color":"","ocean_breadcrumbs_links_color":"","ocean_breadcrumbs_links_hover_color":"","ocean_display_footer_widgets":"default","ocean_display_footer_bottom":"default","ocean_custom_footer_template":"","omw_enable_modal_window":"enable","ocean_post_oembed":"","ocean_post_self_hosted_media":"","ocean_post_video_embed":"","ocean_link_format":"","ocean_link_format_target":"self","ocean_quote_format":"","ocean_quote_format_link":"post","ocean_gallery_link_images":"on","ocean_gallery_id":[],"footnotes":""},"categories":[1,13,30,11],"tags":[],"palavra-chave":[],"class_list":["post-11966","post","type-post","status-publish","format-standard","has-post-thumbnail","hentry","category-blog","category-eventos","category-filosofia","category-live","entry","has-media"],"yoast_head":"<!-- This site is optimized with the Yoast SEO plugin v27.3 - https:\/\/yoast.com\/product\/yoast-seo-wordpress\/ -->\n<title>Semin\u00e1rio: Favelismo e Seus Valores - Justi\u00e7a Racial, Ambiental e Novas Pol\u00edticas P\u00fablicas - africaatual.com.br<\/title>\n<meta name=\"robots\" content=\"index, follow, max-snippet:-1, max-image-preview:large, max-video-preview:-1\" \/>\n<link rel=\"canonical\" href=\"https:\/\/africaatual.com.br\/index.php\/2024\/09\/18\/seminario-favelismo-e-seus-valores-justica-racial-ambiental-e-novas-politicas-publicas\/\" \/>\n<meta property=\"og:locale\" content=\"pt_BR\" \/>\n<meta property=\"og:type\" content=\"article\" \/>\n<meta property=\"og:title\" content=\"Semin\u00e1rio: Favelismo e Seus Valores - Justi\u00e7a Racial, Ambiental e Novas Pol\u00edticas P\u00fablicas - africaatual.com.br\" \/>\n<meta property=\"og:description\" content=\"No dia 19 de setembro de 2024, \u00e0s 15h, ser\u00e1 realizado o semin\u00e1rio &#8220;Favelismo e Seus Valores: Justi\u00e7a Racial, Ambiental e a Emerg\u00eancia de Novas Pol\u00edticas P\u00fablicas&#8221;, na Sala de TV Zumbi, com transmiss\u00e3o ao vivo pelo YouTube. O evento contar\u00e1 com a participa\u00e7\u00e3o de: O semin\u00e1rio abordar\u00e1 como as quest\u00f5es de justi\u00e7a racial e ambiental se conectam \u00e0s lutas por reconhecimento e por pol\u00edticas p\u00fablicas que garantam os direitos das popula\u00e7\u00f5es das favelas e periferias. Participe deste importante debate! Data: 19 de setembro de 2024Hor\u00e1rio: 15hLocal: Sala de TV ZumbiTransmiss\u00e3o: YouTube\" \/>\n<meta property=\"og:url\" content=\"https:\/\/africaatual.com.br\/index.php\/2024\/09\/18\/seminario-favelismo-e-seus-valores-justica-racial-ambiental-e-novas-politicas-publicas\/\" \/>\n<meta property=\"og:site_name\" content=\"africaatual.com.br\" \/>\n<meta property=\"article:published_time\" content=\"2024-09-18T18:28:06+00:00\" \/>\n<meta property=\"article:modified_time\" content=\"2024-09-18T18:30:38+00:00\" \/>\n<meta property=\"og:image\" content=\"http:\/\/africaatual.com.br\/wp-content\/uploads\/2024\/09\/WhatsApp-Image-2024-09-18-at-09.38.23-1.jpeg\" \/>\n\t<meta property=\"og:image:width\" content=\"1080\" \/>\n\t<meta property=\"og:image:height\" content=\"1080\" \/>\n\t<meta property=\"og:image:type\" content=\"image\/jpeg\" \/>\n<meta name=\"author\" content=\"Isabel Xavier\" \/>\n<meta name=\"twitter:card\" content=\"summary_large_image\" \/>\n<meta name=\"twitter:label1\" content=\"Escrito por\" \/>\n\t<meta name=\"twitter:data1\" content=\"Isabel Xavier\" \/>\n\t<meta name=\"twitter:label2\" content=\"Est. tempo de leitura\" \/>\n\t<meta name=\"twitter:data2\" content=\"1 minuto\" \/>\n<script type=\"application\/ld+json\" class=\"yoast-schema-graph\">{\"@context\":\"https:\\\/\\\/schema.org\",\"@graph\":[{\"@type\":\"Article\",\"@id\":\"https:\\\/\\\/africaatual.com.br\\\/index.php\\\/2024\\\/09\\\/18\\\/seminario-favelismo-e-seus-valores-justica-racial-ambiental-e-novas-politicas-publicas\\\/#article\",\"isPartOf\":{\"@id\":\"https:\\\/\\\/africaatual.com.br\\\/index.php\\\/2024\\\/09\\\/18\\\/seminario-favelismo-e-seus-valores-justica-racial-ambiental-e-novas-politicas-publicas\\\/\"},\"author\":{\"name\":\"Isabel Xavier\",\"@id\":\"https:\\\/\\\/africaatual.com.br\\\/#\\\/schema\\\/person\\\/275270ccd0d657af28fbd625ba218b9e\"},\"headline\":\"Semin\u00e1rio: Favelismo e Seus Valores &#8211; Justi\u00e7a Racial, Ambiental e Novas Pol\u00edticas P\u00fablicas\",\"datePublished\":\"2024-09-18T18:28:06+00:00\",\"dateModified\":\"2024-09-18T18:30:38+00:00\",\"mainEntityOfPage\":{\"@id\":\"https:\\\/\\\/africaatual.com.br\\\/index.php\\\/2024\\\/09\\\/18\\\/seminario-favelismo-e-seus-valores-justica-racial-ambiental-e-novas-politicas-publicas\\\/\"},\"wordCount\":152,\"commentCount\":0,\"publisher\":{\"@id\":\"https:\\\/\\\/africaatual.com.br\\\/#organization\"},\"image\":{\"@id\":\"https:\\\/\\\/africaatual.com.br\\\/index.php\\\/2024\\\/09\\\/18\\\/seminario-favelismo-e-seus-valores-justica-racial-ambiental-e-novas-politicas-publicas\\\/#primaryimage\"},\"thumbnailUrl\":\"https:\\\/\\\/africaatual.com.br\\\/wp-content\\\/uploads\\\/2024\\\/09\\\/WhatsApp-Image-2024-09-18-at-09.38.23-1.jpeg\",\"articleSection\":[\"Blog\",\"Eventos\",\"Filosofia\",\"Live\"],\"inLanguage\":\"pt-BR\",\"potentialAction\":[{\"@type\":\"CommentAction\",\"name\":\"Comment\",\"target\":[\"https:\\\/\\\/africaatual.com.br\\\/index.php\\\/2024\\\/09\\\/18\\\/seminario-favelismo-e-seus-valores-justica-racial-ambiental-e-novas-politicas-publicas\\\/#respond\"]}]},{\"@type\":\"WebPage\",\"@id\":\"https:\\\/\\\/africaatual.com.br\\\/index.php\\\/2024\\\/09\\\/18\\\/seminario-favelismo-e-seus-valores-justica-racial-ambiental-e-novas-politicas-publicas\\\/\",\"url\":\"https:\\\/\\\/africaatual.com.br\\\/index.php\\\/2024\\\/09\\\/18\\\/seminario-favelismo-e-seus-valores-justica-racial-ambiental-e-novas-politicas-publicas\\\/\",\"name\":\"Semin\u00e1rio: Favelismo e Seus Valores - Justi\u00e7a Racial, Ambiental e Novas Pol\u00edticas P\u00fablicas - africaatual.com.br\",\"isPartOf\":{\"@id\":\"https:\\\/\\\/africaatual.com.br\\\/#website\"},\"primaryImageOfPage\":{\"@id\":\"https:\\\/\\\/africaatual.com.br\\\/index.php\\\/2024\\\/09\\\/18\\\/seminario-favelismo-e-seus-valores-justica-racial-ambiental-e-novas-politicas-publicas\\\/#primaryimage\"},\"image\":{\"@id\":\"https:\\\/\\\/africaatual.com.br\\\/index.php\\\/2024\\\/09\\\/18\\\/seminario-favelismo-e-seus-valores-justica-racial-ambiental-e-novas-politicas-publicas\\\/#primaryimage\"},\"thumbnailUrl\":\"https:\\\/\\\/africaatual.com.br\\\/wp-content\\\/uploads\\\/2024\\\/09\\\/WhatsApp-Image-2024-09-18-at-09.38.23-1.jpeg\",\"datePublished\":\"2024-09-18T18:28:06+00:00\",\"dateModified\":\"2024-09-18T18:30:38+00:00\",\"breadcrumb\":{\"@id\":\"https:\\\/\\\/africaatual.com.br\\\/index.php\\\/2024\\\/09\\\/18\\\/seminario-favelismo-e-seus-valores-justica-racial-ambiental-e-novas-politicas-publicas\\\/#breadcrumb\"},\"inLanguage\":\"pt-BR\",\"potentialAction\":[{\"@type\":\"ReadAction\",\"target\":[\"https:\\\/\\\/africaatual.com.br\\\/index.php\\\/2024\\\/09\\\/18\\\/seminario-favelismo-e-seus-valores-justica-racial-ambiental-e-novas-politicas-publicas\\\/\"]}]},{\"@type\":\"ImageObject\",\"inLanguage\":\"pt-BR\",\"@id\":\"https:\\\/\\\/africaatual.com.br\\\/index.php\\\/2024\\\/09\\\/18\\\/seminario-favelismo-e-seus-valores-justica-racial-ambiental-e-novas-politicas-publicas\\\/#primaryimage\",\"url\":\"https:\\\/\\\/africaatual.com.br\\\/wp-content\\\/uploads\\\/2024\\\/09\\\/WhatsApp-Image-2024-09-18-at-09.38.23-1.jpeg\",\"contentUrl\":\"https:\\\/\\\/africaatual.com.br\\\/wp-content\\\/uploads\\\/2024\\\/09\\\/WhatsApp-Image-2024-09-18-at-09.38.23-1.jpeg\",\"width\":1080,\"height\":1080,\"caption\":\"Imagem de divulga\u00e7\u00e3o do semin\u00e1rio \\\"Favelismo e seus Valores: Justi\u00e7a Racial, Ambiental e a Emerg\u00eancia de Novas Pol\u00edticas P\u00fablicas\\\", com dois palestrantes destacados. \u00c0 esquerda, uma foto de Geraldo Coelho, Vice-presidente da Frente Nacional Antirracista, sorrindo, usando terno cinza claro e camisa azul. \u00c0 direita, uma foto do Prof. Dr. Claudio Marques da Silva, Coordenador do CEPRACIAL da Universidade Zumbi dos Palmares, usando camisa social branca, sentado em frente a um computador. A parte superior da imagem cont\u00e9m o t\u00edtulo do evento em texto branco sobre um fundo azul escuro. Abaixo, h\u00e1 as informa\u00e7\u00f5es do evento: \\\"19 de setembro de 2024, \u00e0s 15h, Sala de TV Zumbi\\\", com \u00edcones de calend\u00e1rio, rel\u00f3gio e localiza\u00e7\u00e3o. Na parte inferior, est\u00e3o os logos da Universidade Zumbi dos Palmares e CEPRACIAL.\"},{\"@type\":\"BreadcrumbList\",\"@id\":\"https:\\\/\\\/africaatual.com.br\\\/index.php\\\/2024\\\/09\\\/18\\\/seminario-favelismo-e-seus-valores-justica-racial-ambiental-e-novas-politicas-publicas\\\/#breadcrumb\",\"itemListElement\":[{\"@type\":\"ListItem\",\"position\":1,\"name\":\"In\u00edcio\",\"item\":\"https:\\\/\\\/africaatual.com.br\\\/\"},{\"@type\":\"ListItem\",\"position\":2,\"name\":\"Semin\u00e1rio: Favelismo e Seus Valores &#8211; Justi\u00e7a Racial, Ambiental e Novas Pol\u00edticas P\u00fablicas\"}]},{\"@type\":\"WebSite\",\"@id\":\"https:\\\/\\\/africaatual.com.br\\\/#website\",\"url\":\"https:\\\/\\\/africaatual.com.br\\\/\",\"name\":\"africaatual.com.br\",\"description\":\"O Atlas Geocultural da \u00c1frica \u00e9 um rico material de leitura e pesquisa, que visa apresentar de forma atual os pa\u00edses africanos, ainda t\u00e3o pouco conhecidos.\",\"publisher\":{\"@id\":\"https:\\\/\\\/africaatual.com.br\\\/#organization\"},\"potentialAction\":[{\"@type\":\"SearchAction\",\"target\":{\"@type\":\"EntryPoint\",\"urlTemplate\":\"https:\\\/\\\/africaatual.com.br\\\/?s={search_term_string}\"},\"query-input\":{\"@type\":\"PropertyValueSpecification\",\"valueRequired\":true,\"valueName\":\"search_term_string\"}}],\"inLanguage\":\"pt-BR\"},{\"@type\":\"Organization\",\"@id\":\"https:\\\/\\\/africaatual.com.br\\\/#organization\",\"name\":\"africaatual.com.br\",\"url\":\"https:\\\/\\\/africaatual.com.br\\\/\",\"logo\":{\"@type\":\"ImageObject\",\"inLanguage\":\"pt-BR\",\"@id\":\"https:\\\/\\\/africaatual.com.br\\\/#\\\/schema\\\/logo\\\/image\\\/\",\"url\":\"http:\\\/\\\/africaatual.com.br\\\/wp-content\\\/uploads\\\/2023\\\/06\\\/LOGOEIROS_Prancheta-1-tipo-preto.png\",\"contentUrl\":\"http:\\\/\\\/africaatual.com.br\\\/wp-content\\\/uploads\\\/2023\\\/06\\\/LOGOEIROS_Prancheta-1-tipo-preto.png\",\"width\":1667,\"height\":730,\"caption\":\"africaatual.com.br\"},\"image\":{\"@id\":\"https:\\\/\\\/africaatual.com.br\\\/#\\\/schema\\\/logo\\\/image\\\/\"}},{\"@type\":\"Person\",\"@id\":\"https:\\\/\\\/africaatual.com.br\\\/#\\\/schema\\\/person\\\/275270ccd0d657af28fbd625ba218b9e\",\"name\":\"Isabel Xavier\",\"image\":{\"@type\":\"ImageObject\",\"inLanguage\":\"pt-BR\",\"@id\":\"https:\\\/\\\/secure.gravatar.com\\\/avatar\\\/a917370c365d1c248cd5fe4fc02ff6a26d8a5ef7f28c3c7e41757c19a93a954b?s=96&d=mm&r=g\",\"url\":\"https:\\\/\\\/secure.gravatar.com\\\/avatar\\\/a917370c365d1c248cd5fe4fc02ff6a26d8a5ef7f28c3c7e41757c19a93a954b?s=96&d=mm&r=g\",\"contentUrl\":\"https:\\\/\\\/secure.gravatar.com\\\/avatar\\\/a917370c365d1c248cd5fe4fc02ff6a26d8a5ef7f28c3c7e41757c19a93a954b?s=96&d=mm&r=g\",\"caption\":\"Isabel Xavier\"},\"url\":\"https:\\\/\\\/africaatual.com.br\\\/index.php\\\/author\\\/webdesign-yta\\\/\"}]}<\/script>\n<!-- \/ Yoast SEO plugin. -->","yoast_head_json":{"title":"Semin\u00e1rio: Favelismo e Seus Valores - Justi\u00e7a Racial, Ambiental e Novas Pol\u00edticas P\u00fablicas - africaatual.com.br","robots":{"index":"index","follow":"follow","max-snippet":"max-snippet:-1","max-image-preview":"max-image-preview:large","max-video-preview":"max-video-preview:-1"},"canonical":"https:\/\/africaatual.com.br\/index.php\/2024\/09\/18\/seminario-favelismo-e-seus-valores-justica-racial-ambiental-e-novas-politicas-publicas\/","og_locale":"pt_BR","og_type":"article","og_title":"Semin\u00e1rio: Favelismo e Seus Valores - Justi\u00e7a Racial, Ambiental e Novas Pol\u00edticas P\u00fablicas - africaatual.com.br","og_description":"No dia 19 de setembro de 2024, \u00e0s 15h, ser\u00e1 realizado o semin\u00e1rio &#8220;Favelismo e Seus Valores: Justi\u00e7a Racial, Ambiental e a Emerg\u00eancia de Novas Pol\u00edticas P\u00fablicas&#8221;, na Sala de TV Zumbi, com transmiss\u00e3o ao vivo pelo YouTube. O evento contar\u00e1 com a participa\u00e7\u00e3o de: O semin\u00e1rio abordar\u00e1 como as quest\u00f5es de justi\u00e7a racial e ambiental se conectam \u00e0s lutas por reconhecimento e por pol\u00edticas p\u00fablicas que garantam os direitos das popula\u00e7\u00f5es das favelas e periferias. Participe deste importante debate! Data: 19 de setembro de 2024Hor\u00e1rio: 15hLocal: Sala de TV ZumbiTransmiss\u00e3o: YouTube","og_url":"https:\/\/africaatual.com.br\/index.php\/2024\/09\/18\/seminario-favelismo-e-seus-valores-justica-racial-ambiental-e-novas-politicas-publicas\/","og_site_name":"africaatual.com.br","article_published_time":"2024-09-18T18:28:06+00:00","article_modified_time":"2024-09-18T18:30:38+00:00","og_image":[{"width":1080,"height":1080,"url":"http:\/\/africaatual.com.br\/wp-content\/uploads\/2024\/09\/WhatsApp-Image-2024-09-18-at-09.38.23-1.jpeg","type":"image\/jpeg"}],"author":"Isabel Xavier","twitter_card":"summary_large_image","twitter_misc":{"Escrito por":"Isabel Xavier","Est. tempo de leitura":"1 minuto"},"schema":{"@context":"https:\/\/schema.org","@graph":[{"@type":"Article","@id":"https:\/\/africaatual.com.br\/index.php\/2024\/09\/18\/seminario-favelismo-e-seus-valores-justica-racial-ambiental-e-novas-politicas-publicas\/#article","isPartOf":{"@id":"https:\/\/africaatual.com.br\/index.php\/2024\/09\/18\/seminario-favelismo-e-seus-valores-justica-racial-ambiental-e-novas-politicas-publicas\/"},"author":{"name":"Isabel Xavier","@id":"https:\/\/africaatual.com.br\/#\/schema\/person\/275270ccd0d657af28fbd625ba218b9e"},"headline":"Semin\u00e1rio: Favelismo e Seus Valores &#8211; Justi\u00e7a Racial, Ambiental e Novas Pol\u00edticas P\u00fablicas","datePublished":"2024-09-18T18:28:06+00:00","dateModified":"2024-09-18T18:30:38+00:00","mainEntityOfPage":{"@id":"https:\/\/africaatual.com.br\/index.php\/2024\/09\/18\/seminario-favelismo-e-seus-valores-justica-racial-ambiental-e-novas-politicas-publicas\/"},"wordCount":152,"commentCount":0,"publisher":{"@id":"https:\/\/africaatual.com.br\/#organization"},"image":{"@id":"https:\/\/africaatual.com.br\/index.php\/2024\/09\/18\/seminario-favelismo-e-seus-valores-justica-racial-ambiental-e-novas-politicas-publicas\/#primaryimage"},"thumbnailUrl":"https:\/\/africaatual.com.br\/wp-content\/uploads\/2024\/09\/WhatsApp-Image-2024-09-18-at-09.38.23-1.jpeg","articleSection":["Blog","Eventos","Filosofia","Live"],"inLanguage":"pt-BR","potentialAction":[{"@type":"CommentAction","name":"Comment","target":["https:\/\/africaatual.com.br\/index.php\/2024\/09\/18\/seminario-favelismo-e-seus-valores-justica-racial-ambiental-e-novas-politicas-publicas\/#respond"]}]},{"@type":"WebPage","@id":"https:\/\/africaatual.com.br\/index.php\/2024\/09\/18\/seminario-favelismo-e-seus-valores-justica-racial-ambiental-e-novas-politicas-publicas\/","url":"https:\/\/africaatual.com.br\/index.php\/2024\/09\/18\/seminario-favelismo-e-seus-valores-justica-racial-ambiental-e-novas-politicas-publicas\/","name":"Semin\u00e1rio: Favelismo e Seus Valores - Justi\u00e7a Racial, Ambiental e Novas Pol\u00edticas P\u00fablicas - africaatual.com.br","isPartOf":{"@id":"https:\/\/africaatual.com.br\/#website"},"primaryImageOfPage":{"@id":"https:\/\/africaatual.com.br\/index.php\/2024\/09\/18\/seminario-favelismo-e-seus-valores-justica-racial-ambiental-e-novas-politicas-publicas\/#primaryimage"},"image":{"@id":"https:\/\/africaatual.com.br\/index.php\/2024\/09\/18\/seminario-favelismo-e-seus-valores-justica-racial-ambiental-e-novas-politicas-publicas\/#primaryimage"},"thumbnailUrl":"https:\/\/africaatual.com.br\/wp-content\/uploads\/2024\/09\/WhatsApp-Image-2024-09-18-at-09.38.23-1.jpeg","datePublished":"2024-09-18T18:28:06+00:00","dateModified":"2024-09-18T18:30:38+00:00","breadcrumb":{"@id":"https:\/\/africaatual.com.br\/index.php\/2024\/09\/18\/seminario-favelismo-e-seus-valores-justica-racial-ambiental-e-novas-politicas-publicas\/#breadcrumb"},"inLanguage":"pt-BR","potentialAction":[{"@type":"ReadAction","target":["https:\/\/africaatual.com.br\/index.php\/2024\/09\/18\/seminario-favelismo-e-seus-valores-justica-racial-ambiental-e-novas-politicas-publicas\/"]}]},{"@type":"ImageObject","inLanguage":"pt-BR","@id":"https:\/\/africaatual.com.br\/index.php\/2024\/09\/18\/seminario-favelismo-e-seus-valores-justica-racial-ambiental-e-novas-politicas-publicas\/#primaryimage","url":"https:\/\/africaatual.com.br\/wp-content\/uploads\/2024\/09\/WhatsApp-Image-2024-09-18-at-09.38.23-1.jpeg","contentUrl":"https:\/\/africaatual.com.br\/wp-content\/uploads\/2024\/09\/WhatsApp-Image-2024-09-18-at-09.38.23-1.jpeg","width":1080,"height":1080,"caption":"Imagem de divulga\u00e7\u00e3o do semin\u00e1rio \"Favelismo e seus Valores: Justi\u00e7a Racial, Ambiental e a Emerg\u00eancia de Novas Pol\u00edticas P\u00fablicas\", com dois palestrantes destacados. \u00c0 esquerda, uma foto de Geraldo Coelho, Vice-presidente da Frente Nacional Antirracista, sorrindo, usando terno cinza claro e camisa azul. \u00c0 direita, uma foto do Prof. Dr. Claudio Marques da Silva, Coordenador do CEPRACIAL da Universidade Zumbi dos Palmares, usando camisa social branca, sentado em frente a um computador. A parte superior da imagem cont\u00e9m o t\u00edtulo do evento em texto branco sobre um fundo azul escuro. Abaixo, h\u00e1 as informa\u00e7\u00f5es do evento: \"19 de setembro de 2024, \u00e0s 15h, Sala de TV Zumbi\", com \u00edcones de calend\u00e1rio, rel\u00f3gio e localiza\u00e7\u00e3o. Na parte inferior, est\u00e3o os logos da Universidade Zumbi dos Palmares e CEPRACIAL."},{"@type":"BreadcrumbList","@id":"https:\/\/africaatual.com.br\/index.php\/2024\/09\/18\/seminario-favelismo-e-seus-valores-justica-racial-ambiental-e-novas-politicas-publicas\/#breadcrumb","itemListElement":[{"@type":"ListItem","position":1,"name":"In\u00edcio","item":"https:\/\/africaatual.com.br\/"},{"@type":"ListItem","position":2,"name":"Semin\u00e1rio: Favelismo e Seus Valores &#8211; Justi\u00e7a Racial, Ambiental e Novas Pol\u00edticas P\u00fablicas"}]},{"@type":"WebSite","@id":"https:\/\/africaatual.com.br\/#website","url":"https:\/\/africaatual.com.br\/","name":"africaatual.com.br","description":"O Atlas Geocultural da \u00c1frica \u00e9 um rico material de leitura e pesquisa, que visa apresentar de forma atual os pa\u00edses africanos, ainda t\u00e3o pouco conhecidos.","publisher":{"@id":"https:\/\/africaatual.com.br\/#organization"},"potentialAction":[{"@type":"SearchAction","target":{"@type":"EntryPoint","urlTemplate":"https:\/\/africaatual.com.br\/?s={search_term_string}"},"query-input":{"@type":"PropertyValueSpecification","valueRequired":true,"valueName":"search_term_string"}}],"inLanguage":"pt-BR"},{"@type":"Organization","@id":"https:\/\/africaatual.com.br\/#organization","name":"africaatual.com.br","url":"https:\/\/africaatual.com.br\/","logo":{"@type":"ImageObject","inLanguage":"pt-BR","@id":"https:\/\/africaatual.com.br\/#\/schema\/logo\/image\/","url":"http:\/\/africaatual.com.br\/wp-content\/uploads\/2023\/06\/LOGOEIROS_Prancheta-1-tipo-preto.png","contentUrl":"http:\/\/africaatual.com.br\/wp-content\/uploads\/2023\/06\/LOGOEIROS_Prancheta-1-tipo-preto.png","width":1667,"height":730,"caption":"africaatual.com.br"},"image":{"@id":"https:\/\/africaatual.com.br\/#\/schema\/logo\/image\/"}},{"@type":"Person","@id":"https:\/\/africaatual.com.br\/#\/schema\/person\/275270ccd0d657af28fbd625ba218b9e","name":"Isabel Xavier","image":{"@type":"ImageObject","inLanguage":"pt-BR","@id":"https:\/\/secure.gravatar.com\/avatar\/a917370c365d1c248cd5fe4fc02ff6a26d8a5ef7f28c3c7e41757c19a93a954b?s=96&d=mm&r=g","url":"https:\/\/secure.gravatar.com\/avatar\/a917370c365d1c248cd5fe4fc02ff6a26d8a5ef7f28c3c7e41757c19a93a954b?s=96&d=mm&r=g","contentUrl":"https:\/\/secure.gravatar.com\/avatar\/a917370c365d1c248cd5fe4fc02ff6a26d8a5ef7f28c3c7e41757c19a93a954b?s=96&d=mm&r=g","caption":"Isabel Xavier"},"url":"https:\/\/africaatual.com.br\/index.php\/author\/webdesign-yta\/"}]}},"_links":{"self":[{"href":"https:\/\/africaatual.com.br\/index.php\/wp-json\/wp\/v2\/posts\/11966","targetHints":{"allow":["GET"]}}],"collection":[{"href":"https:\/\/africaatual.com.br\/index.php\/wp-json\/wp\/v2\/posts"}],"about":[{"href":"https:\/\/africaatual.com.br\/index.php\/wp-json\/wp\/v2\/types\/post"}],"author":[{"embeddable":true,"href":"https:\/\/africaatual.com.br\/index.php\/wp-json\/wp\/v2\/users\/2"}],"replies":[{"embeddable":true,"href":"https:\/\/africaatual.com.br\/index.php\/wp-json\/wp\/v2\/comments?post=11966"}],"version-history":[{"count":2,"href":"https:\/\/africaatual.com.br\/index.php\/wp-json\/wp\/v2\/posts\/11966\/revisions"}],"predecessor-version":[{"id":11970,"href":"https:\/\/africaatual.com.br\/index.php\/wp-json\/wp\/v2\/posts\/11966\/revisions\/11970"}],"wp:featuredmedia":[{"embeddable":true,"href":"https:\/\/africaatual.com.br\/index.php\/wp-json\/wp\/v2\/media\/11968"}],"wp:attachment":[{"href":"https:\/\/africaatual.com.br\/index.php\/wp-json\/wp\/v2\/media?parent=11966"}],"wp:term":[{"taxonomy":"category","embeddable":true,"href":"https:\/\/africaatual.com.br\/index.php\/wp-json\/wp\/v2\/categories?post=11966"},{"taxonomy":"post_tag","embeddable":true,"href":"https:\/\/africaatual.com.br\/index.php\/wp-json\/wp\/v2\/tags?post=11966"},{"taxonomy":"palavra-chave","embeddable":true,"href":"https:\/\/africaatual.com.br\/index.php\/wp-json\/wp\/v2\/palavra-chave?post=11966"}],"curies":[{"name":"wp","href":"https:\/\/api.w.org\/{rel}","templated":true}]}}