
{"id":11973,"date":"2024-09-25T17:37:16","date_gmt":"2024-09-25T20:37:16","guid":{"rendered":"https:\/\/africaatual.com.br\/?p=11973"},"modified":"2024-09-25T18:09:34","modified_gmt":"2024-09-25T21:09:34","slug":"centro-de-estudos-e-pesquisas-em-justica-racial-ambiental-e-mudancas-climaticas-e-criado-na-universidade-zumbi-dos-palmares","status":"publish","type":"post","link":"https:\/\/africaatual.com.br\/index.php\/2024\/09\/25\/centro-de-estudos-e-pesquisas-em-justica-racial-ambiental-e-mudancas-climaticas-e-criado-na-universidade-zumbi-dos-palmares\/","title":{"rendered":"Centro de Estudos e Pesquisas em Justi\u00e7a Racial, Ambiental e Mudan\u00e7as Clim\u00e1ticas \u00e9 criado na Universidade Zumbi dos Palmares"},"content":{"rendered":"\n<p>A cria\u00e7\u00e3o do <strong>Centro de Estudos e Pesquisas em Justi\u00e7a Racial, Ambiental e Mudan\u00e7as Clim\u00e1ticas (CEPRACIAL)<\/strong> na <strong>Universidade Zumbi dos Palmares<\/strong> representa um avan\u00e7o significativo no campo da pesquisa e inova\u00e7\u00e3o no Brasil. Funcionando como um polo de aprendizado criativo, o CEPRACIAL busca ser refer\u00eancia no desenvolvimento de <strong>projetos inovadores<\/strong> que abordem quest\u00f5es de justi\u00e7a racial, ambiental e as transforma\u00e7\u00f5es clim\u00e1ticas globais.<\/p>\n\n\n\n<p>Esse novo espa\u00e7o oferece uma excelente oportunidade para a universidade estabelecer <strong>parcerias estrat\u00e9gicas<\/strong> com o setor p\u00fablico e privado, consolidando-se como uma institui\u00e7\u00e3o que est\u00e1 na vanguarda do conhecimento. O CEPRACIAL tamb\u00e9m promover\u00e1 eventos e iniciativas de integra\u00e7\u00e3o, como o pr\u00f3ximo semin\u00e1rio intitulado <strong>&#8220;Pesquisador e cientista: a profiss\u00e3o de futuro&#8221;<\/strong>, que acontecer\u00e1 no dia <strong>02 de outubro de 2024<\/strong>, com a participa\u00e7\u00e3o de profissionais de destaque no cen\u00e1rio cient\u00edfico e acad\u00eamico.<\/p>\n\n\n\n<p>A <strong>Universidade Zumbi dos Palmares<\/strong>, com a cria\u00e7\u00e3o do CEPRACIAL, reafirma seu compromisso com a educa\u00e7\u00e3o de excel\u00eancia e com o desenvolvimento de solu\u00e7\u00f5es sustent\u00e1veis para os desafios enfrentados pelo Brasil e o mundo.<\/p>\n\n\n\n<p>\ud83d\udd17 <strong>Para mais informa\u00e7\u00f5es e inscri\u00e7\u00f5es nos eventos do CEPRACIAL, acesse o site<\/strong>: <a href=\"https:\/\/segurancadofuturo.org.br\">Seguran\u00e7a do Futuro<\/a><\/p>\n\n\n\n<figure class=\"wp-block-gallery has-nested-images columns-default is-cropped wp-block-gallery-1 is-layout-flex wp-block-gallery-is-layout-flex\">\n<figure class=\"wp-block-image size-large\"><img fetchpriority=\"high\" decoding=\"async\" width=\"1000\" height=\"1000\" data-id=\"11975\" src=\"https:\/\/africaatual.com.br\/wp-content\/uploads\/2024\/09\/CARD-UNIV-ZUMBI-CEPRACIAL-1.jpg\" alt=\"\" class=\"wp-image-11975\" srcset=\"https:\/\/africaatual.com.br\/wp-content\/uploads\/2024\/09\/CARD-UNIV-ZUMBI-CEPRACIAL-1.jpg 1000w, https:\/\/africaatual.com.br\/wp-content\/uploads\/2024\/09\/CARD-UNIV-ZUMBI-CEPRACIAL-1-300x300.jpg 300w, https:\/\/africaatual.com.br\/wp-content\/uploads\/2024\/09\/CARD-UNIV-ZUMBI-CEPRACIAL-1-150x150.jpg 150w, https:\/\/africaatual.com.br\/wp-content\/uploads\/2024\/09\/CARD-UNIV-ZUMBI-CEPRACIAL-1-768x768.jpg 768w, https:\/\/africaatual.com.br\/wp-content\/uploads\/2024\/09\/CARD-UNIV-ZUMBI-CEPRACIAL-1-600x600.jpg 600w\" sizes=\"(max-width: 1000px) 100vw, 1000px\" \/><\/figure>\n<\/figure>\n\n\n\n<p>A imagem apresenta as informa\u00e7\u00f5es sobre o evento que ser\u00e1 realizado no dia <strong>02 de outubro de 2024<\/strong>, \u00e0s <strong>17h<\/strong>, de forma presencial e online, no audit\u00f3rio da <strong>Universidade Zumbi dos Palmares<\/strong>. O evento contar\u00e1 com a participa\u00e7\u00e3o de tr\u00eas palestrantes e ser\u00e1 mediado pelo <strong>Prof. Dr. Odair Marques da Silva<\/strong>, Diretor de P\u00f3s-gradua\u00e7\u00e3o e Pesquisa da universidade.<\/p>\n\n\n\n<p><strong>Abertura<\/strong>:<\/p>\n\n\n\n<ul class=\"wp-block-list\">\n<li><strong>Prof. Dr. Jos\u00e9 Vicente<\/strong>, Reitor da Universidade Zumbi dos Palmares.<\/li>\n<\/ul>\n\n\n\n<p><strong>Palestrantes<\/strong>:<\/p>\n\n\n\n<ol class=\"wp-block-list\">\n<li><strong>Leonardo da Cruz<\/strong>, engenheiro el\u00e9trico do Centro de Pesquisas Avan\u00e7adas Wernher Von Braun.<\/li>\n\n\n\n<li><strong>Lissa Pesci<\/strong>, cientista da computa\u00e7\u00e3o do Instituto de Pesquisas Eldorado.<\/li>\n\n\n\n<li><strong>Fabiana Ramos<\/strong>, t\u00e9cnica em bioqu\u00edmica e bi\u00f3loga da Funda\u00e7\u00e3o de Desenvolvimento da Pesquisa do Agroneg\u00f3cio (FUNDEPAG).<\/li>\n<\/ol>\n\n\n\n<p>O evento \u00e9 realizado pela <strong>Universidade Zumbi dos Palmares<\/strong> e o <strong>CEPRACIAL (Centro de Estudos e Pesquisas em Justi\u00e7a Racial, Ambiental e Mudan\u00e7as Clim\u00e1ticas)<\/strong>, com parceria do <strong>SINTPq (Sindicato dos Trabalhadores em Pesquisa, Ci\u00eancia e Tecnologia de S\u00e3o Paulo)<\/strong>.<\/p>\n\n\n\n<p>No rodap\u00e9 da imagem, consta o site de acesso para mais informa\u00e7\u00f5es e inscri\u00e7\u00f5es: <strong>segurancadofuturo.org.br<\/strong>.<\/p>\n","protected":false},"excerpt":{"rendered":"<p>A cria\u00e7\u00e3o do Centro de Estudos e Pesquisas em Justi\u00e7a Racial, Ambiental e Mudan\u00e7as Clim\u00e1ticas (CEPRACIAL) na Universidade Zumbi dos Palmares representa um avan\u00e7o significativo no campo da pesquisa e inova\u00e7\u00e3o no Brasil. Funcionando como um polo de aprendizado criativo, o CEPRACIAL busca ser refer\u00eancia no desenvolvimento de projetos inovadores que abordem quest\u00f5es de justi\u00e7a racial, ambiental e as transforma\u00e7\u00f5es clim\u00e1ticas globais. Esse novo espa\u00e7o oferece uma excelente oportunidade para a universidade estabelecer parcerias estrat\u00e9gicas com o setor p\u00fablico e privado, consolidando-se como uma institui\u00e7\u00e3o que est\u00e1 na vanguarda do conhecimento. O CEPRACIAL tamb\u00e9m promover\u00e1 eventos e iniciativas de integra\u00e7\u00e3o, como o pr\u00f3ximo semin\u00e1rio intitulado &#8220;Pesquisador e cientista: a profiss\u00e3o de futuro&#8221;, que acontecer\u00e1 no dia 02 de outubro de 2024, com a participa\u00e7\u00e3o de profissionais de destaque no cen\u00e1rio cient\u00edfico e acad\u00eamico. A Universidade Zumbi dos Palmares, com a cria\u00e7\u00e3o do CEPRACIAL, reafirma seu compromisso com a educa\u00e7\u00e3o de excel\u00eancia e com o desenvolvimento de solu\u00e7\u00f5es sustent\u00e1veis para os desafios enfrentados pelo Brasil e o mundo. \ud83d\udd17 Para mais informa\u00e7\u00f5es e inscri\u00e7\u00f5es nos eventos do CEPRACIAL, acesse o site: Seguran\u00e7a do Futuro A imagem apresenta as informa\u00e7\u00f5es sobre o evento que ser\u00e1 realizado no dia 02 de outubro de 2024, \u00e0s 17h, de forma presencial e online, no audit\u00f3rio da Universidade Zumbi dos Palmares. O evento contar\u00e1 com a participa\u00e7\u00e3o de tr\u00eas palestrantes e ser\u00e1 mediado pelo Prof. Dr. Odair Marques da Silva, Diretor de P\u00f3s-gradua\u00e7\u00e3o e Pesquisa da universidade. Abertura: Palestrantes: O evento \u00e9 realizado pela Universidade Zumbi dos Palmares e o CEPRACIAL (Centro de Estudos e Pesquisas em Justi\u00e7a Racial, Ambiental e Mudan\u00e7as Clim\u00e1ticas), com parceria do SINTPq (Sindicato dos Trabalhadores em Pesquisa, Ci\u00eancia e Tecnologia de S\u00e3o Paulo). No rodap\u00e9 da imagem, consta o site de acesso para mais informa\u00e7\u00f5es e inscri\u00e7\u00f5es: segurancadofuturo.org.br.<\/p>\n","protected":false},"author":2,"featured_media":11974,"comment_status":"open","ping_status":"open","sticky":false,"template":"","format":"standard","meta":{"inline_featured_image":false,"ocean_post_layout":"","ocean_both_sidebars_style":"","ocean_both_sidebars_content_width":0,"ocean_both_sidebars_sidebars_width":0,"ocean_sidebar":"","ocean_second_sidebar":"","ocean_disable_margins":"enable","ocean_add_body_class":"","ocean_shortcode_before_top_bar":"","ocean_shortcode_after_top_bar":"","ocean_shortcode_before_header":"","ocean_shortcode_after_header":"","ocean_has_shortcode":"","ocean_shortcode_after_title":"","ocean_shortcode_before_footer_widgets":"","ocean_shortcode_after_footer_widgets":"","ocean_shortcode_before_footer_bottom":"","ocean_shortcode_after_footer_bottom":"","ocean_display_top_bar":"default","ocean_display_header":"default","ocean_header_style":"","ocean_center_header_left_menu":"","ocean_custom_header_template":"","ocean_custom_logo":0,"ocean_custom_retina_logo":0,"ocean_custom_logo_max_width":0,"ocean_custom_logo_tablet_max_width":0,"ocean_custom_logo_mobile_max_width":0,"ocean_custom_logo_max_height":0,"ocean_custom_logo_tablet_max_height":0,"ocean_custom_logo_mobile_max_height":0,"ocean_header_custom_menu":"","ocean_menu_typo_font_family":"","ocean_menu_typo_font_subset":"","ocean_menu_typo_font_size":0,"ocean_menu_typo_font_size_tablet":0,"ocean_menu_typo_font_size_mobile":0,"ocean_menu_typo_font_size_unit":"px","ocean_menu_typo_font_weight":"","ocean_menu_typo_font_weight_tablet":"","ocean_menu_typo_font_weight_mobile":"","ocean_menu_typo_transform":"","ocean_menu_typo_transform_tablet":"","ocean_menu_typo_transform_mobile":"","ocean_menu_typo_line_height":0,"ocean_menu_typo_line_height_tablet":0,"ocean_menu_typo_line_height_mobile":0,"ocean_menu_typo_line_height_unit":"","ocean_menu_typo_spacing":0,"ocean_menu_typo_spacing_tablet":0,"ocean_menu_typo_spacing_mobile":0,"ocean_menu_typo_spacing_unit":"","ocean_menu_link_color":"","ocean_menu_link_color_hover":"","ocean_menu_link_color_active":"","ocean_menu_link_background":"","ocean_menu_link_hover_background":"","ocean_menu_link_active_background":"","ocean_menu_social_links_bg":"","ocean_menu_social_hover_links_bg":"","ocean_menu_social_links_color":"","ocean_menu_social_hover_links_color":"","ocean_disable_title":"default","ocean_disable_heading":"default","ocean_post_title":"","ocean_post_subheading":"","ocean_post_title_style":"","ocean_post_title_background_color":"","ocean_post_title_background":0,"ocean_post_title_bg_image_position":"","ocean_post_title_bg_image_attachment":"","ocean_post_title_bg_image_repeat":"","ocean_post_title_bg_image_size":"","ocean_post_title_height":0,"ocean_post_title_bg_overlay":0.5,"ocean_post_title_bg_overlay_color":"","ocean_disable_breadcrumbs":"default","ocean_breadcrumbs_color":"","ocean_breadcrumbs_separator_color":"","ocean_breadcrumbs_links_color":"","ocean_breadcrumbs_links_hover_color":"","ocean_display_footer_widgets":"default","ocean_display_footer_bottom":"default","ocean_custom_footer_template":"","omw_enable_modal_window":"enable","ocean_post_oembed":"","ocean_post_self_hosted_media":"","ocean_post_video_embed":"","ocean_link_format":"","ocean_link_format_target":"self","ocean_quote_format":"","ocean_quote_format_link":"post","ocean_gallery_link_images":"on","ocean_gallery_id":[],"footnotes":""},"categories":[13],"tags":[],"palavra-chave":[],"class_list":["post-11973","post","type-post","status-publish","format-standard","has-post-thumbnail","hentry","category-eventos","entry","has-media"],"yoast_head":"<!-- This site is optimized with the Yoast SEO plugin v27.3 - https:\/\/yoast.com\/product\/yoast-seo-wordpress\/ -->\n<title>Centro de Estudos e Pesquisas em Justi\u00e7a Racial, Ambiental e Mudan\u00e7as Clim\u00e1ticas \u00e9 criado na Universidade Zumbi dos Palmares - africaatual.com.br<\/title>\n<meta name=\"robots\" content=\"index, follow, max-snippet:-1, max-image-preview:large, max-video-preview:-1\" \/>\n<link rel=\"canonical\" href=\"https:\/\/africaatual.com.br\/index.php\/2024\/09\/25\/centro-de-estudos-e-pesquisas-em-justica-racial-ambiental-e-mudancas-climaticas-e-criado-na-universidade-zumbi-dos-palmares\/\" \/>\n<meta property=\"og:locale\" content=\"pt_BR\" \/>\n<meta property=\"og:type\" content=\"article\" \/>\n<meta property=\"og:title\" content=\"Centro de Estudos e Pesquisas em Justi\u00e7a Racial, Ambiental e Mudan\u00e7as Clim\u00e1ticas \u00e9 criado na Universidade Zumbi dos Palmares - africaatual.com.br\" \/>\n<meta property=\"og:description\" content=\"A cria\u00e7\u00e3o do Centro de Estudos e Pesquisas em Justi\u00e7a Racial, Ambiental e Mudan\u00e7as Clim\u00e1ticas (CEPRACIAL) na Universidade Zumbi dos Palmares representa um avan\u00e7o significativo no campo da pesquisa e inova\u00e7\u00e3o no Brasil. Funcionando como um polo de aprendizado criativo, o CEPRACIAL busca ser refer\u00eancia no desenvolvimento de projetos inovadores que abordem quest\u00f5es de justi\u00e7a racial, ambiental e as transforma\u00e7\u00f5es clim\u00e1ticas globais. Esse novo espa\u00e7o oferece uma excelente oportunidade para a universidade estabelecer parcerias estrat\u00e9gicas com o setor p\u00fablico e privado, consolidando-se como uma institui\u00e7\u00e3o que est\u00e1 na vanguarda do conhecimento. O CEPRACIAL tamb\u00e9m promover\u00e1 eventos e iniciativas de integra\u00e7\u00e3o, como o pr\u00f3ximo semin\u00e1rio intitulado &#8220;Pesquisador e cientista: a profiss\u00e3o de futuro&#8221;, que acontecer\u00e1 no dia 02 de outubro de 2024, com a participa\u00e7\u00e3o de profissionais de destaque no cen\u00e1rio cient\u00edfico e acad\u00eamico. A Universidade Zumbi dos Palmares, com a cria\u00e7\u00e3o do CEPRACIAL, reafirma seu compromisso com a educa\u00e7\u00e3o de excel\u00eancia e com o desenvolvimento de solu\u00e7\u00f5es sustent\u00e1veis para os desafios enfrentados pelo Brasil e o mundo. \ud83d\udd17 Para mais informa\u00e7\u00f5es e inscri\u00e7\u00f5es nos eventos do CEPRACIAL, acesse o site: Seguran\u00e7a do Futuro A imagem apresenta as informa\u00e7\u00f5es sobre o evento que ser\u00e1 realizado no dia 02 de outubro de 2024, \u00e0s 17h, de forma presencial e online, no audit\u00f3rio da Universidade Zumbi dos Palmares. O evento contar\u00e1 com a participa\u00e7\u00e3o de tr\u00eas palestrantes e ser\u00e1 mediado pelo Prof. Dr. Odair Marques da Silva, Diretor de P\u00f3s-gradua\u00e7\u00e3o e Pesquisa da universidade. Abertura: Palestrantes: O evento \u00e9 realizado pela Universidade Zumbi dos Palmares e o CEPRACIAL (Centro de Estudos e Pesquisas em Justi\u00e7a Racial, Ambiental e Mudan\u00e7as Clim\u00e1ticas), com parceria do SINTPq (Sindicato dos Trabalhadores em Pesquisa, Ci\u00eancia e Tecnologia de S\u00e3o Paulo). No rodap\u00e9 da imagem, consta o site de acesso para mais informa\u00e7\u00f5es e inscri\u00e7\u00f5es: segurancadofuturo.org.br.\" \/>\n<meta property=\"og:url\" content=\"https:\/\/africaatual.com.br\/index.php\/2024\/09\/25\/centro-de-estudos-e-pesquisas-em-justica-racial-ambiental-e-mudancas-climaticas-e-criado-na-universidade-zumbi-dos-palmares\/\" \/>\n<meta property=\"og:site_name\" content=\"africaatual.com.br\" \/>\n<meta property=\"article:published_time\" content=\"2024-09-25T20:37:16+00:00\" \/>\n<meta property=\"article:modified_time\" content=\"2024-09-25T21:09:34+00:00\" \/>\n<meta property=\"og:image\" content=\"http:\/\/africaatual.com.br\/wp-content\/uploads\/2024\/09\/CARD-UNIV-ZUMBI-CEPRACIAL.jpg\" \/>\n\t<meta property=\"og:image:width\" content=\"1000\" \/>\n\t<meta property=\"og:image:height\" content=\"1000\" \/>\n\t<meta property=\"og:image:type\" content=\"image\/jpeg\" \/>\n<meta name=\"author\" content=\"Isabel Xavier\" \/>\n<meta name=\"twitter:card\" content=\"summary_large_image\" \/>\n<meta name=\"twitter:label1\" content=\"Escrito por\" \/>\n\t<meta name=\"twitter:data1\" content=\"Isabel Xavier\" \/>\n\t<meta name=\"twitter:label2\" content=\"Est. tempo de leitura\" \/>\n\t<meta name=\"twitter:data2\" content=\"3 minutos\" \/>\n<script type=\"application\/ld+json\" class=\"yoast-schema-graph\">{\"@context\":\"https:\\\/\\\/schema.org\",\"@graph\":[{\"@type\":\"Article\",\"@id\":\"https:\\\/\\\/africaatual.com.br\\\/index.php\\\/2024\\\/09\\\/25\\\/centro-de-estudos-e-pesquisas-em-justica-racial-ambiental-e-mudancas-climaticas-e-criado-na-universidade-zumbi-dos-palmares\\\/#article\",\"isPartOf\":{\"@id\":\"https:\\\/\\\/africaatual.com.br\\\/index.php\\\/2024\\\/09\\\/25\\\/centro-de-estudos-e-pesquisas-em-justica-racial-ambiental-e-mudancas-climaticas-e-criado-na-universidade-zumbi-dos-palmares\\\/\"},\"author\":{\"name\":\"Isabel Xavier\",\"@id\":\"https:\\\/\\\/africaatual.com.br\\\/#\\\/schema\\\/person\\\/275270ccd0d657af28fbd625ba218b9e\"},\"headline\":\"Centro de Estudos e Pesquisas em Justi\u00e7a Racial, Ambiental e Mudan\u00e7as Clim\u00e1ticas \u00e9 criado na Universidade Zumbi dos Palmares\",\"datePublished\":\"2024-09-25T20:37:16+00:00\",\"dateModified\":\"2024-09-25T21:09:34+00:00\",\"mainEntityOfPage\":{\"@id\":\"https:\\\/\\\/africaatual.com.br\\\/index.php\\\/2024\\\/09\\\/25\\\/centro-de-estudos-e-pesquisas-em-justica-racial-ambiental-e-mudancas-climaticas-e-criado-na-universidade-zumbi-dos-palmares\\\/\"},\"wordCount\":416,\"commentCount\":0,\"publisher\":{\"@id\":\"https:\\\/\\\/africaatual.com.br\\\/#organization\"},\"image\":{\"@id\":\"https:\\\/\\\/africaatual.com.br\\\/index.php\\\/2024\\\/09\\\/25\\\/centro-de-estudos-e-pesquisas-em-justica-racial-ambiental-e-mudancas-climaticas-e-criado-na-universidade-zumbi-dos-palmares\\\/#primaryimage\"},\"thumbnailUrl\":\"https:\\\/\\\/africaatual.com.br\\\/wp-content\\\/uploads\\\/2024\\\/09\\\/CARD-UNIV-ZUMBI-CEPRACIAL.jpg\",\"articleSection\":[\"Eventos\"],\"inLanguage\":\"pt-BR\",\"potentialAction\":[{\"@type\":\"CommentAction\",\"name\":\"Comment\",\"target\":[\"https:\\\/\\\/africaatual.com.br\\\/index.php\\\/2024\\\/09\\\/25\\\/centro-de-estudos-e-pesquisas-em-justica-racial-ambiental-e-mudancas-climaticas-e-criado-na-universidade-zumbi-dos-palmares\\\/#respond\"]}]},{\"@type\":\"WebPage\",\"@id\":\"https:\\\/\\\/africaatual.com.br\\\/index.php\\\/2024\\\/09\\\/25\\\/centro-de-estudos-e-pesquisas-em-justica-racial-ambiental-e-mudancas-climaticas-e-criado-na-universidade-zumbi-dos-palmares\\\/\",\"url\":\"https:\\\/\\\/africaatual.com.br\\\/index.php\\\/2024\\\/09\\\/25\\\/centro-de-estudos-e-pesquisas-em-justica-racial-ambiental-e-mudancas-climaticas-e-criado-na-universidade-zumbi-dos-palmares\\\/\",\"name\":\"Centro de Estudos e Pesquisas em Justi\u00e7a Racial, Ambiental e Mudan\u00e7as Clim\u00e1ticas \u00e9 criado na Universidade Zumbi dos Palmares - africaatual.com.br\",\"isPartOf\":{\"@id\":\"https:\\\/\\\/africaatual.com.br\\\/#website\"},\"primaryImageOfPage\":{\"@id\":\"https:\\\/\\\/africaatual.com.br\\\/index.php\\\/2024\\\/09\\\/25\\\/centro-de-estudos-e-pesquisas-em-justica-racial-ambiental-e-mudancas-climaticas-e-criado-na-universidade-zumbi-dos-palmares\\\/#primaryimage\"},\"image\":{\"@id\":\"https:\\\/\\\/africaatual.com.br\\\/index.php\\\/2024\\\/09\\\/25\\\/centro-de-estudos-e-pesquisas-em-justica-racial-ambiental-e-mudancas-climaticas-e-criado-na-universidade-zumbi-dos-palmares\\\/#primaryimage\"},\"thumbnailUrl\":\"https:\\\/\\\/africaatual.com.br\\\/wp-content\\\/uploads\\\/2024\\\/09\\\/CARD-UNIV-ZUMBI-CEPRACIAL.jpg\",\"datePublished\":\"2024-09-25T20:37:16+00:00\",\"dateModified\":\"2024-09-25T21:09:34+00:00\",\"breadcrumb\":{\"@id\":\"https:\\\/\\\/africaatual.com.br\\\/index.php\\\/2024\\\/09\\\/25\\\/centro-de-estudos-e-pesquisas-em-justica-racial-ambiental-e-mudancas-climaticas-e-criado-na-universidade-zumbi-dos-palmares\\\/#breadcrumb\"},\"inLanguage\":\"pt-BR\",\"potentialAction\":[{\"@type\":\"ReadAction\",\"target\":[\"https:\\\/\\\/africaatual.com.br\\\/index.php\\\/2024\\\/09\\\/25\\\/centro-de-estudos-e-pesquisas-em-justica-racial-ambiental-e-mudancas-climaticas-e-criado-na-universidade-zumbi-dos-palmares\\\/\"]}]},{\"@type\":\"ImageObject\",\"inLanguage\":\"pt-BR\",\"@id\":\"https:\\\/\\\/africaatual.com.br\\\/index.php\\\/2024\\\/09\\\/25\\\/centro-de-estudos-e-pesquisas-em-justica-racial-ambiental-e-mudancas-climaticas-e-criado-na-universidade-zumbi-dos-palmares\\\/#primaryimage\",\"url\":\"https:\\\/\\\/africaatual.com.br\\\/wp-content\\\/uploads\\\/2024\\\/09\\\/CARD-UNIV-ZUMBI-CEPRACIAL.jpg\",\"contentUrl\":\"https:\\\/\\\/africaatual.com.br\\\/wp-content\\\/uploads\\\/2024\\\/09\\\/CARD-UNIV-ZUMBI-CEPRACIAL.jpg\",\"width\":1000,\"height\":1000,\"caption\":\"A imagem apresenta as informa\u00e7\u00f5es sobre o evento que ser\u00e1 realizado no dia 02 de outubro de 2024, \u00e0s 17h, de forma presencial e online, no audit\u00f3rio da Universidade Zumbi dos Palmares. O evento contar\u00e1 com a participa\u00e7\u00e3o de tr\u00eas palestrantes e ser\u00e1 mediado pelo Prof. Dr. Odair Marques da Silva, Diretor de P\u00f3s-gradua\u00e7\u00e3o e Pesquisa da universidade. Abertura: Prof. Dr. Jos\u00e9 Vicente, Reitor da Universidade Zumbi dos Palmares. Palestrantes: Leonardo da Cruz, engenheiro el\u00e9trico do Centro de Pesquisas Avan\u00e7adas Wernher Von Braun. Lissa Pesci, cientista da computa\u00e7\u00e3o do Instituto de Pesquisas Eldorado. Fabiana Ramos, t\u00e9cnica em bioqu\u00edmica e bi\u00f3loga da Funda\u00e7\u00e3o de Desenvolvimento da Pesquisa do Agroneg\u00f3cio (FUNDEPAG). O evento \u00e9 realizado pela Universidade Zumbi dos Palmares e o CEPRACIAL (Centro de Estudos e Pesquisas em Justi\u00e7a Racial, Ambiental e Mudan\u00e7as Clim\u00e1ticas), com parceria do SINTPq (Sindicato dos Trabalhadores em Pesquisa, Ci\u00eancia e Tecnologia de S\u00e3o Paulo). No rodap\u00e9 da imagem, consta o site de acesso para mais informa\u00e7\u00f5es e inscri\u00e7\u00f5es: segurancadofuturo.org.br.\"},{\"@type\":\"BreadcrumbList\",\"@id\":\"https:\\\/\\\/africaatual.com.br\\\/index.php\\\/2024\\\/09\\\/25\\\/centro-de-estudos-e-pesquisas-em-justica-racial-ambiental-e-mudancas-climaticas-e-criado-na-universidade-zumbi-dos-palmares\\\/#breadcrumb\",\"itemListElement\":[{\"@type\":\"ListItem\",\"position\":1,\"name\":\"In\u00edcio\",\"item\":\"https:\\\/\\\/africaatual.com.br\\\/\"},{\"@type\":\"ListItem\",\"position\":2,\"name\":\"Centro de Estudos e Pesquisas em Justi\u00e7a Racial, Ambiental e Mudan\u00e7as Clim\u00e1ticas \u00e9 criado na Universidade Zumbi dos Palmares\"}]},{\"@type\":\"WebSite\",\"@id\":\"https:\\\/\\\/africaatual.com.br\\\/#website\",\"url\":\"https:\\\/\\\/africaatual.com.br\\\/\",\"name\":\"africaatual.com.br\",\"description\":\"O Atlas Geocultural da \u00c1frica \u00e9 um rico material de leitura e pesquisa, que visa apresentar de forma atual os pa\u00edses africanos, ainda t\u00e3o pouco conhecidos.\",\"publisher\":{\"@id\":\"https:\\\/\\\/africaatual.com.br\\\/#organization\"},\"potentialAction\":[{\"@type\":\"SearchAction\",\"target\":{\"@type\":\"EntryPoint\",\"urlTemplate\":\"https:\\\/\\\/africaatual.com.br\\\/?s={search_term_string}\"},\"query-input\":{\"@type\":\"PropertyValueSpecification\",\"valueRequired\":true,\"valueName\":\"search_term_string\"}}],\"inLanguage\":\"pt-BR\"},{\"@type\":\"Organization\",\"@id\":\"https:\\\/\\\/africaatual.com.br\\\/#organization\",\"name\":\"africaatual.com.br\",\"url\":\"https:\\\/\\\/africaatual.com.br\\\/\",\"logo\":{\"@type\":\"ImageObject\",\"inLanguage\":\"pt-BR\",\"@id\":\"https:\\\/\\\/africaatual.com.br\\\/#\\\/schema\\\/logo\\\/image\\\/\",\"url\":\"http:\\\/\\\/africaatual.com.br\\\/wp-content\\\/uploads\\\/2023\\\/06\\\/LOGOEIROS_Prancheta-1-tipo-preto.png\",\"contentUrl\":\"http:\\\/\\\/africaatual.com.br\\\/wp-content\\\/uploads\\\/2023\\\/06\\\/LOGOEIROS_Prancheta-1-tipo-preto.png\",\"width\":1667,\"height\":730,\"caption\":\"africaatual.com.br\"},\"image\":{\"@id\":\"https:\\\/\\\/africaatual.com.br\\\/#\\\/schema\\\/logo\\\/image\\\/\"}},{\"@type\":\"Person\",\"@id\":\"https:\\\/\\\/africaatual.com.br\\\/#\\\/schema\\\/person\\\/275270ccd0d657af28fbd625ba218b9e\",\"name\":\"Isabel Xavier\",\"image\":{\"@type\":\"ImageObject\",\"inLanguage\":\"pt-BR\",\"@id\":\"https:\\\/\\\/secure.gravatar.com\\\/avatar\\\/a917370c365d1c248cd5fe4fc02ff6a26d8a5ef7f28c3c7e41757c19a93a954b?s=96&d=mm&r=g\",\"url\":\"https:\\\/\\\/secure.gravatar.com\\\/avatar\\\/a917370c365d1c248cd5fe4fc02ff6a26d8a5ef7f28c3c7e41757c19a93a954b?s=96&d=mm&r=g\",\"contentUrl\":\"https:\\\/\\\/secure.gravatar.com\\\/avatar\\\/a917370c365d1c248cd5fe4fc02ff6a26d8a5ef7f28c3c7e41757c19a93a954b?s=96&d=mm&r=g\",\"caption\":\"Isabel Xavier\"},\"url\":\"https:\\\/\\\/africaatual.com.br\\\/index.php\\\/author\\\/webdesign-yta\\\/\"}]}<\/script>\n<!-- \/ Yoast SEO plugin. -->","yoast_head_json":{"title":"Centro de Estudos e Pesquisas em Justi\u00e7a Racial, Ambiental e Mudan\u00e7as Clim\u00e1ticas \u00e9 criado na Universidade Zumbi dos Palmares - africaatual.com.br","robots":{"index":"index","follow":"follow","max-snippet":"max-snippet:-1","max-image-preview":"max-image-preview:large","max-video-preview":"max-video-preview:-1"},"canonical":"https:\/\/africaatual.com.br\/index.php\/2024\/09\/25\/centro-de-estudos-e-pesquisas-em-justica-racial-ambiental-e-mudancas-climaticas-e-criado-na-universidade-zumbi-dos-palmares\/","og_locale":"pt_BR","og_type":"article","og_title":"Centro de Estudos e Pesquisas em Justi\u00e7a Racial, Ambiental e Mudan\u00e7as Clim\u00e1ticas \u00e9 criado na Universidade Zumbi dos Palmares - africaatual.com.br","og_description":"A cria\u00e7\u00e3o do Centro de Estudos e Pesquisas em Justi\u00e7a Racial, Ambiental e Mudan\u00e7as Clim\u00e1ticas (CEPRACIAL) na Universidade Zumbi dos Palmares representa um avan\u00e7o significativo no campo da pesquisa e inova\u00e7\u00e3o no Brasil. Funcionando como um polo de aprendizado criativo, o CEPRACIAL busca ser refer\u00eancia no desenvolvimento de projetos inovadores que abordem quest\u00f5es de justi\u00e7a racial, ambiental e as transforma\u00e7\u00f5es clim\u00e1ticas globais. Esse novo espa\u00e7o oferece uma excelente oportunidade para a universidade estabelecer parcerias estrat\u00e9gicas com o setor p\u00fablico e privado, consolidando-se como uma institui\u00e7\u00e3o que est\u00e1 na vanguarda do conhecimento. O CEPRACIAL tamb\u00e9m promover\u00e1 eventos e iniciativas de integra\u00e7\u00e3o, como o pr\u00f3ximo semin\u00e1rio intitulado &#8220;Pesquisador e cientista: a profiss\u00e3o de futuro&#8221;, que acontecer\u00e1 no dia 02 de outubro de 2024, com a participa\u00e7\u00e3o de profissionais de destaque no cen\u00e1rio cient\u00edfico e acad\u00eamico. A Universidade Zumbi dos Palmares, com a cria\u00e7\u00e3o do CEPRACIAL, reafirma seu compromisso com a educa\u00e7\u00e3o de excel\u00eancia e com o desenvolvimento de solu\u00e7\u00f5es sustent\u00e1veis para os desafios enfrentados pelo Brasil e o mundo. \ud83d\udd17 Para mais informa\u00e7\u00f5es e inscri\u00e7\u00f5es nos eventos do CEPRACIAL, acesse o site: Seguran\u00e7a do Futuro A imagem apresenta as informa\u00e7\u00f5es sobre o evento que ser\u00e1 realizado no dia 02 de outubro de 2024, \u00e0s 17h, de forma presencial e online, no audit\u00f3rio da Universidade Zumbi dos Palmares. O evento contar\u00e1 com a participa\u00e7\u00e3o de tr\u00eas palestrantes e ser\u00e1 mediado pelo Prof. Dr. Odair Marques da Silva, Diretor de P\u00f3s-gradua\u00e7\u00e3o e Pesquisa da universidade. Abertura: Palestrantes: O evento \u00e9 realizado pela Universidade Zumbi dos Palmares e o CEPRACIAL (Centro de Estudos e Pesquisas em Justi\u00e7a Racial, Ambiental e Mudan\u00e7as Clim\u00e1ticas), com parceria do SINTPq (Sindicato dos Trabalhadores em Pesquisa, Ci\u00eancia e Tecnologia de S\u00e3o Paulo). No rodap\u00e9 da imagem, consta o site de acesso para mais informa\u00e7\u00f5es e inscri\u00e7\u00f5es: segurancadofuturo.org.br.","og_url":"https:\/\/africaatual.com.br\/index.php\/2024\/09\/25\/centro-de-estudos-e-pesquisas-em-justica-racial-ambiental-e-mudancas-climaticas-e-criado-na-universidade-zumbi-dos-palmares\/","og_site_name":"africaatual.com.br","article_published_time":"2024-09-25T20:37:16+00:00","article_modified_time":"2024-09-25T21:09:34+00:00","og_image":[{"width":1000,"height":1000,"url":"http:\/\/africaatual.com.br\/wp-content\/uploads\/2024\/09\/CARD-UNIV-ZUMBI-CEPRACIAL.jpg","type":"image\/jpeg"}],"author":"Isabel Xavier","twitter_card":"summary_large_image","twitter_misc":{"Escrito por":"Isabel Xavier","Est. tempo de leitura":"3 minutos"},"schema":{"@context":"https:\/\/schema.org","@graph":[{"@type":"Article","@id":"https:\/\/africaatual.com.br\/index.php\/2024\/09\/25\/centro-de-estudos-e-pesquisas-em-justica-racial-ambiental-e-mudancas-climaticas-e-criado-na-universidade-zumbi-dos-palmares\/#article","isPartOf":{"@id":"https:\/\/africaatual.com.br\/index.php\/2024\/09\/25\/centro-de-estudos-e-pesquisas-em-justica-racial-ambiental-e-mudancas-climaticas-e-criado-na-universidade-zumbi-dos-palmares\/"},"author":{"name":"Isabel Xavier","@id":"https:\/\/africaatual.com.br\/#\/schema\/person\/275270ccd0d657af28fbd625ba218b9e"},"headline":"Centro de Estudos e Pesquisas em Justi\u00e7a Racial, Ambiental e Mudan\u00e7as Clim\u00e1ticas \u00e9 criado na Universidade Zumbi dos Palmares","datePublished":"2024-09-25T20:37:16+00:00","dateModified":"2024-09-25T21:09:34+00:00","mainEntityOfPage":{"@id":"https:\/\/africaatual.com.br\/index.php\/2024\/09\/25\/centro-de-estudos-e-pesquisas-em-justica-racial-ambiental-e-mudancas-climaticas-e-criado-na-universidade-zumbi-dos-palmares\/"},"wordCount":416,"commentCount":0,"publisher":{"@id":"https:\/\/africaatual.com.br\/#organization"},"image":{"@id":"https:\/\/africaatual.com.br\/index.php\/2024\/09\/25\/centro-de-estudos-e-pesquisas-em-justica-racial-ambiental-e-mudancas-climaticas-e-criado-na-universidade-zumbi-dos-palmares\/#primaryimage"},"thumbnailUrl":"https:\/\/africaatual.com.br\/wp-content\/uploads\/2024\/09\/CARD-UNIV-ZUMBI-CEPRACIAL.jpg","articleSection":["Eventos"],"inLanguage":"pt-BR","potentialAction":[{"@type":"CommentAction","name":"Comment","target":["https:\/\/africaatual.com.br\/index.php\/2024\/09\/25\/centro-de-estudos-e-pesquisas-em-justica-racial-ambiental-e-mudancas-climaticas-e-criado-na-universidade-zumbi-dos-palmares\/#respond"]}]},{"@type":"WebPage","@id":"https:\/\/africaatual.com.br\/index.php\/2024\/09\/25\/centro-de-estudos-e-pesquisas-em-justica-racial-ambiental-e-mudancas-climaticas-e-criado-na-universidade-zumbi-dos-palmares\/","url":"https:\/\/africaatual.com.br\/index.php\/2024\/09\/25\/centro-de-estudos-e-pesquisas-em-justica-racial-ambiental-e-mudancas-climaticas-e-criado-na-universidade-zumbi-dos-palmares\/","name":"Centro de Estudos e Pesquisas em Justi\u00e7a Racial, Ambiental e Mudan\u00e7as Clim\u00e1ticas \u00e9 criado na Universidade Zumbi dos Palmares - africaatual.com.br","isPartOf":{"@id":"https:\/\/africaatual.com.br\/#website"},"primaryImageOfPage":{"@id":"https:\/\/africaatual.com.br\/index.php\/2024\/09\/25\/centro-de-estudos-e-pesquisas-em-justica-racial-ambiental-e-mudancas-climaticas-e-criado-na-universidade-zumbi-dos-palmares\/#primaryimage"},"image":{"@id":"https:\/\/africaatual.com.br\/index.php\/2024\/09\/25\/centro-de-estudos-e-pesquisas-em-justica-racial-ambiental-e-mudancas-climaticas-e-criado-na-universidade-zumbi-dos-palmares\/#primaryimage"},"thumbnailUrl":"https:\/\/africaatual.com.br\/wp-content\/uploads\/2024\/09\/CARD-UNIV-ZUMBI-CEPRACIAL.jpg","datePublished":"2024-09-25T20:37:16+00:00","dateModified":"2024-09-25T21:09:34+00:00","breadcrumb":{"@id":"https:\/\/africaatual.com.br\/index.php\/2024\/09\/25\/centro-de-estudos-e-pesquisas-em-justica-racial-ambiental-e-mudancas-climaticas-e-criado-na-universidade-zumbi-dos-palmares\/#breadcrumb"},"inLanguage":"pt-BR","potentialAction":[{"@type":"ReadAction","target":["https:\/\/africaatual.com.br\/index.php\/2024\/09\/25\/centro-de-estudos-e-pesquisas-em-justica-racial-ambiental-e-mudancas-climaticas-e-criado-na-universidade-zumbi-dos-palmares\/"]}]},{"@type":"ImageObject","inLanguage":"pt-BR","@id":"https:\/\/africaatual.com.br\/index.php\/2024\/09\/25\/centro-de-estudos-e-pesquisas-em-justica-racial-ambiental-e-mudancas-climaticas-e-criado-na-universidade-zumbi-dos-palmares\/#primaryimage","url":"https:\/\/africaatual.com.br\/wp-content\/uploads\/2024\/09\/CARD-UNIV-ZUMBI-CEPRACIAL.jpg","contentUrl":"https:\/\/africaatual.com.br\/wp-content\/uploads\/2024\/09\/CARD-UNIV-ZUMBI-CEPRACIAL.jpg","width":1000,"height":1000,"caption":"A imagem apresenta as informa\u00e7\u00f5es sobre o evento que ser\u00e1 realizado no dia 02 de outubro de 2024, \u00e0s 17h, de forma presencial e online, no audit\u00f3rio da Universidade Zumbi dos Palmares. O evento contar\u00e1 com a participa\u00e7\u00e3o de tr\u00eas palestrantes e ser\u00e1 mediado pelo Prof. Dr. Odair Marques da Silva, Diretor de P\u00f3s-gradua\u00e7\u00e3o e Pesquisa da universidade. Abertura: Prof. Dr. Jos\u00e9 Vicente, Reitor da Universidade Zumbi dos Palmares. Palestrantes: Leonardo da Cruz, engenheiro el\u00e9trico do Centro de Pesquisas Avan\u00e7adas Wernher Von Braun. Lissa Pesci, cientista da computa\u00e7\u00e3o do Instituto de Pesquisas Eldorado. Fabiana Ramos, t\u00e9cnica em bioqu\u00edmica e bi\u00f3loga da Funda\u00e7\u00e3o de Desenvolvimento da Pesquisa do Agroneg\u00f3cio (FUNDEPAG). O evento \u00e9 realizado pela Universidade Zumbi dos Palmares e o CEPRACIAL (Centro de Estudos e Pesquisas em Justi\u00e7a Racial, Ambiental e Mudan\u00e7as Clim\u00e1ticas), com parceria do SINTPq (Sindicato dos Trabalhadores em Pesquisa, Ci\u00eancia e Tecnologia de S\u00e3o Paulo). No rodap\u00e9 da imagem, consta o site de acesso para mais informa\u00e7\u00f5es e inscri\u00e7\u00f5es: segurancadofuturo.org.br."},{"@type":"BreadcrumbList","@id":"https:\/\/africaatual.com.br\/index.php\/2024\/09\/25\/centro-de-estudos-e-pesquisas-em-justica-racial-ambiental-e-mudancas-climaticas-e-criado-na-universidade-zumbi-dos-palmares\/#breadcrumb","itemListElement":[{"@type":"ListItem","position":1,"name":"In\u00edcio","item":"https:\/\/africaatual.com.br\/"},{"@type":"ListItem","position":2,"name":"Centro de Estudos e Pesquisas em Justi\u00e7a Racial, Ambiental e Mudan\u00e7as Clim\u00e1ticas \u00e9 criado na Universidade Zumbi dos Palmares"}]},{"@type":"WebSite","@id":"https:\/\/africaatual.com.br\/#website","url":"https:\/\/africaatual.com.br\/","name":"africaatual.com.br","description":"O Atlas Geocultural da \u00c1frica \u00e9 um rico material de leitura e pesquisa, que visa apresentar de forma atual os pa\u00edses africanos, ainda t\u00e3o pouco conhecidos.","publisher":{"@id":"https:\/\/africaatual.com.br\/#organization"},"potentialAction":[{"@type":"SearchAction","target":{"@type":"EntryPoint","urlTemplate":"https:\/\/africaatual.com.br\/?s={search_term_string}"},"query-input":{"@type":"PropertyValueSpecification","valueRequired":true,"valueName":"search_term_string"}}],"inLanguage":"pt-BR"},{"@type":"Organization","@id":"https:\/\/africaatual.com.br\/#organization","name":"africaatual.com.br","url":"https:\/\/africaatual.com.br\/","logo":{"@type":"ImageObject","inLanguage":"pt-BR","@id":"https:\/\/africaatual.com.br\/#\/schema\/logo\/image\/","url":"http:\/\/africaatual.com.br\/wp-content\/uploads\/2023\/06\/LOGOEIROS_Prancheta-1-tipo-preto.png","contentUrl":"http:\/\/africaatual.com.br\/wp-content\/uploads\/2023\/06\/LOGOEIROS_Prancheta-1-tipo-preto.png","width":1667,"height":730,"caption":"africaatual.com.br"},"image":{"@id":"https:\/\/africaatual.com.br\/#\/schema\/logo\/image\/"}},{"@type":"Person","@id":"https:\/\/africaatual.com.br\/#\/schema\/person\/275270ccd0d657af28fbd625ba218b9e","name":"Isabel Xavier","image":{"@type":"ImageObject","inLanguage":"pt-BR","@id":"https:\/\/secure.gravatar.com\/avatar\/a917370c365d1c248cd5fe4fc02ff6a26d8a5ef7f28c3c7e41757c19a93a954b?s=96&d=mm&r=g","url":"https:\/\/secure.gravatar.com\/avatar\/a917370c365d1c248cd5fe4fc02ff6a26d8a5ef7f28c3c7e41757c19a93a954b?s=96&d=mm&r=g","contentUrl":"https:\/\/secure.gravatar.com\/avatar\/a917370c365d1c248cd5fe4fc02ff6a26d8a5ef7f28c3c7e41757c19a93a954b?s=96&d=mm&r=g","caption":"Isabel Xavier"},"url":"https:\/\/africaatual.com.br\/index.php\/author\/webdesign-yta\/"}]}},"_links":{"self":[{"href":"https:\/\/africaatual.com.br\/index.php\/wp-json\/wp\/v2\/posts\/11973","targetHints":{"allow":["GET"]}}],"collection":[{"href":"https:\/\/africaatual.com.br\/index.php\/wp-json\/wp\/v2\/posts"}],"about":[{"href":"https:\/\/africaatual.com.br\/index.php\/wp-json\/wp\/v2\/types\/post"}],"author":[{"embeddable":true,"href":"https:\/\/africaatual.com.br\/index.php\/wp-json\/wp\/v2\/users\/2"}],"replies":[{"embeddable":true,"href":"https:\/\/africaatual.com.br\/index.php\/wp-json\/wp\/v2\/comments?post=11973"}],"version-history":[{"count":1,"href":"https:\/\/africaatual.com.br\/index.php\/wp-json\/wp\/v2\/posts\/11973\/revisions"}],"predecessor-version":[{"id":11976,"href":"https:\/\/africaatual.com.br\/index.php\/wp-json\/wp\/v2\/posts\/11973\/revisions\/11976"}],"wp:featuredmedia":[{"embeddable":true,"href":"https:\/\/africaatual.com.br\/index.php\/wp-json\/wp\/v2\/media\/11974"}],"wp:attachment":[{"href":"https:\/\/africaatual.com.br\/index.php\/wp-json\/wp\/v2\/media?parent=11973"}],"wp:term":[{"taxonomy":"category","embeddable":true,"href":"https:\/\/africaatual.com.br\/index.php\/wp-json\/wp\/v2\/categories?post=11973"},{"taxonomy":"post_tag","embeddable":true,"href":"https:\/\/africaatual.com.br\/index.php\/wp-json\/wp\/v2\/tags?post=11973"},{"taxonomy":"palavra-chave","embeddable":true,"href":"https:\/\/africaatual.com.br\/index.php\/wp-json\/wp\/v2\/palavra-chave?post=11973"}],"curies":[{"name":"wp","href":"https:\/\/api.w.org\/{rel}","templated":true}]}}