
{"id":12057,"date":"2024-10-07T12:43:01","date_gmt":"2024-10-07T15:43:01","guid":{"rendered":"https:\/\/africaatual.com.br\/?p=12057"},"modified":"2024-10-07T15:19:27","modified_gmt":"2024-10-07T18:19:27","slug":"feira-cultural-angolana-sao-paulo","status":"publish","type":"post","link":"https:\/\/africaatual.com.br\/index.php\/2024\/10\/07\/feira-cultural-angolana-sao-paulo\/","title":{"rendered":"Feira Cultural Angolana acontece em S\u00e3o Paulo e promove imers\u00e3o na cultura e pot\u00eancia do pa\u00eds"},"content":{"rendered":"\t\t<div data-elementor-type=\"wp-post\" data-elementor-id=\"12057\" class=\"elementor elementor-12057\">\n\t\t\t\t<div class=\"elementor-element elementor-element-6da8fef e-flex e-con-boxed wpr-particle-no wpr-jarallax-no wpr-parallax-no wpr-sticky-section-no wpr-equal-height-no e-con e-parent\" data-id=\"6da8fef\" data-element_type=\"container\" data-e-type=\"container\">\n\t\t\t\t\t<div class=\"e-con-inner\">\n\t\t\t\t<div class=\"elementor-element elementor-element-9e3fdbf elementor-widget elementor-widget-text-editor\" data-id=\"9e3fdbf\" data-element_type=\"widget\" data-e-type=\"widget\" data-widget_type=\"text-editor.default\">\n\t\t\t\t<div class=\"elementor-widget-container\">\n\t\t\t\t\t\t\t\t\t<p>No dia <strong>10 de novembro de 2024<\/strong>, das <strong>10h00 \u00e0s 20h00<\/strong>, S\u00e3o Paulo ser\u00e1 palco da <strong>Feira Cultural Angolana<\/strong>, um evento que celebra a rica heran\u00e7a cultural e as tradi\u00e7\u00f5es africanas, com destaque especial para Angola. O evento acontecer\u00e1 no bairro do Br\u00e1s e ser\u00e1 uma grande oportunidade de interc\u00e2mbio cultural entre Angola, Brasil e outros pa\u00edses africanos. <strong>A entrada \u00e9 gratuita e aberta ao p\u00fablico.<\/strong><\/p><p><strong>\u00a0<\/strong><\/p><h2>Feira Cultural Angolana: um encontro cultural simb\u00f3lico<\/h2><p>A Feira Cultural Angolana coincide com o <strong>49\u00ba Anivers\u00e1rio da Independ\u00eancia de Angola<\/strong>, tornando o evento ainda mais significativo. Al\u00e9m disso, acontece em novembro, o <strong>M\u00eas da Consci\u00eancia Negra no Brasil<\/strong>, refor\u00e7ando a import\u00e2ncia de celebrar a cultura africana e angolana em um contexto de resist\u00eancia e orgulho negro. O evento visa articular a comunidade angolana de S\u00e3o Paulo e outras regi\u00f5es do Brasil, enfatizando que &#8220;n\u00f3s existimos e podemos falar por n\u00f3s&#8221;, reconhecendo e valorizando a contribui\u00e7\u00e3o cultural de angolanos e brasileiros negros.<\/p><h3>&#8220;Em Angola tem e no Brasil mant\u00e9m&#8221;<\/h3><p>Sob o lema <strong>&#8220;Em Angola tem e no Brasil mant\u00e9m&#8221;<\/strong>, a feira destaca as conex\u00f5es culturais profundas entre as duas na\u00e7\u00f5es. A programa\u00e7\u00e3o ser\u00e1 repleta de atra\u00e7\u00f5es que proporcionam ao p\u00fablico brasileiro uma imers\u00e3o na cultura angolana, incluindo a t\u00e3o aguardada <strong>Batalha de Kuduru<\/strong>, uma apresenta\u00e7\u00e3o vibrante que promete ser um dos pontos altos do evento. O dia tamb\u00e9m ser\u00e1 repleto de apresenta\u00e7\u00f5es musicais que trar\u00e3o ritmos, cores e sabores t\u00edpicos de Angola, promovendo uma experi\u00eancia sensorial completa.<\/p><h3>Idealizadores e Apoios<\/h3><p>Safira Onilda e Japhet Ozias, idealizadores do evento, refor\u00e7am a import\u00e2ncia de reunir a comunidade angolana para celebrar suas tradi\u00e7\u00f5es em territ\u00f3rio brasileiro: <strong>&#8220;Reunir a comunidade angolana para celebrar e vivenciar nossas produ\u00e7\u00f5es e cultura em territ\u00f3rio brasileiro nos mostra o quanto \u00e9 importante manter as tradi\u00e7\u00f5es e a mem\u00f3ria do nosso povo.&#8221;<\/strong><\/p><p>A Feira conta com o apoio do <strong>Fomento \u00e0 Cultura da Periferia (8\u00aa edi\u00e7\u00e3o)<\/strong>, <strong>Casa de Angola<\/strong>, <strong>Prefeitura de S\u00e3o Paulo<\/strong> e sua <strong>Secretaria de Cultura<\/strong>, e promete trazer uma verdadeira imers\u00e3o na cultura angolana, destacando a resist\u00eancia e a identidade negra.<\/p><h3>Servi\u00e7o:<\/h3><ul><li><strong>Evento<\/strong>: Feira Cultural Angolana<\/li><li><strong>Data<\/strong>: 10 de novembro de 2024<\/li><li><strong>Hor\u00e1rio<\/strong>: Das 10h00 \u00e0s 20h00<\/li><li><strong>Local<\/strong>: Rua Jos\u00e9 de Alencar, S\/N \u2013 Bairro Br\u00e1s, S\u00e3o Paulo<\/li><li><strong>Ingressos<\/strong>: Gratuito<\/li><li>\u00a0<\/li><\/ul><h3>Sobre a Feira Cultural Angolana:<\/h3><p>A Feira Cultural Angolana \u00e9 um evento anual que acontece em S\u00e3o Paulo, dedicado a celebrar a rica heran\u00e7a cultural de Angola e promover o interc\u00e2mbio cultural entre Brasil, Angola e outros pa\u00edses africanos. Organizado no bairro hist\u00f3rico do Br\u00e1s, o evento re\u00fane artistas, m\u00fasicos, chefs e artes\u00e3os para oferecer uma experi\u00eancia completa da cultura angolana.<\/p><p>Para mais informa\u00e7\u00f5es, visite:<br \/><a href=\"https:\/\/www.instagram.com\/cidadebantus\" target=\"_new\" rel=\"noopener\">https:\/\/www.instagram.com\/cidadebantus<\/a>.<\/p><h3>Contato para Imprensa:<\/h3><ul><li><strong>Val Motta<\/strong><\/li><li><strong>E-mail<\/strong>: <a rel=\"noopener\">funani.pro@gmail.com<\/a><\/li><li><strong>Telefone<\/strong>: +55 (11) 95347-6272<\/li><\/ul>\t\t\t\t\t\t\t\t<\/div>\n\t\t\t\t<\/div>\n\t\t\t\t\t<\/div>\n\t\t\t\t<\/div>\n\t\t<div class=\"elementor-element elementor-element-43e90d1 e-flex e-con-boxed wpr-particle-no wpr-jarallax-no wpr-parallax-no wpr-sticky-section-no wpr-equal-height-no e-con e-parent\" data-id=\"43e90d1\" data-element_type=\"container\" data-e-type=\"container\">\n\t\t\t\t\t<div class=\"e-con-inner\">\n\t\t\t\t<div class=\"elementor-element elementor-element-612bfae elementor-widget elementor-widget-image\" data-id=\"612bfae\" data-element_type=\"widget\" data-e-type=\"widget\" data-widget_type=\"image.default\">\n\t\t\t\t<div class=\"elementor-widget-container\">\n\t\t\t\t\t\t\t\t\t\t\t\t\t\t\t<img fetchpriority=\"high\" decoding=\"async\" width=\"1024\" height=\"1024\" src=\"https:\/\/africaatual.com.br\/wp-content\/uploads\/2024\/10\/O-BNDES-Garagem-e-o-programa-do-Banco-Nacional-de-Desenvolvimento-Economico-e-Social-BNDES-de-incentivo-a-startups-que-promove-e-incentiva-acoes-empreendedoras-em-todo-o-Brasil.-A-iniciativa-e-u-1-1024x1024.jpg\" class=\"attachment-large size-large wp-image-12065\" alt=\"Pessoa com \u00f3culos e express\u00e3o serena envolta em tecido colorido com estampas vibrantes africanas. A imagem destaca elementos da cultura africana atrav\u00e9s de suas vestimentas e acess\u00f3rios\" srcset=\"https:\/\/africaatual.com.br\/wp-content\/uploads\/2024\/10\/O-BNDES-Garagem-e-o-programa-do-Banco-Nacional-de-Desenvolvimento-Economico-e-Social-BNDES-de-incentivo-a-startups-que-promove-e-incentiva-acoes-empreendedoras-em-todo-o-Brasil.-A-iniciativa-e-u-1-1024x1024.jpg 1024w, https:\/\/africaatual.com.br\/wp-content\/uploads\/2024\/10\/O-BNDES-Garagem-e-o-programa-do-Banco-Nacional-de-Desenvolvimento-Economico-e-Social-BNDES-de-incentivo-a-startups-que-promove-e-incentiva-acoes-empreendedoras-em-todo-o-Brasil.-A-iniciativa-e-u-1-300x300.jpg 300w, https:\/\/africaatual.com.br\/wp-content\/uploads\/2024\/10\/O-BNDES-Garagem-e-o-programa-do-Banco-Nacional-de-Desenvolvimento-Economico-e-Social-BNDES-de-incentivo-a-startups-que-promove-e-incentiva-acoes-empreendedoras-em-todo-o-Brasil.-A-iniciativa-e-u-1-150x150.jpg 150w, https:\/\/africaatual.com.br\/wp-content\/uploads\/2024\/10\/O-BNDES-Garagem-e-o-programa-do-Banco-Nacional-de-Desenvolvimento-Economico-e-Social-BNDES-de-incentivo-a-startups-que-promove-e-incentiva-acoes-empreendedoras-em-todo-o-Brasil.-A-iniciativa-e-u-1-768x768.jpg 768w, https:\/\/africaatual.com.br\/wp-content\/uploads\/2024\/10\/O-BNDES-Garagem-e-o-programa-do-Banco-Nacional-de-Desenvolvimento-Economico-e-Social-BNDES-de-incentivo-a-startups-que-promove-e-incentiva-acoes-empreendedoras-em-todo-o-Brasil.-A-iniciativa-e-u-1-600x600.jpg 600w, https:\/\/africaatual.com.br\/wp-content\/uploads\/2024\/10\/O-BNDES-Garagem-e-o-programa-do-Banco-Nacional-de-Desenvolvimento-Economico-e-Social-BNDES-de-incentivo-a-startups-que-promove-e-incentiva-acoes-empreendedoras-em-todo-o-Brasil.-A-iniciativa-e-u-1.jpg 1080w\" sizes=\"(max-width: 1024px) 100vw, 1024px\" \/>\t\t\t\t\t\t\t\t\t\t\t\t\t\t\t<\/div>\n\t\t\t\t<\/div>\n\t\t\t\t\t<\/div>\n\t\t\t\t<\/div>\n\t\t<div class=\"elementor-element elementor-element-444d356 e-flex e-con-boxed wpr-particle-no wpr-jarallax-no wpr-parallax-no wpr-sticky-section-no wpr-equal-height-no e-con e-parent\" data-id=\"444d356\" data-element_type=\"container\" data-e-type=\"container\">\n\t\t\t\t\t<div class=\"e-con-inner\">\n\t\t\t\t<div class=\"elementor-element elementor-element-49670f2 elementor-widget elementor-widget-image\" data-id=\"49670f2\" data-element_type=\"widget\" data-e-type=\"widget\" data-widget_type=\"image.default\">\n\t\t\t\t<div class=\"elementor-widget-container\">\n\t\t\t\t\t\t\t\t\t\t\t\t\t\t\t<img decoding=\"async\" width=\"1024\" height=\"1024\" src=\"https:\/\/africaatual.com.br\/wp-content\/uploads\/2024\/10\/O-BNDES-Garagem-e-o-programa-do-Banco-Nacional-de-Desenvolvimento-Economico-e-Social-BNDES-de-incentivo-a-startups-que-promove-e-incentiva-acoes-empreendedoras-em-todo-o-Brasil.-A-iniciativa-e-u-1024x1024.jpg\" class=\"attachment-large size-large wp-image-12066\" alt=\"Mulher sorrindo enquanto abra\u00e7a uma crian\u00e7a, ambos transmitindo alegria e conex\u00e3o familiar. A mulher usa um turbante tradicional africano com estampas, representando a celebra\u00e7\u00e3o da cultura angolana. Texto sobre a Feira Cultural Angolana em S\u00e3o Paulo aparece no rodap\u00e9.\" srcset=\"https:\/\/africaatual.com.br\/wp-content\/uploads\/2024\/10\/O-BNDES-Garagem-e-o-programa-do-Banco-Nacional-de-Desenvolvimento-Economico-e-Social-BNDES-de-incentivo-a-startups-que-promove-e-incentiva-acoes-empreendedoras-em-todo-o-Brasil.-A-iniciativa-e-u-1024x1024.jpg 1024w, https:\/\/africaatual.com.br\/wp-content\/uploads\/2024\/10\/O-BNDES-Garagem-e-o-programa-do-Banco-Nacional-de-Desenvolvimento-Economico-e-Social-BNDES-de-incentivo-a-startups-que-promove-e-incentiva-acoes-empreendedoras-em-todo-o-Brasil.-A-iniciativa-e-u-300x300.jpg 300w, https:\/\/africaatual.com.br\/wp-content\/uploads\/2024\/10\/O-BNDES-Garagem-e-o-programa-do-Banco-Nacional-de-Desenvolvimento-Economico-e-Social-BNDES-de-incentivo-a-startups-que-promove-e-incentiva-acoes-empreendedoras-em-todo-o-Brasil.-A-iniciativa-e-u-150x150.jpg 150w, https:\/\/africaatual.com.br\/wp-content\/uploads\/2024\/10\/O-BNDES-Garagem-e-o-programa-do-Banco-Nacional-de-Desenvolvimento-Economico-e-Social-BNDES-de-incentivo-a-startups-que-promove-e-incentiva-acoes-empreendedoras-em-todo-o-Brasil.-A-iniciativa-e-u-768x768.jpg 768w, https:\/\/africaatual.com.br\/wp-content\/uploads\/2024\/10\/O-BNDES-Garagem-e-o-programa-do-Banco-Nacional-de-Desenvolvimento-Economico-e-Social-BNDES-de-incentivo-a-startups-que-promove-e-incentiva-acoes-empreendedoras-em-todo-o-Brasil.-A-iniciativa-e-u-600x600.jpg 600w, https:\/\/africaatual.com.br\/wp-content\/uploads\/2024\/10\/O-BNDES-Garagem-e-o-programa-do-Banco-Nacional-de-Desenvolvimento-Economico-e-Social-BNDES-de-incentivo-a-startups-que-promove-e-incentiva-acoes-empreendedoras-em-todo-o-Brasil.-A-iniciativa-e-u.jpg 1080w\" sizes=\"(max-width: 1024px) 100vw, 1024px\" \/>\t\t\t\t\t\t\t\t\t\t\t\t\t\t\t<\/div>\n\t\t\t\t<\/div>\n\t\t\t\t\t<\/div>\n\t\t\t\t<\/div>\n\t\t\t\t<\/div>\n\t\t","protected":false},"excerpt":{"rendered":"<p>Participe da Feira Cultural Angolana em S\u00e3o Paulo no dia 10 de novembro de 2024. Celebre a cultura africana com a Batalha de Kuduru e outras atra\u00e7\u00f5es gratuitas no Br\u00e1s.<\/p>\n","protected":false},"author":1,"featured_media":12066,"comment_status":"open","ping_status":"open","sticky":false,"template":"elementor_theme","format":"standard","meta":{"inline_featured_image":false,"ocean_post_layout":"","ocean_both_sidebars_style":"","ocean_both_sidebars_content_width":0,"ocean_both_sidebars_sidebars_width":0,"ocean_sidebar":"","ocean_second_sidebar":"","ocean_disable_margins":"enable","ocean_add_body_class":"","ocean_shortcode_before_top_bar":"","ocean_shortcode_after_top_bar":"","ocean_shortcode_before_header":"","ocean_shortcode_after_header":"","ocean_has_shortcode":"","ocean_shortcode_after_title":"","ocean_shortcode_before_footer_widgets":"","ocean_shortcode_after_footer_widgets":"","ocean_shortcode_before_footer_bottom":"","ocean_shortcode_after_footer_bottom":"","ocean_display_top_bar":"default","ocean_display_header":"default","ocean_header_style":"","ocean_center_header_left_menu":"","ocean_custom_header_template":"","ocean_custom_logo":0,"ocean_custom_retina_logo":0,"ocean_custom_logo_max_width":0,"ocean_custom_logo_tablet_max_width":0,"ocean_custom_logo_mobile_max_width":0,"ocean_custom_logo_max_height":0,"ocean_custom_logo_tablet_max_height":0,"ocean_custom_logo_mobile_max_height":0,"ocean_header_custom_menu":"","ocean_menu_typo_font_family":"","ocean_menu_typo_font_subset":"","ocean_menu_typo_font_size":0,"ocean_menu_typo_font_size_tablet":0,"ocean_menu_typo_font_size_mobile":0,"ocean_menu_typo_font_size_unit":"px","ocean_menu_typo_font_weight":"","ocean_menu_typo_font_weight_tablet":"","ocean_menu_typo_font_weight_mobile":"","ocean_menu_typo_transform":"","ocean_menu_typo_transform_tablet":"","ocean_menu_typo_transform_mobile":"","ocean_menu_typo_line_height":0,"ocean_menu_typo_line_height_tablet":0,"ocean_menu_typo_line_height_mobile":0,"ocean_menu_typo_line_height_unit":"","ocean_menu_typo_spacing":0,"ocean_menu_typo_spacing_tablet":0,"ocean_menu_typo_spacing_mobile":0,"ocean_menu_typo_spacing_unit":"","ocean_menu_link_color":"","ocean_menu_link_color_hover":"","ocean_menu_link_color_active":"","ocean_menu_link_background":"","ocean_menu_link_hover_background":"","ocean_menu_link_active_background":"","ocean_menu_social_links_bg":"","ocean_menu_social_hover_links_bg":"","ocean_menu_social_links_color":"","ocean_menu_social_hover_links_color":"","ocean_disable_title":"default","ocean_disable_heading":"default","ocean_post_title":"","ocean_post_subheading":"","ocean_post_title_style":"","ocean_post_title_background_color":"","ocean_post_title_background":0,"ocean_post_title_bg_image_position":"","ocean_post_title_bg_image_attachment":"","ocean_post_title_bg_image_repeat":"","ocean_post_title_bg_image_size":"","ocean_post_title_height":0,"ocean_post_title_bg_overlay":0.5,"ocean_post_title_bg_overlay_color":"","ocean_disable_breadcrumbs":"default","ocean_breadcrumbs_color":"","ocean_breadcrumbs_separator_color":"","ocean_breadcrumbs_links_color":"","ocean_breadcrumbs_links_hover_color":"","ocean_display_footer_widgets":"default","ocean_display_footer_bottom":"default","ocean_custom_footer_template":"","omw_enable_modal_window":"enable","ocean_post_oembed":"","ocean_post_self_hosted_media":"","ocean_post_video_embed":"","ocean_link_format":"","ocean_link_format_target":"self","ocean_quote_format":"","ocean_quote_format_link":"post","ocean_gallery_link_images":"on","ocean_gallery_id":[],"footnotes":""},"categories":[1,14],"tags":[130,234],"palavra-chave":[19],"class_list":["post-12057","post","type-post","status-publish","format-standard","has-post-thumbnail","hentry","category-blog","category-noticias","tag-angola","tag-sao-paulo","palavra-chave-culturas-da-africa","entry","has-media"],"yoast_head":"<!-- This site is optimized with the Yoast SEO plugin v27.3 - https:\/\/yoast.com\/product\/yoast-seo-wordpress\/ -->\n<title>Feira Cultural Angolana acontece em S\u00e3o Paulo e promove imers\u00e3o na cultura e pot\u00eancia do pa\u00eds - africaatual.com.br<\/title>\n<meta name=\"description\" content=\"Participe da Feira Cultural Angolana em S\u00e3o Paulo no dia 10 de novembro de 2024. Celebre a cultura africana com a Batalha de Kuduru e outras atra\u00e7\u00f5es gratuitas no Br\u00e1s.\" \/>\n<meta name=\"robots\" content=\"index, follow, max-snippet:-1, max-image-preview:large, max-video-preview:-1\" \/>\n<link rel=\"canonical\" href=\"https:\/\/africaatual.com.br\/index.php\/2024\/10\/07\/feira-cultural-angolana-sao-paulo\/\" \/>\n<meta property=\"og:locale\" content=\"pt_BR\" \/>\n<meta property=\"og:type\" content=\"article\" \/>\n<meta property=\"og:title\" content=\"Feira Cultural Angolana acontece em S\u00e3o Paulo e promove imers\u00e3o na cultura e pot\u00eancia do pa\u00eds - africaatual.com.br\" \/>\n<meta property=\"og:description\" content=\"Participe da Feira Cultural Angolana em S\u00e3o Paulo no dia 10 de novembro de 2024. Celebre a cultura africana com a Batalha de Kuduru e outras atra\u00e7\u00f5es gratuitas no Br\u00e1s.\" \/>\n<meta property=\"og:url\" content=\"https:\/\/africaatual.com.br\/index.php\/2024\/10\/07\/feira-cultural-angolana-sao-paulo\/\" \/>\n<meta property=\"og:site_name\" content=\"africaatual.com.br\" \/>\n<meta property=\"article:published_time\" content=\"2024-10-07T15:43:01+00:00\" \/>\n<meta property=\"article:modified_time\" content=\"2024-10-07T18:19:27+00:00\" \/>\n<meta property=\"og:image\" content=\"http:\/\/africaatual.com.br\/wp-content\/uploads\/2024\/10\/O-BNDES-Garagem-e-o-programa-do-Banco-Nacional-de-Desenvolvimento-Economico-e-Social-BNDES-de-incentivo-a-startups-que-promove-e-incentiva-acoes-empreendedoras-em-todo-o-Brasil.-A-iniciativa-e-u.jpg\" \/>\n\t<meta property=\"og:image:width\" content=\"1080\" \/>\n\t<meta property=\"og:image:height\" content=\"1080\" \/>\n\t<meta property=\"og:image:type\" content=\"image\/jpeg\" \/>\n<meta name=\"author\" content=\"africaatual\" \/>\n<meta name=\"twitter:card\" content=\"summary_large_image\" \/>\n<meta name=\"twitter:label1\" content=\"Escrito por\" \/>\n\t<meta name=\"twitter:data1\" content=\"africaatual\" \/>\n\t<meta name=\"twitter:label2\" content=\"Est. tempo de leitura\" \/>\n\t<meta name=\"twitter:data2\" content=\"4 minutos\" \/>\n<script type=\"application\/ld+json\" class=\"yoast-schema-graph\">{\"@context\":\"https:\\\/\\\/schema.org\",\"@graph\":[{\"@type\":\"Article\",\"@id\":\"https:\\\/\\\/africaatual.com.br\\\/index.php\\\/2024\\\/10\\\/07\\\/feira-cultural-angolana-sao-paulo\\\/#article\",\"isPartOf\":{\"@id\":\"https:\\\/\\\/africaatual.com.br\\\/index.php\\\/2024\\\/10\\\/07\\\/feira-cultural-angolana-sao-paulo\\\/\"},\"author\":{\"name\":\"africaatual\",\"@id\":\"https:\\\/\\\/africaatual.com.br\\\/#\\\/schema\\\/person\\\/31315b203b16bec551dcad6d14ff6b17\"},\"headline\":\"Feira Cultural Angolana acontece em S\u00e3o Paulo e promove imers\u00e3o na cultura e pot\u00eancia do pa\u00eds\",\"datePublished\":\"2024-10-07T15:43:01+00:00\",\"dateModified\":\"2024-10-07T18:19:27+00:00\",\"mainEntityOfPage\":{\"@id\":\"https:\\\/\\\/africaatual.com.br\\\/index.php\\\/2024\\\/10\\\/07\\\/feira-cultural-angolana-sao-paulo\\\/\"},\"wordCount\":524,\"commentCount\":0,\"publisher\":{\"@id\":\"https:\\\/\\\/africaatual.com.br\\\/#organization\"},\"image\":{\"@id\":\"https:\\\/\\\/africaatual.com.br\\\/index.php\\\/2024\\\/10\\\/07\\\/feira-cultural-angolana-sao-paulo\\\/#primaryimage\"},\"thumbnailUrl\":\"https:\\\/\\\/africaatual.com.br\\\/wp-content\\\/uploads\\\/2024\\\/10\\\/O-BNDES-Garagem-e-o-programa-do-Banco-Nacional-de-Desenvolvimento-Economico-e-Social-BNDES-de-incentivo-a-startups-que-promove-e-incentiva-acoes-empreendedoras-em-todo-o-Brasil.-A-iniciativa-e-u.jpg\",\"keywords\":[\"Angola\",\"S\u00e3o Paulo\"],\"articleSection\":[\"Blog\",\"Not\u00edcias\"],\"inLanguage\":\"pt-BR\",\"potentialAction\":[{\"@type\":\"CommentAction\",\"name\":\"Comment\",\"target\":[\"https:\\\/\\\/africaatual.com.br\\\/index.php\\\/2024\\\/10\\\/07\\\/feira-cultural-angolana-sao-paulo\\\/#respond\"]}]},{\"@type\":\"WebPage\",\"@id\":\"https:\\\/\\\/africaatual.com.br\\\/index.php\\\/2024\\\/10\\\/07\\\/feira-cultural-angolana-sao-paulo\\\/\",\"url\":\"https:\\\/\\\/africaatual.com.br\\\/index.php\\\/2024\\\/10\\\/07\\\/feira-cultural-angolana-sao-paulo\\\/\",\"name\":\"Feira Cultural Angolana acontece em S\u00e3o Paulo e promove imers\u00e3o na cultura e pot\u00eancia do pa\u00eds - africaatual.com.br\",\"isPartOf\":{\"@id\":\"https:\\\/\\\/africaatual.com.br\\\/#website\"},\"primaryImageOfPage\":{\"@id\":\"https:\\\/\\\/africaatual.com.br\\\/index.php\\\/2024\\\/10\\\/07\\\/feira-cultural-angolana-sao-paulo\\\/#primaryimage\"},\"image\":{\"@id\":\"https:\\\/\\\/africaatual.com.br\\\/index.php\\\/2024\\\/10\\\/07\\\/feira-cultural-angolana-sao-paulo\\\/#primaryimage\"},\"thumbnailUrl\":\"https:\\\/\\\/africaatual.com.br\\\/wp-content\\\/uploads\\\/2024\\\/10\\\/O-BNDES-Garagem-e-o-programa-do-Banco-Nacional-de-Desenvolvimento-Economico-e-Social-BNDES-de-incentivo-a-startups-que-promove-e-incentiva-acoes-empreendedoras-em-todo-o-Brasil.-A-iniciativa-e-u.jpg\",\"datePublished\":\"2024-10-07T15:43:01+00:00\",\"dateModified\":\"2024-10-07T18:19:27+00:00\",\"description\":\"Participe da Feira Cultural Angolana em S\u00e3o Paulo no dia 10 de novembro de 2024. Celebre a cultura africana com a Batalha de Kuduru e outras atra\u00e7\u00f5es gratuitas no Br\u00e1s.\",\"breadcrumb\":{\"@id\":\"https:\\\/\\\/africaatual.com.br\\\/index.php\\\/2024\\\/10\\\/07\\\/feira-cultural-angolana-sao-paulo\\\/#breadcrumb\"},\"inLanguage\":\"pt-BR\",\"potentialAction\":[{\"@type\":\"ReadAction\",\"target\":[\"https:\\\/\\\/africaatual.com.br\\\/index.php\\\/2024\\\/10\\\/07\\\/feira-cultural-angolana-sao-paulo\\\/\"]}]},{\"@type\":\"ImageObject\",\"inLanguage\":\"pt-BR\",\"@id\":\"https:\\\/\\\/africaatual.com.br\\\/index.php\\\/2024\\\/10\\\/07\\\/feira-cultural-angolana-sao-paulo\\\/#primaryimage\",\"url\":\"https:\\\/\\\/africaatual.com.br\\\/wp-content\\\/uploads\\\/2024\\\/10\\\/O-BNDES-Garagem-e-o-programa-do-Banco-Nacional-de-Desenvolvimento-Economico-e-Social-BNDES-de-incentivo-a-startups-que-promove-e-incentiva-acoes-empreendedoras-em-todo-o-Brasil.-A-iniciativa-e-u.jpg\",\"contentUrl\":\"https:\\\/\\\/africaatual.com.br\\\/wp-content\\\/uploads\\\/2024\\\/10\\\/O-BNDES-Garagem-e-o-programa-do-Banco-Nacional-de-Desenvolvimento-Economico-e-Social-BNDES-de-incentivo-a-startups-que-promove-e-incentiva-acoes-empreendedoras-em-todo-o-Brasil.-A-iniciativa-e-u.jpg\",\"width\":1080,\"height\":1080,\"caption\":\"Feira Cultural Angolana em S\u00e3o Paulo \u2013 Celebra\u00e7\u00e3o da Cultura e Tradi\u00e7\u00f5es Africanas\"},{\"@type\":\"BreadcrumbList\",\"@id\":\"https:\\\/\\\/africaatual.com.br\\\/index.php\\\/2024\\\/10\\\/07\\\/feira-cultural-angolana-sao-paulo\\\/#breadcrumb\",\"itemListElement\":[{\"@type\":\"ListItem\",\"position\":1,\"name\":\"In\u00edcio\",\"item\":\"https:\\\/\\\/africaatual.com.br\\\/\"},{\"@type\":\"ListItem\",\"position\":2,\"name\":\"Feira Cultural Angolana acontece em S\u00e3o Paulo e promove imers\u00e3o na cultura e pot\u00eancia do pa\u00eds\"}]},{\"@type\":\"WebSite\",\"@id\":\"https:\\\/\\\/africaatual.com.br\\\/#website\",\"url\":\"https:\\\/\\\/africaatual.com.br\\\/\",\"name\":\"africaatual.com.br\",\"description\":\"O Atlas Geocultural da \u00c1frica \u00e9 um rico material de leitura e pesquisa, que visa apresentar de forma atual os pa\u00edses africanos, ainda t\u00e3o pouco conhecidos.\",\"publisher\":{\"@id\":\"https:\\\/\\\/africaatual.com.br\\\/#organization\"},\"potentialAction\":[{\"@type\":\"SearchAction\",\"target\":{\"@type\":\"EntryPoint\",\"urlTemplate\":\"https:\\\/\\\/africaatual.com.br\\\/?s={search_term_string}\"},\"query-input\":{\"@type\":\"PropertyValueSpecification\",\"valueRequired\":true,\"valueName\":\"search_term_string\"}}],\"inLanguage\":\"pt-BR\"},{\"@type\":\"Organization\",\"@id\":\"https:\\\/\\\/africaatual.com.br\\\/#organization\",\"name\":\"africaatual.com.br\",\"url\":\"https:\\\/\\\/africaatual.com.br\\\/\",\"logo\":{\"@type\":\"ImageObject\",\"inLanguage\":\"pt-BR\",\"@id\":\"https:\\\/\\\/africaatual.com.br\\\/#\\\/schema\\\/logo\\\/image\\\/\",\"url\":\"http:\\\/\\\/africaatual.com.br\\\/wp-content\\\/uploads\\\/2023\\\/06\\\/LOGOEIROS_Prancheta-1-tipo-preto.png\",\"contentUrl\":\"http:\\\/\\\/africaatual.com.br\\\/wp-content\\\/uploads\\\/2023\\\/06\\\/LOGOEIROS_Prancheta-1-tipo-preto.png\",\"width\":1667,\"height\":730,\"caption\":\"africaatual.com.br\"},\"image\":{\"@id\":\"https:\\\/\\\/africaatual.com.br\\\/#\\\/schema\\\/logo\\\/image\\\/\"}},{\"@type\":\"Person\",\"@id\":\"https:\\\/\\\/africaatual.com.br\\\/#\\\/schema\\\/person\\\/31315b203b16bec551dcad6d14ff6b17\",\"name\":\"africaatual\",\"image\":{\"@type\":\"ImageObject\",\"inLanguage\":\"pt-BR\",\"@id\":\"https:\\\/\\\/secure.gravatar.com\\\/avatar\\\/62aeeba3c7bd20a0a9ee0e00da31fba130446f5c08871cd9335ec9bce29b9030?s=96&d=mm&r=g\",\"url\":\"https:\\\/\\\/secure.gravatar.com\\\/avatar\\\/62aeeba3c7bd20a0a9ee0e00da31fba130446f5c08871cd9335ec9bce29b9030?s=96&d=mm&r=g\",\"contentUrl\":\"https:\\\/\\\/secure.gravatar.com\\\/avatar\\\/62aeeba3c7bd20a0a9ee0e00da31fba130446f5c08871cd9335ec9bce29b9030?s=96&d=mm&r=g\",\"caption\":\"africaatual\"},\"sameAs\":[\"http:\\\/\\\/africaatual.com.br\"],\"url\":\"https:\\\/\\\/africaatual.com.br\\\/index.php\\\/author\\\/atlasgeoculturalafricaatual-com\\\/\"}]}<\/script>\n<!-- \/ Yoast SEO plugin. -->","yoast_head_json":{"title":"Feira Cultural Angolana acontece em S\u00e3o Paulo e promove imers\u00e3o na cultura e pot\u00eancia do pa\u00eds - africaatual.com.br","description":"Participe da Feira Cultural Angolana em S\u00e3o Paulo no dia 10 de novembro de 2024. Celebre a cultura africana com a Batalha de Kuduru e outras atra\u00e7\u00f5es gratuitas no Br\u00e1s.","robots":{"index":"index","follow":"follow","max-snippet":"max-snippet:-1","max-image-preview":"max-image-preview:large","max-video-preview":"max-video-preview:-1"},"canonical":"https:\/\/africaatual.com.br\/index.php\/2024\/10\/07\/feira-cultural-angolana-sao-paulo\/","og_locale":"pt_BR","og_type":"article","og_title":"Feira Cultural Angolana acontece em S\u00e3o Paulo e promove imers\u00e3o na cultura e pot\u00eancia do pa\u00eds - africaatual.com.br","og_description":"Participe da Feira Cultural Angolana em S\u00e3o Paulo no dia 10 de novembro de 2024. Celebre a cultura africana com a Batalha de Kuduru e outras atra\u00e7\u00f5es gratuitas no Br\u00e1s.","og_url":"https:\/\/africaatual.com.br\/index.php\/2024\/10\/07\/feira-cultural-angolana-sao-paulo\/","og_site_name":"africaatual.com.br","article_published_time":"2024-10-07T15:43:01+00:00","article_modified_time":"2024-10-07T18:19:27+00:00","og_image":[{"width":1080,"height":1080,"url":"http:\/\/africaatual.com.br\/wp-content\/uploads\/2024\/10\/O-BNDES-Garagem-e-o-programa-do-Banco-Nacional-de-Desenvolvimento-Economico-e-Social-BNDES-de-incentivo-a-startups-que-promove-e-incentiva-acoes-empreendedoras-em-todo-o-Brasil.-A-iniciativa-e-u.jpg","type":"image\/jpeg"}],"author":"africaatual","twitter_card":"summary_large_image","twitter_misc":{"Escrito por":"africaatual","Est. tempo de leitura":"4 minutos"},"schema":{"@context":"https:\/\/schema.org","@graph":[{"@type":"Article","@id":"https:\/\/africaatual.com.br\/index.php\/2024\/10\/07\/feira-cultural-angolana-sao-paulo\/#article","isPartOf":{"@id":"https:\/\/africaatual.com.br\/index.php\/2024\/10\/07\/feira-cultural-angolana-sao-paulo\/"},"author":{"name":"africaatual","@id":"https:\/\/africaatual.com.br\/#\/schema\/person\/31315b203b16bec551dcad6d14ff6b17"},"headline":"Feira Cultural Angolana acontece em S\u00e3o Paulo e promove imers\u00e3o na cultura e pot\u00eancia do pa\u00eds","datePublished":"2024-10-07T15:43:01+00:00","dateModified":"2024-10-07T18:19:27+00:00","mainEntityOfPage":{"@id":"https:\/\/africaatual.com.br\/index.php\/2024\/10\/07\/feira-cultural-angolana-sao-paulo\/"},"wordCount":524,"commentCount":0,"publisher":{"@id":"https:\/\/africaatual.com.br\/#organization"},"image":{"@id":"https:\/\/africaatual.com.br\/index.php\/2024\/10\/07\/feira-cultural-angolana-sao-paulo\/#primaryimage"},"thumbnailUrl":"https:\/\/africaatual.com.br\/wp-content\/uploads\/2024\/10\/O-BNDES-Garagem-e-o-programa-do-Banco-Nacional-de-Desenvolvimento-Economico-e-Social-BNDES-de-incentivo-a-startups-que-promove-e-incentiva-acoes-empreendedoras-em-todo-o-Brasil.-A-iniciativa-e-u.jpg","keywords":["Angola","S\u00e3o Paulo"],"articleSection":["Blog","Not\u00edcias"],"inLanguage":"pt-BR","potentialAction":[{"@type":"CommentAction","name":"Comment","target":["https:\/\/africaatual.com.br\/index.php\/2024\/10\/07\/feira-cultural-angolana-sao-paulo\/#respond"]}]},{"@type":"WebPage","@id":"https:\/\/africaatual.com.br\/index.php\/2024\/10\/07\/feira-cultural-angolana-sao-paulo\/","url":"https:\/\/africaatual.com.br\/index.php\/2024\/10\/07\/feira-cultural-angolana-sao-paulo\/","name":"Feira Cultural Angolana acontece em S\u00e3o Paulo e promove imers\u00e3o na cultura e pot\u00eancia do pa\u00eds - africaatual.com.br","isPartOf":{"@id":"https:\/\/africaatual.com.br\/#website"},"primaryImageOfPage":{"@id":"https:\/\/africaatual.com.br\/index.php\/2024\/10\/07\/feira-cultural-angolana-sao-paulo\/#primaryimage"},"image":{"@id":"https:\/\/africaatual.com.br\/index.php\/2024\/10\/07\/feira-cultural-angolana-sao-paulo\/#primaryimage"},"thumbnailUrl":"https:\/\/africaatual.com.br\/wp-content\/uploads\/2024\/10\/O-BNDES-Garagem-e-o-programa-do-Banco-Nacional-de-Desenvolvimento-Economico-e-Social-BNDES-de-incentivo-a-startups-que-promove-e-incentiva-acoes-empreendedoras-em-todo-o-Brasil.-A-iniciativa-e-u.jpg","datePublished":"2024-10-07T15:43:01+00:00","dateModified":"2024-10-07T18:19:27+00:00","description":"Participe da Feira Cultural Angolana em S\u00e3o Paulo no dia 10 de novembro de 2024. Celebre a cultura africana com a Batalha de Kuduru e outras atra\u00e7\u00f5es gratuitas no Br\u00e1s.","breadcrumb":{"@id":"https:\/\/africaatual.com.br\/index.php\/2024\/10\/07\/feira-cultural-angolana-sao-paulo\/#breadcrumb"},"inLanguage":"pt-BR","potentialAction":[{"@type":"ReadAction","target":["https:\/\/africaatual.com.br\/index.php\/2024\/10\/07\/feira-cultural-angolana-sao-paulo\/"]}]},{"@type":"ImageObject","inLanguage":"pt-BR","@id":"https:\/\/africaatual.com.br\/index.php\/2024\/10\/07\/feira-cultural-angolana-sao-paulo\/#primaryimage","url":"https:\/\/africaatual.com.br\/wp-content\/uploads\/2024\/10\/O-BNDES-Garagem-e-o-programa-do-Banco-Nacional-de-Desenvolvimento-Economico-e-Social-BNDES-de-incentivo-a-startups-que-promove-e-incentiva-acoes-empreendedoras-em-todo-o-Brasil.-A-iniciativa-e-u.jpg","contentUrl":"https:\/\/africaatual.com.br\/wp-content\/uploads\/2024\/10\/O-BNDES-Garagem-e-o-programa-do-Banco-Nacional-de-Desenvolvimento-Economico-e-Social-BNDES-de-incentivo-a-startups-que-promove-e-incentiva-acoes-empreendedoras-em-todo-o-Brasil.-A-iniciativa-e-u.jpg","width":1080,"height":1080,"caption":"Feira Cultural Angolana em S\u00e3o Paulo \u2013 Celebra\u00e7\u00e3o da Cultura e Tradi\u00e7\u00f5es Africanas"},{"@type":"BreadcrumbList","@id":"https:\/\/africaatual.com.br\/index.php\/2024\/10\/07\/feira-cultural-angolana-sao-paulo\/#breadcrumb","itemListElement":[{"@type":"ListItem","position":1,"name":"In\u00edcio","item":"https:\/\/africaatual.com.br\/"},{"@type":"ListItem","position":2,"name":"Feira Cultural Angolana acontece em S\u00e3o Paulo e promove imers\u00e3o na cultura e pot\u00eancia do pa\u00eds"}]},{"@type":"WebSite","@id":"https:\/\/africaatual.com.br\/#website","url":"https:\/\/africaatual.com.br\/","name":"africaatual.com.br","description":"O Atlas Geocultural da \u00c1frica \u00e9 um rico material de leitura e pesquisa, que visa apresentar de forma atual os pa\u00edses africanos, ainda t\u00e3o pouco conhecidos.","publisher":{"@id":"https:\/\/africaatual.com.br\/#organization"},"potentialAction":[{"@type":"SearchAction","target":{"@type":"EntryPoint","urlTemplate":"https:\/\/africaatual.com.br\/?s={search_term_string}"},"query-input":{"@type":"PropertyValueSpecification","valueRequired":true,"valueName":"search_term_string"}}],"inLanguage":"pt-BR"},{"@type":"Organization","@id":"https:\/\/africaatual.com.br\/#organization","name":"africaatual.com.br","url":"https:\/\/africaatual.com.br\/","logo":{"@type":"ImageObject","inLanguage":"pt-BR","@id":"https:\/\/africaatual.com.br\/#\/schema\/logo\/image\/","url":"http:\/\/africaatual.com.br\/wp-content\/uploads\/2023\/06\/LOGOEIROS_Prancheta-1-tipo-preto.png","contentUrl":"http:\/\/africaatual.com.br\/wp-content\/uploads\/2023\/06\/LOGOEIROS_Prancheta-1-tipo-preto.png","width":1667,"height":730,"caption":"africaatual.com.br"},"image":{"@id":"https:\/\/africaatual.com.br\/#\/schema\/logo\/image\/"}},{"@type":"Person","@id":"https:\/\/africaatual.com.br\/#\/schema\/person\/31315b203b16bec551dcad6d14ff6b17","name":"africaatual","image":{"@type":"ImageObject","inLanguage":"pt-BR","@id":"https:\/\/secure.gravatar.com\/avatar\/62aeeba3c7bd20a0a9ee0e00da31fba130446f5c08871cd9335ec9bce29b9030?s=96&d=mm&r=g","url":"https:\/\/secure.gravatar.com\/avatar\/62aeeba3c7bd20a0a9ee0e00da31fba130446f5c08871cd9335ec9bce29b9030?s=96&d=mm&r=g","contentUrl":"https:\/\/secure.gravatar.com\/avatar\/62aeeba3c7bd20a0a9ee0e00da31fba130446f5c08871cd9335ec9bce29b9030?s=96&d=mm&r=g","caption":"africaatual"},"sameAs":["http:\/\/africaatual.com.br"],"url":"https:\/\/africaatual.com.br\/index.php\/author\/atlasgeoculturalafricaatual-com\/"}]}},"_links":{"self":[{"href":"https:\/\/africaatual.com.br\/index.php\/wp-json\/wp\/v2\/posts\/12057","targetHints":{"allow":["GET"]}}],"collection":[{"href":"https:\/\/africaatual.com.br\/index.php\/wp-json\/wp\/v2\/posts"}],"about":[{"href":"https:\/\/africaatual.com.br\/index.php\/wp-json\/wp\/v2\/types\/post"}],"author":[{"embeddable":true,"href":"https:\/\/africaatual.com.br\/index.php\/wp-json\/wp\/v2\/users\/1"}],"replies":[{"embeddable":true,"href":"https:\/\/africaatual.com.br\/index.php\/wp-json\/wp\/v2\/comments?post=12057"}],"version-history":[{"count":10,"href":"https:\/\/africaatual.com.br\/index.php\/wp-json\/wp\/v2\/posts\/12057\/revisions"}],"predecessor-version":[{"id":12071,"href":"https:\/\/africaatual.com.br\/index.php\/wp-json\/wp\/v2\/posts\/12057\/revisions\/12071"}],"wp:featuredmedia":[{"embeddable":true,"href":"https:\/\/africaatual.com.br\/index.php\/wp-json\/wp\/v2\/media\/12066"}],"wp:attachment":[{"href":"https:\/\/africaatual.com.br\/index.php\/wp-json\/wp\/v2\/media?parent=12057"}],"wp:term":[{"taxonomy":"category","embeddable":true,"href":"https:\/\/africaatual.com.br\/index.php\/wp-json\/wp\/v2\/categories?post=12057"},{"taxonomy":"post_tag","embeddable":true,"href":"https:\/\/africaatual.com.br\/index.php\/wp-json\/wp\/v2\/tags?post=12057"},{"taxonomy":"palavra-chave","embeddable":true,"href":"https:\/\/africaatual.com.br\/index.php\/wp-json\/wp\/v2\/palavra-chave?post=12057"}],"curies":[{"name":"wp","href":"https:\/\/api.w.org\/{rel}","templated":true}]}}