
{"id":12406,"date":"2025-02-15T12:19:50","date_gmt":"2025-02-15T15:19:50","guid":{"rendered":"https:\/\/africaatual.com.br\/?p=12406"},"modified":"2025-07-22T20:58:55","modified_gmt":"2025-07-22T23:58:55","slug":"historias-que-inspiram-concurso-literario-incentiva-autores-afro-indigenas-e-quilombolas","status":"publish","type":"post","link":"https:\/\/africaatual.com.br\/index.php\/2025\/02\/15\/historias-que-inspiram-concurso-literario-incentiva-autores-afro-indigenas-e-quilombolas\/","title":{"rendered":"\u201cHist\u00f3rias que Inspiram\u201d: Concurso Liter\u00e1rio incentiva autores Afro, Ind\u00edgenas e Quilombolas"},"content":{"rendered":"\t\t<div data-elementor-type=\"wp-post\" data-elementor-id=\"12406\" class=\"elementor elementor-12406\">\n\t\t\t\t<div class=\"elementor-element elementor-element-d66a828 e-flex e-con-boxed wpr-particle-no wpr-jarallax-no wpr-parallax-no wpr-sticky-section-no wpr-equal-height-no e-con e-parent\" data-id=\"d66a828\" data-element_type=\"container\" data-e-type=\"container\">\n\t\t\t\t\t<div class=\"e-con-inner\">\n\t\t\t\t<div class=\"elementor-element elementor-element-8fab401 elementor-widget elementor-widget-image\" data-id=\"8fab401\" data-element_type=\"widget\" data-e-type=\"widget\" data-widget_type=\"image.default\">\n\t\t\t\t<div class=\"elementor-widget-container\">\n\t\t\t\t\t\t\t\t\t\t\t\t\t\t\t<img fetchpriority=\"high\" decoding=\"async\" width=\"1024\" height=\"1024\" src=\"https:\/\/africaatual.com.br\/wp-content\/uploads\/2025\/02\/Imagem-do-WhatsApp-de-2025-02-15-as-10.02.55_403fbc3d-1024x1024.jpg\" class=\"attachment-large size-large wp-image-12411\" alt=\"Imagem digital do Concurso Liter\u00e1rio &quot;Hist\u00f3rias que Inspiram&quot;, promovido pela Editora Eiros, voltado para escritores afro-brasileiros, ind\u00edgenas e quilombolas. O design possui um fundo espacial estrelado, com planetas e elementos de afrofuturismo. No centro, h\u00e1 um grande sol laranja com um padr\u00e3o geom\u00e9trico ao redor, onde est\u00e1 escrito o t\u00edtulo do concurso em letras coloridas e vibrantes. Na parte inferior, h\u00e1 um livro aberto, de onde emergem diversos elementos visuais representando a diversidade cultural, como um menino negro olhando para cima com um semblante sonhador, um mapa do Brasil em tons verdes, animais (zebra e le\u00e3o), pir\u00e2mides, pr\u00e9dios futuristas e vegeta\u00e7\u00e3o. No canto inferior direito, h\u00e1 as informa\u00e7\u00f5es do per\u00edodo de inscri\u00e7\u00e3o (15\/02 a 15\/04) e o site www.editoraeiros.com.br para inscri\u00e7\u00f5es.\" srcset=\"https:\/\/africaatual.com.br\/wp-content\/uploads\/2025\/02\/Imagem-do-WhatsApp-de-2025-02-15-as-10.02.55_403fbc3d-1024x1024.jpg 1024w, https:\/\/africaatual.com.br\/wp-content\/uploads\/2025\/02\/Imagem-do-WhatsApp-de-2025-02-15-as-10.02.55_403fbc3d-300x300.jpg 300w, https:\/\/africaatual.com.br\/wp-content\/uploads\/2025\/02\/Imagem-do-WhatsApp-de-2025-02-15-as-10.02.55_403fbc3d-150x150.jpg 150w, https:\/\/africaatual.com.br\/wp-content\/uploads\/2025\/02\/Imagem-do-WhatsApp-de-2025-02-15-as-10.02.55_403fbc3d-768x768.jpg 768w, https:\/\/africaatual.com.br\/wp-content\/uploads\/2025\/02\/Imagem-do-WhatsApp-de-2025-02-15-as-10.02.55_403fbc3d-600x600.jpg 600w, https:\/\/africaatual.com.br\/wp-content\/uploads\/2025\/02\/Imagem-do-WhatsApp-de-2025-02-15-as-10.02.55_403fbc3d.jpg 1080w\" sizes=\"(max-width: 1024px) 100vw, 1024px\" \/>\t\t\t\t\t\t\t\t\t\t\t\t\t\t\t<\/div>\n\t\t\t\t<\/div>\n\t\t\t\t\t<\/div>\n\t\t\t\t<\/div>\n\t\t<div class=\"elementor-element elementor-element-7afb35e2 e-flex e-con-boxed wpr-particle-no wpr-jarallax-no wpr-parallax-no wpr-sticky-section-no wpr-equal-height-no e-con e-parent\" data-id=\"7afb35e2\" data-element_type=\"container\" data-e-type=\"container\">\n\t\t\t\t\t<div class=\"e-con-inner\">\n\t\t\t\t<div class=\"elementor-element elementor-element-f3d222b elementor-widget elementor-widget-text-editor\" data-id=\"f3d222b\" data-element_type=\"widget\" data-e-type=\"widget\" data-widget_type=\"text-editor.default\">\n\t\t\t\t<div class=\"elementor-widget-container\">\n\t\t\t\t\t\t\t\t\t<p><\/p>\n<p>A literatura tem o poder de transformar realidades, resgatar mem\u00f3rias e construir futuros. Pensando nisso, o <strong><a href=\"https:\/\/editoraeiros.com.br\/edital-de-literatura-infantil\/\">Concurso Liter\u00e1rio \u201cHist\u00f3rias que Inspiram &#8211; Apoio \u00e0 Produ\u00e7\u00e3o Liter\u00e1ria Afro, Ind\u00edgena e Quilombola<\/a>\u201d<\/strong> abre suas portas para novos talentos que desejam contar suas hist\u00f3rias e fortalecer a diversidade da literatura brasileira.<\/p>\n<p><\/p>\n<p>Com inscri\u00e7\u00f5es gratuitas, a iniciativa busca incentivar escritores afro-brasileiros, ind\u00edgenas e quilombolas, oferecendo a oportunidade de publica\u00e7\u00e3o pela <a href=\"https:\/\/editoraeiros.com.br\/\"><strong>Editora Eiros<\/strong><\/a>, um espa\u00e7o comprometido com a valoriza\u00e7\u00e3o de narrativas antirracistas e afrofuturistas.<\/p>\n<p><\/p>\n<h2 class=\"wp-block-heading\">Como participar?<\/h2>\n<p>Se voc\u00ea tem uma hist\u00f3ria para contar e quer v\u00ea-la publicada, o momento \u00e9 agora! As inscri\u00e7\u00f5es estar\u00e3o abertas de 15 de fevereiro a 15 de abril de 2025, permitindo que escritores de diferentes territ\u00f3rios compartilhem suas narrativas com o mundo.<\/p>\n<h3>\ud83d\udca1 O que o concurso oferece?<\/h3>\n<p>\u2705 Inscri\u00e7\u00e3o 100% gratuita \u2013 acess\u00edvel a todos os escritores e escritoras eleg\u00edveis<br \/>\u2705 Publica\u00e7\u00e3o pela Editora Eiros \u2013 garantindo visibilidade e reconhecimento<br \/>\u2705 Valoriza\u00e7\u00e3o da cultura Afro-brasileira, Afrifuturista, Ind\u00edgena e Quilombola<\/p>\n<p>\u00a0<\/p>\n<h3>Por que esse concurso \u00e9 t\u00e3o importante?<\/h3>\n<p>A literatura historicamente foi dominada por narrativas euroc\u00eantricas. Iniciativas como essa contribuem para que vozes negras, ind\u00edgenas e quilombolas ocupem espa\u00e7os na cena liter\u00e1ria e compartilhem suas hist\u00f3rias a partir de suas pr\u00f3prias perspectivas. O concurso n\u00e3o apenas incentiva a representatividade, mas tamb\u00e9m fortalece o compromisso com um Brasil mais diverso e antirracista.<\/p>\n<p>\ud83d\udce2 N\u00e3o perca essa oportunidade!<\/p>\n<p>Se voc\u00ea escreve e quer fazer parte dessa constru\u00e7\u00e3o de mem\u00f3rias e futuros, inscreva-se! Acesse o edital completo e participe:\u00a0<a style=\"font-size: 18px; text-align: var(--text-align); background-color: #ffffff;\" href=\"https:\/\/editoraeiros.com.br\/\" target=\"_blank\" rel=\"noopener\">editoraeiros.com.br<\/a><\/p>\n<p>\ud83d\udcd6 Vamos juntos contar hist\u00f3rias que inspiram o futuro! \u2728<\/p>\n<p>#ConcursoHistoriasQueInspiram #EditoraEiros #LiteraturaInfantil #Afrifuturismo #Ind\u00edgenas #Quilombolas #ConcursoLiter\u00e1rio #NovosAutores #EditoraAfrocentrada #Antirracismo<\/p>\n<p>\u00a0<\/p>\n<p><\/p>\t\t\t\t\t\t\t\t<\/div>\n\t\t\t\t<\/div>\n\t\t\t\t\t<\/div>\n\t\t\t\t<\/div>\n\t\t<div class=\"elementor-element elementor-element-e06f5df e-flex e-con-boxed wpr-particle-no wpr-jarallax-no wpr-parallax-no wpr-sticky-section-no wpr-equal-height-no e-con e-parent\" data-id=\"e06f5df\" data-element_type=\"container\" data-e-type=\"container\">\n\t\t\t\t\t<div class=\"e-con-inner\">\n\t\t\t\t<div class=\"elementor-element elementor-element-ebc4586 elementor-widget elementor-widget-video\" data-id=\"ebc4586\" data-element_type=\"widget\" data-e-type=\"widget\" data-settings=\"{&quot;youtube_url&quot;:&quot;https:\\\/\\\/youtu.be\\\/cHOuihKY_28&quot;,&quot;video_type&quot;:&quot;youtube&quot;,&quot;controls&quot;:&quot;yes&quot;}\" data-widget_type=\"video.default\">\n\t\t\t\t<div class=\"elementor-widget-container\">\n\t\t\t\t\t\t\t<div class=\"elementor-wrapper elementor-open-inline\">\n\t\t\t<div class=\"elementor-video\"><\/div>\t\t<\/div>\n\t\t\t\t\t\t<\/div>\n\t\t\t\t<\/div>\n\t\t\t\t\t<\/div>\n\t\t\t\t<\/div>\n\t\t\t\t<\/div>\n\t\t","protected":false},"excerpt":{"rendered":"<p>A literatura tem o poder de transformar realidades, resgatar mem\u00f3rias e construir futuros. Pensando nisso, o Concurso Liter\u00e1rio \u201cHist\u00f3rias que Inspiram &#8211; Apoio \u00e0 Produ\u00e7\u00e3o Liter\u00e1ria Afro, Ind\u00edgena e Quilombola\u201d abre suas portas para novos talentos que desejam contar suas hist\u00f3rias e fortalecer a diversidade da literatura brasileira. Com inscri\u00e7\u00f5es gratuitas, a iniciativa busca incentivar escritores afro-brasileiros, ind\u00edgenas e quilombolas, oferecendo a oportunidade de publica\u00e7\u00e3o pela Editora Eiros, um espa\u00e7o comprometido com a valoriza\u00e7\u00e3o de narrativas antirracistas e afrofuturistas. Como participar? Se voc\u00ea tem uma hist\u00f3ria para contar e quer v\u00ea-la publicada, o momento \u00e9 agora! As inscri\u00e7\u00f5es estar\u00e3o abertas de 15 de fevereiro a 15 de abril de 2025, permitindo que escritores de diferentes territ\u00f3rios compartilhem suas narrativas com o mundo. \ud83d\udca1 O que o concurso oferece? \u2705 Inscri\u00e7\u00e3o 100% gratuita \u2013 acess\u00edvel a todos os escritores e escritoras eleg\u00edveis\u2705 Publica\u00e7\u00e3o pela Editora Eiros \u2013 garantindo visibilidade e reconhecimento\u2705 Valoriza\u00e7\u00e3o da cultura Afro-brasileira, Afrifuturista, Ind\u00edgena e Quilombola \u00a0 Por que esse concurso \u00e9 t\u00e3o importante? A literatura historicamente foi dominada por narrativas euroc\u00eantricas. Iniciativas como essa contribuem para que vozes negras, ind\u00edgenas e quilombolas ocupem espa\u00e7os na cena liter\u00e1ria e compartilhem suas hist\u00f3rias a partir de suas pr\u00f3prias perspectivas. O concurso n\u00e3o apenas incentiva a representatividade, mas tamb\u00e9m fortalece o compromisso com um Brasil mais diverso e antirracista. \ud83d\udce2 N\u00e3o perca essa oportunidade! Se voc\u00ea escreve e quer fazer parte dessa constru\u00e7\u00e3o de mem\u00f3rias e futuros, inscreva-se! Acesse o edital completo e participe:\u00a0editoraeiros.com.br \ud83d\udcd6 Vamos juntos contar hist\u00f3rias que inspiram o futuro! \u2728 #ConcursoHistoriasQueInspiram #EditoraEiros #LiteraturaInfantil #Afrifuturismo #Ind\u00edgenas #Quilombolas #ConcursoLiter\u00e1rio #NovosAutores #EditoraAfrocentrada #Antirracismo \u00a0 https:\/\/youtu.be\/cHOuihKY_28<\/p>\n","protected":false},"author":2,"featured_media":12411,"comment_status":"open","ping_status":"open","sticky":false,"template":"elementor_theme","format":"standard","meta":{"inline_featured_image":false,"ocean_post_layout":"","ocean_both_sidebars_style":"","ocean_both_sidebars_content_width":0,"ocean_both_sidebars_sidebars_width":0,"ocean_sidebar":"","ocean_second_sidebar":"","ocean_disable_margins":"enable","ocean_add_body_class":"","ocean_shortcode_before_top_bar":"","ocean_shortcode_after_top_bar":"","ocean_shortcode_before_header":"","ocean_shortcode_after_header":"","ocean_has_shortcode":"","ocean_shortcode_after_title":"","ocean_shortcode_before_footer_widgets":"","ocean_shortcode_after_footer_widgets":"","ocean_shortcode_before_footer_bottom":"","ocean_shortcode_after_footer_bottom":"","ocean_display_top_bar":"default","ocean_display_header":"default","ocean_header_style":"","ocean_center_header_left_menu":"","ocean_custom_header_template":"","ocean_custom_logo":0,"ocean_custom_retina_logo":0,"ocean_custom_logo_max_width":0,"ocean_custom_logo_tablet_max_width":0,"ocean_custom_logo_mobile_max_width":0,"ocean_custom_logo_max_height":0,"ocean_custom_logo_tablet_max_height":0,"ocean_custom_logo_mobile_max_height":0,"ocean_header_custom_menu":"","ocean_menu_typo_font_family":"","ocean_menu_typo_font_subset":"","ocean_menu_typo_font_size":0,"ocean_menu_typo_font_size_tablet":0,"ocean_menu_typo_font_size_mobile":0,"ocean_menu_typo_font_size_unit":"px","ocean_menu_typo_font_weight":"","ocean_menu_typo_font_weight_tablet":"","ocean_menu_typo_font_weight_mobile":"","ocean_menu_typo_transform":"","ocean_menu_typo_transform_tablet":"","ocean_menu_typo_transform_mobile":"","ocean_menu_typo_line_height":0,"ocean_menu_typo_line_height_tablet":0,"ocean_menu_typo_line_height_mobile":0,"ocean_menu_typo_line_height_unit":"","ocean_menu_typo_spacing":0,"ocean_menu_typo_spacing_tablet":0,"ocean_menu_typo_spacing_mobile":0,"ocean_menu_typo_spacing_unit":"","ocean_menu_link_color":"","ocean_menu_link_color_hover":"","ocean_menu_link_color_active":"","ocean_menu_link_background":"","ocean_menu_link_hover_background":"","ocean_menu_link_active_background":"","ocean_menu_social_links_bg":"","ocean_menu_social_hover_links_bg":"","ocean_menu_social_links_color":"","ocean_menu_social_hover_links_color":"","ocean_disable_title":"default","ocean_disable_heading":"default","ocean_post_title":"","ocean_post_subheading":"","ocean_post_title_style":"","ocean_post_title_background_color":"","ocean_post_title_background":0,"ocean_post_title_bg_image_position":"","ocean_post_title_bg_image_attachment":"","ocean_post_title_bg_image_repeat":"","ocean_post_title_bg_image_size":"","ocean_post_title_height":0,"ocean_post_title_bg_overlay":0.5,"ocean_post_title_bg_overlay_color":"","ocean_disable_breadcrumbs":"default","ocean_breadcrumbs_color":"","ocean_breadcrumbs_separator_color":"","ocean_breadcrumbs_links_color":"","ocean_breadcrumbs_links_hover_color":"","ocean_display_footer_widgets":"default","ocean_display_footer_bottom":"default","ocean_custom_footer_template":"","omw_enable_modal_window":"enable","ocean_post_oembed":"","ocean_post_self_hosted_media":"","ocean_post_video_embed":"","ocean_link_format":"","ocean_link_format_target":"self","ocean_quote_format":"","ocean_quote_format_link":"post","ocean_gallery_link_images":"on","ocean_gallery_id":[],"footnotes":""},"categories":[1,15,241],"tags":[244,245,99,309,243,242],"palavra-chave":[],"class_list":["post-12406","post","type-post","status-publish","format-standard","has-post-thumbnail","hentry","category-blog","category-leis-10-639-03-e-11-645-08","category-literatura","tag-autores-afro","tag-concurso-literario","tag-editora-eiros","tag-historias-que-transformam","tag-indigenas","tag-quilombolas","entry","has-media"],"yoast_head":"<!-- This site is optimized with the Yoast SEO plugin v27.3 - https:\/\/yoast.com\/product\/yoast-seo-wordpress\/ -->\n<title>\u201cHist\u00f3rias que Inspiram\u201d: Concurso Liter\u00e1rio incentiva autores Afro, Ind\u00edgenas e Quilombolas - africaatual.com.br<\/title>\n<meta name=\"description\" content=\"Participe do Concurso Liter\u00e1rio &quot;Hist\u00f3rias que Inspiram&quot;, voltado para escritores afro-brasileiros, ind\u00edgenas e quilombolas. Inscreva-se gratuitamente at\u00e9 15 de abril de 2025 e tenha a chance de publicar sua obra pela Editora Eiros. Saiba mais em www.editoraeiros.com.br.\" \/>\n<meta name=\"robots\" content=\"index, follow, max-snippet:-1, max-image-preview:large, max-video-preview:-1\" \/>\n<link rel=\"canonical\" href=\"https:\/\/africaatual.com.br\/index.php\/2025\/02\/15\/historias-que-inspiram-concurso-literario-incentiva-autores-afro-indigenas-e-quilombolas\/\" \/>\n<meta property=\"og:locale\" content=\"pt_BR\" \/>\n<meta property=\"og:type\" content=\"article\" \/>\n<meta property=\"og:title\" content=\"\u201cHist\u00f3rias que Inspiram\u201d: Concurso Liter\u00e1rio incentiva autores Afro, Ind\u00edgenas e Quilombolas - africaatual.com.br\" \/>\n<meta property=\"og:description\" content=\"Participe do Concurso Liter\u00e1rio &quot;Hist\u00f3rias que Inspiram&quot;, voltado para escritores afro-brasileiros, ind\u00edgenas e quilombolas. Inscreva-se gratuitamente at\u00e9 15 de abril de 2025 e tenha a chance de publicar sua obra pela Editora Eiros. Saiba mais em www.editoraeiros.com.br.\" \/>\n<meta property=\"og:url\" content=\"https:\/\/africaatual.com.br\/index.php\/2025\/02\/15\/historias-que-inspiram-concurso-literario-incentiva-autores-afro-indigenas-e-quilombolas\/\" \/>\n<meta property=\"og:site_name\" content=\"africaatual.com.br\" \/>\n<meta property=\"article:published_time\" content=\"2025-02-15T15:19:50+00:00\" \/>\n<meta property=\"article:modified_time\" content=\"2025-07-22T23:58:55+00:00\" \/>\n<meta property=\"og:image\" content=\"http:\/\/africaatual.com.br\/wp-content\/uploads\/2025\/02\/Imagem-do-WhatsApp-de-2025-02-15-as-10.02.55_403fbc3d.jpg\" \/>\n\t<meta property=\"og:image:width\" content=\"1080\" \/>\n\t<meta property=\"og:image:height\" content=\"1080\" \/>\n\t<meta property=\"og:image:type\" content=\"image\/jpeg\" \/>\n<meta name=\"author\" content=\"Isabel Xavier\" \/>\n<meta name=\"twitter:card\" content=\"summary_large_image\" \/>\n<meta name=\"twitter:label1\" content=\"Escrito por\" \/>\n\t<meta name=\"twitter:data1\" content=\"Isabel Xavier\" \/>\n\t<meta name=\"twitter:label2\" content=\"Est. tempo de leitura\" \/>\n\t<meta name=\"twitter:data2\" content=\"2 minutos\" \/>\n<script type=\"application\/ld+json\" class=\"yoast-schema-graph\">{\"@context\":\"https:\\\/\\\/schema.org\",\"@graph\":[{\"@type\":\"Article\",\"@id\":\"https:\\\/\\\/africaatual.com.br\\\/index.php\\\/2025\\\/02\\\/15\\\/historias-que-inspiram-concurso-literario-incentiva-autores-afro-indigenas-e-quilombolas\\\/#article\",\"isPartOf\":{\"@id\":\"https:\\\/\\\/africaatual.com.br\\\/index.php\\\/2025\\\/02\\\/15\\\/historias-que-inspiram-concurso-literario-incentiva-autores-afro-indigenas-e-quilombolas\\\/\"},\"author\":{\"name\":\"Isabel Xavier\",\"@id\":\"https:\\\/\\\/africaatual.com.br\\\/#\\\/schema\\\/person\\\/275270ccd0d657af28fbd625ba218b9e\"},\"headline\":\"\u201cHist\u00f3rias que Inspiram\u201d: Concurso Liter\u00e1rio incentiva autores Afro, Ind\u00edgenas e Quilombolas\",\"datePublished\":\"2025-02-15T15:19:50+00:00\",\"dateModified\":\"2025-07-22T23:58:55+00:00\",\"mainEntityOfPage\":{\"@id\":\"https:\\\/\\\/africaatual.com.br\\\/index.php\\\/2025\\\/02\\\/15\\\/historias-que-inspiram-concurso-literario-incentiva-autores-afro-indigenas-e-quilombolas\\\/\"},\"wordCount\":308,\"commentCount\":0,\"publisher\":{\"@id\":\"https:\\\/\\\/africaatual.com.br\\\/#organization\"},\"image\":{\"@id\":\"https:\\\/\\\/africaatual.com.br\\\/index.php\\\/2025\\\/02\\\/15\\\/historias-que-inspiram-concurso-literario-incentiva-autores-afro-indigenas-e-quilombolas\\\/#primaryimage\"},\"thumbnailUrl\":\"https:\\\/\\\/africaatual.com.br\\\/wp-content\\\/uploads\\\/2025\\\/02\\\/Imagem-do-WhatsApp-de-2025-02-15-as-10.02.55_403fbc3d.jpg\",\"keywords\":[\"Autores Afro\",\"Concurso Liter\u00e1rio\",\"Editora Eiros\",\"Hist\u00f3rias que Transformam\",\"Ind\u00edgenas\",\"Quilombolas\"],\"articleSection\":[\"Blog\",\"Leis 10.639\\\/03 e 11.645\\\/08\",\"Literatura\"],\"inLanguage\":\"pt-BR\",\"potentialAction\":[{\"@type\":\"CommentAction\",\"name\":\"Comment\",\"target\":[\"https:\\\/\\\/africaatual.com.br\\\/index.php\\\/2025\\\/02\\\/15\\\/historias-que-inspiram-concurso-literario-incentiva-autores-afro-indigenas-e-quilombolas\\\/#respond\"]}]},{\"@type\":\"WebPage\",\"@id\":\"https:\\\/\\\/africaatual.com.br\\\/index.php\\\/2025\\\/02\\\/15\\\/historias-que-inspiram-concurso-literario-incentiva-autores-afro-indigenas-e-quilombolas\\\/\",\"url\":\"https:\\\/\\\/africaatual.com.br\\\/index.php\\\/2025\\\/02\\\/15\\\/historias-que-inspiram-concurso-literario-incentiva-autores-afro-indigenas-e-quilombolas\\\/\",\"name\":\"\u201cHist\u00f3rias que Inspiram\u201d: Concurso Liter\u00e1rio incentiva autores Afro, Ind\u00edgenas e Quilombolas - africaatual.com.br\",\"isPartOf\":{\"@id\":\"https:\\\/\\\/africaatual.com.br\\\/#website\"},\"primaryImageOfPage\":{\"@id\":\"https:\\\/\\\/africaatual.com.br\\\/index.php\\\/2025\\\/02\\\/15\\\/historias-que-inspiram-concurso-literario-incentiva-autores-afro-indigenas-e-quilombolas\\\/#primaryimage\"},\"image\":{\"@id\":\"https:\\\/\\\/africaatual.com.br\\\/index.php\\\/2025\\\/02\\\/15\\\/historias-que-inspiram-concurso-literario-incentiva-autores-afro-indigenas-e-quilombolas\\\/#primaryimage\"},\"thumbnailUrl\":\"https:\\\/\\\/africaatual.com.br\\\/wp-content\\\/uploads\\\/2025\\\/02\\\/Imagem-do-WhatsApp-de-2025-02-15-as-10.02.55_403fbc3d.jpg\",\"datePublished\":\"2025-02-15T15:19:50+00:00\",\"dateModified\":\"2025-07-22T23:58:55+00:00\",\"description\":\"Participe do Concurso Liter\u00e1rio \\\"Hist\u00f3rias que Inspiram\\\", voltado para escritores afro-brasileiros, ind\u00edgenas e quilombolas. Inscreva-se gratuitamente at\u00e9 15 de abril de 2025 e tenha a chance de publicar sua obra pela Editora Eiros. Saiba mais em www.editoraeiros.com.br.\",\"breadcrumb\":{\"@id\":\"https:\\\/\\\/africaatual.com.br\\\/index.php\\\/2025\\\/02\\\/15\\\/historias-que-inspiram-concurso-literario-incentiva-autores-afro-indigenas-e-quilombolas\\\/#breadcrumb\"},\"inLanguage\":\"pt-BR\",\"potentialAction\":[{\"@type\":\"ReadAction\",\"target\":[\"https:\\\/\\\/africaatual.com.br\\\/index.php\\\/2025\\\/02\\\/15\\\/historias-que-inspiram-concurso-literario-incentiva-autores-afro-indigenas-e-quilombolas\\\/\"]}]},{\"@type\":\"ImageObject\",\"inLanguage\":\"pt-BR\",\"@id\":\"https:\\\/\\\/africaatual.com.br\\\/index.php\\\/2025\\\/02\\\/15\\\/historias-que-inspiram-concurso-literario-incentiva-autores-afro-indigenas-e-quilombolas\\\/#primaryimage\",\"url\":\"https:\\\/\\\/africaatual.com.br\\\/wp-content\\\/uploads\\\/2025\\\/02\\\/Imagem-do-WhatsApp-de-2025-02-15-as-10.02.55_403fbc3d.jpg\",\"contentUrl\":\"https:\\\/\\\/africaatual.com.br\\\/wp-content\\\/uploads\\\/2025\\\/02\\\/Imagem-do-WhatsApp-de-2025-02-15-as-10.02.55_403fbc3d.jpg\",\"width\":1080,\"height\":1080,\"caption\":\"Imagem digital do Concurso Liter\u00e1rio \\\"Hist\u00f3rias que Inspiram\\\", promovido pela Editora Eiros, voltado para escritores afro-brasileiros, ind\u00edgenas e quilombolas. O design possui um fundo espacial estrelado, com planetas e elementos de afrofuturismo. No centro, h\u00e1 um grande sol laranja com um padr\u00e3o geom\u00e9trico ao redor, onde est\u00e1 escrito o t\u00edtulo do concurso em letras coloridas e vibrantes. Na parte inferior, h\u00e1 um livro aberto, de onde emergem diversos elementos visuais representando a diversidade cultural, como um menino negro olhando para cima com um semblante sonhador, um mapa do Brasil em tons verdes, animais (zebra e le\u00e3o), pir\u00e2mides, pr\u00e9dios futuristas e vegeta\u00e7\u00e3o. No canto inferior direito, h\u00e1 as informa\u00e7\u00f5es do per\u00edodo de inscri\u00e7\u00e3o (15\\\/02 a 15\\\/04) e o site www.editoraeiros.com.br para inscri\u00e7\u00f5es.\"},{\"@type\":\"BreadcrumbList\",\"@id\":\"https:\\\/\\\/africaatual.com.br\\\/index.php\\\/2025\\\/02\\\/15\\\/historias-que-inspiram-concurso-literario-incentiva-autores-afro-indigenas-e-quilombolas\\\/#breadcrumb\",\"itemListElement\":[{\"@type\":\"ListItem\",\"position\":1,\"name\":\"In\u00edcio\",\"item\":\"https:\\\/\\\/africaatual.com.br\\\/\"},{\"@type\":\"ListItem\",\"position\":2,\"name\":\"\u201cHist\u00f3rias que Inspiram\u201d: Concurso Liter\u00e1rio incentiva autores Afro, Ind\u00edgenas e Quilombolas\"}]},{\"@type\":\"WebSite\",\"@id\":\"https:\\\/\\\/africaatual.com.br\\\/#website\",\"url\":\"https:\\\/\\\/africaatual.com.br\\\/\",\"name\":\"africaatual.com.br\",\"description\":\"O Atlas Geocultural da \u00c1frica \u00e9 um rico material de leitura e pesquisa, que visa apresentar de forma atual os pa\u00edses africanos, ainda t\u00e3o pouco conhecidos.\",\"publisher\":{\"@id\":\"https:\\\/\\\/africaatual.com.br\\\/#organization\"},\"potentialAction\":[{\"@type\":\"SearchAction\",\"target\":{\"@type\":\"EntryPoint\",\"urlTemplate\":\"https:\\\/\\\/africaatual.com.br\\\/?s={search_term_string}\"},\"query-input\":{\"@type\":\"PropertyValueSpecification\",\"valueRequired\":true,\"valueName\":\"search_term_string\"}}],\"inLanguage\":\"pt-BR\"},{\"@type\":\"Organization\",\"@id\":\"https:\\\/\\\/africaatual.com.br\\\/#organization\",\"name\":\"africaatual.com.br\",\"url\":\"https:\\\/\\\/africaatual.com.br\\\/\",\"logo\":{\"@type\":\"ImageObject\",\"inLanguage\":\"pt-BR\",\"@id\":\"https:\\\/\\\/africaatual.com.br\\\/#\\\/schema\\\/logo\\\/image\\\/\",\"url\":\"http:\\\/\\\/africaatual.com.br\\\/wp-content\\\/uploads\\\/2023\\\/06\\\/LOGOEIROS_Prancheta-1-tipo-preto.png\",\"contentUrl\":\"http:\\\/\\\/africaatual.com.br\\\/wp-content\\\/uploads\\\/2023\\\/06\\\/LOGOEIROS_Prancheta-1-tipo-preto.png\",\"width\":1667,\"height\":730,\"caption\":\"africaatual.com.br\"},\"image\":{\"@id\":\"https:\\\/\\\/africaatual.com.br\\\/#\\\/schema\\\/logo\\\/image\\\/\"}},{\"@type\":\"Person\",\"@id\":\"https:\\\/\\\/africaatual.com.br\\\/#\\\/schema\\\/person\\\/275270ccd0d657af28fbd625ba218b9e\",\"name\":\"Isabel Xavier\",\"image\":{\"@type\":\"ImageObject\",\"inLanguage\":\"pt-BR\",\"@id\":\"https:\\\/\\\/secure.gravatar.com\\\/avatar\\\/a917370c365d1c248cd5fe4fc02ff6a26d8a5ef7f28c3c7e41757c19a93a954b?s=96&d=mm&r=g\",\"url\":\"https:\\\/\\\/secure.gravatar.com\\\/avatar\\\/a917370c365d1c248cd5fe4fc02ff6a26d8a5ef7f28c3c7e41757c19a93a954b?s=96&d=mm&r=g\",\"contentUrl\":\"https:\\\/\\\/secure.gravatar.com\\\/avatar\\\/a917370c365d1c248cd5fe4fc02ff6a26d8a5ef7f28c3c7e41757c19a93a954b?s=96&d=mm&r=g\",\"caption\":\"Isabel Xavier\"},\"url\":\"https:\\\/\\\/africaatual.com.br\\\/index.php\\\/author\\\/webdesign-yta\\\/\"}]}<\/script>\n<!-- \/ Yoast SEO plugin. -->","yoast_head_json":{"title":"\u201cHist\u00f3rias que Inspiram\u201d: Concurso Liter\u00e1rio incentiva autores Afro, Ind\u00edgenas e Quilombolas - africaatual.com.br","description":"Participe do Concurso Liter\u00e1rio \"Hist\u00f3rias que Inspiram\", voltado para escritores afro-brasileiros, ind\u00edgenas e quilombolas. Inscreva-se gratuitamente at\u00e9 15 de abril de 2025 e tenha a chance de publicar sua obra pela Editora Eiros. Saiba mais em www.editoraeiros.com.br.","robots":{"index":"index","follow":"follow","max-snippet":"max-snippet:-1","max-image-preview":"max-image-preview:large","max-video-preview":"max-video-preview:-1"},"canonical":"https:\/\/africaatual.com.br\/index.php\/2025\/02\/15\/historias-que-inspiram-concurso-literario-incentiva-autores-afro-indigenas-e-quilombolas\/","og_locale":"pt_BR","og_type":"article","og_title":"\u201cHist\u00f3rias que Inspiram\u201d: Concurso Liter\u00e1rio incentiva autores Afro, Ind\u00edgenas e Quilombolas - africaatual.com.br","og_description":"Participe do Concurso Liter\u00e1rio \"Hist\u00f3rias que Inspiram\", voltado para escritores afro-brasileiros, ind\u00edgenas e quilombolas. Inscreva-se gratuitamente at\u00e9 15 de abril de 2025 e tenha a chance de publicar sua obra pela Editora Eiros. Saiba mais em www.editoraeiros.com.br.","og_url":"https:\/\/africaatual.com.br\/index.php\/2025\/02\/15\/historias-que-inspiram-concurso-literario-incentiva-autores-afro-indigenas-e-quilombolas\/","og_site_name":"africaatual.com.br","article_published_time":"2025-02-15T15:19:50+00:00","article_modified_time":"2025-07-22T23:58:55+00:00","og_image":[{"width":1080,"height":1080,"url":"http:\/\/africaatual.com.br\/wp-content\/uploads\/2025\/02\/Imagem-do-WhatsApp-de-2025-02-15-as-10.02.55_403fbc3d.jpg","type":"image\/jpeg"}],"author":"Isabel Xavier","twitter_card":"summary_large_image","twitter_misc":{"Escrito por":"Isabel Xavier","Est. tempo de leitura":"2 minutos"},"schema":{"@context":"https:\/\/schema.org","@graph":[{"@type":"Article","@id":"https:\/\/africaatual.com.br\/index.php\/2025\/02\/15\/historias-que-inspiram-concurso-literario-incentiva-autores-afro-indigenas-e-quilombolas\/#article","isPartOf":{"@id":"https:\/\/africaatual.com.br\/index.php\/2025\/02\/15\/historias-que-inspiram-concurso-literario-incentiva-autores-afro-indigenas-e-quilombolas\/"},"author":{"name":"Isabel Xavier","@id":"https:\/\/africaatual.com.br\/#\/schema\/person\/275270ccd0d657af28fbd625ba218b9e"},"headline":"\u201cHist\u00f3rias que Inspiram\u201d: Concurso Liter\u00e1rio incentiva autores Afro, Ind\u00edgenas e Quilombolas","datePublished":"2025-02-15T15:19:50+00:00","dateModified":"2025-07-22T23:58:55+00:00","mainEntityOfPage":{"@id":"https:\/\/africaatual.com.br\/index.php\/2025\/02\/15\/historias-que-inspiram-concurso-literario-incentiva-autores-afro-indigenas-e-quilombolas\/"},"wordCount":308,"commentCount":0,"publisher":{"@id":"https:\/\/africaatual.com.br\/#organization"},"image":{"@id":"https:\/\/africaatual.com.br\/index.php\/2025\/02\/15\/historias-que-inspiram-concurso-literario-incentiva-autores-afro-indigenas-e-quilombolas\/#primaryimage"},"thumbnailUrl":"https:\/\/africaatual.com.br\/wp-content\/uploads\/2025\/02\/Imagem-do-WhatsApp-de-2025-02-15-as-10.02.55_403fbc3d.jpg","keywords":["Autores Afro","Concurso Liter\u00e1rio","Editora Eiros","Hist\u00f3rias que Transformam","Ind\u00edgenas","Quilombolas"],"articleSection":["Blog","Leis 10.639\/03 e 11.645\/08","Literatura"],"inLanguage":"pt-BR","potentialAction":[{"@type":"CommentAction","name":"Comment","target":["https:\/\/africaatual.com.br\/index.php\/2025\/02\/15\/historias-que-inspiram-concurso-literario-incentiva-autores-afro-indigenas-e-quilombolas\/#respond"]}]},{"@type":"WebPage","@id":"https:\/\/africaatual.com.br\/index.php\/2025\/02\/15\/historias-que-inspiram-concurso-literario-incentiva-autores-afro-indigenas-e-quilombolas\/","url":"https:\/\/africaatual.com.br\/index.php\/2025\/02\/15\/historias-que-inspiram-concurso-literario-incentiva-autores-afro-indigenas-e-quilombolas\/","name":"\u201cHist\u00f3rias que Inspiram\u201d: Concurso Liter\u00e1rio incentiva autores Afro, Ind\u00edgenas e Quilombolas - africaatual.com.br","isPartOf":{"@id":"https:\/\/africaatual.com.br\/#website"},"primaryImageOfPage":{"@id":"https:\/\/africaatual.com.br\/index.php\/2025\/02\/15\/historias-que-inspiram-concurso-literario-incentiva-autores-afro-indigenas-e-quilombolas\/#primaryimage"},"image":{"@id":"https:\/\/africaatual.com.br\/index.php\/2025\/02\/15\/historias-que-inspiram-concurso-literario-incentiva-autores-afro-indigenas-e-quilombolas\/#primaryimage"},"thumbnailUrl":"https:\/\/africaatual.com.br\/wp-content\/uploads\/2025\/02\/Imagem-do-WhatsApp-de-2025-02-15-as-10.02.55_403fbc3d.jpg","datePublished":"2025-02-15T15:19:50+00:00","dateModified":"2025-07-22T23:58:55+00:00","description":"Participe do Concurso Liter\u00e1rio \"Hist\u00f3rias que Inspiram\", voltado para escritores afro-brasileiros, ind\u00edgenas e quilombolas. Inscreva-se gratuitamente at\u00e9 15 de abril de 2025 e tenha a chance de publicar sua obra pela Editora Eiros. Saiba mais em www.editoraeiros.com.br.","breadcrumb":{"@id":"https:\/\/africaatual.com.br\/index.php\/2025\/02\/15\/historias-que-inspiram-concurso-literario-incentiva-autores-afro-indigenas-e-quilombolas\/#breadcrumb"},"inLanguage":"pt-BR","potentialAction":[{"@type":"ReadAction","target":["https:\/\/africaatual.com.br\/index.php\/2025\/02\/15\/historias-que-inspiram-concurso-literario-incentiva-autores-afro-indigenas-e-quilombolas\/"]}]},{"@type":"ImageObject","inLanguage":"pt-BR","@id":"https:\/\/africaatual.com.br\/index.php\/2025\/02\/15\/historias-que-inspiram-concurso-literario-incentiva-autores-afro-indigenas-e-quilombolas\/#primaryimage","url":"https:\/\/africaatual.com.br\/wp-content\/uploads\/2025\/02\/Imagem-do-WhatsApp-de-2025-02-15-as-10.02.55_403fbc3d.jpg","contentUrl":"https:\/\/africaatual.com.br\/wp-content\/uploads\/2025\/02\/Imagem-do-WhatsApp-de-2025-02-15-as-10.02.55_403fbc3d.jpg","width":1080,"height":1080,"caption":"Imagem digital do Concurso Liter\u00e1rio \"Hist\u00f3rias que Inspiram\", promovido pela Editora Eiros, voltado para escritores afro-brasileiros, ind\u00edgenas e quilombolas. O design possui um fundo espacial estrelado, com planetas e elementos de afrofuturismo. No centro, h\u00e1 um grande sol laranja com um padr\u00e3o geom\u00e9trico ao redor, onde est\u00e1 escrito o t\u00edtulo do concurso em letras coloridas e vibrantes. Na parte inferior, h\u00e1 um livro aberto, de onde emergem diversos elementos visuais representando a diversidade cultural, como um menino negro olhando para cima com um semblante sonhador, um mapa do Brasil em tons verdes, animais (zebra e le\u00e3o), pir\u00e2mides, pr\u00e9dios futuristas e vegeta\u00e7\u00e3o. No canto inferior direito, h\u00e1 as informa\u00e7\u00f5es do per\u00edodo de inscri\u00e7\u00e3o (15\/02 a 15\/04) e o site www.editoraeiros.com.br para inscri\u00e7\u00f5es."},{"@type":"BreadcrumbList","@id":"https:\/\/africaatual.com.br\/index.php\/2025\/02\/15\/historias-que-inspiram-concurso-literario-incentiva-autores-afro-indigenas-e-quilombolas\/#breadcrumb","itemListElement":[{"@type":"ListItem","position":1,"name":"In\u00edcio","item":"https:\/\/africaatual.com.br\/"},{"@type":"ListItem","position":2,"name":"\u201cHist\u00f3rias que Inspiram\u201d: Concurso Liter\u00e1rio incentiva autores Afro, Ind\u00edgenas e Quilombolas"}]},{"@type":"WebSite","@id":"https:\/\/africaatual.com.br\/#website","url":"https:\/\/africaatual.com.br\/","name":"africaatual.com.br","description":"O Atlas Geocultural da \u00c1frica \u00e9 um rico material de leitura e pesquisa, que visa apresentar de forma atual os pa\u00edses africanos, ainda t\u00e3o pouco conhecidos.","publisher":{"@id":"https:\/\/africaatual.com.br\/#organization"},"potentialAction":[{"@type":"SearchAction","target":{"@type":"EntryPoint","urlTemplate":"https:\/\/africaatual.com.br\/?s={search_term_string}"},"query-input":{"@type":"PropertyValueSpecification","valueRequired":true,"valueName":"search_term_string"}}],"inLanguage":"pt-BR"},{"@type":"Organization","@id":"https:\/\/africaatual.com.br\/#organization","name":"africaatual.com.br","url":"https:\/\/africaatual.com.br\/","logo":{"@type":"ImageObject","inLanguage":"pt-BR","@id":"https:\/\/africaatual.com.br\/#\/schema\/logo\/image\/","url":"http:\/\/africaatual.com.br\/wp-content\/uploads\/2023\/06\/LOGOEIROS_Prancheta-1-tipo-preto.png","contentUrl":"http:\/\/africaatual.com.br\/wp-content\/uploads\/2023\/06\/LOGOEIROS_Prancheta-1-tipo-preto.png","width":1667,"height":730,"caption":"africaatual.com.br"},"image":{"@id":"https:\/\/africaatual.com.br\/#\/schema\/logo\/image\/"}},{"@type":"Person","@id":"https:\/\/africaatual.com.br\/#\/schema\/person\/275270ccd0d657af28fbd625ba218b9e","name":"Isabel Xavier","image":{"@type":"ImageObject","inLanguage":"pt-BR","@id":"https:\/\/secure.gravatar.com\/avatar\/a917370c365d1c248cd5fe4fc02ff6a26d8a5ef7f28c3c7e41757c19a93a954b?s=96&d=mm&r=g","url":"https:\/\/secure.gravatar.com\/avatar\/a917370c365d1c248cd5fe4fc02ff6a26d8a5ef7f28c3c7e41757c19a93a954b?s=96&d=mm&r=g","contentUrl":"https:\/\/secure.gravatar.com\/avatar\/a917370c365d1c248cd5fe4fc02ff6a26d8a5ef7f28c3c7e41757c19a93a954b?s=96&d=mm&r=g","caption":"Isabel Xavier"},"url":"https:\/\/africaatual.com.br\/index.php\/author\/webdesign-yta\/"}]}},"_links":{"self":[{"href":"https:\/\/africaatual.com.br\/index.php\/wp-json\/wp\/v2\/posts\/12406","targetHints":{"allow":["GET"]}}],"collection":[{"href":"https:\/\/africaatual.com.br\/index.php\/wp-json\/wp\/v2\/posts"}],"about":[{"href":"https:\/\/africaatual.com.br\/index.php\/wp-json\/wp\/v2\/types\/post"}],"author":[{"embeddable":true,"href":"https:\/\/africaatual.com.br\/index.php\/wp-json\/wp\/v2\/users\/2"}],"replies":[{"embeddable":true,"href":"https:\/\/africaatual.com.br\/index.php\/wp-json\/wp\/v2\/comments?post=12406"}],"version-history":[{"count":22,"href":"https:\/\/africaatual.com.br\/index.php\/wp-json\/wp\/v2\/posts\/12406\/revisions"}],"predecessor-version":[{"id":12448,"href":"https:\/\/africaatual.com.br\/index.php\/wp-json\/wp\/v2\/posts\/12406\/revisions\/12448"}],"wp:featuredmedia":[{"embeddable":true,"href":"https:\/\/africaatual.com.br\/index.php\/wp-json\/wp\/v2\/media\/12411"}],"wp:attachment":[{"href":"https:\/\/africaatual.com.br\/index.php\/wp-json\/wp\/v2\/media?parent=12406"}],"wp:term":[{"taxonomy":"category","embeddable":true,"href":"https:\/\/africaatual.com.br\/index.php\/wp-json\/wp\/v2\/categories?post=12406"},{"taxonomy":"post_tag","embeddable":true,"href":"https:\/\/africaatual.com.br\/index.php\/wp-json\/wp\/v2\/tags?post=12406"},{"taxonomy":"palavra-chave","embeddable":true,"href":"https:\/\/africaatual.com.br\/index.php\/wp-json\/wp\/v2\/palavra-chave?post=12406"}],"curies":[{"name":"wp","href":"https:\/\/api.w.org\/{rel}","templated":true}]}}