
{"id":12520,"date":"2025-02-14T13:58:01","date_gmt":"2025-02-14T16:58:01","guid":{"rendered":"https:\/\/africaatual.com.br\/?p=12520"},"modified":"2025-03-14T14:05:20","modified_gmt":"2025-03-14T17:05:20","slug":"o-carnaval-e-as-raizes-africanas","status":"publish","type":"post","link":"https:\/\/africaatual.com.br\/index.php\/2025\/02\/14\/o-carnaval-e-as-raizes-africanas\/","title":{"rendered":"O Carnaval e as ra\u00edzes africanas"},"content":{"rendered":"\n<p>O carnaval brasileiro \u00e9 uma manifesta\u00e7\u00e3o cultural com fortes ra\u00edzes culturais advindas <br>dos pa\u00edses em \u00c1frica. Esta \u00e9 uma afirma\u00e7\u00e3o incontest\u00e1vel e popular.<br>O que muitos admiradores da cultura brasileira e africana vem acompanhando com<br>curiosidade \u00e9 amplia\u00e7\u00e3o da exposi\u00e7\u00e3o ativa sobre os 54 pa\u00edses africanos em v\u00e1rios<br>enredos das escolas de Samba, em in\u00fameros desfiles em v\u00e1rios estados brasileiros.<br>A Escola de Samba Beija-Fl\u00f4r, de Nil\u00f3polis, Rio de Janeiro \u00e9 uma destas belas<br>demonstra\u00e7\u00f5es, em 2015 o tema de seu enredo foi a Guin\u00e9 Equatorial, com seus<br>carros aleg\u00f3ricos expressando suas cores, dan\u00e7as e estilos culturais.<br>Neste mesmo ano, 2015, a famosa Imperatriz Leopoldinense assume um tom<br>politizado, ao escolher homenagear o l\u00edder mundial Nelson Mandela para seu enredo.<br>As suas alas citavam a luta contra o aparthaid e a luta contra o preconceito.<br>Em 2024 uma inova\u00e7\u00e3o de conex\u00e3o com a \u00c1frica ocorreu no carnaval de Salvador,<br>Bahia. Com a embaixada de Gana patrocinando o camarote Casa de Gana. Esta<br>iniciativa contempla in\u00fameras programa\u00e7\u00f5es culturais e interc\u00e2mbios, trazendo uma<br>comitiva ganense com empres\u00e1rios, m\u00fasicos, artistas lideran\u00e7as do pa\u00eds ao Brasil.<br>Abrilhantando o carnaval baiano com projetos de gastronomia, arte, palestras, m\u00fasicas<br>e dan\u00e7as.<br>Para este ano, 2025, a Escola de Samba Tom Maior, de S\u00e3o Paulo faz homenagem ao<br>pa\u00eds Angola. Em celebra\u00e7\u00e3o aos seus 50 anos de independ\u00eancia. Como estes<br>enredos, h\u00e1 dezenas de outros exemplos em todos os estados da federa\u00e7\u00e3o.<br>Seguindo esta tend\u00eancia, o professor Odair Marques da Silva, em seu livro \u201cAtlas<br>Geocultural da \u00c1frica\u201d incrementa informa\u00e7\u00f5es preciosas aos que desejam se<br>aprofundar nos conhecimentos sobre esses pa\u00edses. Como bem percebida na escolha<br>tem\u00e1tica no ENEM de 2024, o carnaval e as escolas de samba expressam a tend\u00eancia<br>dos brasileiros em desejarem ampliar suas conex\u00f5es, interc\u00e2mbios e conhecimentos,<br>com os 54 pa\u00edses africanos.<\/p>\n","protected":false},"excerpt":{"rendered":"<p>O carnaval brasileiro \u00e9 uma manifesta\u00e7\u00e3o cultural com fortes ra\u00edzes culturais advindas dos pa\u00edses em \u00c1frica. Esta \u00e9 uma afirma\u00e7\u00e3o incontest\u00e1vel e popular.O que muitos admiradores da cultura brasileira e africana vem acompanhando comcuriosidade \u00e9 amplia\u00e7\u00e3o da exposi\u00e7\u00e3o ativa sobre os 54 pa\u00edses africanos em v\u00e1riosenredos das escolas de Samba, em in\u00fameros desfiles em v\u00e1rios estados brasileiros.A Escola de Samba Beija-Fl\u00f4r, de Nil\u00f3polis, Rio de Janeiro \u00e9 uma destas belasdemonstra\u00e7\u00f5es, em 2015 o tema de seu enredo foi a Guin\u00e9 Equatorial, com seuscarros aleg\u00f3ricos expressando suas cores, dan\u00e7as e estilos culturais.Neste mesmo ano, 2015, a famosa Imperatriz Leopoldinense assume um tompolitizado, ao escolher homenagear o l\u00edder mundial Nelson Mandela para seu enredo.As suas alas citavam a luta contra o aparthaid e a luta contra o preconceito.Em 2024 uma inova\u00e7\u00e3o de conex\u00e3o com a \u00c1frica ocorreu no carnaval de Salvador,Bahia. Com a embaixada de Gana patrocinando o camarote Casa de Gana. Estainiciativa contempla in\u00fameras programa\u00e7\u00f5es culturais e interc\u00e2mbios, trazendo umacomitiva ganense com empres\u00e1rios, m\u00fasicos, artistas lideran\u00e7as do pa\u00eds ao Brasil.Abrilhantando o carnaval baiano com projetos de gastronomia, arte, palestras, m\u00fasicase dan\u00e7as.Para este ano, 2025, a Escola de Samba Tom Maior, de S\u00e3o Paulo faz homenagem aopa\u00eds Angola. Em celebra\u00e7\u00e3o aos seus 50 anos de independ\u00eancia. Como estesenredos, h\u00e1 dezenas de outros exemplos em todos os estados da federa\u00e7\u00e3o.Seguindo esta tend\u00eancia, o professor Odair Marques da Silva, em seu livro \u201cAtlasGeocultural da \u00c1frica\u201d incrementa informa\u00e7\u00f5es preciosas aos que desejam seaprofundar nos conhecimentos sobre esses pa\u00edses. Como bem percebida na escolhatem\u00e1tica no ENEM de 2024, o carnaval e as escolas de samba expressam a tend\u00eanciados brasileiros em desejarem ampliar suas conex\u00f5es, interc\u00e2mbios e conhecimentos,com os 54 pa\u00edses africanos.<\/p>\n","protected":false},"author":2,"featured_media":12522,"comment_status":"open","ping_status":"open","sticky":false,"template":"","format":"standard","meta":{"inline_featured_image":false,"ocean_post_layout":"","ocean_both_sidebars_style":"","ocean_both_sidebars_content_width":0,"ocean_both_sidebars_sidebars_width":0,"ocean_sidebar":"","ocean_second_sidebar":"","ocean_disable_margins":"enable","ocean_add_body_class":"","ocean_shortcode_before_top_bar":"","ocean_shortcode_after_top_bar":"","ocean_shortcode_before_header":"","ocean_shortcode_after_header":"","ocean_has_shortcode":"","ocean_shortcode_after_title":"","ocean_shortcode_before_footer_widgets":"","ocean_shortcode_after_footer_widgets":"","ocean_shortcode_before_footer_bottom":"","ocean_shortcode_after_footer_bottom":"","ocean_display_top_bar":"default","ocean_display_header":"default","ocean_header_style":"","ocean_center_header_left_menu":"","ocean_custom_header_template":"","ocean_custom_logo":0,"ocean_custom_retina_logo":0,"ocean_custom_logo_max_width":0,"ocean_custom_logo_tablet_max_width":0,"ocean_custom_logo_mobile_max_width":0,"ocean_custom_logo_max_height":0,"ocean_custom_logo_tablet_max_height":0,"ocean_custom_logo_mobile_max_height":0,"ocean_header_custom_menu":"","ocean_menu_typo_font_family":"","ocean_menu_typo_font_subset":"","ocean_menu_typo_font_size":0,"ocean_menu_typo_font_size_tablet":0,"ocean_menu_typo_font_size_mobile":0,"ocean_menu_typo_font_size_unit":"px","ocean_menu_typo_font_weight":"","ocean_menu_typo_font_weight_tablet":"","ocean_menu_typo_font_weight_mobile":"","ocean_menu_typo_transform":"","ocean_menu_typo_transform_tablet":"","ocean_menu_typo_transform_mobile":"","ocean_menu_typo_line_height":0,"ocean_menu_typo_line_height_tablet":0,"ocean_menu_typo_line_height_mobile":0,"ocean_menu_typo_line_height_unit":"","ocean_menu_typo_spacing":0,"ocean_menu_typo_spacing_tablet":0,"ocean_menu_typo_spacing_mobile":0,"ocean_menu_typo_spacing_unit":"","ocean_menu_link_color":"","ocean_menu_link_color_hover":"","ocean_menu_link_color_active":"","ocean_menu_link_background":"","ocean_menu_link_hover_background":"","ocean_menu_link_active_background":"","ocean_menu_social_links_bg":"","ocean_menu_social_hover_links_bg":"","ocean_menu_social_links_color":"","ocean_menu_social_hover_links_color":"","ocean_disable_title":"default","ocean_disable_heading":"default","ocean_post_title":"","ocean_post_subheading":"","ocean_post_title_style":"","ocean_post_title_background_color":"","ocean_post_title_background":0,"ocean_post_title_bg_image_position":"","ocean_post_title_bg_image_attachment":"","ocean_post_title_bg_image_repeat":"","ocean_post_title_bg_image_size":"","ocean_post_title_height":0,"ocean_post_title_bg_overlay":0.5,"ocean_post_title_bg_overlay_color":"","ocean_disable_breadcrumbs":"default","ocean_breadcrumbs_color":"","ocean_breadcrumbs_separator_color":"","ocean_breadcrumbs_links_color":"","ocean_breadcrumbs_links_hover_color":"","ocean_display_footer_widgets":"default","ocean_display_footer_bottom":"default","ocean_custom_footer_template":"","omw_enable_modal_window":"enable","ocean_post_oembed":"","ocean_post_self_hosted_media":"","ocean_post_video_embed":"","ocean_link_format":"","ocean_link_format_target":"self","ocean_quote_format":"","ocean_quote_format_link":"post","ocean_gallery_link_images":"on","ocean_gallery_id":[],"footnotes":""},"categories":[1,14],"tags":[],"palavra-chave":[],"class_list":["post-12520","post","type-post","status-publish","format-standard","has-post-thumbnail","hentry","category-blog","category-noticias","entry","has-media"],"yoast_head":"<!-- This site is optimized with the Yoast SEO plugin v27.3 - https:\/\/yoast.com\/product\/yoast-seo-wordpress\/ -->\n<title>O Carnaval e as ra\u00edzes africanas - africaatual.com.br<\/title>\n<meta name=\"description\" content=\"Leia a mat\u00e9ria de Odair Marques sobre o carnaval e as ra\u00edzes africanas.\" \/>\n<meta name=\"robots\" content=\"index, follow, max-snippet:-1, max-image-preview:large, max-video-preview:-1\" \/>\n<link rel=\"canonical\" href=\"https:\/\/africaatual.com.br\/index.php\/2025\/02\/14\/o-carnaval-e-as-raizes-africanas\/\" \/>\n<meta property=\"og:locale\" content=\"pt_BR\" \/>\n<meta property=\"og:type\" content=\"article\" \/>\n<meta property=\"og:title\" content=\"O Carnaval e as ra\u00edzes africanas - africaatual.com.br\" \/>\n<meta property=\"og:description\" content=\"Leia a mat\u00e9ria de Odair Marques sobre o carnaval e as ra\u00edzes africanas.\" \/>\n<meta property=\"og:url\" content=\"https:\/\/africaatual.com.br\/index.php\/2025\/02\/14\/o-carnaval-e-as-raizes-africanas\/\" \/>\n<meta property=\"og:site_name\" content=\"africaatual.com.br\" \/>\n<meta property=\"article:published_time\" content=\"2025-02-14T16:58:01+00:00\" \/>\n<meta property=\"article:modified_time\" content=\"2025-03-14T17:05:20+00:00\" \/>\n<meta property=\"og:image\" content=\"http:\/\/africaatual.com.br\/wp-content\/uploads\/2025\/03\/O-BNDES-Garagem-e-o-programa-do-Banco-Nacional-de-Desenvolvimento-Economico-e-Social-BNDES-de-incentivo-a-startups-que-promove-e-incentiva-acoes-empreendedoras-em-todo-o-Brasil.-A-iniciativa-e-u-4.jpg\" \/>\n\t<meta property=\"og:image:width\" content=\"1080\" \/>\n\t<meta property=\"og:image:height\" content=\"1080\" \/>\n\t<meta property=\"og:image:type\" content=\"image\/jpeg\" \/>\n<meta name=\"author\" content=\"Isabel Xavier\" \/>\n<meta name=\"twitter:card\" content=\"summary_large_image\" \/>\n<meta name=\"twitter:label1\" content=\"Escrito por\" \/>\n\t<meta name=\"twitter:data1\" content=\"Isabel Xavier\" \/>\n\t<meta name=\"twitter:label2\" content=\"Est. tempo de leitura\" \/>\n\t<meta name=\"twitter:data2\" content=\"2 minutos\" \/>\n<script type=\"application\/ld+json\" class=\"yoast-schema-graph\">{\"@context\":\"https:\\\/\\\/schema.org\",\"@graph\":[{\"@type\":\"Article\",\"@id\":\"https:\\\/\\\/africaatual.com.br\\\/index.php\\\/2025\\\/02\\\/14\\\/o-carnaval-e-as-raizes-africanas\\\/#article\",\"isPartOf\":{\"@id\":\"https:\\\/\\\/africaatual.com.br\\\/index.php\\\/2025\\\/02\\\/14\\\/o-carnaval-e-as-raizes-africanas\\\/\"},\"author\":{\"name\":\"Isabel Xavier\",\"@id\":\"https:\\\/\\\/africaatual.com.br\\\/#\\\/schema\\\/person\\\/275270ccd0d657af28fbd625ba218b9e\"},\"headline\":\"O Carnaval e as ra\u00edzes africanas\",\"datePublished\":\"2025-02-14T16:58:01+00:00\",\"dateModified\":\"2025-03-14T17:05:20+00:00\",\"mainEntityOfPage\":{\"@id\":\"https:\\\/\\\/africaatual.com.br\\\/index.php\\\/2025\\\/02\\\/14\\\/o-carnaval-e-as-raizes-africanas\\\/\"},\"wordCount\":321,\"commentCount\":0,\"publisher\":{\"@id\":\"https:\\\/\\\/africaatual.com.br\\\/#organization\"},\"image\":{\"@id\":\"https:\\\/\\\/africaatual.com.br\\\/index.php\\\/2025\\\/02\\\/14\\\/o-carnaval-e-as-raizes-africanas\\\/#primaryimage\"},\"thumbnailUrl\":\"https:\\\/\\\/africaatual.com.br\\\/wp-content\\\/uploads\\\/2025\\\/03\\\/O-BNDES-Garagem-e-o-programa-do-Banco-Nacional-de-Desenvolvimento-Economico-e-Social-BNDES-de-incentivo-a-startups-que-promove-e-incentiva-acoes-empreendedoras-em-todo-o-Brasil.-A-iniciativa-e-u-4.jpg\",\"articleSection\":[\"Blog\",\"Not\u00edcias\"],\"inLanguage\":\"pt-BR\",\"potentialAction\":[{\"@type\":\"CommentAction\",\"name\":\"Comment\",\"target\":[\"https:\\\/\\\/africaatual.com.br\\\/index.php\\\/2025\\\/02\\\/14\\\/o-carnaval-e-as-raizes-africanas\\\/#respond\"]}]},{\"@type\":\"WebPage\",\"@id\":\"https:\\\/\\\/africaatual.com.br\\\/index.php\\\/2025\\\/02\\\/14\\\/o-carnaval-e-as-raizes-africanas\\\/\",\"url\":\"https:\\\/\\\/africaatual.com.br\\\/index.php\\\/2025\\\/02\\\/14\\\/o-carnaval-e-as-raizes-africanas\\\/\",\"name\":\"O Carnaval e as ra\u00edzes africanas - africaatual.com.br\",\"isPartOf\":{\"@id\":\"https:\\\/\\\/africaatual.com.br\\\/#website\"},\"primaryImageOfPage\":{\"@id\":\"https:\\\/\\\/africaatual.com.br\\\/index.php\\\/2025\\\/02\\\/14\\\/o-carnaval-e-as-raizes-africanas\\\/#primaryimage\"},\"image\":{\"@id\":\"https:\\\/\\\/africaatual.com.br\\\/index.php\\\/2025\\\/02\\\/14\\\/o-carnaval-e-as-raizes-africanas\\\/#primaryimage\"},\"thumbnailUrl\":\"https:\\\/\\\/africaatual.com.br\\\/wp-content\\\/uploads\\\/2025\\\/03\\\/O-BNDES-Garagem-e-o-programa-do-Banco-Nacional-de-Desenvolvimento-Economico-e-Social-BNDES-de-incentivo-a-startups-que-promove-e-incentiva-acoes-empreendedoras-em-todo-o-Brasil.-A-iniciativa-e-u-4.jpg\",\"datePublished\":\"2025-02-14T16:58:01+00:00\",\"dateModified\":\"2025-03-14T17:05:20+00:00\",\"description\":\"Leia a mat\u00e9ria de Odair Marques sobre o carnaval e as ra\u00edzes africanas.\",\"breadcrumb\":{\"@id\":\"https:\\\/\\\/africaatual.com.br\\\/index.php\\\/2025\\\/02\\\/14\\\/o-carnaval-e-as-raizes-africanas\\\/#breadcrumb\"},\"inLanguage\":\"pt-BR\",\"potentialAction\":[{\"@type\":\"ReadAction\",\"target\":[\"https:\\\/\\\/africaatual.com.br\\\/index.php\\\/2025\\\/02\\\/14\\\/o-carnaval-e-as-raizes-africanas\\\/\"]}]},{\"@type\":\"ImageObject\",\"inLanguage\":\"pt-BR\",\"@id\":\"https:\\\/\\\/africaatual.com.br\\\/index.php\\\/2025\\\/02\\\/14\\\/o-carnaval-e-as-raizes-africanas\\\/#primaryimage\",\"url\":\"https:\\\/\\\/africaatual.com.br\\\/wp-content\\\/uploads\\\/2025\\\/03\\\/O-BNDES-Garagem-e-o-programa-do-Banco-Nacional-de-Desenvolvimento-Economico-e-Social-BNDES-de-incentivo-a-startups-que-promove-e-incentiva-acoes-empreendedoras-em-todo-o-Brasil.-A-iniciativa-e-u-4.jpg\",\"contentUrl\":\"https:\\\/\\\/africaatual.com.br\\\/wp-content\\\/uploads\\\/2025\\\/03\\\/O-BNDES-Garagem-e-o-programa-do-Banco-Nacional-de-Desenvolvimento-Economico-e-Social-BNDES-de-incentivo-a-startups-que-promove-e-incentiva-acoes-empreendedoras-em-todo-o-Brasil.-A-iniciativa-e-u-4.jpg\",\"width\":1080,\"height\":1080,\"caption\":\"O Carnaval e as Ra\u00edzes Africanas. Foto: Odair Marques\"},{\"@type\":\"BreadcrumbList\",\"@id\":\"https:\\\/\\\/africaatual.com.br\\\/index.php\\\/2025\\\/02\\\/14\\\/o-carnaval-e-as-raizes-africanas\\\/#breadcrumb\",\"itemListElement\":[{\"@type\":\"ListItem\",\"position\":1,\"name\":\"In\u00edcio\",\"item\":\"https:\\\/\\\/africaatual.com.br\\\/\"},{\"@type\":\"ListItem\",\"position\":2,\"name\":\"O Carnaval e as ra\u00edzes africanas\"}]},{\"@type\":\"WebSite\",\"@id\":\"https:\\\/\\\/africaatual.com.br\\\/#website\",\"url\":\"https:\\\/\\\/africaatual.com.br\\\/\",\"name\":\"africaatual.com.br\",\"description\":\"O Atlas Geocultural da \u00c1frica \u00e9 um rico material de leitura e pesquisa, que visa apresentar de forma atual os pa\u00edses africanos, ainda t\u00e3o pouco conhecidos.\",\"publisher\":{\"@id\":\"https:\\\/\\\/africaatual.com.br\\\/#organization\"},\"potentialAction\":[{\"@type\":\"SearchAction\",\"target\":{\"@type\":\"EntryPoint\",\"urlTemplate\":\"https:\\\/\\\/africaatual.com.br\\\/?s={search_term_string}\"},\"query-input\":{\"@type\":\"PropertyValueSpecification\",\"valueRequired\":true,\"valueName\":\"search_term_string\"}}],\"inLanguage\":\"pt-BR\"},{\"@type\":\"Organization\",\"@id\":\"https:\\\/\\\/africaatual.com.br\\\/#organization\",\"name\":\"africaatual.com.br\",\"url\":\"https:\\\/\\\/africaatual.com.br\\\/\",\"logo\":{\"@type\":\"ImageObject\",\"inLanguage\":\"pt-BR\",\"@id\":\"https:\\\/\\\/africaatual.com.br\\\/#\\\/schema\\\/logo\\\/image\\\/\",\"url\":\"http:\\\/\\\/africaatual.com.br\\\/wp-content\\\/uploads\\\/2023\\\/06\\\/LOGOEIROS_Prancheta-1-tipo-preto.png\",\"contentUrl\":\"http:\\\/\\\/africaatual.com.br\\\/wp-content\\\/uploads\\\/2023\\\/06\\\/LOGOEIROS_Prancheta-1-tipo-preto.png\",\"width\":1667,\"height\":730,\"caption\":\"africaatual.com.br\"},\"image\":{\"@id\":\"https:\\\/\\\/africaatual.com.br\\\/#\\\/schema\\\/logo\\\/image\\\/\"}},{\"@type\":\"Person\",\"@id\":\"https:\\\/\\\/africaatual.com.br\\\/#\\\/schema\\\/person\\\/275270ccd0d657af28fbd625ba218b9e\",\"name\":\"Isabel Xavier\",\"image\":{\"@type\":\"ImageObject\",\"inLanguage\":\"pt-BR\",\"@id\":\"https:\\\/\\\/secure.gravatar.com\\\/avatar\\\/a917370c365d1c248cd5fe4fc02ff6a26d8a5ef7f28c3c7e41757c19a93a954b?s=96&d=mm&r=g\",\"url\":\"https:\\\/\\\/secure.gravatar.com\\\/avatar\\\/a917370c365d1c248cd5fe4fc02ff6a26d8a5ef7f28c3c7e41757c19a93a954b?s=96&d=mm&r=g\",\"contentUrl\":\"https:\\\/\\\/secure.gravatar.com\\\/avatar\\\/a917370c365d1c248cd5fe4fc02ff6a26d8a5ef7f28c3c7e41757c19a93a954b?s=96&d=mm&r=g\",\"caption\":\"Isabel Xavier\"},\"url\":\"https:\\\/\\\/africaatual.com.br\\\/index.php\\\/author\\\/webdesign-yta\\\/\"}]}<\/script>\n<!-- \/ Yoast SEO plugin. -->","yoast_head_json":{"title":"O Carnaval e as ra\u00edzes africanas - africaatual.com.br","description":"Leia a mat\u00e9ria de Odair Marques sobre o carnaval e as ra\u00edzes africanas.","robots":{"index":"index","follow":"follow","max-snippet":"max-snippet:-1","max-image-preview":"max-image-preview:large","max-video-preview":"max-video-preview:-1"},"canonical":"https:\/\/africaatual.com.br\/index.php\/2025\/02\/14\/o-carnaval-e-as-raizes-africanas\/","og_locale":"pt_BR","og_type":"article","og_title":"O Carnaval e as ra\u00edzes africanas - africaatual.com.br","og_description":"Leia a mat\u00e9ria de Odair Marques sobre o carnaval e as ra\u00edzes africanas.","og_url":"https:\/\/africaatual.com.br\/index.php\/2025\/02\/14\/o-carnaval-e-as-raizes-africanas\/","og_site_name":"africaatual.com.br","article_published_time":"2025-02-14T16:58:01+00:00","article_modified_time":"2025-03-14T17:05:20+00:00","og_image":[{"width":1080,"height":1080,"url":"http:\/\/africaatual.com.br\/wp-content\/uploads\/2025\/03\/O-BNDES-Garagem-e-o-programa-do-Banco-Nacional-de-Desenvolvimento-Economico-e-Social-BNDES-de-incentivo-a-startups-que-promove-e-incentiva-acoes-empreendedoras-em-todo-o-Brasil.-A-iniciativa-e-u-4.jpg","type":"image\/jpeg"}],"author":"Isabel Xavier","twitter_card":"summary_large_image","twitter_misc":{"Escrito por":"Isabel Xavier","Est. tempo de leitura":"2 minutos"},"schema":{"@context":"https:\/\/schema.org","@graph":[{"@type":"Article","@id":"https:\/\/africaatual.com.br\/index.php\/2025\/02\/14\/o-carnaval-e-as-raizes-africanas\/#article","isPartOf":{"@id":"https:\/\/africaatual.com.br\/index.php\/2025\/02\/14\/o-carnaval-e-as-raizes-africanas\/"},"author":{"name":"Isabel Xavier","@id":"https:\/\/africaatual.com.br\/#\/schema\/person\/275270ccd0d657af28fbd625ba218b9e"},"headline":"O Carnaval e as ra\u00edzes africanas","datePublished":"2025-02-14T16:58:01+00:00","dateModified":"2025-03-14T17:05:20+00:00","mainEntityOfPage":{"@id":"https:\/\/africaatual.com.br\/index.php\/2025\/02\/14\/o-carnaval-e-as-raizes-africanas\/"},"wordCount":321,"commentCount":0,"publisher":{"@id":"https:\/\/africaatual.com.br\/#organization"},"image":{"@id":"https:\/\/africaatual.com.br\/index.php\/2025\/02\/14\/o-carnaval-e-as-raizes-africanas\/#primaryimage"},"thumbnailUrl":"https:\/\/africaatual.com.br\/wp-content\/uploads\/2025\/03\/O-BNDES-Garagem-e-o-programa-do-Banco-Nacional-de-Desenvolvimento-Economico-e-Social-BNDES-de-incentivo-a-startups-que-promove-e-incentiva-acoes-empreendedoras-em-todo-o-Brasil.-A-iniciativa-e-u-4.jpg","articleSection":["Blog","Not\u00edcias"],"inLanguage":"pt-BR","potentialAction":[{"@type":"CommentAction","name":"Comment","target":["https:\/\/africaatual.com.br\/index.php\/2025\/02\/14\/o-carnaval-e-as-raizes-africanas\/#respond"]}]},{"@type":"WebPage","@id":"https:\/\/africaatual.com.br\/index.php\/2025\/02\/14\/o-carnaval-e-as-raizes-africanas\/","url":"https:\/\/africaatual.com.br\/index.php\/2025\/02\/14\/o-carnaval-e-as-raizes-africanas\/","name":"O Carnaval e as ra\u00edzes africanas - africaatual.com.br","isPartOf":{"@id":"https:\/\/africaatual.com.br\/#website"},"primaryImageOfPage":{"@id":"https:\/\/africaatual.com.br\/index.php\/2025\/02\/14\/o-carnaval-e-as-raizes-africanas\/#primaryimage"},"image":{"@id":"https:\/\/africaatual.com.br\/index.php\/2025\/02\/14\/o-carnaval-e-as-raizes-africanas\/#primaryimage"},"thumbnailUrl":"https:\/\/africaatual.com.br\/wp-content\/uploads\/2025\/03\/O-BNDES-Garagem-e-o-programa-do-Banco-Nacional-de-Desenvolvimento-Economico-e-Social-BNDES-de-incentivo-a-startups-que-promove-e-incentiva-acoes-empreendedoras-em-todo-o-Brasil.-A-iniciativa-e-u-4.jpg","datePublished":"2025-02-14T16:58:01+00:00","dateModified":"2025-03-14T17:05:20+00:00","description":"Leia a mat\u00e9ria de Odair Marques sobre o carnaval e as ra\u00edzes africanas.","breadcrumb":{"@id":"https:\/\/africaatual.com.br\/index.php\/2025\/02\/14\/o-carnaval-e-as-raizes-africanas\/#breadcrumb"},"inLanguage":"pt-BR","potentialAction":[{"@type":"ReadAction","target":["https:\/\/africaatual.com.br\/index.php\/2025\/02\/14\/o-carnaval-e-as-raizes-africanas\/"]}]},{"@type":"ImageObject","inLanguage":"pt-BR","@id":"https:\/\/africaatual.com.br\/index.php\/2025\/02\/14\/o-carnaval-e-as-raizes-africanas\/#primaryimage","url":"https:\/\/africaatual.com.br\/wp-content\/uploads\/2025\/03\/O-BNDES-Garagem-e-o-programa-do-Banco-Nacional-de-Desenvolvimento-Economico-e-Social-BNDES-de-incentivo-a-startups-que-promove-e-incentiva-acoes-empreendedoras-em-todo-o-Brasil.-A-iniciativa-e-u-4.jpg","contentUrl":"https:\/\/africaatual.com.br\/wp-content\/uploads\/2025\/03\/O-BNDES-Garagem-e-o-programa-do-Banco-Nacional-de-Desenvolvimento-Economico-e-Social-BNDES-de-incentivo-a-startups-que-promove-e-incentiva-acoes-empreendedoras-em-todo-o-Brasil.-A-iniciativa-e-u-4.jpg","width":1080,"height":1080,"caption":"O Carnaval e as Ra\u00edzes Africanas. Foto: Odair Marques"},{"@type":"BreadcrumbList","@id":"https:\/\/africaatual.com.br\/index.php\/2025\/02\/14\/o-carnaval-e-as-raizes-africanas\/#breadcrumb","itemListElement":[{"@type":"ListItem","position":1,"name":"In\u00edcio","item":"https:\/\/africaatual.com.br\/"},{"@type":"ListItem","position":2,"name":"O Carnaval e as ra\u00edzes africanas"}]},{"@type":"WebSite","@id":"https:\/\/africaatual.com.br\/#website","url":"https:\/\/africaatual.com.br\/","name":"africaatual.com.br","description":"O Atlas Geocultural da \u00c1frica \u00e9 um rico material de leitura e pesquisa, que visa apresentar de forma atual os pa\u00edses africanos, ainda t\u00e3o pouco conhecidos.","publisher":{"@id":"https:\/\/africaatual.com.br\/#organization"},"potentialAction":[{"@type":"SearchAction","target":{"@type":"EntryPoint","urlTemplate":"https:\/\/africaatual.com.br\/?s={search_term_string}"},"query-input":{"@type":"PropertyValueSpecification","valueRequired":true,"valueName":"search_term_string"}}],"inLanguage":"pt-BR"},{"@type":"Organization","@id":"https:\/\/africaatual.com.br\/#organization","name":"africaatual.com.br","url":"https:\/\/africaatual.com.br\/","logo":{"@type":"ImageObject","inLanguage":"pt-BR","@id":"https:\/\/africaatual.com.br\/#\/schema\/logo\/image\/","url":"http:\/\/africaatual.com.br\/wp-content\/uploads\/2023\/06\/LOGOEIROS_Prancheta-1-tipo-preto.png","contentUrl":"http:\/\/africaatual.com.br\/wp-content\/uploads\/2023\/06\/LOGOEIROS_Prancheta-1-tipo-preto.png","width":1667,"height":730,"caption":"africaatual.com.br"},"image":{"@id":"https:\/\/africaatual.com.br\/#\/schema\/logo\/image\/"}},{"@type":"Person","@id":"https:\/\/africaatual.com.br\/#\/schema\/person\/275270ccd0d657af28fbd625ba218b9e","name":"Isabel Xavier","image":{"@type":"ImageObject","inLanguage":"pt-BR","@id":"https:\/\/secure.gravatar.com\/avatar\/a917370c365d1c248cd5fe4fc02ff6a26d8a5ef7f28c3c7e41757c19a93a954b?s=96&d=mm&r=g","url":"https:\/\/secure.gravatar.com\/avatar\/a917370c365d1c248cd5fe4fc02ff6a26d8a5ef7f28c3c7e41757c19a93a954b?s=96&d=mm&r=g","contentUrl":"https:\/\/secure.gravatar.com\/avatar\/a917370c365d1c248cd5fe4fc02ff6a26d8a5ef7f28c3c7e41757c19a93a954b?s=96&d=mm&r=g","caption":"Isabel Xavier"},"url":"https:\/\/africaatual.com.br\/index.php\/author\/webdesign-yta\/"}]}},"_links":{"self":[{"href":"https:\/\/africaatual.com.br\/index.php\/wp-json\/wp\/v2\/posts\/12520","targetHints":{"allow":["GET"]}}],"collection":[{"href":"https:\/\/africaatual.com.br\/index.php\/wp-json\/wp\/v2\/posts"}],"about":[{"href":"https:\/\/africaatual.com.br\/index.php\/wp-json\/wp\/v2\/types\/post"}],"author":[{"embeddable":true,"href":"https:\/\/africaatual.com.br\/index.php\/wp-json\/wp\/v2\/users\/2"}],"replies":[{"embeddable":true,"href":"https:\/\/africaatual.com.br\/index.php\/wp-json\/wp\/v2\/comments?post=12520"}],"version-history":[{"count":2,"href":"https:\/\/africaatual.com.br\/index.php\/wp-json\/wp\/v2\/posts\/12520\/revisions"}],"predecessor-version":[{"id":12523,"href":"https:\/\/africaatual.com.br\/index.php\/wp-json\/wp\/v2\/posts\/12520\/revisions\/12523"}],"wp:featuredmedia":[{"embeddable":true,"href":"https:\/\/africaatual.com.br\/index.php\/wp-json\/wp\/v2\/media\/12522"}],"wp:attachment":[{"href":"https:\/\/africaatual.com.br\/index.php\/wp-json\/wp\/v2\/media?parent=12520"}],"wp:term":[{"taxonomy":"category","embeddable":true,"href":"https:\/\/africaatual.com.br\/index.php\/wp-json\/wp\/v2\/categories?post=12520"},{"taxonomy":"post_tag","embeddable":true,"href":"https:\/\/africaatual.com.br\/index.php\/wp-json\/wp\/v2\/tags?post=12520"},{"taxonomy":"palavra-chave","embeddable":true,"href":"https:\/\/africaatual.com.br\/index.php\/wp-json\/wp\/v2\/palavra-chave?post=12520"}],"curies":[{"name":"wp","href":"https:\/\/api.w.org\/{rel}","templated":true}]}}