
{"id":12829,"date":"2025-07-22T19:28:08","date_gmt":"2025-07-22T22:28:08","guid":{"rendered":"https:\/\/africaatual.com.br\/?p=12829"},"modified":"2025-07-23T17:07:08","modified_gmt":"2025-07-23T20:07:08","slug":"quais-as-consequencias-do-tarifaco-pelos-eua-ao-brasil-e-seus-efeitos-colaterais-naeconomia-e-no-povo-brasileiro-na-visao-do-comendador","status":"publish","type":"post","link":"https:\/\/africaatual.com.br\/index.php\/2025\/07\/22\/quais-as-consequencias-do-tarifaco-pelos-eua-ao-brasil-e-seus-efeitos-colaterais-naeconomia-e-no-povo-brasileiro-na-visao-do-comendador\/","title":{"rendered":"Quais as consequ\u00eancias do &#8220;Tarifa\u00e7o&#8221; pelos EUA ao Brasil e seus efeitos colaterais na economia e no povo brasileiro, na vis\u00e3o do Comendador?"},"content":{"rendered":"\t\t<div data-elementor-type=\"wp-post\" data-elementor-id=\"12829\" class=\"elementor elementor-12829\">\n\t\t\t\t<div class=\"elementor-element elementor-element-4a2a4b0c e-con-full e-flex wpr-particle-no wpr-jarallax-no wpr-parallax-no wpr-sticky-section-no wpr-equal-height-no e-con e-parent\" data-id=\"4a2a4b0c\" data-element_type=\"container\" data-e-type=\"container\">\n\t\t\t\t<div class=\"elementor-element elementor-element-3bd4ab99 elementor-widget elementor-widget-text-editor\" data-id=\"3bd4ab99\" data-element_type=\"widget\" data-e-type=\"widget\" data-widget_type=\"text-editor.default\">\n\t\t\t\t<div class=\"elementor-widget-container\">\n\t\t\t\t\t\t\t\t\t<p><\/p>\n<figure id=\"attachment_12838\" aria-describedby=\"caption-attachment-12838\" style=\"width: 300px\" class=\"wp-caption alignleft\"><img fetchpriority=\"high\" decoding=\"async\" src=\"http:\/\/africaatual.com.br\/wp-content\/uploads\/2025\/07\/O-BNDES-Garagem-e-o-programa-do-Banco-Nacional-de-Desenvolvimento-Economico-e-Social-BNDES-de-incentivo-a-startups-que-promove-e-incentiva-acoes-empreendedoras-em-todo-o-Brasil.-A-iniciativa-e-u-5-300x300.jpg\" alt=\"Card do site \u00c1frica Atual com fundo da Est\u00e1tua da Liberdade e bandeira dos Estados Unidos ao vento. \u00c0 esquerda, aparece o texto: \u201cQuais as consequ\u00eancias do 'Tarifa\u00e7o' pelos EUA ao Brasil e seus efeitos colaterais na economia e no povo brasileiro, na vis\u00e3o do Comendador?\u201d. No canto superior direito, h\u00e1 uma foto circular do Comendador Jos\u00e9 Ferreira, homem negro de terno escuro, \u00f3culos e gravata vermelha, sorrindo. No rodap\u00e9 do card, os dizeres: \u201cLeia o artigo completo no site\u201d, o arroba @atlasgeoculturaldaafrica e o endere\u00e7o www.africaatual.com.br. Cr\u00e9dito da imagem: Pexels\/Hugo Magalh\u00e3es.\" width=\"300\" height=\"300\" \/><figcaption id=\"caption-attachment-12838\" class=\"wp-caption-text\">Card do site \u00c1frica Atual com fundo da Est\u00e1tua da Liberdade e bandeira dos Estados Unidos ao vento. \u00c0 esquerda, aparece o texto: \u201cQuais as consequ\u00eancias do &#8216;Tarifa\u00e7o&#8217; pelos EUA ao Brasil e seus efeitos colaterais na economia e no povo brasileiro, na vis\u00e3o do Comendador?\u201d. No canto superior direito, h\u00e1 uma foto circular do Comendador Jos\u00e9 Ferreira, homem negro de terno escuro, \u00f3culos e gravata vermelha, sorrindo. No rodap\u00e9 do card, os dizeres: \u201cLeia o artigo completo no site\u201d, o arroba @atlasgeoculturaldaafrica e o endere\u00e7o www.africaatual.com.br. Cr\u00e9dito da imagem: Pexels\/Hugo Magalh\u00e3es.<\/figcaption><\/figure>\n<p>O mundo est\u00e1 em constantes mudan\u00e7as geol\u00f3gicas e pol\u00edticas, e o que mant\u00e9m essas rodas de engenho girando a favor dos pa\u00edses mais ricos s\u00e3o o mercado financeiro e os poderes. Prova disso \u00e9 o &#8220;Tarifa\u00e7o&#8221;. Fica invi\u00e1vel a sustenta\u00e7\u00e3o de 50% sobre os produtos brasileiros, mas o Brasil \u00e9 como uma F\u00eanix: renasce de suas cinzas no mercado globalizado com suas riquezas naturais (energias renov\u00e1veis, agroneg\u00f3cio, minerais nobres, petr\u00f3leo, ferro e a\u00e7o, clima, terras f\u00e9rteis e tantas outras), tecnol\u00f3gicas e a vertente de recebimento de investimentos dos grandes players do planeta.<\/p>\n<p><\/p>\n<p>Dando seguimento ao &#8220;Tarifa\u00e7o&#8221; e \u00e0s consequ\u00eancias na economia brasileira, segue a nota de apoio ao Brasil das\u00a0<strong>C\u00c2MARAS AMERICANAS<\/strong>, que est\u00e3o entre as maiores do mundo.<\/p>\n<p><\/p>\n<p>A\u00a0<strong>C\u00e2mara de Com\u00e9rcio dos EUA<\/strong>\u00a0pede uma sa\u00edda contra a tarifa ao Brasil.<\/p>\n<p><\/p>\n<ul class=\"wp-block-list\">\n<li style=\"list-style-type: none;\">\n<ul><\/ul>\n<\/li>\n<\/ul>\n<p>\u00a0<\/p>\n<ul>\n<li style=\"list-style-type: none;\">\n<ul>\n<li>Um dos pontos a nosso favor, conforme a\u00a0<strong>NOTA<\/strong>, \u00e9 que mais de 6,5 mil pequenas empresas americanas dependem de produtos brasileiros.<\/li>\n<\/ul>\n<\/li>\n<\/ul>\n<p><\/p>\n<p><\/p>\n<p><strong>Nota da C\u00e2mara de Com\u00e9rcio dos EUA e ACHAM Brasil<\/strong><\/p>\n<p><\/p>\n<p>A\u00a0<strong>C\u00c2MARA DE COM\u00c9RCIO DOS EUA<\/strong>, a maior c\u00e2mara de com\u00e9rcio do mundo, emitiu uma nota conjunta com a\u00a0<strong>ANCHAM BRASIL<\/strong>\u00a0(c\u00e2mara americana no Brasil). Trata-se de um documento que parte de Washington e de Bras\u00edlia. A\u00a0<strong>C\u00c2MARA DE COM\u00c9RCIO DOS EUA<\/strong>\u00a0e a\u00a0<strong>ANCHAM BRASIL<\/strong>, que representam as empresas americanas no Brasil, emitiram a seguinte declara\u00e7\u00e3o ap\u00f3s o an\u00fancio de Trump de uma proposta de tarifa de 50%, que come\u00e7aria a vigorar a partir de\u00a0<strong>01\/08\/2025<\/strong>:<\/p>\n<p><\/p>\n<p><em>&#8220;A C\u00c2MARA DE COM\u00c9RCIO DOS EUA e a ANCHAM BRASIL instam o GOVERNO AMERICANO e o GOVERNO BRASILEIRO a se engajarem em negocia\u00e7\u00f5es de alto n\u00edvel para evitar a implementa\u00e7\u00e3o de tarifas prejudiciais. Impor tais medidas em resposta a tens\u00f5es pol\u00edticas mais amplas corre o risco de causar danos reais a uma das rela\u00e7\u00f5es econ\u00f4micas mais importantes dos EUA e estabelece um precedente preocupante. A tarifa proposta de 50% impactaria produtos essenciais para as cadeias de suprimentos e consumidores dos EUA, aumentando os custos para as fam\u00edlias e reduzindo a competitividade das principais ind\u00fastrias americanas.&#8221;<\/em><\/p>\n<p><\/p>\n<p>Al\u00e9m disso, mais de\u00a0<strong>6.500 pequenas empresas dos EUA<\/strong>\u00a0dependem de importa\u00e7\u00f5es do Brasil, enquanto\u00a0<strong>3.900 empresas americanas<\/strong>\u00a0investem e operam no pa\u00eds.<\/p>\n<p><\/p>\n<p>A\u00a0<strong>C\u00c2MARA DE COM\u00c9RCIO DOS EUA<\/strong>\u00a0e a\u00a0<strong>ANCHAM BRASIL<\/strong>\u00a0destacam que este \u00e9 um movimento e um documento que parte de\u00a0<strong>Washington<\/strong>. O Brasil \u00e9 um dos principais mercados de exporta\u00e7\u00e3o dos EUA e o destino de quase\u00a0<strong>60 bilh\u00f5es de d\u00f3lares<\/strong>\u00a0em bens e servi\u00e7os americanos todos os anos. Uma rela\u00e7\u00e3o comercial est\u00e1vel e produtiva entre as duas maiores economias do hemisf\u00e9rio beneficia os consumidores, sustenta empregos e promove prosperidade m\u00fatua.<\/p>\n<p><\/p>\n<p>A\u00a0<strong>C\u00c2MARA DE COM\u00c9RCIO DOS EUA<\/strong>\u00a0e a\u00a0<strong>ANCHAM BRASIL<\/strong>\u00a0est\u00e3o prontas para apoiar esfor\u00e7os que conduzam a uma solu\u00e7\u00e3o negociada, pragm\u00e1tica e construtiva, que evite a escalada e garanta um com\u00e9rcio cont\u00ednuo e mutuamente ben\u00e9fico para ambos os pa\u00edses.<\/p>\n<p><\/p>\n<hr \/>\n<p><\/p>\n<p><strong>CONSIDERA\u00c7\u00d5ES DO COMENDADOR JOS\u00c9 FERREIRA<\/strong><\/p>\n<p><\/p>\n<p>Esta tarifa\u00e7\u00e3o ter\u00e1 um\u00a0<strong>impacto significativo<\/strong>\u00a0na economia brasileira: na ind\u00fastria, no agroneg\u00f3cio, no agroindustrial, na pol\u00edtica, no PIB, no povo e em toda a cadeia produtiva do pa\u00eds, prejudicando a gera\u00e7\u00e3o de empregos e o desenvolvimento econ\u00f4mico e social de nossa na\u00e7\u00e3o.<\/p>\n<p><\/p>\n<p>A decis\u00e3o do presidente dos Estados Unidos,\u00a0<strong>Donald Trump<\/strong>\u00a0(Partido Republicano), de aplicar uma tarifa de\u00a0<strong>50%<\/strong>\u00a0sobre os produtos brasileiros vendidos aos EUA tem um\u00a0<strong>potencial bilion\u00e1rio de impacto<\/strong>. S\u00f3 em\u00a0<strong>2024<\/strong>, o Brasil exportou\u00a0<strong>US$ 40,4 bilh\u00f5es<\/strong>\u00a0para os EUA, o que representou\u00a0<strong>12%<\/strong>\u00a0do total exportado.<\/p>\n<p><\/p>\n<p>A justificativa para essa tarifa transcende quest\u00f5es comerciais e esbarra em\u00a0<strong>inger\u00eancia inadequada<\/strong>\u00a0em pautas de pol\u00edtica interna, como o julgamento do ex-presidente Bolsonaro por tentativa de golpe de Estado, e quest\u00f5es de soberania, como as multas impostas pelo\u00a0<strong>STF<\/strong>\u00a0\u00e0s plataformas de m\u00eddia social dos EUA por infra\u00e7\u00f5es \u00e0 legisla\u00e7\u00e3o brasileira.<\/p>\n<p><\/p>\n<p>Al\u00e9m disso, a carta de Trump ao governo brasileiro menciona uma suposta\u00a0<strong>&#8220;rela\u00e7\u00e3o comercial injusta&#8221;<\/strong>\u00a0e um\u00a0<strong>d\u00e9ficit comercial dos EUA com o Brasil<\/strong>, o que, como veremos, n\u00e3o se alinha com os dados hist\u00f3ricos.<\/p>\n<p><\/p>\n<hr \/>\n<p><\/p>\n<p><strong>AS IMPLICA\u00c7\u00d5ES PARA A ECONOMIA BRASILEIRA<\/strong><\/p>\n<p><\/p>\n<p>Se essa tarifa de\u00a0<strong>50%<\/strong>\u00a0for implementada, os efeitos ser\u00e3o sentidos principalmente em tr\u00eas frentes:<\/p>\n<p><\/p>\n<ul class=\"wp-block-list\">\n<li style=\"list-style-type: none;\">\n<ul><\/ul>\n<\/li>\n<\/ul>\n<p>\u00a0<\/p>\n<ul>\n<li style=\"list-style-type: none;\">\n<ul>\n<li><strong>Exporta\u00e7\u00f5es<\/strong>: Produtos como caf\u00e9, carne bovina, suco de laranja, ferro e a\u00e7o bruto\/semiacabado, petr\u00f3leo e derivados, aeronaves, papel e celulose, entre outros, perder\u00e3o competitividade no mercado americano, causando danos \u00e0 balan\u00e7a comercial brasileira.<\/li>\n<\/ul>\n<\/li>\n<\/ul>\n<p><\/p>\n<ul>\n<li style=\"list-style-type: none;\">\n<ul>\n<li><strong>Instabilidade no mercado financeiro<\/strong>: A inseguran\u00e7a global afeta o fluxo de capital. Com maior percep\u00e7\u00e3o de risco, investidores podem sair do Brasil, fortalecendo o d\u00f3lar, enfraquecendo o real e pressionando a infla\u00e7\u00e3o.<\/li>\n<\/ul>\n<\/li>\n<\/ul>\n<p><\/p>\n<ul>\n<li style=\"list-style-type: none;\">\n<ul>\n<li><strong>Setores produtivos<\/strong>: Empresas brasileiras dependentes das exporta\u00e7\u00f5es para os EUA podem reduzir produ\u00e7\u00e3o, cortar empregos e rever investimentos.<\/li>\n<\/ul>\n<\/li>\n<\/ul>\n<p><\/p>\n<p><\/p>\n<p>O mercado financeiro n\u00e3o reage bem a incertezas, e essa \u00e9 uma das grandes. A percep\u00e7\u00e3o de risco, j\u00e1 existente, seria refor\u00e7ada por essa instabilidade nas rela\u00e7\u00f5es comerciais com uma das maiores economias do mundo.<\/p>\n<p><\/p>\n<hr \/>\n<p><\/p>\n<p><strong>A NEGOCIA\u00c7\u00c3O EST\u00c1 APENAS COME\u00c7ANDO<\/strong><\/p>\n<p><\/p>\n<p>O an\u00fancio de Trump, embora s\u00e9rio, ainda est\u00e1 no campo da\u00a0<strong>press\u00e3o pol\u00edtica<\/strong>. Seus m\u00e9todos agressivos s\u00e3o conhecidos por for\u00e7ar negocia\u00e7\u00f5es.<\/p>\n<p><\/p>\n<p>Um ponto que refor\u00e7a essa tese \u00e9 a\u00a0<strong>contradi\u00e7\u00e3o nos argumentos econ\u00f4micos<\/strong>\u00a0de Trump. Dados do\u00a0<strong>Minist\u00e9rio do Desenvolvimento, Ind\u00fastria, Com\u00e9rcio e Servi\u00e7os<\/strong>\u00a0mostram que, historicamente, o Brasil tem\u00a0<strong>d\u00e9ficit comercial com os EUA<\/strong>\u00a0(importa mais do que exporta). Em\u00a0<strong>2024<\/strong>, esse d\u00e9ficit foi de\u00a0<strong>US$ 284 milh\u00f5es<\/strong>.<\/p>\n<p><\/p>\n<p>Al\u00e9m disso, tarifas t\u00e3o dr\u00e1sticas tamb\u00e9m\u00a0<strong>prejudicariam os EUA<\/strong>. Cadeias produtivas americanas, como as de\u00a0<strong>a\u00e7o e avia\u00e7\u00e3o<\/strong>, dependem de insumos brasileiros. Substitu\u00ed-los n\u00e3o \u00e9 simples.<\/p>\n<p><\/p>\n<p>A natureza pol\u00edtica das justificativas sugere que o objetivo real seja\u00a0<strong>press\u00e3o<\/strong>, n\u00e3o a implementa\u00e7\u00e3o total da tarifa. A carta menciona que as tarifas podem ser\u00a0<strong>&#8220;modificadas, para cima ou para baixo&#8221;<\/strong>, dependendo da rela\u00e7\u00e3o. Isso abre espa\u00e7o para negocia\u00e7\u00f5es diplom\u00e1ticas.<\/p>\n<p><\/p>\n<p>Segue o gr\u00e1fico:<\/p>\n<p><\/p>\n<figure><img decoding=\"async\" src=\"https:\/\/africaatual.com.br\/wp-content\/uploads\/2025\/07\/image.png\" alt=\"\" \/><\/figure>\n<p><\/p>\n<p><em><span style=\"font-size: 18px;\">Gr\u00e1fico de pizza com os principais produtos exportados do Brasil para os Estados Unidos em 2024, totalizando 40,4 bilh\u00f5es de d\u00f3lares. Os percentuais por categoria s\u00e3o: petr\u00f3leo e derivados (18,3%), ferro ou a\u00e7o bruto e produtos semi-acabados (13,2%), aeronaves e outros equipamentos (6,7%), caf\u00e9 n\u00e3o torrado (4,7%), celulose (4,1%) e outros produtos (53,0%), representando 21,3 bilh\u00f5es. O gr\u00e1fico \u00e9 ilustrado com um navio de carga no centro.<\/span><\/em><\/p>\n<p><strong>\u00a0<\/strong><\/p>\n<p><strong>CONSELHO AO INVESTIDOR NESTE MOMENTO<\/strong><\/p>\n<p><\/p>\n<ul class=\"wp-block-list\">\n<li style=\"list-style-type: none;\">\n<ul><\/ul>\n<\/li>\n<\/ul>\n<p>\u00a0<\/p>\n<ul>\n<li style=\"list-style-type: none;\">\n<ul>\n<li><strong>Evite decis\u00f5es precipitadas<\/strong>: Volatilidade \u00e9 comum em momentos de incerteza. Mantenha a calma e n\u00e3o aja por medo.<\/li>\n<\/ul>\n<\/li>\n<\/ul>\n<p><\/p>\n<ul>\n<li style=\"list-style-type: none;\">\n<ul>\n<li><strong>Mantenha o planejamento de longo prazo<\/strong>: Se sua estrat\u00e9gia \u00e9 s\u00f3lida e diversificada, crises podem abrir oportunidades de compra de ativos de qualidade.<\/li>\n<\/ul>\n<\/li>\n<\/ul>\n<p><\/p>\n<ul>\n<li style=\"list-style-type: none;\">\n<ul>\n<li><strong>O &#8220;Tarifa\u00e7o&#8221; ainda \u00e9 incerto<\/strong>: A negocia\u00e7\u00e3o e a diplomacia definir\u00e3o o impacto real.<\/li>\n<\/ul>\n<\/li>\n<\/ul>\n<p><\/p>\n<ul>\n<li style=\"list-style-type: none;\">\n<ul>\n<li><strong>Internacionaliza\u00e7\u00e3o pode ser uma oportunidade<\/strong>: Este \u00e9 um momento para considerar a expans\u00e3o de neg\u00f3cios para os EUA, mas com\u00a0<strong>cautela na escolha de parceiros<\/strong>\u00a0e respeito \u00e0s leis locais.<\/li>\n<\/ul>\n<\/li>\n<\/ul>\n<p><\/p>\n<p><\/p>\n<hr \/>\n<p><\/p>\n<p><strong>CONCLUS\u00c3O<\/strong><\/p>\n<p><\/p>\n<p>Os l\u00edderes governamentais e empresariais brasileiros buscam uma\u00a0<strong>nova f\u00f3rmula de concilia\u00e7\u00e3o<\/strong>\u00a0entre as na\u00e7\u00f5es americana e brasileira, al\u00e9m de novos parceiros comerciais. Tenho certeza de que esta crise trar\u00e1\u00a0<strong>aprendizados<\/strong>\u00a0para um pa\u00eds t\u00e3o grande como o Brasil. Esta p\u00e1tria \u00e9 aben\u00e7oada por Deus, e a na\u00e7\u00e3o brasileira sempre\u00a0<strong>sobreviver\u00e1 e se manter\u00e1 forte<\/strong>.<\/p>\n<p><\/p>\n<p><strong>Por: Comendador Jos\u00e9 Ferreira<\/strong><\/p>\n<p><\/p>\t\t\t\t\t\t\t\t<\/div>\n\t\t\t\t<\/div>\n\t\t\t\t<\/div>\n\t\t\t\t<\/div>\n\t\t","protected":false},"excerpt":{"rendered":"<p>O mundo est\u00e1 em constantes mudan\u00e7as geol\u00f3gicas e pol\u00edticas, e o que mant\u00e9m essas rodas de engenho girando a favor dos pa\u00edses mais ricos s\u00e3o o mercado financeiro e os poderes. Prova disso \u00e9 o &#8220;Tarifa\u00e7o&#8221;. Fica invi\u00e1vel a sustenta\u00e7\u00e3o de 50% sobre os produtos brasileiros, mas o Brasil \u00e9 como uma F\u00eanix: renasce de suas cinzas no mercado globalizado com suas riquezas naturais (energias renov\u00e1veis, agroneg\u00f3cio, minerais nobres, petr\u00f3leo, ferro e a\u00e7o, clima, terras f\u00e9rteis e tantas outras), tecnol\u00f3gicas e a vertente de recebimento de investimentos dos grandes players do planeta. Dando seguimento ao &#8220;Tarifa\u00e7o&#8221; e \u00e0s consequ\u00eancias na economia brasileira, segue a nota de apoio ao Brasil das\u00a0C\u00c2MARAS AMERICANAS, que est\u00e3o entre as maiores do mundo. A\u00a0C\u00e2mara de Com\u00e9rcio dos EUA\u00a0pede uma sa\u00edda contra a tarifa ao Brasil. Nota da C\u00e2mara de Com\u00e9rcio dos EUA e ACHAM Brasil A\u00a0C\u00c2MARA DE COM\u00c9RCIO DOS EUA, a maior c\u00e2mara de com\u00e9rcio do mundo, emitiu uma nota conjunta com a\u00a0ANCHAM BRASIL\u00a0(c\u00e2mara americana no Brasil). Trata-se de um documento que parte de Washington e de Bras\u00edlia. A\u00a0C\u00c2MARA DE COM\u00c9RCIO DOS EUA\u00a0e a\u00a0ANCHAM BRASIL, que representam as empresas americanas no Brasil, emitiram a seguinte declara\u00e7\u00e3o ap\u00f3s o an\u00fancio de Trump de uma proposta de tarifa de 50%, que come\u00e7aria a vigorar a partir de\u00a001\/08\/2025: &#8220;A C\u00c2MARA DE COM\u00c9RCIO DOS EUA e a ANCHAM BRASIL instam o GOVERNO AMERICANO e o GOVERNO BRASILEIRO a se engajarem em negocia\u00e7\u00f5es de alto n\u00edvel para evitar a implementa\u00e7\u00e3o de tarifas prejudiciais. Impor tais medidas em resposta a tens\u00f5es pol\u00edticas mais amplas corre o risco de causar danos reais a uma das rela\u00e7\u00f5es econ\u00f4micas mais importantes dos EUA e estabelece um precedente preocupante. A tarifa proposta de 50% impactaria produtos essenciais para as cadeias de suprimentos e consumidores dos EUA, aumentando os custos para as fam\u00edlias e reduzindo a competitividade das principais ind\u00fastrias americanas.&#8221; Al\u00e9m disso, mais de\u00a06.500 pequenas empresas dos EUA\u00a0dependem de importa\u00e7\u00f5es do Brasil, enquanto\u00a03.900 empresas americanas\u00a0investem e operam no pa\u00eds. A\u00a0C\u00c2MARA DE COM\u00c9RCIO DOS EUA\u00a0e a\u00a0ANCHAM BRASIL\u00a0destacam que este \u00e9 um movimento e um documento que parte de\u00a0Washington. O Brasil \u00e9 um dos principais mercados de exporta\u00e7\u00e3o dos EUA e o destino de quase\u00a060 bilh\u00f5es de d\u00f3lares\u00a0em bens e servi\u00e7os americanos todos os anos. Uma rela\u00e7\u00e3o comercial est\u00e1vel e produtiva entre as duas maiores economias do hemisf\u00e9rio beneficia os consumidores, sustenta empregos e promove prosperidade m\u00fatua. A\u00a0C\u00c2MARA DE COM\u00c9RCIO DOS EUA\u00a0e a\u00a0ANCHAM BRASIL\u00a0est\u00e3o prontas para apoiar esfor\u00e7os que conduzam a uma solu\u00e7\u00e3o negociada, pragm\u00e1tica e construtiva, que evite a escalada e garanta um com\u00e9rcio cont\u00ednuo e mutuamente ben\u00e9fico para ambos os pa\u00edses. CONSIDERA\u00c7\u00d5ES DO COMENDADOR JOS\u00c9 FERREIRA Esta tarifa\u00e7\u00e3o ter\u00e1 um\u00a0impacto significativo\u00a0na economia brasileira: na ind\u00fastria, no agroneg\u00f3cio, no agroindustrial, na pol\u00edtica, no PIB, no povo e em toda a cadeia produtiva do pa\u00eds, prejudicando a gera\u00e7\u00e3o de empregos e o desenvolvimento econ\u00f4mico e social de nossa na\u00e7\u00e3o. A decis\u00e3o do presidente dos Estados Unidos,\u00a0Donald Trump\u00a0(Partido Republicano), de aplicar uma tarifa de\u00a050%\u00a0sobre os produtos brasileiros vendidos aos EUA tem um\u00a0potencial bilion\u00e1rio de impacto. S\u00f3 em\u00a02024, o Brasil exportou\u00a0US$ 40,4 bilh\u00f5es\u00a0para os EUA, o que representou\u00a012%\u00a0do total exportado. A justificativa para essa tarifa transcende quest\u00f5es comerciais e esbarra em\u00a0inger\u00eancia inadequada\u00a0em pautas de pol\u00edtica interna, como o julgamento do ex-presidente Bolsonaro por tentativa de golpe de Estado, e quest\u00f5es de soberania, como as multas impostas pelo\u00a0STF\u00a0\u00e0s plataformas de m\u00eddia social dos EUA por infra\u00e7\u00f5es \u00e0 legisla\u00e7\u00e3o brasileira. Al\u00e9m disso, a carta de Trump ao governo brasileiro menciona uma suposta\u00a0&#8220;rela\u00e7\u00e3o comercial injusta&#8221;\u00a0e um\u00a0d\u00e9ficit comercial dos EUA com o Brasil, o que, como veremos, n\u00e3o se alinha com os dados hist\u00f3ricos. AS IMPLICA\u00c7\u00d5ES PARA A ECONOMIA BRASILEIRA Se essa tarifa de\u00a050%\u00a0for implementada, os efeitos ser\u00e3o sentidos principalmente em tr\u00eas frentes: O mercado financeiro n\u00e3o reage bem a incertezas, e essa \u00e9 uma das grandes. A percep\u00e7\u00e3o de risco, j\u00e1 existente, seria refor\u00e7ada por essa instabilidade nas rela\u00e7\u00f5es comerciais com uma das maiores economias do mundo. A NEGOCIA\u00c7\u00c3O EST\u00c1 APENAS COME\u00c7ANDO O an\u00fancio de Trump, embora s\u00e9rio, ainda est\u00e1 no campo da\u00a0press\u00e3o pol\u00edtica. Seus m\u00e9todos agressivos s\u00e3o conhecidos por for\u00e7ar negocia\u00e7\u00f5es. Um ponto que refor\u00e7a essa tese \u00e9 a\u00a0contradi\u00e7\u00e3o nos argumentos econ\u00f4micos\u00a0de Trump. Dados do\u00a0Minist\u00e9rio do Desenvolvimento, Ind\u00fastria, Com\u00e9rcio e Servi\u00e7os\u00a0mostram que, historicamente, o Brasil tem\u00a0d\u00e9ficit comercial com os EUA\u00a0(importa mais do que exporta). Em\u00a02024, esse d\u00e9ficit foi de\u00a0US$ 284 milh\u00f5es. Al\u00e9m disso, tarifas t\u00e3o dr\u00e1sticas tamb\u00e9m\u00a0prejudicariam os EUA. Cadeias produtivas americanas, como as de\u00a0a\u00e7o e avia\u00e7\u00e3o, dependem de insumos brasileiros. Substitu\u00ed-los n\u00e3o \u00e9 simples. A natureza pol\u00edtica das justificativas sugere que o objetivo real seja\u00a0press\u00e3o, n\u00e3o a implementa\u00e7\u00e3o total da tarifa. A carta menciona que as tarifas podem ser\u00a0&#8220;modificadas, para cima ou para baixo&#8221;, dependendo da rela\u00e7\u00e3o. Isso abre espa\u00e7o para negocia\u00e7\u00f5es diplom\u00e1ticas. Segue o gr\u00e1fico: Gr\u00e1fico de pizza com os principais produtos exportados do Brasil para os Estados Unidos em 2024, totalizando 40,4 bilh\u00f5es de d\u00f3lares. Os percentuais por categoria s\u00e3o: petr\u00f3leo e derivados (18,3%), ferro ou a\u00e7o bruto e produtos semi-acabados (13,2%), aeronaves e outros equipamentos (6,7%), caf\u00e9 n\u00e3o torrado (4,7%), celulose (4,1%) e outros produtos (53,0%), representando 21,3 bilh\u00f5es. O gr\u00e1fico \u00e9 ilustrado com um navio de carga no centro. \u00a0 CONSELHO AO INVESTIDOR NESTE MOMENTO CONCLUS\u00c3O Os l\u00edderes governamentais e empresariais brasileiros buscam uma\u00a0nova f\u00f3rmula de concilia\u00e7\u00e3o\u00a0entre as na\u00e7\u00f5es americana e brasileira, al\u00e9m de novos parceiros comerciais. Tenho certeza de que esta crise trar\u00e1\u00a0aprendizados\u00a0para um pa\u00eds t\u00e3o grande como o Brasil. Esta p\u00e1tria \u00e9 aben\u00e7oada por Deus, e a na\u00e7\u00e3o brasileira sempre\u00a0sobreviver\u00e1 e se manter\u00e1 forte. Por: Comendador Jos\u00e9 Ferreira<\/p>\n","protected":false},"author":2,"featured_media":12838,"comment_status":"open","ping_status":"open","sticky":false,"template":"elementor_theme","format":"standard","meta":{"inline_featured_image":false,"ocean_post_layout":"","ocean_both_sidebars_style":"","ocean_both_sidebars_content_width":0,"ocean_both_sidebars_sidebars_width":0,"ocean_sidebar":"","ocean_second_sidebar":"","ocean_disable_margins":"enable","ocean_add_body_class":"","ocean_shortcode_before_top_bar":"","ocean_shortcode_after_top_bar":"","ocean_shortcode_before_header":"","ocean_shortcode_after_header":"","ocean_has_shortcode":"","ocean_shortcode_after_title":"","ocean_shortcode_before_footer_widgets":"","ocean_shortcode_after_footer_widgets":"","ocean_shortcode_before_footer_bottom":"","ocean_shortcode_after_footer_bottom":"","ocean_display_top_bar":"default","ocean_display_header":"default","ocean_header_style":"","ocean_center_header_left_menu":"","ocean_custom_header_template":"","ocean_custom_logo":0,"ocean_custom_retina_logo":0,"ocean_custom_logo_max_width":0,"ocean_custom_logo_tablet_max_width":0,"ocean_custom_logo_mobile_max_width":0,"ocean_custom_logo_max_height":0,"ocean_custom_logo_tablet_max_height":0,"ocean_custom_logo_mobile_max_height":0,"ocean_header_custom_menu":"","ocean_menu_typo_font_family":"","ocean_menu_typo_font_subset":"","ocean_menu_typo_font_size":0,"ocean_menu_typo_font_size_tablet":0,"ocean_menu_typo_font_size_mobile":0,"ocean_menu_typo_font_size_unit":"px","ocean_menu_typo_font_weight":"","ocean_menu_typo_font_weight_tablet":"","ocean_menu_typo_font_weight_mobile":"","ocean_menu_typo_transform":"","ocean_menu_typo_transform_tablet":"","ocean_menu_typo_transform_mobile":"","ocean_menu_typo_line_height":0,"ocean_menu_typo_line_height_tablet":0,"ocean_menu_typo_line_height_mobile":0,"ocean_menu_typo_line_height_unit":"","ocean_menu_typo_spacing":0,"ocean_menu_typo_spacing_tablet":0,"ocean_menu_typo_spacing_mobile":0,"ocean_menu_typo_spacing_unit":"","ocean_menu_link_color":"","ocean_menu_link_color_hover":"","ocean_menu_link_color_active":"","ocean_menu_link_background":"","ocean_menu_link_hover_background":"","ocean_menu_link_active_background":"","ocean_menu_social_links_bg":"","ocean_menu_social_hover_links_bg":"","ocean_menu_social_links_color":"","ocean_menu_social_hover_links_color":"","ocean_disable_title":"default","ocean_disable_heading":"default","ocean_post_title":"","ocean_post_subheading":"","ocean_post_title_style":"","ocean_post_title_background_color":"","ocean_post_title_background":0,"ocean_post_title_bg_image_position":"","ocean_post_title_bg_image_attachment":"","ocean_post_title_bg_image_repeat":"","ocean_post_title_bg_image_size":"","ocean_post_title_height":0,"ocean_post_title_bg_overlay":0.5,"ocean_post_title_bg_overlay_color":"","ocean_disable_breadcrumbs":"default","ocean_breadcrumbs_color":"","ocean_breadcrumbs_separator_color":"","ocean_breadcrumbs_links_color":"","ocean_breadcrumbs_links_hover_color":"","ocean_display_footer_widgets":"default","ocean_display_footer_bottom":"default","ocean_custom_footer_template":"","omw_enable_modal_window":"enable","ocean_post_oembed":"","ocean_post_self_hosted_media":"","ocean_post_video_embed":"","ocean_link_format":"","ocean_link_format_target":"self","ocean_quote_format":"","ocean_quote_format_link":"post","ocean_gallery_link_images":"on","ocean_gallery_id":[],"footnotes":""},"categories":[1,25,62,14],"tags":[139,305,306,308,304],"palavra-chave":[],"class_list":["post-12829","post","type-post","status-publish","format-standard","has-post-thumbnail","hentry","category-blog","category-economia-politica","category-news","category-noticias","tag-comendador-jose-ferreira","tag-economia-brasileira-2025","tag-impacto-do-tarifaco","tag-soberania-economica","tag-tarifa-eua-brasil","entry","has-media"],"yoast_head":"<!-- This site is optimized with the Yoast SEO plugin v27.3 - https:\/\/yoast.com\/product\/yoast-seo-wordpress\/ -->\n<title>Quais as consequ\u00eancias do &quot;Tarifa\u00e7o&quot; pelos EUA ao Brasil e seus efeitos colaterais na economia e no povo brasileiro, na vis\u00e3o do Comendador? - africaatual.com.br<\/title>\n<meta name=\"description\" content=\"EUA anunciam tarifa de 50% sobre produtos brasileiros. Veja os impactos no com\u00e9rcio, na economia e na soberania nacional em 2025.\" \/>\n<meta name=\"robots\" content=\"index, follow, max-snippet:-1, max-image-preview:large, max-video-preview:-1\" \/>\n<link rel=\"canonical\" href=\"https:\/\/africaatual.com.br\/index.php\/2025\/07\/22\/quais-as-consequencias-do-tarifaco-pelos-eua-ao-brasil-e-seus-efeitos-colaterais-naeconomia-e-no-povo-brasileiro-na-visao-do-comendador\/\" \/>\n<meta property=\"og:locale\" content=\"pt_BR\" \/>\n<meta property=\"og:type\" content=\"article\" \/>\n<meta property=\"og:title\" content=\"Quais as consequ\u00eancias do &quot;Tarifa\u00e7o&quot; pelos EUA ao Brasil e seus efeitos colaterais na economia e no povo brasileiro, na vis\u00e3o do Comendador? - africaatual.com.br\" \/>\n<meta property=\"og:description\" content=\"EUA anunciam tarifa de 50% sobre produtos brasileiros. Veja os impactos no com\u00e9rcio, na economia e na soberania nacional em 2025.\" \/>\n<meta property=\"og:url\" content=\"https:\/\/africaatual.com.br\/index.php\/2025\/07\/22\/quais-as-consequencias-do-tarifaco-pelos-eua-ao-brasil-e-seus-efeitos-colaterais-naeconomia-e-no-povo-brasileiro-na-visao-do-comendador\/\" \/>\n<meta property=\"og:site_name\" content=\"africaatual.com.br\" \/>\n<meta property=\"article:published_time\" content=\"2025-07-22T22:28:08+00:00\" \/>\n<meta property=\"article:modified_time\" content=\"2025-07-23T20:07:08+00:00\" \/>\n<meta property=\"og:image\" content=\"http:\/\/africaatual.com.br\/wp-content\/uploads\/2025\/07\/O-BNDES-Garagem-e-o-programa-do-Banco-Nacional-de-Desenvolvimento-Economico-e-Social-BNDES-de-incentivo-a-startups-que-promove-e-incentiva-acoes-empreendedoras-em-todo-o-Brasil.-A-iniciativa-e-u-5.jpg\" \/>\n\t<meta property=\"og:image:width\" content=\"1080\" \/>\n\t<meta property=\"og:image:height\" content=\"1080\" \/>\n\t<meta property=\"og:image:type\" content=\"image\/jpeg\" \/>\n<meta name=\"author\" content=\"Isabel Xavier\" \/>\n<meta name=\"twitter:card\" content=\"summary_large_image\" \/>\n<meta name=\"twitter:label1\" content=\"Escrito por\" \/>\n\t<meta name=\"twitter:data1\" content=\"Isabel Xavier\" \/>\n\t<meta name=\"twitter:label2\" content=\"Est. tempo de leitura\" \/>\n\t<meta name=\"twitter:data2\" content=\"8 minutos\" \/>\n<script type=\"application\/ld+json\" class=\"yoast-schema-graph\">{\"@context\":\"https:\\\/\\\/schema.org\",\"@graph\":[{\"@type\":\"Article\",\"@id\":\"https:\\\/\\\/africaatual.com.br\\\/index.php\\\/2025\\\/07\\\/22\\\/quais-as-consequencias-do-tarifaco-pelos-eua-ao-brasil-e-seus-efeitos-colaterais-naeconomia-e-no-povo-brasileiro-na-visao-do-comendador\\\/#article\",\"isPartOf\":{\"@id\":\"https:\\\/\\\/africaatual.com.br\\\/index.php\\\/2025\\\/07\\\/22\\\/quais-as-consequencias-do-tarifaco-pelos-eua-ao-brasil-e-seus-efeitos-colaterais-naeconomia-e-no-povo-brasileiro-na-visao-do-comendador\\\/\"},\"author\":{\"name\":\"Isabel Xavier\",\"@id\":\"https:\\\/\\\/africaatual.com.br\\\/#\\\/schema\\\/person\\\/275270ccd0d657af28fbd625ba218b9e\"},\"headline\":\"Quais as consequ\u00eancias do &#8220;Tarifa\u00e7o&#8221; pelos EUA ao Brasil e seus efeitos colaterais na economia e no povo brasileiro, na vis\u00e3o do Comendador?\",\"datePublished\":\"2025-07-22T22:28:08+00:00\",\"dateModified\":\"2025-07-23T20:07:08+00:00\",\"mainEntityOfPage\":{\"@id\":\"https:\\\/\\\/africaatual.com.br\\\/index.php\\\/2025\\\/07\\\/22\\\/quais-as-consequencias-do-tarifaco-pelos-eua-ao-brasil-e-seus-efeitos-colaterais-naeconomia-e-no-povo-brasileiro-na-visao-do-comendador\\\/\"},\"wordCount\":1433,\"commentCount\":0,\"publisher\":{\"@id\":\"https:\\\/\\\/africaatual.com.br\\\/#organization\"},\"image\":{\"@id\":\"https:\\\/\\\/africaatual.com.br\\\/index.php\\\/2025\\\/07\\\/22\\\/quais-as-consequencias-do-tarifaco-pelos-eua-ao-brasil-e-seus-efeitos-colaterais-naeconomia-e-no-povo-brasileiro-na-visao-do-comendador\\\/#primaryimage\"},\"thumbnailUrl\":\"https:\\\/\\\/africaatual.com.br\\\/wp-content\\\/uploads\\\/2025\\\/07\\\/O-BNDES-Garagem-e-o-programa-do-Banco-Nacional-de-Desenvolvimento-Economico-e-Social-BNDES-de-incentivo-a-startups-que-promove-e-incentiva-acoes-empreendedoras-em-todo-o-Brasil.-A-iniciativa-e-u-5.jpg\",\"keywords\":[\"Comendador Jos\u00e9 Ferreira\",\"economia brasileira 2025\",\"impacto do tarifa\u00e7o\",\"soberania econ\u00f4mica\",\"tarifa EUA Brasil\"],\"articleSection\":[\"Blog\",\"Economia Pol\u00edtica\",\"News\",\"Not\u00edcias\"],\"inLanguage\":\"pt-BR\",\"potentialAction\":[{\"@type\":\"CommentAction\",\"name\":\"Comment\",\"target\":[\"https:\\\/\\\/africaatual.com.br\\\/index.php\\\/2025\\\/07\\\/22\\\/quais-as-consequencias-do-tarifaco-pelos-eua-ao-brasil-e-seus-efeitos-colaterais-naeconomia-e-no-povo-brasileiro-na-visao-do-comendador\\\/#respond\"]}]},{\"@type\":\"WebPage\",\"@id\":\"https:\\\/\\\/africaatual.com.br\\\/index.php\\\/2025\\\/07\\\/22\\\/quais-as-consequencias-do-tarifaco-pelos-eua-ao-brasil-e-seus-efeitos-colaterais-naeconomia-e-no-povo-brasileiro-na-visao-do-comendador\\\/\",\"url\":\"https:\\\/\\\/africaatual.com.br\\\/index.php\\\/2025\\\/07\\\/22\\\/quais-as-consequencias-do-tarifaco-pelos-eua-ao-brasil-e-seus-efeitos-colaterais-naeconomia-e-no-povo-brasileiro-na-visao-do-comendador\\\/\",\"name\":\"Quais as consequ\u00eancias do \\\"Tarifa\u00e7o\\\" pelos EUA ao Brasil e seus efeitos colaterais na economia e no povo brasileiro, na vis\u00e3o do Comendador? - africaatual.com.br\",\"isPartOf\":{\"@id\":\"https:\\\/\\\/africaatual.com.br\\\/#website\"},\"primaryImageOfPage\":{\"@id\":\"https:\\\/\\\/africaatual.com.br\\\/index.php\\\/2025\\\/07\\\/22\\\/quais-as-consequencias-do-tarifaco-pelos-eua-ao-brasil-e-seus-efeitos-colaterais-naeconomia-e-no-povo-brasileiro-na-visao-do-comendador\\\/#primaryimage\"},\"image\":{\"@id\":\"https:\\\/\\\/africaatual.com.br\\\/index.php\\\/2025\\\/07\\\/22\\\/quais-as-consequencias-do-tarifaco-pelos-eua-ao-brasil-e-seus-efeitos-colaterais-naeconomia-e-no-povo-brasileiro-na-visao-do-comendador\\\/#primaryimage\"},\"thumbnailUrl\":\"https:\\\/\\\/africaatual.com.br\\\/wp-content\\\/uploads\\\/2025\\\/07\\\/O-BNDES-Garagem-e-o-programa-do-Banco-Nacional-de-Desenvolvimento-Economico-e-Social-BNDES-de-incentivo-a-startups-que-promove-e-incentiva-acoes-empreendedoras-em-todo-o-Brasil.-A-iniciativa-e-u-5.jpg\",\"datePublished\":\"2025-07-22T22:28:08+00:00\",\"dateModified\":\"2025-07-23T20:07:08+00:00\",\"description\":\"EUA anunciam tarifa de 50% sobre produtos brasileiros. Veja os impactos no com\u00e9rcio, na economia e na soberania nacional em 2025.\",\"breadcrumb\":{\"@id\":\"https:\\\/\\\/africaatual.com.br\\\/index.php\\\/2025\\\/07\\\/22\\\/quais-as-consequencias-do-tarifaco-pelos-eua-ao-brasil-e-seus-efeitos-colaterais-naeconomia-e-no-povo-brasileiro-na-visao-do-comendador\\\/#breadcrumb\"},\"inLanguage\":\"pt-BR\",\"potentialAction\":[{\"@type\":\"ReadAction\",\"target\":[\"https:\\\/\\\/africaatual.com.br\\\/index.php\\\/2025\\\/07\\\/22\\\/quais-as-consequencias-do-tarifaco-pelos-eua-ao-brasil-e-seus-efeitos-colaterais-naeconomia-e-no-povo-brasileiro-na-visao-do-comendador\\\/\"]}]},{\"@type\":\"ImageObject\",\"inLanguage\":\"pt-BR\",\"@id\":\"https:\\\/\\\/africaatual.com.br\\\/index.php\\\/2025\\\/07\\\/22\\\/quais-as-consequencias-do-tarifaco-pelos-eua-ao-brasil-e-seus-efeitos-colaterais-naeconomia-e-no-povo-brasileiro-na-visao-do-comendador\\\/#primaryimage\",\"url\":\"https:\\\/\\\/africaatual.com.br\\\/wp-content\\\/uploads\\\/2025\\\/07\\\/O-BNDES-Garagem-e-o-programa-do-Banco-Nacional-de-Desenvolvimento-Economico-e-Social-BNDES-de-incentivo-a-startups-que-promove-e-incentiva-acoes-empreendedoras-em-todo-o-Brasil.-A-iniciativa-e-u-5.jpg\",\"contentUrl\":\"https:\\\/\\\/africaatual.com.br\\\/wp-content\\\/uploads\\\/2025\\\/07\\\/O-BNDES-Garagem-e-o-programa-do-Banco-Nacional-de-Desenvolvimento-Economico-e-Social-BNDES-de-incentivo-a-startups-que-promove-e-incentiva-acoes-empreendedoras-em-todo-o-Brasil.-A-iniciativa-e-u-5.jpg\",\"width\":1080,\"height\":1080,\"caption\":\"Card do site \u00c1frica Atual com fundo da Est\u00e1tua da Liberdade e bandeira dos Estados Unidos ao vento. \u00c0 esquerda, aparece o texto: \u201cQuais as consequ\u00eancias do 'Tarifa\u00e7o' pelos EUA ao Brasil e seus efeitos colaterais na economia e no povo brasileiro, na vis\u00e3o do Comendador?\u201d. No canto superior direito, h\u00e1 uma foto circular do Comendador Jos\u00e9 Ferreira, homem negro de terno escuro, \u00f3culos e gravata vermelha, sorrindo. No rodap\u00e9 do card, os dizeres: \u201cLeia o artigo completo no site\u201d, o arroba @atlasgeoculturaldaafrica e o endere\u00e7o www.africaatual.com.br. Cr\u00e9dito da imagem: Pexels\\\/Hugo Magalh\u00e3es.\"},{\"@type\":\"BreadcrumbList\",\"@id\":\"https:\\\/\\\/africaatual.com.br\\\/index.php\\\/2025\\\/07\\\/22\\\/quais-as-consequencias-do-tarifaco-pelos-eua-ao-brasil-e-seus-efeitos-colaterais-naeconomia-e-no-povo-brasileiro-na-visao-do-comendador\\\/#breadcrumb\",\"itemListElement\":[{\"@type\":\"ListItem\",\"position\":1,\"name\":\"In\u00edcio\",\"item\":\"https:\\\/\\\/africaatual.com.br\\\/\"},{\"@type\":\"ListItem\",\"position\":2,\"name\":\"Quais as consequ\u00eancias do &#8220;Tarifa\u00e7o&#8221; pelos EUA ao Brasil e seus efeitos colaterais na economia e no povo brasileiro, na vis\u00e3o do Comendador?\"}]},{\"@type\":\"WebSite\",\"@id\":\"https:\\\/\\\/africaatual.com.br\\\/#website\",\"url\":\"https:\\\/\\\/africaatual.com.br\\\/\",\"name\":\"africaatual.com.br\",\"description\":\"O Atlas Geocultural da \u00c1frica \u00e9 um rico material de leitura e pesquisa, que visa apresentar de forma atual os pa\u00edses africanos, ainda t\u00e3o pouco conhecidos.\",\"publisher\":{\"@id\":\"https:\\\/\\\/africaatual.com.br\\\/#organization\"},\"potentialAction\":[{\"@type\":\"SearchAction\",\"target\":{\"@type\":\"EntryPoint\",\"urlTemplate\":\"https:\\\/\\\/africaatual.com.br\\\/?s={search_term_string}\"},\"query-input\":{\"@type\":\"PropertyValueSpecification\",\"valueRequired\":true,\"valueName\":\"search_term_string\"}}],\"inLanguage\":\"pt-BR\"},{\"@type\":\"Organization\",\"@id\":\"https:\\\/\\\/africaatual.com.br\\\/#organization\",\"name\":\"africaatual.com.br\",\"url\":\"https:\\\/\\\/africaatual.com.br\\\/\",\"logo\":{\"@type\":\"ImageObject\",\"inLanguage\":\"pt-BR\",\"@id\":\"https:\\\/\\\/africaatual.com.br\\\/#\\\/schema\\\/logo\\\/image\\\/\",\"url\":\"http:\\\/\\\/africaatual.com.br\\\/wp-content\\\/uploads\\\/2023\\\/06\\\/LOGOEIROS_Prancheta-1-tipo-preto.png\",\"contentUrl\":\"http:\\\/\\\/africaatual.com.br\\\/wp-content\\\/uploads\\\/2023\\\/06\\\/LOGOEIROS_Prancheta-1-tipo-preto.png\",\"width\":1667,\"height\":730,\"caption\":\"africaatual.com.br\"},\"image\":{\"@id\":\"https:\\\/\\\/africaatual.com.br\\\/#\\\/schema\\\/logo\\\/image\\\/\"}},{\"@type\":\"Person\",\"@id\":\"https:\\\/\\\/africaatual.com.br\\\/#\\\/schema\\\/person\\\/275270ccd0d657af28fbd625ba218b9e\",\"name\":\"Isabel Xavier\",\"image\":{\"@type\":\"ImageObject\",\"inLanguage\":\"pt-BR\",\"@id\":\"https:\\\/\\\/secure.gravatar.com\\\/avatar\\\/a917370c365d1c248cd5fe4fc02ff6a26d8a5ef7f28c3c7e41757c19a93a954b?s=96&d=mm&r=g\",\"url\":\"https:\\\/\\\/secure.gravatar.com\\\/avatar\\\/a917370c365d1c248cd5fe4fc02ff6a26d8a5ef7f28c3c7e41757c19a93a954b?s=96&d=mm&r=g\",\"contentUrl\":\"https:\\\/\\\/secure.gravatar.com\\\/avatar\\\/a917370c365d1c248cd5fe4fc02ff6a26d8a5ef7f28c3c7e41757c19a93a954b?s=96&d=mm&r=g\",\"caption\":\"Isabel Xavier\"},\"url\":\"https:\\\/\\\/africaatual.com.br\\\/index.php\\\/author\\\/webdesign-yta\\\/\"}]}<\/script>\n<!-- \/ Yoast SEO plugin. -->","yoast_head_json":{"title":"Quais as consequ\u00eancias do \"Tarifa\u00e7o\" pelos EUA ao Brasil e seus efeitos colaterais na economia e no povo brasileiro, na vis\u00e3o do Comendador? - africaatual.com.br","description":"EUA anunciam tarifa de 50% sobre produtos brasileiros. Veja os impactos no com\u00e9rcio, na economia e na soberania nacional em 2025.","robots":{"index":"index","follow":"follow","max-snippet":"max-snippet:-1","max-image-preview":"max-image-preview:large","max-video-preview":"max-video-preview:-1"},"canonical":"https:\/\/africaatual.com.br\/index.php\/2025\/07\/22\/quais-as-consequencias-do-tarifaco-pelos-eua-ao-brasil-e-seus-efeitos-colaterais-naeconomia-e-no-povo-brasileiro-na-visao-do-comendador\/","og_locale":"pt_BR","og_type":"article","og_title":"Quais as consequ\u00eancias do \"Tarifa\u00e7o\" pelos EUA ao Brasil e seus efeitos colaterais na economia e no povo brasileiro, na vis\u00e3o do Comendador? - africaatual.com.br","og_description":"EUA anunciam tarifa de 50% sobre produtos brasileiros. Veja os impactos no com\u00e9rcio, na economia e na soberania nacional em 2025.","og_url":"https:\/\/africaatual.com.br\/index.php\/2025\/07\/22\/quais-as-consequencias-do-tarifaco-pelos-eua-ao-brasil-e-seus-efeitos-colaterais-naeconomia-e-no-povo-brasileiro-na-visao-do-comendador\/","og_site_name":"africaatual.com.br","article_published_time":"2025-07-22T22:28:08+00:00","article_modified_time":"2025-07-23T20:07:08+00:00","og_image":[{"width":1080,"height":1080,"url":"http:\/\/africaatual.com.br\/wp-content\/uploads\/2025\/07\/O-BNDES-Garagem-e-o-programa-do-Banco-Nacional-de-Desenvolvimento-Economico-e-Social-BNDES-de-incentivo-a-startups-que-promove-e-incentiva-acoes-empreendedoras-em-todo-o-Brasil.-A-iniciativa-e-u-5.jpg","type":"image\/jpeg"}],"author":"Isabel Xavier","twitter_card":"summary_large_image","twitter_misc":{"Escrito por":"Isabel Xavier","Est. tempo de leitura":"8 minutos"},"schema":{"@context":"https:\/\/schema.org","@graph":[{"@type":"Article","@id":"https:\/\/africaatual.com.br\/index.php\/2025\/07\/22\/quais-as-consequencias-do-tarifaco-pelos-eua-ao-brasil-e-seus-efeitos-colaterais-naeconomia-e-no-povo-brasileiro-na-visao-do-comendador\/#article","isPartOf":{"@id":"https:\/\/africaatual.com.br\/index.php\/2025\/07\/22\/quais-as-consequencias-do-tarifaco-pelos-eua-ao-brasil-e-seus-efeitos-colaterais-naeconomia-e-no-povo-brasileiro-na-visao-do-comendador\/"},"author":{"name":"Isabel Xavier","@id":"https:\/\/africaatual.com.br\/#\/schema\/person\/275270ccd0d657af28fbd625ba218b9e"},"headline":"Quais as consequ\u00eancias do &#8220;Tarifa\u00e7o&#8221; pelos EUA ao Brasil e seus efeitos colaterais na economia e no povo brasileiro, na vis\u00e3o do Comendador?","datePublished":"2025-07-22T22:28:08+00:00","dateModified":"2025-07-23T20:07:08+00:00","mainEntityOfPage":{"@id":"https:\/\/africaatual.com.br\/index.php\/2025\/07\/22\/quais-as-consequencias-do-tarifaco-pelos-eua-ao-brasil-e-seus-efeitos-colaterais-naeconomia-e-no-povo-brasileiro-na-visao-do-comendador\/"},"wordCount":1433,"commentCount":0,"publisher":{"@id":"https:\/\/africaatual.com.br\/#organization"},"image":{"@id":"https:\/\/africaatual.com.br\/index.php\/2025\/07\/22\/quais-as-consequencias-do-tarifaco-pelos-eua-ao-brasil-e-seus-efeitos-colaterais-naeconomia-e-no-povo-brasileiro-na-visao-do-comendador\/#primaryimage"},"thumbnailUrl":"https:\/\/africaatual.com.br\/wp-content\/uploads\/2025\/07\/O-BNDES-Garagem-e-o-programa-do-Banco-Nacional-de-Desenvolvimento-Economico-e-Social-BNDES-de-incentivo-a-startups-que-promove-e-incentiva-acoes-empreendedoras-em-todo-o-Brasil.-A-iniciativa-e-u-5.jpg","keywords":["Comendador Jos\u00e9 Ferreira","economia brasileira 2025","impacto do tarifa\u00e7o","soberania econ\u00f4mica","tarifa EUA Brasil"],"articleSection":["Blog","Economia Pol\u00edtica","News","Not\u00edcias"],"inLanguage":"pt-BR","potentialAction":[{"@type":"CommentAction","name":"Comment","target":["https:\/\/africaatual.com.br\/index.php\/2025\/07\/22\/quais-as-consequencias-do-tarifaco-pelos-eua-ao-brasil-e-seus-efeitos-colaterais-naeconomia-e-no-povo-brasileiro-na-visao-do-comendador\/#respond"]}]},{"@type":"WebPage","@id":"https:\/\/africaatual.com.br\/index.php\/2025\/07\/22\/quais-as-consequencias-do-tarifaco-pelos-eua-ao-brasil-e-seus-efeitos-colaterais-naeconomia-e-no-povo-brasileiro-na-visao-do-comendador\/","url":"https:\/\/africaatual.com.br\/index.php\/2025\/07\/22\/quais-as-consequencias-do-tarifaco-pelos-eua-ao-brasil-e-seus-efeitos-colaterais-naeconomia-e-no-povo-brasileiro-na-visao-do-comendador\/","name":"Quais as consequ\u00eancias do \"Tarifa\u00e7o\" pelos EUA ao Brasil e seus efeitos colaterais na economia e no povo brasileiro, na vis\u00e3o do Comendador? - africaatual.com.br","isPartOf":{"@id":"https:\/\/africaatual.com.br\/#website"},"primaryImageOfPage":{"@id":"https:\/\/africaatual.com.br\/index.php\/2025\/07\/22\/quais-as-consequencias-do-tarifaco-pelos-eua-ao-brasil-e-seus-efeitos-colaterais-naeconomia-e-no-povo-brasileiro-na-visao-do-comendador\/#primaryimage"},"image":{"@id":"https:\/\/africaatual.com.br\/index.php\/2025\/07\/22\/quais-as-consequencias-do-tarifaco-pelos-eua-ao-brasil-e-seus-efeitos-colaterais-naeconomia-e-no-povo-brasileiro-na-visao-do-comendador\/#primaryimage"},"thumbnailUrl":"https:\/\/africaatual.com.br\/wp-content\/uploads\/2025\/07\/O-BNDES-Garagem-e-o-programa-do-Banco-Nacional-de-Desenvolvimento-Economico-e-Social-BNDES-de-incentivo-a-startups-que-promove-e-incentiva-acoes-empreendedoras-em-todo-o-Brasil.-A-iniciativa-e-u-5.jpg","datePublished":"2025-07-22T22:28:08+00:00","dateModified":"2025-07-23T20:07:08+00:00","description":"EUA anunciam tarifa de 50% sobre produtos brasileiros. Veja os impactos no com\u00e9rcio, na economia e na soberania nacional em 2025.","breadcrumb":{"@id":"https:\/\/africaatual.com.br\/index.php\/2025\/07\/22\/quais-as-consequencias-do-tarifaco-pelos-eua-ao-brasil-e-seus-efeitos-colaterais-naeconomia-e-no-povo-brasileiro-na-visao-do-comendador\/#breadcrumb"},"inLanguage":"pt-BR","potentialAction":[{"@type":"ReadAction","target":["https:\/\/africaatual.com.br\/index.php\/2025\/07\/22\/quais-as-consequencias-do-tarifaco-pelos-eua-ao-brasil-e-seus-efeitos-colaterais-naeconomia-e-no-povo-brasileiro-na-visao-do-comendador\/"]}]},{"@type":"ImageObject","inLanguage":"pt-BR","@id":"https:\/\/africaatual.com.br\/index.php\/2025\/07\/22\/quais-as-consequencias-do-tarifaco-pelos-eua-ao-brasil-e-seus-efeitos-colaterais-naeconomia-e-no-povo-brasileiro-na-visao-do-comendador\/#primaryimage","url":"https:\/\/africaatual.com.br\/wp-content\/uploads\/2025\/07\/O-BNDES-Garagem-e-o-programa-do-Banco-Nacional-de-Desenvolvimento-Economico-e-Social-BNDES-de-incentivo-a-startups-que-promove-e-incentiva-acoes-empreendedoras-em-todo-o-Brasil.-A-iniciativa-e-u-5.jpg","contentUrl":"https:\/\/africaatual.com.br\/wp-content\/uploads\/2025\/07\/O-BNDES-Garagem-e-o-programa-do-Banco-Nacional-de-Desenvolvimento-Economico-e-Social-BNDES-de-incentivo-a-startups-que-promove-e-incentiva-acoes-empreendedoras-em-todo-o-Brasil.-A-iniciativa-e-u-5.jpg","width":1080,"height":1080,"caption":"Card do site \u00c1frica Atual com fundo da Est\u00e1tua da Liberdade e bandeira dos Estados Unidos ao vento. \u00c0 esquerda, aparece o texto: \u201cQuais as consequ\u00eancias do 'Tarifa\u00e7o' pelos EUA ao Brasil e seus efeitos colaterais na economia e no povo brasileiro, na vis\u00e3o do Comendador?\u201d. No canto superior direito, h\u00e1 uma foto circular do Comendador Jos\u00e9 Ferreira, homem negro de terno escuro, \u00f3culos e gravata vermelha, sorrindo. No rodap\u00e9 do card, os dizeres: \u201cLeia o artigo completo no site\u201d, o arroba @atlasgeoculturaldaafrica e o endere\u00e7o www.africaatual.com.br. Cr\u00e9dito da imagem: Pexels\/Hugo Magalh\u00e3es."},{"@type":"BreadcrumbList","@id":"https:\/\/africaatual.com.br\/index.php\/2025\/07\/22\/quais-as-consequencias-do-tarifaco-pelos-eua-ao-brasil-e-seus-efeitos-colaterais-naeconomia-e-no-povo-brasileiro-na-visao-do-comendador\/#breadcrumb","itemListElement":[{"@type":"ListItem","position":1,"name":"In\u00edcio","item":"https:\/\/africaatual.com.br\/"},{"@type":"ListItem","position":2,"name":"Quais as consequ\u00eancias do &#8220;Tarifa\u00e7o&#8221; pelos EUA ao Brasil e seus efeitos colaterais na economia e no povo brasileiro, na vis\u00e3o do Comendador?"}]},{"@type":"WebSite","@id":"https:\/\/africaatual.com.br\/#website","url":"https:\/\/africaatual.com.br\/","name":"africaatual.com.br","description":"O Atlas Geocultural da \u00c1frica \u00e9 um rico material de leitura e pesquisa, que visa apresentar de forma atual os pa\u00edses africanos, ainda t\u00e3o pouco conhecidos.","publisher":{"@id":"https:\/\/africaatual.com.br\/#organization"},"potentialAction":[{"@type":"SearchAction","target":{"@type":"EntryPoint","urlTemplate":"https:\/\/africaatual.com.br\/?s={search_term_string}"},"query-input":{"@type":"PropertyValueSpecification","valueRequired":true,"valueName":"search_term_string"}}],"inLanguage":"pt-BR"},{"@type":"Organization","@id":"https:\/\/africaatual.com.br\/#organization","name":"africaatual.com.br","url":"https:\/\/africaatual.com.br\/","logo":{"@type":"ImageObject","inLanguage":"pt-BR","@id":"https:\/\/africaatual.com.br\/#\/schema\/logo\/image\/","url":"http:\/\/africaatual.com.br\/wp-content\/uploads\/2023\/06\/LOGOEIROS_Prancheta-1-tipo-preto.png","contentUrl":"http:\/\/africaatual.com.br\/wp-content\/uploads\/2023\/06\/LOGOEIROS_Prancheta-1-tipo-preto.png","width":1667,"height":730,"caption":"africaatual.com.br"},"image":{"@id":"https:\/\/africaatual.com.br\/#\/schema\/logo\/image\/"}},{"@type":"Person","@id":"https:\/\/africaatual.com.br\/#\/schema\/person\/275270ccd0d657af28fbd625ba218b9e","name":"Isabel Xavier","image":{"@type":"ImageObject","inLanguage":"pt-BR","@id":"https:\/\/secure.gravatar.com\/avatar\/a917370c365d1c248cd5fe4fc02ff6a26d8a5ef7f28c3c7e41757c19a93a954b?s=96&d=mm&r=g","url":"https:\/\/secure.gravatar.com\/avatar\/a917370c365d1c248cd5fe4fc02ff6a26d8a5ef7f28c3c7e41757c19a93a954b?s=96&d=mm&r=g","contentUrl":"https:\/\/secure.gravatar.com\/avatar\/a917370c365d1c248cd5fe4fc02ff6a26d8a5ef7f28c3c7e41757c19a93a954b?s=96&d=mm&r=g","caption":"Isabel Xavier"},"url":"https:\/\/africaatual.com.br\/index.php\/author\/webdesign-yta\/"}]}},"_links":{"self":[{"href":"https:\/\/africaatual.com.br\/index.php\/wp-json\/wp\/v2\/posts\/12829","targetHints":{"allow":["GET"]}}],"collection":[{"href":"https:\/\/africaatual.com.br\/index.php\/wp-json\/wp\/v2\/posts"}],"about":[{"href":"https:\/\/africaatual.com.br\/index.php\/wp-json\/wp\/v2\/types\/post"}],"author":[{"embeddable":true,"href":"https:\/\/africaatual.com.br\/index.php\/wp-json\/wp\/v2\/users\/2"}],"replies":[{"embeddable":true,"href":"https:\/\/africaatual.com.br\/index.php\/wp-json\/wp\/v2\/comments?post=12829"}],"version-history":[{"count":13,"href":"https:\/\/africaatual.com.br\/index.php\/wp-json\/wp\/v2\/posts\/12829\/revisions"}],"predecessor-version":[{"id":12848,"href":"https:\/\/africaatual.com.br\/index.php\/wp-json\/wp\/v2\/posts\/12829\/revisions\/12848"}],"wp:featuredmedia":[{"embeddable":true,"href":"https:\/\/africaatual.com.br\/index.php\/wp-json\/wp\/v2\/media\/12838"}],"wp:attachment":[{"href":"https:\/\/africaatual.com.br\/index.php\/wp-json\/wp\/v2\/media?parent=12829"}],"wp:term":[{"taxonomy":"category","embeddable":true,"href":"https:\/\/africaatual.com.br\/index.php\/wp-json\/wp\/v2\/categories?post=12829"},{"taxonomy":"post_tag","embeddable":true,"href":"https:\/\/africaatual.com.br\/index.php\/wp-json\/wp\/v2\/tags?post=12829"},{"taxonomy":"palavra-chave","embeddable":true,"href":"https:\/\/africaatual.com.br\/index.php\/wp-json\/wp\/v2\/palavra-chave?post=12829"}],"curies":[{"name":"wp","href":"https:\/\/api.w.org\/{rel}","templated":true}]}}