
{"id":13212,"date":"2025-12-15T16:21:52","date_gmt":"2025-12-15T19:21:52","guid":{"rendered":"https:\/\/africaatual.com.br\/?p=13212"},"modified":"2025-12-15T20:54:56","modified_gmt":"2025-12-15T23:54:56","slug":"reunioes-e-visita-do-ex-ministro-oumarou-diarra-ao-brasil","status":"publish","type":"post","link":"https:\/\/africaatual.com.br\/index.php\/2025\/12\/15\/reunioes-e-visita-do-ex-ministro-oumarou-diarra-ao-brasil\/","title":{"rendered":"Reuni\u00f5es e visita do ex-ministro Oumarou Diarra ao Brasil"},"content":{"rendered":"\t\t<div data-elementor-type=\"wp-post\" data-elementor-id=\"13212\" class=\"elementor elementor-13212\">\n\t\t\t\t<div class=\"elementor-element elementor-element-9f2889b e-flex e-con-boxed wpr-particle-no wpr-jarallax-no wpr-parallax-no wpr-sticky-section-no wpr-equal-height-no e-con e-parent\" data-id=\"9f2889b\" data-element_type=\"container\" data-e-type=\"container\">\n\t\t\t\t\t<div class=\"e-con-inner\">\n\t\t<div class=\"elementor-element elementor-element-044cefc e-con-full e-flex wpr-particle-no wpr-jarallax-no wpr-parallax-no wpr-sticky-section-no wpr-equal-height-no e-con e-child\" data-id=\"044cefc\" data-element_type=\"container\" data-e-type=\"container\">\n\t\t\t\t<div class=\"elementor-element elementor-element-89ac90f elementor-widget elementor-widget-image\" data-id=\"89ac90f\" data-element_type=\"widget\" data-e-type=\"widget\" data-widget_type=\"image.default\">\n\t\t\t\t<div class=\"elementor-widget-container\">\n\t\t\t\t\t\t\t\t\t\t\t\t\t\t\t<img fetchpriority=\"high\" decoding=\"async\" width=\"381\" height=\"392\" src=\"https:\/\/africaatual.com.br\/wp-content\/uploads\/2025\/12\/image1-1.jpeg\" class=\"attachment-large size-large wp-image-13314\" alt=\"\" srcset=\"https:\/\/africaatual.com.br\/wp-content\/uploads\/2025\/12\/image1-1.jpeg 381w, https:\/\/africaatual.com.br\/wp-content\/uploads\/2025\/12\/image1-1-292x300.jpeg 292w\" sizes=\"(max-width: 381px) 100vw, 381px\" \/>\t\t\t\t\t\t\t\t\t\t\t\t\t\t\t<\/div>\n\t\t\t\t<\/div>\n\t\t\t\t<\/div>\n\t\t<div class=\"elementor-element elementor-element-d28dd3f e-con-full e-flex wpr-particle-no wpr-jarallax-no wpr-parallax-no wpr-sticky-section-no wpr-equal-height-no e-con e-child\" data-id=\"d28dd3f\" data-element_type=\"container\" data-e-type=\"container\">\n\t\t\t\t<div class=\"elementor-element elementor-element-779a972 elementor-widget elementor-widget-heading\" data-id=\"779a972\" data-element_type=\"widget\" data-e-type=\"widget\" data-widget_type=\"heading.default\">\n\t\t\t\t<div class=\"elementor-widget-container\">\n\t\t\t\t\t<h2 class=\"elementor-heading-title elementor-size-default\">COMENDADOR JOS\u00c9 FERREIRA<\/h2>\t\t\t\t<\/div>\n\t\t\t\t<\/div>\n\t\t<div class=\"elementor-element elementor-element-3db30bb e-con-full e-flex wpr-particle-no wpr-jarallax-no wpr-parallax-no wpr-sticky-section-no wpr-equal-height-no e-con e-child\" data-id=\"3db30bb\" data-element_type=\"container\" data-e-type=\"container\">\n\t\t\t\t<div class=\"elementor-element elementor-element-90d7123 elementor-widget elementor-widget-text-editor\" data-id=\"90d7123\" data-element_type=\"widget\" data-e-type=\"widget\" data-widget_type=\"text-editor.default\">\n\t\t\t\t<div class=\"elementor-widget-container\">\n\t\t\t\t\t\t\t\t\t<p><em>Empres\u00e1rio; Matem\u00e1tico; Banc\u00e1rio; Jornalista; Palestrante; Professor; Consultor; Cliente Success; Arquiteto de Solu\u00e7\u00f5es; CEO do Grupo Infinity Bank, CEO Financeiro da CECCI \u00a0&#8211; CPLP para Am\u00e9rica Latina M\u00e9xico e \u00c1frica Central; Especialista: em Mercado Financeiro, em Opera\u00e7\u00f5es Estruturadas, em Montagem de Bancos Digitais e Fintechs, em Recupera\u00e7\u00e3o de Empresas,\u00a0 em projetos de Reengenharia e Constru\u00e7\u00e3o Civil, em Infraestrutura, em Moedas Digitais; Conselheiro da C\u00e2mara Texana de Com\u00e9rcio no Brasil; Diretor Financeiro do Instituto Azusa; Superintendente\u00a0 Nacional de An\u00e1lise de Viabilidade Econ\u00f4mica e Financeira da Confedera\u00e7\u00e3o do Elo Social Brasil; Agente Especial de Assuntos Internacionais da Amabazonia (Camar\u00f5es do Sul); Agente Especial de Assuntos Corporativos do Prefeitura de Itirapu\u00e3 -S\u00e3o Paulo.<\/em><\/p>\t\t\t\t\t\t\t\t<\/div>\n\t\t\t\t<\/div>\n\t\t\t\t<\/div>\n\t\t\t\t<\/div>\n\t\t\t\t\t<\/div>\n\t\t\t\t<\/div>\n\t\t<div class=\"elementor-element elementor-element-37a85ab e-flex e-con-boxed wpr-particle-no wpr-jarallax-no wpr-parallax-no wpr-sticky-section-no wpr-equal-height-no e-con e-parent\" data-id=\"37a85ab\" data-element_type=\"container\" data-e-type=\"container\" data-settings=\"{&quot;background_background&quot;:&quot;classic&quot;}\">\n\t\t\t\t\t<div class=\"e-con-inner\">\n\t\t\t\t<div class=\"elementor-element elementor-element-2dd195b elementor-widget elementor-widget-text-editor\" data-id=\"2dd195b\" data-element_type=\"widget\" data-e-type=\"widget\" data-widget_type=\"text-editor.default\">\n\t\t\t\t<div class=\"elementor-widget-container\">\n\t\t\t\t\t\t\t\t\t<p><span style=\"text-decoration: underline;\"><em>\ud83c\uddeb\ud83c\uddf7\u00a0 <a href=\"https:\/\/africaatual.com.br\/index.php\/2025\/12\/15\/le-bresil-et-le-mali-renforcent-le-dialogue-sur-le-developpement-les-investissements-et-la-cooperation-internationale\/\">Version fran\u00e7aise disponible \u2014 cliquez ici.<\/a><\/em><\/span><\/p>\t\t\t\t\t\t\t\t<\/div>\n\t\t\t\t<\/div>\n\t\t\t\t\t<\/div>\n\t\t\t\t<\/div>\n\t\t<div class=\"elementor-element elementor-element-22087b5c e-flex e-con-boxed wpr-particle-no wpr-jarallax-no wpr-parallax-no wpr-sticky-section-no wpr-equal-height-no e-con e-parent\" data-id=\"22087b5c\" data-element_type=\"container\" data-e-type=\"container\">\n\t\t\t\t\t<div class=\"e-con-inner\">\n\t\t\t\t<div class=\"elementor-element elementor-element-76a6581f elementor-widget elementor-widget-text-editor\" data-id=\"76a6581f\" data-element_type=\"widget\" data-e-type=\"widget\" data-widget_type=\"text-editor.default\">\n\t\t\t\t<div class=\"elementor-widget-container\">\n\t\t\t\t\t\t\t\t\t<p><em>No dia <strong>26 de novembro de 2025<\/strong>, em <strong>S\u00e3o Paulo<\/strong>, reuni com o Vossa Excel\u00eancia o <strong>EX<\/strong> <strong>Ministro respons\u00e1vel pela A\u00e7\u00e3o Humanit\u00e1ria, Solidariedade, Refugiados e Deslocados do Mali o Sr Oumarou Diarra<\/strong>, para tratativas do desenvolvimento econ\u00f4mico, social e ambiental para melhoria da qualidade de vida dos Malineses, aumento do PIB (Produto Interno Bruto), industrializa\u00e7\u00e3o e combate ao Terrorismo e a fome.<\/em><\/p>\n<p><em style=\"font-size: 18px;\">Mediante esta proposta de desenvolvimento, eu, <strong>Comendador Jos\u00e9 Ferreira<\/strong>, levei <strong>o Ex Ministro<\/strong> a se <strong>reunir e participar de dois eventos<\/strong> mais importantes no Pa\u00eds <strong>Brasil<\/strong>, para levar a mensagem da nova gest\u00e3o pol\u00edtica do <strong>Mali e do povo \u00e0s autoridades e empres\u00e1rios brasileiros.<\/strong><\/em><\/p>\n<p><strong><em>Pauta <\/em><\/strong><em>das<strong> reuni\u00f5es <\/strong>nos dias<strong> 26 <\/strong>e <strong>28 <\/strong>de<strong> novembro <\/strong>de<strong> 2025 <\/strong>em<strong> S\u00e3o Paulo <\/strong>entre o<strong> Comendador Jos\u00e9 Ferreira, EX<\/strong> <strong>Ministro respons\u00e1vel pela A\u00e7\u00e3o Humanit\u00e1ria, Solidariedade, Refugiados e Deslocados do Mali o Sr Oumarou Diarra<\/strong> e<strong> Adama Konat\u00e9 (Presidente da Uni\u00e3o do Maliana de S\u00e3o Paulo Brasil _ UMSB):<\/strong><\/em><\/p>\n<ul>\n<li>Desenvolvimento Econ\u00f4mico, Social e Meio Ambiente do<\/li>\n<li>Investimentos bilaterais para industrializa\u00e7\u00e3o e gera\u00e7\u00e3o de empregos;<\/li>\n<li>Investimentos para desenvolvimento de energias renov\u00e1veis e sustent\u00e1veis.<\/li>\n<li>Readequa\u00e7\u00e3o do sistema financeiro e montagem de Bancos Digitais.<\/li>\n<li>Constru\u00e7\u00e3o de novos aeroportos e cria\u00e7\u00e3o de voos internacionais Mali direto ao Brasil.<\/li>\n<li>Constru\u00e7\u00e3o de ferrovias (trens e metr\u00f4s).<\/li>\n<li>Desenvolvimento do Agroneg\u00f3cios e agroindustrial no Mali.<\/li>\n<li>Reindustrializa\u00e7\u00e3o e explora\u00e7\u00e3o de (petr\u00f3leo, recursos naturais, ouro e minerais nobres).<\/li>\n<li>Reestrutura\u00e7\u00e3o da Infraestrutura Rodovi\u00e1rio (estradas, rodovias, ruas avenidas \u201cpavimenta\u00e7\u00e3o asf\u00e1ltica, terraplanagens e drenagem de aguas pluviais\u201d, Portu\u00e1rio, Ferrovi\u00e1rio, Mar\u00edtimo, Transportes e A\u00e9reo.<\/li>\n<li>Integra\u00e7\u00e3o Cultural, Artes e Artesanatos.<\/li>\n<li>Constru\u00e7\u00e3o Civil de casas, apartamentos e condom\u00ednios.<\/li>\n<li>Forma\u00e7\u00e3o de m\u00e3o de obra qualificada para odos os setores primordiais para o desenvolvimento do Mali.<\/li>\n<li>Moderniza\u00e7\u00e3o do Sistema Financeiro Banc\u00e1rio e implanta\u00e7\u00e3o de novos produtos como Pix, Drex, bancos digitais, fintechs, criptomoedas e criptoativos e sistema de cust\u00f3dia.<\/li>\n<li>Combate ao Terrorismo e a fome.<\/li>\n<li>Cria\u00e7\u00e3o de novos m\u00e9todos de industrializa\u00e7\u00e3o de rem\u00e9dios como gen\u00e9rico.<\/li>\n<li>Estreitamento pol\u00edtico.<\/li>\n<li>Gera\u00e7\u00e3o de empregos e melhoria da qualidade do povo e do Pa\u00eds.<\/li>\n<li>Nomea\u00e7\u00e3o do Comendador como Agente Especial de Assuntos Coorporativos internacional no Brasil pelo Mali.<\/li>\n<li>Reuni\u00f5es com autoridades brasileira e participa\u00e7\u00e3o em eventos comemorativos e de premia\u00e7\u00e3o.<\/li>\n<li>Oportunidades aos investidores com seguran\u00e7a do capital investido.<\/li>\n<\/ul>\n<ul>\n<li><em>Parceira com a <strong>C\u00e2mara de Texana de Com\u00e9rcio do Brasil<\/strong>, com o Mali e extens\u00e3o a <strong>AES<\/strong>, para desenvolvimento econ\u00f4mico e social.<\/em><\/li>\n<\/ul>\t\t\t\t\t\t\t\t<\/div>\n\t\t\t\t<\/div>\n\t\t\t\t\t<\/div>\n\t\t\t\t<\/div>\n\t\t<div class=\"elementor-element elementor-element-05cb4e7 e-flex e-con-boxed wpr-particle-no wpr-jarallax-no wpr-parallax-no wpr-sticky-section-no wpr-equal-height-no e-con e-parent\" data-id=\"05cb4e7\" data-element_type=\"container\" data-e-type=\"container\">\n\t\t\t\t\t<div class=\"e-con-inner\">\n\t\t<div class=\"elementor-element elementor-element-e99a040 e-con-full e-flex wpr-particle-no wpr-jarallax-no wpr-parallax-no wpr-sticky-section-no wpr-equal-height-no e-con e-child\" data-id=\"e99a040\" data-element_type=\"container\" data-e-type=\"container\">\n\t\t\t\t<div class=\"elementor-element elementor-element-af822ed elementor-widget elementor-widget-image\" data-id=\"af822ed\" data-element_type=\"widget\" data-e-type=\"widget\" data-widget_type=\"image.default\">\n\t\t\t\t<div class=\"elementor-widget-container\">\n\t\t\t\t\t\t\t\t\t\t\t\t\t\t\t<img decoding=\"async\" width=\"720\" height=\"541\" src=\"https:\/\/africaatual.com.br\/wp-content\/uploads\/2025\/12\/image2-1.jpeg\" class=\"attachment-large size-large wp-image-13215\" alt=\"\" srcset=\"https:\/\/africaatual.com.br\/wp-content\/uploads\/2025\/12\/image2-1.jpeg 720w, https:\/\/africaatual.com.br\/wp-content\/uploads\/2025\/12\/image2-1-300x225.jpeg 300w\" sizes=\"(max-width: 720px) 100vw, 720px\" \/>\t\t\t\t\t\t\t\t\t\t\t\t\t\t\t<\/div>\n\t\t\t\t<\/div>\n\t\t\t\t<\/div>\n\t\t<div class=\"elementor-element elementor-element-a36b03e e-con-full e-flex wpr-particle-no wpr-jarallax-no wpr-parallax-no wpr-sticky-section-no wpr-equal-height-no e-con e-child\" data-id=\"a36b03e\" data-element_type=\"container\" data-e-type=\"container\">\n\t\t\t\t<div class=\"elementor-element elementor-element-50175a3 elementor-widget elementor-widget-image\" data-id=\"50175a3\" data-element_type=\"widget\" data-e-type=\"widget\" data-widget_type=\"image.default\">\n\t\t\t\t<div class=\"elementor-widget-container\">\n\t\t\t\t\t\t\t\t\t\t\t\t\t\t\t<img decoding=\"async\" width=\"1024\" height=\"822\" src=\"https:\/\/africaatual.com.br\/wp-content\/uploads\/2025\/12\/image3.jpeg\" class=\"attachment-large size-large wp-image-13214\" alt=\"\" srcset=\"https:\/\/africaatual.com.br\/wp-content\/uploads\/2025\/12\/image3.jpeg 1024w, https:\/\/africaatual.com.br\/wp-content\/uploads\/2025\/12\/image3-300x241.jpeg 300w, https:\/\/africaatual.com.br\/wp-content\/uploads\/2025\/12\/image3-768x617.jpeg 768w\" sizes=\"(max-width: 1024px) 100vw, 1024px\" \/>\t\t\t\t\t\t\t\t\t\t\t\t\t\t\t<\/div>\n\t\t\t\t<\/div>\n\t\t\t\t<\/div>\n\t\t\t\t\t<\/div>\n\t\t\t\t<\/div>\n\t\t<div class=\"elementor-element elementor-element-5611dbd e-flex e-con-boxed wpr-particle-no wpr-jarallax-no wpr-parallax-no wpr-sticky-section-no wpr-equal-height-no e-con e-parent\" data-id=\"5611dbd\" data-element_type=\"container\" data-e-type=\"container\">\n\t\t\t\t\t<div class=\"e-con-inner\">\n\t\t\t\t<div class=\"elementor-element elementor-element-70156de elementor-widget elementor-widget-text-editor\" data-id=\"70156de\" data-element_type=\"widget\" data-e-type=\"widget\" data-widget_type=\"text-editor.default\">\n\t\t\t\t<div class=\"elementor-widget-container\">\n\t\t\t\t\t\t\t\t\t<p><strong><em>Presidente<\/em><\/strong><em> da <strong>C\u00e2mara Texana de Com\u00e9rcio no Brasil Sr. Max Paul<\/strong>, com sede no Rio de Janeiro \u2013 Botafogo \u2013 Estado do Rio de Janeiro (na foto da direita para esquerda \u00e9 o segundo)<\/em><\/p>\t\t\t\t\t\t\t\t<\/div>\n\t\t\t\t<\/div>\n\t\t\t\t\t<\/div>\n\t\t\t\t<\/div>\n\t\t<div class=\"elementor-element elementor-element-7efa12b e-flex e-con-boxed wpr-particle-no wpr-jarallax-no wpr-parallax-no wpr-sticky-section-no wpr-equal-height-no e-con e-parent\" data-id=\"7efa12b\" data-element_type=\"container\" data-e-type=\"container\">\n\t\t\t\t\t<div class=\"e-con-inner\">\n\t\t\t\t<div class=\"elementor-element elementor-element-45c0ca1 elementor-widget elementor-widget-text-editor\" data-id=\"45c0ca1\" data-element_type=\"widget\" data-e-type=\"widget\" data-widget_type=\"text-editor.default\">\n\t\t\t\t<div class=\"elementor-widget-container\">\n\t\t\t\t\t\t\t\t\t<ul>\n<li><strong>Parceria<\/strong> com a<em> <strong>Editora Eiros,<\/strong> <\/em>para levar os projetos para o <strong><em>Mali <\/em><\/strong><em>e se estendendo ao<strong> AES<\/strong>. A<strong> EDITORA, <\/strong>foi fundada pelo <strong>Professor Odair Marques da Silva<\/strong>, um acad\u00eamico com uma trajet\u00f3ria impressionante e diversificada. Com doutorado em Ci\u00eancias da Cultura pela Universidade de Tr\u00e1s-os-Montes e Alto Douro (<strong>UTAD)<\/strong> em Portugal, p\u00f3s-gradua\u00e7\u00e3o em An\u00e1lise de Sistemas pela PUCCAMP e Mestrado em Gest\u00e3o pela <strong>FEM\/UNICAMP<\/strong>, <strong>Professor Odair<\/strong> possui uma s\u00f3lida forma\u00e7\u00e3o acad\u00eamica. Ele atuou como docente na P\u00f3s-gradua\u00e7\u00e3o em Pedagogia Social <strong>no UNISAL em Campinas\/SP<\/strong> e fez parte do projeto <strong>TIME,<\/strong> coordenado pelo <strong>NIED\/UNICAMP<\/strong>, contribuindo significativamente em projetos de novas m\u00eddias e tecnologias aplicadas \u00e0 educa\u00e7\u00e3o. Sua experi\u00eancia inclui tamb\u00e9m a gest\u00e3o p\u00fablica, tendo sido Secret\u00e1rio Municipal de Educa\u00e7\u00e3o em Hortol\u00e2ndia\/SP, <strong>Diretor da FUMEC-Campinas e Coordenador do Centro Cultural de Integra\u00e7\u00e3o Social \u2013 Cisguanabara, da UNICAMP.<\/strong><\/em><\/li>\n<\/ul>\t\t\t\t\t\t\t\t<\/div>\n\t\t\t\t<\/div>\n\t\t\t\t\t<\/div>\n\t\t\t\t<\/div>\n\t\t<div class=\"elementor-element elementor-element-4d6bb20 e-flex e-con-boxed wpr-particle-no wpr-jarallax-no wpr-parallax-no wpr-sticky-section-no wpr-equal-height-no e-con e-parent\" data-id=\"4d6bb20\" data-element_type=\"container\" data-e-type=\"container\">\n\t\t\t\t\t<div class=\"e-con-inner\">\n\t\t<div class=\"elementor-element elementor-element-5c5184b e-con-full e-flex wpr-particle-no wpr-jarallax-no wpr-parallax-no wpr-sticky-section-no wpr-equal-height-no e-con e-child\" data-id=\"5c5184b\" data-element_type=\"container\" data-e-type=\"container\">\n\t\t\t\t<div class=\"elementor-element elementor-element-87d765a elementor-widget elementor-widget-image\" data-id=\"87d765a\" data-element_type=\"widget\" data-e-type=\"widget\" data-widget_type=\"image.default\">\n\t\t\t\t<div class=\"elementor-widget-container\">\n\t\t\t\t\t\t\t\t\t\t\t\t\t\t\t<img loading=\"lazy\" decoding=\"async\" width=\"628\" height=\"568\" src=\"https:\/\/africaatual.com.br\/wp-content\/uploads\/2025\/12\/image4.jpeg\" class=\"attachment-large size-large wp-image-13216\" alt=\"\" srcset=\"https:\/\/africaatual.com.br\/wp-content\/uploads\/2025\/12\/image4.jpeg 628w, https:\/\/africaatual.com.br\/wp-content\/uploads\/2025\/12\/image4-300x271.jpeg 300w\" sizes=\"(max-width: 628px) 100vw, 628px\" \/>\t\t\t\t\t\t\t\t\t\t\t\t\t\t\t<\/div>\n\t\t\t\t<\/div>\n\t\t\t\t<\/div>\n\t\t<div class=\"elementor-element elementor-element-ffbe063 e-con-full e-flex wpr-particle-no wpr-jarallax-no wpr-parallax-no wpr-sticky-section-no wpr-equal-height-no e-con e-child\" data-id=\"ffbe063\" data-element_type=\"container\" data-e-type=\"container\">\n\t\t\t\t<div class=\"elementor-element elementor-element-bd791df elementor-widget elementor-widget-image\" data-id=\"bd791df\" data-element_type=\"widget\" data-e-type=\"widget\" data-widget_type=\"image.default\">\n\t\t\t\t<div class=\"elementor-widget-container\">\n\t\t\t\t\t\t\t\t\t\t\t\t\t\t\t<img loading=\"lazy\" decoding=\"async\" width=\"168\" height=\"300\" src=\"https:\/\/africaatual.com.br\/wp-content\/uploads\/2025\/12\/image5.jpeg\" class=\"attachment-large size-large wp-image-13217\" alt=\"\" \/>\t\t\t\t\t\t\t\t\t\t\t\t\t\t\t<\/div>\n\t\t\t\t<\/div>\n\t\t\t\t<\/div>\n\t\t\t\t\t<\/div>\n\t\t\t\t<\/div>\n\t\t<div class=\"elementor-element elementor-element-19b5143 e-flex e-con-boxed wpr-particle-no wpr-jarallax-no wpr-parallax-no wpr-sticky-section-no wpr-equal-height-no e-con e-parent\" data-id=\"19b5143\" data-element_type=\"container\" data-e-type=\"container\">\n\t\t\t\t\t<div class=\"e-con-inner\">\n\t\t\t\t<div class=\"elementor-element elementor-element-5e351c0 elementor-widget elementor-widget-text-editor\" data-id=\"5e351c0\" data-element_type=\"widget\" data-e-type=\"widget\" data-widget_type=\"text-editor.default\">\n\t\t\t\t<div class=\"elementor-widget-container\">\n\t\t\t\t\t\t\t\t\t<p>Atualmente, <strong><em>Professor Odair <\/em><\/strong>est\u00e1 dedicado a projetos que envolvem o continente africano e din\u00e2micas que promovem a \u00c1frica contempor\u00e2nea, como a curadoria da Mostra Cultural Afrifuturista. Com essa vasta experi\u00eancia e paix\u00e3o pela educa\u00e7\u00e3o e cultura, a Editora Eiros se compromete a apoiar novos autores em suas jornadas de publica\u00e7\u00e3o, oferecendo servi\u00e7os editoriais completos e personalizados. Nosso objetivo \u00e9 transformar manuscritos em obras de alta qualidade, ajudando autores a encontrar suas vozes e alcan\u00e7ar o sucesso liter\u00e1rio. Na Editora Eiros, cada livro \u00e9 uma oportunidade de compartilhar conhecimento e inspirar leitores ao redor do mundo.<\/p>\n<p>Nossa miss\u00e3o \u00e9 promover a educa\u00e7\u00e3o de qualidade atrav\u00e9s da publica\u00e7\u00e3o de livros did\u00e1ticos e paradid\u00e1ticos que valorizem e difundam o conhecimento sobre \u00c1frica, africanidades, cultura ind\u00edgena e afro brasilidades. Comprometemo-nos a fornecer recursos educativos que enrique\u00e7am o curr\u00edculo escolar e promovam a conscientiza\u00e7\u00e3o cultural, hist\u00f3rica e atual, preparando os alunos para um mundo mais justo e inclusivo. \u201d<\/p>\n<p>\u00a0<\/p>\n<p>Ser a Editora l\u00edder de mercado dentro de nossos eixos tem\u00e1ticos, reconhecida pela excel\u00eancia na produ\u00e7\u00e3o de conte\u00fado educativo que celebra a diversidade cultural, contribuindo para a forma\u00e7\u00e3o de uma sociedade equitativa e antirracista.<\/p>\n<ul>\n<li><strong><em>Educa\u00e7\u00e3o de qualidade:<\/em><\/strong> Compromisso com a produ\u00e7\u00e3o de materiais educativos que sejam rigorosos, acess\u00edveis e relevantes para o p\u00fablico-alvo.<\/li>\n<li><strong><em>Equidade e inclus\u00e3o: <\/em><\/strong>Promo\u00e7\u00e3o de pr\u00e1ticas inclusivas que garantam a representa\u00e7\u00e3o e valoriza\u00e7\u00e3o de todas as culturas e etnias.<\/li>\n<li><strong><em>Respeito \u00e0 diversidade:<\/em><\/strong> Valoriza\u00e7\u00e3o e respeito pelas diversas culturas e hist\u00f3rias que comp\u00f5em a sociedade brasileira.<\/li>\n<li><strong><em>Integridade:<\/em><\/strong> Manter padr\u00f5es \u00e9ticos elevados em todas as opera\u00e7\u00f5es e intera\u00e7\u00f5es, garantindo transpar\u00eancia e honestidade.<\/li>\n<li><strong><em>Inova\u00e7\u00e3o:<\/em><\/strong> Busca cont\u00ednua por m\u00e9todos e abordagens inovadoras para enriquecer o aprendizado e engajar os estudantes.<\/li>\n<li><strong><em>Combate ao racismo:<\/em><\/strong> Compromisso firme em combater todas as formas de racismo atrav\u00e9s da educa\u00e7\u00e3o e da promo\u00e7\u00e3o de uma sociedade mais justa e igualit\u00e1ria.<\/li>\n<\/ul>\n<p><strong><em>\u00a0<\/em><\/strong><\/p>\n<p><strong><em>Site \u00c1frica Atual<\/em><\/strong><\/p>\n<p><em>O site <strong>www.africaatual.com.br<\/strong>, nasce com o prop\u00f3sito de divulgar os pa\u00edses africanos no Brasil. Com uma perspectiva inovadora e diferenciada, a partir de um olhar brasileiro, afrodescendente e afrocentrado.\u00a0<\/em><strong>Din\u00e2mica de conte\u00fado.<\/strong><\/p>\n<p>\u00a0<\/p>\n<ul>\n<li>O site\u00a0<a href=\"http:\/\/www.africaatual.com.br\/\">africaatual.com.br<\/a>se conecta com conceitos do afrofuturismo e o afro-otimismo. Sem deixar de reconhecer as dificuldades e desafios enfrentados pelos pa\u00edses de \u00c1frica. Mas, somando as proposi\u00e7\u00f5es da Uni\u00e3o Africana (<a href=\"http:\/\/www.ua.int\/\">www.ua.int<\/a>), em demonstrar os esfor\u00e7os de seus povos e governantes em construir e consolidar as suas na\u00e7\u00f5es. Em contrapartida, atuar na desconstru\u00e7\u00e3o de estere\u00f3tipos massificados pelas m\u00eddias, sistemas educativos e ind\u00fastrias culturais.<\/li>\n<li>Nesta dire\u00e7\u00e3o geocultural, o site far\u00e1 a divulga\u00e7\u00e3o de informa\u00e7\u00f5es inovadoras dos pa\u00edses, de seus avan\u00e7os em infraestrutura urbana, tamb\u00e9m aos projetos de inova\u00e7\u00e3o tecnol\u00f3gica e cultural, de desenvolvimento econ\u00f4mico e social, de universidades e centros de pesquisa.<\/li>\n<\/ul>\t\t\t\t\t\t\t\t<\/div>\n\t\t\t\t<\/div>\n\t\t\t\t\t<\/div>\n\t\t\t\t<\/div>\n\t\t<div class=\"elementor-element elementor-element-4d4f29d e-flex e-con-boxed wpr-particle-no wpr-jarallax-no wpr-parallax-no wpr-sticky-section-no wpr-equal-height-no e-con e-parent\" data-id=\"4d4f29d\" data-element_type=\"container\" data-e-type=\"container\">\n\t\t\t\t\t<div class=\"e-con-inner\">\n\t\t\t\t<div class=\"elementor-element elementor-element-71cf37f elementor-widget elementor-widget-heading\" data-id=\"71cf37f\" data-element_type=\"widget\" data-e-type=\"widget\" data-widget_type=\"heading.default\">\n\t\t\t\t<div class=\"elementor-widget-container\">\n\t\t\t\t\t<h2 class=\"elementor-heading-title elementor-size-default\">EVENTO REALIZADO NO DIA 26 DE NOVEMBRO 2025, NA C\u00c2MARA MUNICIPAL DOS VEREADORES DA CIDADE DE S\u00c3O PAULO \u2013 CAPITAL DO ESTADO DE S\u00c3O PAULO<\/h2>\t\t\t\t<\/div>\n\t\t\t\t<\/div>\n\t\t\t\t\t<\/div>\n\t\t\t\t<\/div>\n\t\t<div class=\"elementor-element elementor-element-0f323ad e-flex e-con-boxed wpr-particle-no wpr-jarallax-no wpr-parallax-no wpr-sticky-section-no wpr-equal-height-no e-con e-parent\" data-id=\"0f323ad\" data-element_type=\"container\" data-e-type=\"container\">\n\t\t\t\t\t<div class=\"e-con-inner\">\n\t\t<div class=\"elementor-element elementor-element-8ca6377 e-con-full e-flex wpr-particle-no wpr-jarallax-no wpr-parallax-no wpr-sticky-section-no wpr-equal-height-no e-con e-child\" data-id=\"8ca6377\" data-element_type=\"container\" data-e-type=\"container\">\n\t\t\t\t<div class=\"elementor-element elementor-element-37f8a00 elementor-widget elementor-widget-image\" data-id=\"37f8a00\" data-element_type=\"widget\" data-e-type=\"widget\" data-widget_type=\"image.default\">\n\t\t\t\t<div class=\"elementor-widget-container\">\n\t\t\t\t\t\t\t\t\t\t\t\t\t\t\t<img loading=\"lazy\" decoding=\"async\" width=\"825\" height=\"500\" src=\"https:\/\/africaatual.com.br\/wp-content\/uploads\/2025\/12\/image6.jpeg\" class=\"attachment-large size-large wp-image-13218\" alt=\"\" srcset=\"https:\/\/africaatual.com.br\/wp-content\/uploads\/2025\/12\/image6.jpeg 825w, https:\/\/africaatual.com.br\/wp-content\/uploads\/2025\/12\/image6-300x182.jpeg 300w, https:\/\/africaatual.com.br\/wp-content\/uploads\/2025\/12\/image6-768x465.jpeg 768w\" sizes=\"(max-width: 825px) 100vw, 825px\" \/>\t\t\t\t\t\t\t\t\t\t\t\t\t\t\t<\/div>\n\t\t\t\t<\/div>\n\t\t\t\t<\/div>\n\t\t<div class=\"elementor-element elementor-element-fcd8869 e-con-full e-flex wpr-particle-no wpr-jarallax-no wpr-parallax-no wpr-sticky-section-no wpr-equal-height-no e-con e-child\" data-id=\"fcd8869\" data-element_type=\"container\" data-e-type=\"container\">\n\t\t\t\t<div class=\"elementor-element elementor-element-fad5cf3 elementor-widget elementor-widget-image\" data-id=\"fad5cf3\" data-element_type=\"widget\" data-e-type=\"widget\" data-widget_type=\"image.default\">\n\t\t\t\t<div class=\"elementor-widget-container\">\n\t\t\t\t\t\t\t\t\t\t\t\t\t\t\t<img loading=\"lazy\" decoding=\"async\" width=\"201\" height=\"251\" src=\"https:\/\/africaatual.com.br\/wp-content\/uploads\/2025\/12\/image7.jpeg\" class=\"attachment-large size-large wp-image-13219\" alt=\"\" \/>\t\t\t\t\t\t\t\t\t\t\t\t\t\t\t<\/div>\n\t\t\t\t<\/div>\n\t\t\t\t<\/div>\n\t\t\t\t\t<\/div>\n\t\t\t\t<\/div>\n\t\t<div class=\"elementor-element elementor-element-6ba98e6 e-flex e-con-boxed wpr-particle-no wpr-jarallax-no wpr-parallax-no wpr-sticky-section-no wpr-equal-height-no e-con e-parent\" data-id=\"6ba98e6\" data-element_type=\"container\" data-e-type=\"container\">\n\t\t\t\t\t<div class=\"e-con-inner\">\n\t\t\t\t<div class=\"elementor-element elementor-element-5b872f1 elementor-widget elementor-widget-text-editor\" data-id=\"5b872f1\" data-element_type=\"widget\" data-e-type=\"widget\" data-widget_type=\"text-editor.default\">\n\t\t\t\t<div class=\"elementor-widget-container\">\n\t\t\t\t\t\t\t\t\t<p><em>\u201cPR\u00caMIO DESAQUE EXECEL\u00caNCIA EMPRESARIAL 2025\u201d, UNS DOS PR\u00caMIOS MAIS IMPORTANTES DA MODALIDADE EMPRESARIAL E POLITICA DO PA\u00cdES, PARA AQUELES QUE FAZEM A DIFREN\u00c7A NOS SETORES PRIVADO E P\u00daBLICA.<\/em><\/p>\n<p><em>Evento promovido pelo Vereador Jo\u00e3o Jorge e Primeiro Vice-Presidente da C\u00e2mara.<\/em><\/p>\t\t\t\t\t\t\t\t<\/div>\n\t\t\t\t<\/div>\n\t\t\t\t\t<\/div>\n\t\t\t\t<\/div>\n\t\t<div class=\"elementor-element elementor-element-cdd9ead e-flex e-con-boxed wpr-particle-no wpr-jarallax-no wpr-parallax-no wpr-sticky-section-no wpr-equal-height-no e-con e-parent\" data-id=\"cdd9ead\" data-element_type=\"container\" data-e-type=\"container\">\n\t\t\t\t\t<div class=\"e-con-inner\">\n\t\t<div class=\"elementor-element elementor-element-cce87b0 e-con-full e-flex wpr-particle-no wpr-jarallax-no wpr-parallax-no wpr-sticky-section-no wpr-equal-height-no e-con e-child\" data-id=\"cce87b0\" data-element_type=\"container\" data-e-type=\"container\">\n\t\t\t\t<div class=\"elementor-element elementor-element-d2166b4 elementor-widget__width-initial elementor-widget elementor-widget-image\" data-id=\"d2166b4\" data-element_type=\"widget\" data-e-type=\"widget\" data-widget_type=\"image.default\">\n\t\t\t\t<div class=\"elementor-widget-container\">\n\t\t\t\t\t\t\t\t\t\t\t\t\t\t\t<img loading=\"lazy\" decoding=\"async\" width=\"585\" height=\"602\" src=\"https:\/\/africaatual.com.br\/wp-content\/uploads\/2025\/12\/image8.jpeg\" class=\"attachment-large size-large wp-image-13220\" alt=\"\" srcset=\"https:\/\/africaatual.com.br\/wp-content\/uploads\/2025\/12\/image8.jpeg 585w, https:\/\/africaatual.com.br\/wp-content\/uploads\/2025\/12\/image8-292x300.jpeg 292w\" sizes=\"(max-width: 585px) 100vw, 585px\" \/>\t\t\t\t\t\t\t\t\t\t\t\t\t\t\t<\/div>\n\t\t\t\t<\/div>\n\t\t\t\t<\/div>\n\t\t<div class=\"elementor-element elementor-element-55553e6 e-con-full e-flex wpr-particle-no wpr-jarallax-no wpr-parallax-no wpr-sticky-section-no wpr-equal-height-no e-con e-child\" data-id=\"55553e6\" data-element_type=\"container\" data-e-type=\"container\">\n\t\t\t\t<div class=\"elementor-element elementor-element-aeb425f elementor-widget elementor-widget-image\" data-id=\"aeb425f\" data-element_type=\"widget\" data-e-type=\"widget\" data-widget_type=\"image.default\">\n\t\t\t\t<div class=\"elementor-widget-container\">\n\t\t\t\t\t\t\t\t\t\t\t\t\t\t\t<img loading=\"lazy\" decoding=\"async\" width=\"634\" height=\"593\" src=\"https:\/\/africaatual.com.br\/wp-content\/uploads\/2025\/12\/image9.jpeg\" class=\"attachment-large size-large wp-image-13221\" alt=\"\" srcset=\"https:\/\/africaatual.com.br\/wp-content\/uploads\/2025\/12\/image9.jpeg 634w, https:\/\/africaatual.com.br\/wp-content\/uploads\/2025\/12\/image9-300x281.jpeg 300w\" sizes=\"(max-width: 634px) 100vw, 634px\" \/>\t\t\t\t\t\t\t\t\t\t\t\t\t\t\t<\/div>\n\t\t\t\t<\/div>\n\t\t\t\t<\/div>\n\t\t\t\t\t<\/div>\n\t\t\t\t<\/div>\n\t\t<div class=\"elementor-element elementor-element-b2384a7 e-flex e-con-boxed wpr-particle-no wpr-jarallax-no wpr-parallax-no wpr-sticky-section-no wpr-equal-height-no e-con e-parent\" data-id=\"b2384a7\" data-element_type=\"container\" data-e-type=\"container\">\n\t\t\t\t\t<div class=\"e-con-inner\">\n\t\t\t\t<div class=\"elementor-element elementor-element-0656e55 elementor-widget elementor-widget-text-editor\" data-id=\"0656e55\" data-element_type=\"widget\" data-e-type=\"widget\" data-widget_type=\"text-editor.default\">\n\t\t\t\t<div class=\"elementor-widget-container\">\n\t\t\t\t\t\t\t\t\t<p><strong><em>COMENDADOR JOS\u00c9 FERREIRA<\/em><\/strong> &#8211; Conselheiro da C\u00e2mara Texana de Com\u00e9rcio no Brasil, CEO do Grupo Infinity Bank, Superintendente da Confedera\u00e7\u00e3o do Elo Social Brasil, Agente Especial de Assuntos Internacionais da Amabazonia (Camar\u00f5es do Sul) e Agente Especial de Assuntos Corporativos do Munic\u00edpio Itirapu\u00e3.<\/p>\t\t\t\t\t\t\t\t<\/div>\n\t\t\t\t<\/div>\n\t\t\t\t\t<\/div>\n\t\t\t\t<\/div>\n\t\t<div class=\"elementor-element elementor-element-53dd14d e-flex e-con-boxed wpr-particle-no wpr-jarallax-no wpr-parallax-no wpr-sticky-section-no wpr-equal-height-no e-con e-parent\" data-id=\"53dd14d\" data-element_type=\"container\" data-e-type=\"container\">\n\t\t\t\t\t<div class=\"e-con-inner\">\n\t\t<div class=\"elementor-element elementor-element-f36f4c2 e-con-full e-flex wpr-particle-no wpr-jarallax-no wpr-parallax-no wpr-sticky-section-no wpr-equal-height-no e-con e-child\" data-id=\"f36f4c2\" data-element_type=\"container\" data-e-type=\"container\">\n\t\t\t\t<div class=\"elementor-element elementor-element-36ebbb2 elementor-widget__width-initial elementor-widget elementor-widget-image\" data-id=\"36ebbb2\" data-element_type=\"widget\" data-e-type=\"widget\" data-widget_type=\"image.default\">\n\t\t\t\t<div class=\"elementor-widget-container\">\n\t\t\t\t\t\t\t\t\t\t\t\t\t\t\t<img loading=\"lazy\" decoding=\"async\" width=\"636\" height=\"521\" src=\"https:\/\/africaatual.com.br\/wp-content\/uploads\/2025\/12\/image10.jpeg\" class=\"attachment-large size-large wp-image-13222\" alt=\"\" srcset=\"https:\/\/africaatual.com.br\/wp-content\/uploads\/2025\/12\/image10.jpeg 636w, https:\/\/africaatual.com.br\/wp-content\/uploads\/2025\/12\/image10-300x246.jpeg 300w\" sizes=\"(max-width: 636px) 100vw, 636px\" \/>\t\t\t\t\t\t\t\t\t\t\t\t\t\t\t<\/div>\n\t\t\t\t<\/div>\n\t\t\t\t<\/div>\n\t\t<div class=\"elementor-element elementor-element-6074234 e-con-full e-flex wpr-particle-no wpr-jarallax-no wpr-parallax-no wpr-sticky-section-no wpr-equal-height-no e-con e-child\" data-id=\"6074234\" data-element_type=\"container\" data-e-type=\"container\">\n\t\t\t\t<div class=\"elementor-element elementor-element-7206fe4 elementor-widget elementor-widget-image\" data-id=\"7206fe4\" data-element_type=\"widget\" data-e-type=\"widget\" data-widget_type=\"image.default\">\n\t\t\t\t<div class=\"elementor-widget-container\">\n\t\t\t\t\t\t\t\t\t\t\t\t\t\t\t<img loading=\"lazy\" decoding=\"async\" width=\"622\" height=\"516\" src=\"https:\/\/africaatual.com.br\/wp-content\/uploads\/2025\/12\/image11.jpeg\" class=\"attachment-large size-large wp-image-13223\" alt=\"\" srcset=\"https:\/\/africaatual.com.br\/wp-content\/uploads\/2025\/12\/image11.jpeg 622w, https:\/\/africaatual.com.br\/wp-content\/uploads\/2025\/12\/image11-300x249.jpeg 300w\" sizes=\"(max-width: 622px) 100vw, 622px\" \/>\t\t\t\t\t\t\t\t\t\t\t\t\t\t\t<\/div>\n\t\t\t\t<\/div>\n\t\t\t\t<\/div>\n\t\t\t\t\t<\/div>\n\t\t\t\t<\/div>\n\t\t<div class=\"elementor-element elementor-element-55f8369 e-flex e-con-boxed wpr-particle-no wpr-jarallax-no wpr-parallax-no wpr-sticky-section-no wpr-equal-height-no e-con e-parent\" data-id=\"55f8369\" data-element_type=\"container\" data-e-type=\"container\">\n\t\t\t\t\t<div class=\"e-con-inner\">\n\t\t\t\t<div class=\"elementor-element elementor-element-8c28df0 elementor-widget elementor-widget-text-editor\" data-id=\"8c28df0\" data-element_type=\"widget\" data-e-type=\"widget\" data-widget_type=\"text-editor.default\">\n\t\t\t\t<div class=\"elementor-widget-container\">\n\t\t\t\t\t\t\t\t\t<p><strong><em>FERNANDO MANHOL\u00c9R<\/em><\/strong> (foto da direita para esquerda o segundo) \u2013 Empres\u00e1rio, Presidente e Dono Hestare Bank, Presidente do <strong><em>D&#8217;LA 20<\/em><\/strong> (f\u00f3rum Internacional da Democracia Latino Am\u00e9rica que comp\u00f5em 20 Pa\u00edses da Am\u00e9rica Latina), Pr\u00e9 Candidato \u00e0 Presid\u00eancia da Rep\u00fablica do Brasil, em 2026.<\/p>\t\t\t\t\t\t\t\t<\/div>\n\t\t\t\t<\/div>\n\t\t\t\t\t<\/div>\n\t\t\t\t<\/div>\n\t\t<div class=\"elementor-element elementor-element-4d3fe16 e-flex e-con-boxed wpr-particle-no wpr-jarallax-no wpr-parallax-no wpr-sticky-section-no wpr-equal-height-no e-con e-parent\" data-id=\"4d3fe16\" data-element_type=\"container\" data-e-type=\"container\">\n\t\t\t\t\t<div class=\"e-con-inner\">\n\t\t<div class=\"elementor-element elementor-element-796e18a e-con-full e-flex wpr-particle-no wpr-jarallax-no wpr-parallax-no wpr-sticky-section-no wpr-equal-height-no e-con e-child\" data-id=\"796e18a\" data-element_type=\"container\" data-e-type=\"container\">\n\t\t\t\t<div class=\"elementor-element elementor-element-4846193 elementor-widget elementor-widget-image\" data-id=\"4846193\" data-element_type=\"widget\" data-e-type=\"widget\" data-widget_type=\"image.default\">\n\t\t\t\t<div class=\"elementor-widget-container\">\n\t\t\t\t\t\t\t\t\t\t\t\t\t\t\t<img loading=\"lazy\" decoding=\"async\" width=\"768\" height=\"1024\" src=\"https:\/\/africaatual.com.br\/wp-content\/uploads\/2025\/12\/image12-768x1024.jpeg\" class=\"attachment-large size-large wp-image-13224\" alt=\"\" srcset=\"https:\/\/africaatual.com.br\/wp-content\/uploads\/2025\/12\/image12-768x1024.jpeg 768w, https:\/\/africaatual.com.br\/wp-content\/uploads\/2025\/12\/image12-225x300.jpeg 225w, https:\/\/africaatual.com.br\/wp-content\/uploads\/2025\/12\/image12.jpeg 960w\" sizes=\"(max-width: 768px) 100vw, 768px\" \/>\t\t\t\t\t\t\t\t\t\t\t\t\t\t\t<\/div>\n\t\t\t\t<\/div>\n\t\t\t\t<\/div>\n\t\t<div class=\"elementor-element elementor-element-2a792cf e-con-full e-flex wpr-particle-no wpr-jarallax-no wpr-parallax-no wpr-sticky-section-no wpr-equal-height-no e-con e-child\" data-id=\"2a792cf\" data-element_type=\"container\" data-e-type=\"container\">\n\t\t\t\t<div class=\"elementor-element elementor-element-5b78e6b elementor-widget elementor-widget-image\" data-id=\"5b78e6b\" data-element_type=\"widget\" data-e-type=\"widget\" data-widget_type=\"image.default\">\n\t\t\t\t<div class=\"elementor-widget-container\">\n\t\t\t\t\t\t\t\t\t\t\t\t\t\t\t<img loading=\"lazy\" decoding=\"async\" width=\"768\" height=\"1024\" src=\"https:\/\/africaatual.com.br\/wp-content\/uploads\/2025\/12\/image13-768x1024.jpeg\" class=\"attachment-large size-large wp-image-13226\" alt=\"\" srcset=\"https:\/\/africaatual.com.br\/wp-content\/uploads\/2025\/12\/image13-768x1024.jpeg 768w, https:\/\/africaatual.com.br\/wp-content\/uploads\/2025\/12\/image13-225x300.jpeg 225w, https:\/\/africaatual.com.br\/wp-content\/uploads\/2025\/12\/image13.jpeg 960w\" sizes=\"(max-width: 768px) 100vw, 768px\" \/>\t\t\t\t\t\t\t\t\t\t\t\t\t\t\t<\/div>\n\t\t\t\t<\/div>\n\t\t\t\t<\/div>\n\t\t\t\t\t<\/div>\n\t\t\t\t<\/div>\n\t\t<div class=\"elementor-element elementor-element-3317d3e e-flex e-con-boxed wpr-particle-no wpr-jarallax-no wpr-parallax-no wpr-sticky-section-no wpr-equal-height-no e-con e-parent\" data-id=\"3317d3e\" data-element_type=\"container\" data-e-type=\"container\">\n\t\t\t\t\t<div class=\"e-con-inner\">\n\t\t\t\t<div class=\"elementor-element elementor-element-6a95998 elementor-widget elementor-widget-text-editor\" data-id=\"6a95998\" data-element_type=\"widget\" data-e-type=\"widget\" data-widget_type=\"text-editor.default\">\n\t\t\t\t<div class=\"elementor-widget-container\">\n\t\t\t\t\t\t\t\t\t<p><strong><em>Sr. ALEXANDRE CANHONI<\/em><\/strong> (foto da direita para esquerda o primeiro) \u2013 Empres\u00e1rio, Ex Dan\u00e7arino do Programa de Televis\u00e3o da Rede Globo \u201cBaixinho da Xuxa\u201d, Projeto Social de resgates de crian\u00e7as carente do N\u00edger, h\u00e1 20 anos, reconhecido e diplomado pelo Presidente do a Vossa Excel\u00eancia Comandante Abdourahamane Tchiani.<\/p>\t\t\t\t\t\t\t\t<\/div>\n\t\t\t\t<\/div>\n\t\t\t\t\t<\/div>\n\t\t\t\t<\/div>\n\t\t<div class=\"elementor-element elementor-element-87c2673 e-flex e-con-boxed wpr-particle-no wpr-jarallax-no wpr-parallax-no wpr-sticky-section-no wpr-equal-height-no e-con e-parent\" data-id=\"87c2673\" data-element_type=\"container\" data-e-type=\"container\">\n\t\t\t\t\t<div class=\"e-con-inner\">\n\t\t<div class=\"elementor-element elementor-element-6ca3e6a e-con-full e-flex wpr-particle-no wpr-jarallax-no wpr-parallax-no wpr-sticky-section-no wpr-equal-height-no e-con e-child\" data-id=\"6ca3e6a\" data-element_type=\"container\" data-e-type=\"container\">\n\t\t\t\t<div class=\"elementor-element elementor-element-4a6b854 elementor-widget elementor-widget-image\" data-id=\"4a6b854\" data-element_type=\"widget\" data-e-type=\"widget\" data-widget_type=\"image.default\">\n\t\t\t\t<div class=\"elementor-widget-container\">\n\t\t\t\t\t\t\t\t\t\t\t\t\t\t\t<img loading=\"lazy\" decoding=\"async\" width=\"768\" height=\"1024\" src=\"https:\/\/africaatual.com.br\/wp-content\/uploads\/2025\/12\/image12-768x1024.jpeg\" class=\"attachment-large size-large wp-image-13224\" alt=\"\" srcset=\"https:\/\/africaatual.com.br\/wp-content\/uploads\/2025\/12\/image12-768x1024.jpeg 768w, https:\/\/africaatual.com.br\/wp-content\/uploads\/2025\/12\/image12-225x300.jpeg 225w, https:\/\/africaatual.com.br\/wp-content\/uploads\/2025\/12\/image12.jpeg 960w\" sizes=\"(max-width: 768px) 100vw, 768px\" \/>\t\t\t\t\t\t\t\t\t\t\t\t\t\t\t<\/div>\n\t\t\t\t<\/div>\n\t\t\t\t<\/div>\n\t\t<div class=\"elementor-element elementor-element-7b2f00b e-con-full e-flex wpr-particle-no wpr-jarallax-no wpr-parallax-no wpr-sticky-section-no wpr-equal-height-no e-con e-child\" data-id=\"7b2f00b\" data-element_type=\"container\" data-e-type=\"container\">\n\t\t\t\t<div class=\"elementor-element elementor-element-9eab6d5 elementor-widget elementor-widget-image\" data-id=\"9eab6d5\" data-element_type=\"widget\" data-e-type=\"widget\" data-widget_type=\"image.default\">\n\t\t\t\t<div class=\"elementor-widget-container\">\n\t\t\t\t\t\t\t\t\t\t\t\t\t\t\t<img loading=\"lazy\" decoding=\"async\" width=\"623\" height=\"523\" src=\"https:\/\/africaatual.com.br\/wp-content\/uploads\/2025\/12\/image15-1.jpeg\" class=\"attachment-large size-large wp-image-13328\" alt=\"\" srcset=\"https:\/\/africaatual.com.br\/wp-content\/uploads\/2025\/12\/image15-1.jpeg 623w, https:\/\/africaatual.com.br\/wp-content\/uploads\/2025\/12\/image15-1-300x252.jpeg 300w\" sizes=\"(max-width: 623px) 100vw, 623px\" \/>\t\t\t\t\t\t\t\t\t\t\t\t\t\t\t<\/div>\n\t\t\t\t<\/div>\n\t\t\t\t<\/div>\n\t\t\t\t\t<\/div>\n\t\t\t\t<\/div>\n\t\t<div class=\"elementor-element elementor-element-f208399 e-flex e-con-boxed wpr-particle-no wpr-jarallax-no wpr-parallax-no wpr-sticky-section-no wpr-equal-height-no e-con e-parent\" data-id=\"f208399\" data-element_type=\"container\" data-e-type=\"container\">\n\t\t\t\t\t<div class=\"e-con-inner\">\n\t\t\t\t<div class=\"elementor-element elementor-element-4969771 elementor-widget elementor-widget-text-editor\" data-id=\"4969771\" data-element_type=\"widget\" data-e-type=\"widget\" data-widget_type=\"text-editor.default\">\n\t\t\t\t<div class=\"elementor-widget-container\">\n\t\t\t\t\t\t\t\t\t<p><strong><em>CARLOS CAMACHO, <\/em><\/strong><em>mais conhecido como<strong> MESTRE CAMACHO (<\/strong><\/em><em>foto da esquerda para direta \u00e9 o segundo<\/em><strong><em>)<\/em><\/strong> _ Presidente da Confedera\u00e7\u00e3o Brasileira de Muaythai Tradicional (CBMTT) &#8211; Presidente da Jidokwan Brasil e Diretor para o Brasil Taekwondo Hall of Fame.<\/p>\t\t\t\t\t\t\t\t<\/div>\n\t\t\t\t<\/div>\n\t\t\t\t\t<\/div>\n\t\t\t\t<\/div>\n\t\t<div class=\"elementor-element elementor-element-a6e1e32 e-flex e-con-boxed wpr-particle-no wpr-jarallax-no wpr-parallax-no wpr-sticky-section-no wpr-equal-height-no e-con e-parent\" data-id=\"a6e1e32\" data-element_type=\"container\" data-e-type=\"container\">\n\t\t\t\t\t<div class=\"e-con-inner\">\n\t\t<div class=\"elementor-element elementor-element-80415bb e-con-full e-flex wpr-particle-no wpr-jarallax-no wpr-parallax-no wpr-sticky-section-no wpr-equal-height-no e-con e-child\" data-id=\"80415bb\" data-element_type=\"container\" data-e-type=\"container\">\n\t\t\t\t<div class=\"elementor-element elementor-element-ad82851 elementor-widget elementor-widget-image\" data-id=\"ad82851\" data-element_type=\"widget\" data-e-type=\"widget\" data-widget_type=\"image.default\">\n\t\t\t\t<div class=\"elementor-widget-container\">\n\t\t\t\t\t\t\t\t\t\t\t\t\t\t\t<img loading=\"lazy\" decoding=\"async\" width=\"682\" height=\"446\" src=\"https:\/\/africaatual.com.br\/wp-content\/uploads\/2025\/12\/image16.jpeg\" class=\"attachment-large size-large wp-image-13227\" alt=\"\" srcset=\"https:\/\/africaatual.com.br\/wp-content\/uploads\/2025\/12\/image16.jpeg 682w, https:\/\/africaatual.com.br\/wp-content\/uploads\/2025\/12\/image16-300x196.jpeg 300w\" sizes=\"(max-width: 682px) 100vw, 682px\" \/>\t\t\t\t\t\t\t\t\t\t\t\t\t\t\t<\/div>\n\t\t\t\t<\/div>\n\t\t\t\t<\/div>\n\t\t<div class=\"elementor-element elementor-element-2c54360 e-con-full e-flex wpr-particle-no wpr-jarallax-no wpr-parallax-no wpr-sticky-section-no wpr-equal-height-no e-con e-child\" data-id=\"2c54360\" data-element_type=\"container\" data-e-type=\"container\">\n\t\t\t\t<div class=\"elementor-element elementor-element-f32d18e elementor-widget elementor-widget-image\" data-id=\"f32d18e\" data-element_type=\"widget\" data-e-type=\"widget\" data-widget_type=\"image.default\">\n\t\t\t\t<div class=\"elementor-widget-container\">\n\t\t\t\t\t\t\t\t\t\t\t\t\t\t\t<img loading=\"lazy\" decoding=\"async\" width=\"571\" height=\"445\" src=\"https:\/\/africaatual.com.br\/wp-content\/uploads\/2025\/12\/image17.jpeg\" class=\"attachment-large size-large wp-image-13228\" alt=\"\" srcset=\"https:\/\/africaatual.com.br\/wp-content\/uploads\/2025\/12\/image17.jpeg 571w, https:\/\/africaatual.com.br\/wp-content\/uploads\/2025\/12\/image17-300x234.jpeg 300w\" sizes=\"(max-width: 571px) 100vw, 571px\" \/>\t\t\t\t\t\t\t\t\t\t\t\t\t\t\t<\/div>\n\t\t\t\t<\/div>\n\t\t\t\t<\/div>\n\t\t\t\t\t<\/div>\n\t\t\t\t<\/div>\n\t\t<div class=\"elementor-element elementor-element-8ea46f9 e-flex e-con-boxed wpr-particle-no wpr-jarallax-no wpr-parallax-no wpr-sticky-section-no wpr-equal-height-no e-con e-parent\" data-id=\"8ea46f9\" data-element_type=\"container\" data-e-type=\"container\">\n\t\t\t\t\t<div class=\"e-con-inner\">\n\t\t\t\t<div class=\"elementor-element elementor-element-ea76ff1 elementor-widget elementor-widget-text-editor\" data-id=\"ea76ff1\" data-element_type=\"widget\" data-e-type=\"widget\" data-widget_type=\"text-editor.default\">\n\t\t\t\t<div class=\"elementor-widget-container\">\n\t\t\t\t\t\t\t\t\t<p><strong><em>DR. OSWALDO NICO GON\u00c7ALVES (<\/em><\/strong><em>foto o que est\u00e1 no meio<strong>)<\/strong><\/em>, mais conhecido como Delegado Nico da Policia Civil) &#8211; Secret\u00e1rio Executivo de Seguran\u00e7a P\u00fablica do Estado S\u00e3o Paulo e Delegado de Pol\u00edcia Civil da cidade de S\u00e3o Paulo<\/p>\t\t\t\t\t\t\t\t<\/div>\n\t\t\t\t<\/div>\n\t\t\t\t\t<\/div>\n\t\t\t\t<\/div>\n\t\t<div class=\"elementor-element elementor-element-e899f07 e-flex e-con-boxed wpr-particle-no wpr-jarallax-no wpr-parallax-no wpr-sticky-section-no wpr-equal-height-no e-con e-parent\" data-id=\"e899f07\" data-element_type=\"container\" data-e-type=\"container\">\n\t\t\t\t\t<div class=\"e-con-inner\">\n\t\t<div class=\"elementor-element elementor-element-59bb48c e-con-full e-flex wpr-particle-no wpr-jarallax-no wpr-parallax-no wpr-sticky-section-no wpr-equal-height-no e-con e-child\" data-id=\"59bb48c\" data-element_type=\"container\" data-e-type=\"container\">\n\t\t\t\t<div class=\"elementor-element elementor-element-72c6698 elementor-widget elementor-widget-image\" data-id=\"72c6698\" data-element_type=\"widget\" data-e-type=\"widget\" data-widget_type=\"image.default\">\n\t\t\t\t<div class=\"elementor-widget-container\">\n\t\t\t\t\t\t\t\t\t\t\t\t\t\t\t<img loading=\"lazy\" decoding=\"async\" width=\"663\" height=\"428\" src=\"https:\/\/africaatual.com.br\/wp-content\/uploads\/2025\/12\/image19.jpeg\" class=\"attachment-large size-large wp-image-13232\" alt=\"\" srcset=\"https:\/\/africaatual.com.br\/wp-content\/uploads\/2025\/12\/image19.jpeg 663w, https:\/\/africaatual.com.br\/wp-content\/uploads\/2025\/12\/image19-300x194.jpeg 300w\" sizes=\"(max-width: 663px) 100vw, 663px\" \/>\t\t\t\t\t\t\t\t\t\t\t\t\t\t\t<\/div>\n\t\t\t\t<\/div>\n\t\t\t\t<\/div>\n\t\t<div class=\"elementor-element elementor-element-70bc1ab e-con-full e-flex wpr-particle-no wpr-jarallax-no wpr-parallax-no wpr-sticky-section-no wpr-equal-height-no e-con e-child\" data-id=\"70bc1ab\" data-element_type=\"container\" data-e-type=\"container\">\n\t\t\t\t<div class=\"elementor-element elementor-element-7cecd2f elementor-widget elementor-widget-image\" data-id=\"7cecd2f\" data-element_type=\"widget\" data-e-type=\"widget\" data-widget_type=\"image.default\">\n\t\t\t\t<div class=\"elementor-widget-container\">\n\t\t\t\t\t\t\t\t\t\t\t\t\t\t\t<img loading=\"lazy\" decoding=\"async\" width=\"607\" height=\"433\" src=\"https:\/\/africaatual.com.br\/wp-content\/uploads\/2025\/12\/image18.jpeg\" class=\"attachment-large size-large wp-image-13234\" alt=\"\" srcset=\"https:\/\/africaatual.com.br\/wp-content\/uploads\/2025\/12\/image18.jpeg 607w, https:\/\/africaatual.com.br\/wp-content\/uploads\/2025\/12\/image18-300x214.jpeg 300w\" sizes=\"(max-width: 607px) 100vw, 607px\" \/>\t\t\t\t\t\t\t\t\t\t\t\t\t\t\t<\/div>\n\t\t\t\t<\/div>\n\t\t\t\t<\/div>\n\t\t\t\t\t<\/div>\n\t\t\t\t<\/div>\n\t\t<div class=\"elementor-element elementor-element-4ec2bbc e-flex e-con-boxed wpr-particle-no wpr-jarallax-no wpr-parallax-no wpr-sticky-section-no wpr-equal-height-no e-con e-parent\" data-id=\"4ec2bbc\" data-element_type=\"container\" data-e-type=\"container\">\n\t\t\t\t\t<div class=\"e-con-inner\">\n\t\t\t\t<div class=\"elementor-element elementor-element-4104187 elementor-widget elementor-widget-text-editor\" data-id=\"4104187\" data-element_type=\"widget\" data-e-type=\"widget\" data-widget_type=\"text-editor.default\">\n\t\t\t\t<div class=\"elementor-widget-container\">\n\t\t\t\t\t\t\t\t\t<p><strong><em>K\u00c1TIA ALVES<\/em><\/strong> (foto est\u00e1 de branco) &#8211; \u00a0Apresentadora Programa \u201cA Voz do Assessor Pol\u00edtico do Estado de S\u00e3o Paulo\u201d da Televis\u00e3o ACAAPESPTV e Pastora.<\/p>\t\t\t\t\t\t\t\t<\/div>\n\t\t\t\t<\/div>\n\t\t\t\t\t<\/div>\n\t\t\t\t<\/div>\n\t\t<div class=\"elementor-element elementor-element-2c07c07 e-flex e-con-boxed wpr-particle-no wpr-jarallax-no wpr-parallax-no wpr-sticky-section-no wpr-equal-height-no e-con e-parent\" data-id=\"2c07c07\" data-element_type=\"container\" data-e-type=\"container\">\n\t\t\t\t\t<div class=\"e-con-inner\">\n\t\t\t\t<div class=\"elementor-element elementor-element-b77ba85 elementor-widget elementor-widget-text-editor\" data-id=\"b77ba85\" data-element_type=\"widget\" data-e-type=\"widget\" data-widget_type=\"text-editor.default\">\n\t\t\t\t<div class=\"elementor-widget-container\">\n\t\t\t\t\t\t\t\t\t<p><strong><em>DEMAIS AUTORIDADES PRESENTES NO EVENTO NA C\u00c2MARA DOS VEREADORES DA CIDADE DE S\u00c3O PAULO BRASIL<\/em><\/strong><\/p>\t\t\t\t\t\t\t\t<\/div>\n\t\t\t\t<\/div>\n\t\t\t\t\t<\/div>\n\t\t\t\t<\/div>\n\t\t<div class=\"elementor-element elementor-element-7147db0 e-flex e-con-boxed wpr-particle-no wpr-jarallax-no wpr-parallax-no wpr-sticky-section-no wpr-equal-height-no e-con e-parent\" data-id=\"7147db0\" data-element_type=\"container\" data-e-type=\"container\">\n\t\t\t\t\t<div class=\"e-con-inner\">\n\t\t<div class=\"elementor-element elementor-element-acb14ec e-con-full e-flex wpr-particle-no wpr-jarallax-no wpr-parallax-no wpr-sticky-section-no wpr-equal-height-no e-con e-child\" data-id=\"acb14ec\" data-element_type=\"container\" data-e-type=\"container\">\n\t\t\t\t<div class=\"elementor-element elementor-element-b9ad92c elementor-widget elementor-widget-image\" data-id=\"b9ad92c\" data-element_type=\"widget\" data-e-type=\"widget\" data-widget_type=\"image.default\">\n\t\t\t\t<div class=\"elementor-widget-container\">\n\t\t\t\t\t\t\t\t\t\t\t\t\t\t\t<img loading=\"lazy\" decoding=\"async\" width=\"412\" height=\"445\" src=\"https:\/\/africaatual.com.br\/wp-content\/uploads\/2025\/12\/image22.jpeg\" class=\"attachment-large size-large wp-image-13241\" alt=\"\" srcset=\"https:\/\/africaatual.com.br\/wp-content\/uploads\/2025\/12\/image22.jpeg 412w, https:\/\/africaatual.com.br\/wp-content\/uploads\/2025\/12\/image22-278x300.jpeg 278w\" sizes=\"(max-width: 412px) 100vw, 412px\" \/>\t\t\t\t\t\t\t\t\t\t\t\t\t\t\t<\/div>\n\t\t\t\t<\/div>\n\t\t\t\t<\/div>\n\t\t<div class=\"elementor-element elementor-element-9eee391 e-con-full e-flex wpr-particle-no wpr-jarallax-no wpr-parallax-no wpr-sticky-section-no wpr-equal-height-no e-con e-child\" data-id=\"9eee391\" data-element_type=\"container\" data-e-type=\"container\">\n\t\t\t\t<div class=\"elementor-element elementor-element-8a4a6f5 elementor-widget__width-initial elementor-widget elementor-widget-image\" data-id=\"8a4a6f5\" data-element_type=\"widget\" data-e-type=\"widget\" data-widget_type=\"image.default\">\n\t\t\t\t<div class=\"elementor-widget-container\">\n\t\t\t\t\t\t\t\t\t\t\t\t\t\t\t<img loading=\"lazy\" decoding=\"async\" width=\"440\" height=\"453\" src=\"https:\/\/africaatual.com.br\/wp-content\/uploads\/2025\/12\/image21-1.jpeg\" class=\"attachment-large size-large wp-image-13243\" alt=\"\" srcset=\"https:\/\/africaatual.com.br\/wp-content\/uploads\/2025\/12\/image21-1.jpeg 440w, https:\/\/africaatual.com.br\/wp-content\/uploads\/2025\/12\/image21-1-291x300.jpeg 291w\" sizes=\"(max-width: 440px) 100vw, 440px\" \/>\t\t\t\t\t\t\t\t\t\t\t\t\t\t\t<\/div>\n\t\t\t\t<\/div>\n\t\t\t\t<\/div>\n\t\t<div class=\"elementor-element elementor-element-779d0c6 e-con-full e-flex wpr-particle-no wpr-jarallax-no wpr-parallax-no wpr-sticky-section-no wpr-equal-height-no e-con e-child\" data-id=\"779d0c6\" data-element_type=\"container\" data-e-type=\"container\">\n\t\t\t\t<div class=\"elementor-element elementor-element-657b9c4 elementor-widget elementor-widget-image\" data-id=\"657b9c4\" data-element_type=\"widget\" data-e-type=\"widget\" data-widget_type=\"image.default\">\n\t\t\t\t<div class=\"elementor-widget-container\">\n\t\t\t\t\t\t\t\t\t\t\t\t\t\t\t<img loading=\"lazy\" decoding=\"async\" width=\"438\" height=\"443\" src=\"https:\/\/africaatual.com.br\/wp-content\/uploads\/2025\/12\/image20-2.jpeg\" class=\"attachment-large size-large wp-image-13242\" alt=\"\" srcset=\"https:\/\/africaatual.com.br\/wp-content\/uploads\/2025\/12\/image20-2.jpeg 438w, https:\/\/africaatual.com.br\/wp-content\/uploads\/2025\/12\/image20-2-297x300.jpeg 297w\" sizes=\"(max-width: 438px) 100vw, 438px\" \/>\t\t\t\t\t\t\t\t\t\t\t\t\t\t\t<\/div>\n\t\t\t\t<\/div>\n\t\t\t\t<\/div>\n\t\t\t\t\t<\/div>\n\t\t\t\t<\/div>\n\t\t<div class=\"elementor-element elementor-element-266cf0e e-flex e-con-boxed wpr-particle-no wpr-jarallax-no wpr-parallax-no wpr-sticky-section-no wpr-equal-height-no e-con e-parent\" data-id=\"266cf0e\" data-element_type=\"container\" data-e-type=\"container\">\n\t\t\t\t\t<div class=\"e-con-inner\">\n\t\t\t\t<div class=\"elementor-element elementor-element-aa24eff elementor-widget elementor-widget-heading\" data-id=\"aa24eff\" data-element_type=\"widget\" data-e-type=\"widget\" data-widget_type=\"heading.default\">\n\t\t\t\t<div class=\"elementor-widget-container\">\n\t\t\t\t\t<h2 class=\"elementor-heading-title elementor-size-default\">EVENTO VEM BUMBAR \u201cPR\u00caMIO EXCEL\u00caNCIA EMPRESARIAL 2025\u201d<\/h2>\t\t\t\t<\/div>\n\t\t\t\t<\/div>\n\t\t\t\t\t<\/div>\n\t\t\t\t<\/div>\n\t\t<div class=\"elementor-element elementor-element-9d55748 e-flex e-con-boxed wpr-particle-no wpr-jarallax-no wpr-parallax-no wpr-sticky-section-no wpr-equal-height-no e-con e-parent\" data-id=\"9d55748\" data-element_type=\"container\" data-e-type=\"container\">\n\t\t\t\t\t<div class=\"e-con-inner\">\n\t\t\t\t<div class=\"elementor-element elementor-element-6922a3d elementor-widget elementor-widget-text-editor\" data-id=\"6922a3d\" data-element_type=\"widget\" data-e-type=\"widget\" data-widget_type=\"text-editor.default\">\n\t\t\t\t<div class=\"elementor-widget-container\">\n\t\t\t\t\t\t\t\t\t<p><strong><em>\u201cRECONHECIMENTO AS EMPRESAS QUE SE DESTACARAM NA CONTRATA\u00c7\u00c3O DE IMIGRANTES AFRICANOS COM O COMPROMISSO A DIVERSIDADE E A INCLUS\u00c3O NO AMBIENTE CORPORATIVO\u201d.<\/em><\/strong><\/p>\t\t\t\t\t\t\t\t<\/div>\n\t\t\t\t<\/div>\n\t\t\t\t\t<\/div>\n\t\t\t\t<\/div>\n\t\t<div class=\"elementor-element elementor-element-a1ec9ef e-flex e-con-boxed wpr-particle-no wpr-jarallax-no wpr-parallax-no wpr-sticky-section-no wpr-equal-height-no e-con e-parent\" data-id=\"a1ec9ef\" data-element_type=\"container\" data-e-type=\"container\">\n\t\t\t\t\t<div class=\"e-con-inner\">\n\t\t\t\t<div class=\"elementor-element elementor-element-b4ea8be elementor-widget elementor-widget-image\" data-id=\"b4ea8be\" data-element_type=\"widget\" data-e-type=\"widget\" data-widget_type=\"image.default\">\n\t\t\t\t<div class=\"elementor-widget-container\">\n\t\t\t\t\t\t\t\t\t\t\t\t\t\t\t<img loading=\"lazy\" decoding=\"async\" width=\"1024\" height=\"576\" src=\"https:\/\/africaatual.com.br\/wp-content\/uploads\/2025\/12\/image23-1024x576.jpeg\" class=\"attachment-large size-large wp-image-13247\" alt=\"\" srcset=\"https:\/\/africaatual.com.br\/wp-content\/uploads\/2025\/12\/image23-1024x576.jpeg 1024w, https:\/\/africaatual.com.br\/wp-content\/uploads\/2025\/12\/image23-300x169.jpeg 300w, https:\/\/africaatual.com.br\/wp-content\/uploads\/2025\/12\/image23-768x432.jpeg 768w, https:\/\/africaatual.com.br\/wp-content\/uploads\/2025\/12\/image23-800x450.jpeg 800w, https:\/\/africaatual.com.br\/wp-content\/uploads\/2025\/12\/image23.jpeg 1280w\" sizes=\"(max-width: 1024px) 100vw, 1024px\" \/>\t\t\t\t\t\t\t\t\t\t\t\t\t\t\t<\/div>\n\t\t\t\t<\/div>\n\t\t\t\t\t<\/div>\n\t\t\t\t<\/div>\n\t\t<div class=\"elementor-element elementor-element-2f86d9a e-flex e-con-boxed wpr-particle-no wpr-jarallax-no wpr-parallax-no wpr-sticky-section-no wpr-equal-height-no e-con e-parent\" data-id=\"2f86d9a\" data-element_type=\"container\" data-e-type=\"container\">\n\t\t\t\t\t<div class=\"e-con-inner\">\n\t\t\t\t<div class=\"elementor-element elementor-element-e6c0e25 elementor-widget elementor-widget-text-editor\" data-id=\"e6c0e25\" data-element_type=\"widget\" data-e-type=\"widget\" data-widget_type=\"text-editor.default\">\n\t\t\t\t<div class=\"elementor-widget-container\">\n\t\t\t\t\t\t\t\t\t<p>LOCAL DO EVENTO EM S\u00c3O PAULO \u201c<strong><em>MUSEU DOS IMIGRANTES<\/em><\/strong>\u201d<\/p>\t\t\t\t\t\t\t\t<\/div>\n\t\t\t\t<\/div>\n\t\t\t\t\t<\/div>\n\t\t\t\t<\/div>\n\t\t<div class=\"elementor-element elementor-element-491d350 e-flex e-con-boxed wpr-particle-no wpr-jarallax-no wpr-parallax-no wpr-sticky-section-no wpr-equal-height-no e-con e-parent\" data-id=\"491d350\" data-element_type=\"container\" data-e-type=\"container\">\n\t\t\t\t\t<div class=\"e-con-inner\">\n\t\t<div class=\"elementor-element elementor-element-42ba241 e-con-full e-flex wpr-particle-no wpr-jarallax-no wpr-parallax-no wpr-sticky-section-no wpr-equal-height-no e-con e-child\" data-id=\"42ba241\" data-element_type=\"container\" data-e-type=\"container\">\n\t\t\t\t<div class=\"elementor-element elementor-element-4419c36 elementor-widget elementor-widget-image\" data-id=\"4419c36\" data-element_type=\"widget\" data-e-type=\"widget\" data-widget_type=\"image.default\">\n\t\t\t\t<div class=\"elementor-widget-container\">\n\t\t\t\t\t\t\t\t\t\t\t\t\t\t\t<img loading=\"lazy\" decoding=\"async\" width=\"576\" height=\"1024\" src=\"https:\/\/africaatual.com.br\/wp-content\/uploads\/2025\/12\/image25-576x1024.jpeg\" class=\"attachment-large size-large wp-image-13252\" alt=\"\" srcset=\"https:\/\/africaatual.com.br\/wp-content\/uploads\/2025\/12\/image25-576x1024.jpeg 576w, https:\/\/africaatual.com.br\/wp-content\/uploads\/2025\/12\/image25-169x300.jpeg 169w, https:\/\/africaatual.com.br\/wp-content\/uploads\/2025\/12\/image25.jpeg 720w\" sizes=\"(max-width: 576px) 100vw, 576px\" \/>\t\t\t\t\t\t\t\t\t\t\t\t\t\t\t<\/div>\n\t\t\t\t<\/div>\n\t\t\t\t<\/div>\n\t\t<div class=\"elementor-element elementor-element-b500f0c e-con-full e-flex wpr-particle-no wpr-jarallax-no wpr-parallax-no wpr-sticky-section-no wpr-equal-height-no e-con e-child\" data-id=\"b500f0c\" data-element_type=\"container\" data-e-type=\"container\">\n\t\t\t\t<div class=\"elementor-element elementor-element-8be7f47 elementor-widget__width-initial elementor-widget elementor-widget-image\" data-id=\"8be7f47\" data-element_type=\"widget\" data-e-type=\"widget\" data-widget_type=\"image.default\">\n\t\t\t\t<div class=\"elementor-widget-container\">\n\t\t\t\t\t\t\t\t\t\t\t\t\t\t\t<img loading=\"lazy\" decoding=\"async\" width=\"576\" height=\"1024\" src=\"https:\/\/africaatual.com.br\/wp-content\/uploads\/2025\/12\/image24-576x1024.jpeg\" class=\"attachment-large size-large wp-image-13251\" alt=\"\" srcset=\"https:\/\/africaatual.com.br\/wp-content\/uploads\/2025\/12\/image24-576x1024.jpeg 576w, https:\/\/africaatual.com.br\/wp-content\/uploads\/2025\/12\/image24-169x300.jpeg 169w, https:\/\/africaatual.com.br\/wp-content\/uploads\/2025\/12\/image24.jpeg 720w\" sizes=\"(max-width: 576px) 100vw, 576px\" \/>\t\t\t\t\t\t\t\t\t\t\t\t\t\t\t<\/div>\n\t\t\t\t<\/div>\n\t\t\t\t<\/div>\n\t\t\t\t\t<\/div>\n\t\t\t\t<\/div>\n\t\t<div class=\"elementor-element elementor-element-9a7f9d5 e-flex e-con-boxed wpr-particle-no wpr-jarallax-no wpr-parallax-no wpr-sticky-section-no wpr-equal-height-no e-con e-parent\" data-id=\"9a7f9d5\" data-element_type=\"container\" data-e-type=\"container\">\n\t\t\t\t\t<div class=\"e-con-inner\">\n\t\t\t\t<div class=\"elementor-element elementor-element-bbe7fcb elementor-widget elementor-widget-text-editor\" data-id=\"bbe7fcb\" data-element_type=\"widget\" data-e-type=\"widget\" data-widget_type=\"text-editor.default\">\n\t\t\t\t<div class=\"elementor-widget-container\">\n\t\t\t\t\t\t\t\t\t<p>Premia\u00e7\u00e3o do <strong><em>COMENDADOR JOS\u00c9 FERREIRA no <\/em><\/strong>Evento <strong><em>Vem Bumbar<\/em><\/strong>.<\/p>\t\t\t\t\t\t\t\t<\/div>\n\t\t\t\t<\/div>\n\t\t\t\t\t<\/div>\n\t\t\t\t<\/div>\n\t\t<div class=\"elementor-element elementor-element-c9ad281 e-flex e-con-boxed wpr-particle-no wpr-jarallax-no wpr-parallax-no wpr-sticky-section-no wpr-equal-height-no e-con e-parent\" data-id=\"c9ad281\" data-element_type=\"container\" data-e-type=\"container\">\n\t\t\t\t\t<div class=\"e-con-inner\">\n\t\t<div class=\"elementor-element elementor-element-40368bf e-con-full e-flex wpr-particle-no wpr-jarallax-no wpr-parallax-no wpr-sticky-section-no wpr-equal-height-no e-con e-child\" data-id=\"40368bf\" data-element_type=\"container\" data-e-type=\"container\">\n\t\t\t\t<div class=\"elementor-element elementor-element-41546b9 elementor-widget elementor-widget-image\" data-id=\"41546b9\" data-element_type=\"widget\" data-e-type=\"widget\" data-widget_type=\"image.default\">\n\t\t\t\t<div class=\"elementor-widget-container\">\n\t\t\t\t\t\t\t\t\t\t\t\t\t\t\t<img loading=\"lazy\" decoding=\"async\" width=\"595\" height=\"397\" src=\"https:\/\/africaatual.com.br\/wp-content\/uploads\/2025\/12\/image26.jpeg\" class=\"attachment-large size-large wp-image-13257\" alt=\"\" srcset=\"https:\/\/africaatual.com.br\/wp-content\/uploads\/2025\/12\/image26.jpeg 595w, https:\/\/africaatual.com.br\/wp-content\/uploads\/2025\/12\/image26-300x200.jpeg 300w\" sizes=\"(max-width: 595px) 100vw, 595px\" \/>\t\t\t\t\t\t\t\t\t\t\t\t\t\t\t<\/div>\n\t\t\t\t<\/div>\n\t\t\t\t<\/div>\n\t\t<div class=\"elementor-element elementor-element-d3a64da e-con-full e-flex wpr-particle-no wpr-jarallax-no wpr-parallax-no wpr-sticky-section-no wpr-equal-height-no e-con e-child\" data-id=\"d3a64da\" data-element_type=\"container\" data-e-type=\"container\">\n\t\t\t\t<div class=\"elementor-element elementor-element-2af3997 elementor-widget__width-initial elementor-widget elementor-widget-image\" data-id=\"2af3997\" data-element_type=\"widget\" data-e-type=\"widget\" data-widget_type=\"image.default\">\n\t\t\t\t<div class=\"elementor-widget-container\">\n\t\t\t\t\t\t\t\t\t\t\t\t\t\t\t<img loading=\"lazy\" decoding=\"async\" width=\"347\" height=\"520\" src=\"https:\/\/africaatual.com.br\/wp-content\/uploads\/2025\/12\/image27.jpeg\" class=\"attachment-large size-large wp-image-13258\" alt=\"\" srcset=\"https:\/\/africaatual.com.br\/wp-content\/uploads\/2025\/12\/image27.jpeg 347w, https:\/\/africaatual.com.br\/wp-content\/uploads\/2025\/12\/image27-200x300.jpeg 200w\" sizes=\"(max-width: 347px) 100vw, 347px\" \/>\t\t\t\t\t\t\t\t\t\t\t\t\t\t\t<\/div>\n\t\t\t\t<\/div>\n\t\t\t\t<\/div>\n\t\t\t\t\t<\/div>\n\t\t\t\t<\/div>\n\t\t<div class=\"elementor-element elementor-element-c634b39 e-flex e-con-boxed wpr-particle-no wpr-jarallax-no wpr-parallax-no wpr-sticky-section-no wpr-equal-height-no e-con e-parent\" data-id=\"c634b39\" data-element_type=\"container\" data-e-type=\"container\">\n\t\t\t\t\t<div class=\"e-con-inner\">\n\t\t\t\t<div class=\"elementor-element elementor-element-d4d3d9a elementor-widget elementor-widget-text-editor\" data-id=\"d4d3d9a\" data-element_type=\"widget\" data-e-type=\"widget\" data-widget_type=\"text-editor.default\">\n\t\t\t\t<div class=\"elementor-widget-container\">\n\t\t\t\t\t\t\t\t\t<p><strong>FREDERICO EURICO<\/strong>, CEO e Fundador da empresa Ag\u00eancia Vem Bumbar, \u00e9 um empreendedor angolano e fundador da plataforma\u00a0<a href=\"https:\/\/www.google.com\/search?q=Vem+Bumbar&amp;sca_esv=940aa337a8577638&amp;sxsrf=AE3TifMtF403emozNTjRdKlDds3VKgZlUQ%3A1764719545470&amp;source=hp&amp;ei=uXsvaZjAGvfK1sQPppn8-AY&amp;iflsig=AOw8s4IAAAAAaS-JyU4L5BjmY7-vGutKLdaI--Mfwd-c&amp;ved=2ahUKEwjxu4vRjKCRAxX4rZUCHYS1IGcQgK4QegQIARAC&amp;uact=5&amp;oq=EURICO+DA+VEM+BUMBAR&amp;gs_lp=Egdnd3Mtd2l6IhRFVVJJQ08gREEgVkVNIEJVTUJBUjIFECEYoAFIhTZQhgpYzTJwAXgAkAEAmAHIAaABsBWqAQYwLjE5LjG4AQPIAQD4AQGYAhWgApsWqAIKwgINECMYgAQYJxiKBRjqAsICBxAjGCcY6gLCAgoQIxiABBgnGIoFwgIEECMYJ8ICCxAAGIAEGLEDGIMBwgIOEAAYgAQYsQMYgwEYigXCAgUQABiABMICCxAuGIAEGLEDGIMBwgIIEAAYgAQYsQPCAggQLhiABBixA8ICDRAAGIAEGLEDGEYYggLCAg4QLhiABBixAxjRAxjHAcICBRAuGIAEwgIOEC4YgAQYxwEYjgUYrwHCAgcQABiABBgKwgILEC4YgAQYxwEYrwHCAgYQABgWGB6YAxHxBeoTd_wsGZsukgcGMS4xOS4xoAeJqgGyBwYwLjE5LjG4B4oWwgcIMy43LjEwLjHIB0c&amp;sclient=gws-wiz&amp;mstk=AUtExfAA_EB5yG-h0EiJF5FqXJ3N6EMNYdleJC4WuEulW638BBW6hQ7kMPYjqwrs6r8FhnxR6F468XdBdIgL7Gcnt8mRwHwHcx5WQhwI8MP4SsygO6Nj6rXJ_8Yt93u7NmtIg6GEKMlTpg9sGyecpI0enP1XMKLHxLPCO58p9sObEr4bfms&amp;csui=3\"><strong>Vem Bumbar<\/strong><\/a>, que visa auxiliar imigrantes africanos a encontrar emprego no Brasil. A Vem Bumbar funciona como uma plataforma de empregabilidade para reduzir as barreiras, como o preconceito e o racismo, que imigrantes africanos enfrentam no mercado de trabalho brasileiro.\u00a0<\/p>\t\t\t\t\t\t\t\t<\/div>\n\t\t\t\t<\/div>\n\t\t\t\t\t<\/div>\n\t\t\t\t<\/div>\n\t\t<div class=\"elementor-element elementor-element-1fbf2e5 e-flex e-con-boxed wpr-particle-no wpr-jarallax-no wpr-parallax-no wpr-sticky-section-no wpr-equal-height-no e-con e-parent\" data-id=\"1fbf2e5\" data-element_type=\"container\" data-e-type=\"container\">\n\t\t\t\t\t<div class=\"e-con-inner\">\n\t\t<div class=\"elementor-element elementor-element-5c41da6 e-con-full e-flex wpr-particle-no wpr-jarallax-no wpr-parallax-no wpr-sticky-section-no wpr-equal-height-no e-con e-child\" data-id=\"5c41da6\" data-element_type=\"container\" data-e-type=\"container\">\n\t\t\t\t<div class=\"elementor-element elementor-element-d7006f2 elementor-widget elementor-widget-image\" data-id=\"d7006f2\" data-element_type=\"widget\" data-e-type=\"widget\" data-widget_type=\"image.default\">\n\t\t\t\t<div class=\"elementor-widget-container\">\n\t\t\t\t\t\t\t\t\t\t\t\t\t\t\t<img loading=\"lazy\" decoding=\"async\" width=\"576\" height=\"1024\" src=\"https:\/\/africaatual.com.br\/wp-content\/uploads\/2025\/12\/image28-576x1024.jpeg\" class=\"attachment-large size-large wp-image-13262\" alt=\"\" srcset=\"https:\/\/africaatual.com.br\/wp-content\/uploads\/2025\/12\/image28-576x1024.jpeg 576w, https:\/\/africaatual.com.br\/wp-content\/uploads\/2025\/12\/image28-169x300.jpeg 169w, https:\/\/africaatual.com.br\/wp-content\/uploads\/2025\/12\/image28.jpeg 720w\" sizes=\"(max-width: 576px) 100vw, 576px\" \/>\t\t\t\t\t\t\t\t\t\t\t\t\t\t\t<\/div>\n\t\t\t\t<\/div>\n\t\t\t\t<\/div>\n\t\t<div class=\"elementor-element elementor-element-b879ee6 e-con-full e-flex wpr-particle-no wpr-jarallax-no wpr-parallax-no wpr-sticky-section-no wpr-equal-height-no e-con e-child\" data-id=\"b879ee6\" data-element_type=\"container\" data-e-type=\"container\">\n\t\t\t\t<div class=\"elementor-element elementor-element-6f0bd80 elementor-widget__width-initial elementor-widget elementor-widget-image\" data-id=\"6f0bd80\" data-element_type=\"widget\" data-e-type=\"widget\" data-widget_type=\"image.default\">\n\t\t\t\t<div class=\"elementor-widget-container\">\n\t\t\t\t\t\t\t\t\t\t\t\t\t\t\t<img loading=\"lazy\" decoding=\"async\" width=\"576\" height=\"1024\" src=\"https:\/\/africaatual.com.br\/wp-content\/uploads\/2025\/12\/image29-576x1024.jpeg\" class=\"attachment-large size-large wp-image-13263\" alt=\"\" srcset=\"https:\/\/africaatual.com.br\/wp-content\/uploads\/2025\/12\/image29-576x1024.jpeg 576w, https:\/\/africaatual.com.br\/wp-content\/uploads\/2025\/12\/image29-169x300.jpeg 169w, https:\/\/africaatual.com.br\/wp-content\/uploads\/2025\/12\/image29.jpeg 720w\" sizes=\"(max-width: 576px) 100vw, 576px\" \/>\t\t\t\t\t\t\t\t\t\t\t\t\t\t\t<\/div>\n\t\t\t\t<\/div>\n\t\t\t\t<\/div>\n\t\t\t\t\t<\/div>\n\t\t\t\t<\/div>\n\t\t<div class=\"elementor-element elementor-element-b015851 e-flex e-con-boxed wpr-particle-no wpr-jarallax-no wpr-parallax-no wpr-sticky-section-no wpr-equal-height-no e-con e-parent\" data-id=\"b015851\" data-element_type=\"container\" data-e-type=\"container\">\n\t\t\t\t\t<div class=\"e-con-inner\">\n\t\t\t\t<div class=\"elementor-element elementor-element-40ed73d elementor-widget elementor-widget-text-editor\" data-id=\"40ed73d\" data-element_type=\"widget\" data-e-type=\"widget\" data-widget_type=\"text-editor.default\">\n\t\t\t\t<div class=\"elementor-widget-container\">\n\t\t\t\t\t\t\t\t\t<p><strong><em>RICARDO SANT\u2019ANA<\/em><\/strong> ( o primeiro\u00a0 na foto da direita para esquerda) &#8211;\u00a0 CEO\u00a0 e Fundador da empresa BSKPAY INVESTIMENT.<\/p>\t\t\t\t\t\t\t\t<\/div>\n\t\t\t\t<\/div>\n\t\t\t\t\t<\/div>\n\t\t\t\t<\/div>\n\t\t<div class=\"elementor-element elementor-element-d288dc7 e-flex e-con-boxed wpr-particle-no wpr-jarallax-no wpr-parallax-no wpr-sticky-section-no wpr-equal-height-no e-con e-parent\" data-id=\"d288dc7\" data-element_type=\"container\" data-e-type=\"container\">\n\t\t\t\t\t<div class=\"e-con-inner\">\n\t\t<div class=\"elementor-element elementor-element-acd1372 e-con-full e-flex wpr-particle-no wpr-jarallax-no wpr-parallax-no wpr-sticky-section-no wpr-equal-height-no e-con e-child\" data-id=\"acd1372\" data-element_type=\"container\" data-e-type=\"container\">\n\t\t\t\t<div class=\"elementor-element elementor-element-f59e211 elementor-widget elementor-widget-image\" data-id=\"f59e211\" data-element_type=\"widget\" data-e-type=\"widget\" data-widget_type=\"image.default\">\n\t\t\t\t<div class=\"elementor-widget-container\">\n\t\t\t\t\t\t\t\t\t\t\t\t\t\t\t<img loading=\"lazy\" decoding=\"async\" width=\"576\" height=\"1024\" src=\"https:\/\/africaatual.com.br\/wp-content\/uploads\/2025\/12\/image30-576x1024.jpeg\" class=\"attachment-large size-large wp-image-13270\" alt=\"\" srcset=\"https:\/\/africaatual.com.br\/wp-content\/uploads\/2025\/12\/image30-576x1024.jpeg 576w, https:\/\/africaatual.com.br\/wp-content\/uploads\/2025\/12\/image30-169x300.jpeg 169w, https:\/\/africaatual.com.br\/wp-content\/uploads\/2025\/12\/image30.jpeg 720w\" sizes=\"(max-width: 576px) 100vw, 576px\" \/>\t\t\t\t\t\t\t\t\t\t\t\t\t\t\t<\/div>\n\t\t\t\t<\/div>\n\t\t\t\t<\/div>\n\t\t<div class=\"elementor-element elementor-element-22f376f e-con-full e-flex wpr-particle-no wpr-jarallax-no wpr-parallax-no wpr-sticky-section-no wpr-equal-height-no e-con e-child\" data-id=\"22f376f\" data-element_type=\"container\" data-e-type=\"container\">\n\t\t\t\t<div class=\"elementor-element elementor-element-c20f3c2 elementor-widget__width-initial elementor-widget elementor-widget-image\" data-id=\"c20f3c2\" data-element_type=\"widget\" data-e-type=\"widget\" data-widget_type=\"image.default\">\n\t\t\t\t<div class=\"elementor-widget-container\">\n\t\t\t\t\t\t\t\t\t\t\t\t\t\t\t<img loading=\"lazy\" decoding=\"async\" width=\"496\" height=\"662\" src=\"https:\/\/africaatual.com.br\/wp-content\/uploads\/2025\/12\/image31.jpeg\" class=\"attachment-large size-large wp-image-13271\" alt=\"\" srcset=\"https:\/\/africaatual.com.br\/wp-content\/uploads\/2025\/12\/image31.jpeg 496w, https:\/\/africaatual.com.br\/wp-content\/uploads\/2025\/12\/image31-225x300.jpeg 225w\" sizes=\"(max-width: 496px) 100vw, 496px\" \/>\t\t\t\t\t\t\t\t\t\t\t\t\t\t\t<\/div>\n\t\t\t\t<\/div>\n\t\t\t\t<\/div>\n\t\t\t\t\t<\/div>\n\t\t\t\t<\/div>\n\t\t<div class=\"elementor-element elementor-element-04c89a3 e-flex e-con-boxed wpr-particle-no wpr-jarallax-no wpr-parallax-no wpr-sticky-section-no wpr-equal-height-no e-con e-parent\" data-id=\"04c89a3\" data-element_type=\"container\" data-e-type=\"container\">\n\t\t\t\t\t<div class=\"e-con-inner\">\n\t\t\t\t<div class=\"elementor-element elementor-element-57c671f elementor-widget elementor-widget-text-editor\" data-id=\"57c671f\" data-element_type=\"widget\" data-e-type=\"widget\" data-widget_type=\"text-editor.default\">\n\t\t\t\t<div class=\"elementor-widget-container\">\n\t\t\t\t\t\t\t\t\t<p><strong><em>BENAZIRA DJOCO<\/em><\/strong> &#8211; CEO da empresa DJOCO BEAUTY BY BENAZIRA COMESTICS<\/p>\t\t\t\t\t\t\t\t<\/div>\n\t\t\t\t<\/div>\n\t\t\t\t\t<\/div>\n\t\t\t\t<\/div>\n\t\t<div class=\"elementor-element elementor-element-ad5a437 e-flex e-con-boxed wpr-particle-no wpr-jarallax-no wpr-parallax-no wpr-sticky-section-no wpr-equal-height-no e-con e-parent\" data-id=\"ad5a437\" data-element_type=\"container\" data-e-type=\"container\">\n\t\t\t\t\t<div class=\"e-con-inner\">\n\t\t<div class=\"elementor-element elementor-element-f3ae12a e-con-full e-flex wpr-particle-no wpr-jarallax-no wpr-parallax-no wpr-sticky-section-no wpr-equal-height-no e-con e-child\" data-id=\"f3ae12a\" data-element_type=\"container\" data-e-type=\"container\">\n\t\t\t\t<div class=\"elementor-element elementor-element-c5f1093 elementor-widget elementor-widget-image\" data-id=\"c5f1093\" data-element_type=\"widget\" data-e-type=\"widget\" data-widget_type=\"image.default\">\n\t\t\t\t<div class=\"elementor-widget-container\">\n\t\t\t\t\t\t\t\t\t\t\t\t\t\t\t<img loading=\"lazy\" decoding=\"async\" width=\"768\" height=\"1024\" src=\"https:\/\/africaatual.com.br\/wp-content\/uploads\/2025\/12\/image32-768x1024.jpeg\" class=\"attachment-large size-large wp-image-13275\" alt=\"\" srcset=\"https:\/\/africaatual.com.br\/wp-content\/uploads\/2025\/12\/image32-768x1024.jpeg 768w, https:\/\/africaatual.com.br\/wp-content\/uploads\/2025\/12\/image32-225x300.jpeg 225w, https:\/\/africaatual.com.br\/wp-content\/uploads\/2025\/12\/image32.jpeg 960w\" sizes=\"(max-width: 768px) 100vw, 768px\" \/>\t\t\t\t\t\t\t\t\t\t\t\t\t\t\t<\/div>\n\t\t\t\t<\/div>\n\t\t\t\t<\/div>\n\t\t<div class=\"elementor-element elementor-element-2c80ac3 e-con-full e-flex wpr-particle-no wpr-jarallax-no wpr-parallax-no wpr-sticky-section-no wpr-equal-height-no e-con e-child\" data-id=\"2c80ac3\" data-element_type=\"container\" data-e-type=\"container\">\n\t\t\t\t<div class=\"elementor-element elementor-element-702d733 elementor-widget__width-initial elementor-widget elementor-widget-image\" data-id=\"702d733\" data-element_type=\"widget\" data-e-type=\"widget\" data-widget_type=\"image.default\">\n\t\t\t\t<div class=\"elementor-widget-container\">\n\t\t\t\t\t\t\t\t\t\t\t\t\t\t\t<img loading=\"lazy\" decoding=\"async\" width=\"465\" height=\"620\" src=\"https:\/\/africaatual.com.br\/wp-content\/uploads\/2025\/12\/image33.jpeg\" class=\"attachment-large size-large wp-image-13276\" alt=\"\" srcset=\"https:\/\/africaatual.com.br\/wp-content\/uploads\/2025\/12\/image33.jpeg 465w, https:\/\/africaatual.com.br\/wp-content\/uploads\/2025\/12\/image33-225x300.jpeg 225w\" sizes=\"(max-width: 465px) 100vw, 465px\" \/>\t\t\t\t\t\t\t\t\t\t\t\t\t\t\t<\/div>\n\t\t\t\t<\/div>\n\t\t\t\t<\/div>\n\t\t\t\t\t<\/div>\n\t\t\t\t<\/div>\n\t\t<div class=\"elementor-element elementor-element-a6ee2ac e-flex e-con-boxed wpr-particle-no wpr-jarallax-no wpr-parallax-no wpr-sticky-section-no wpr-equal-height-no e-con e-parent\" data-id=\"a6ee2ac\" data-element_type=\"container\" data-e-type=\"container\">\n\t\t\t\t\t<div class=\"e-con-inner\">\n\t\t\t\t<div class=\"elementor-element elementor-element-786180b elementor-widget elementor-widget-text-editor\" data-id=\"786180b\" data-element_type=\"widget\" data-e-type=\"widget\" data-widget_type=\"text-editor.default\">\n\t\t\t\t<div class=\"elementor-widget-container\">\n\t\t\t\t\t\t\t\t\t<p><strong><em>RONAN PIRES <\/em><\/strong>\u2013 CEO e Fundador da empresa IJEX _ Instituto Jovem Exportador <strong><em>da CPLP <\/em><\/strong><\/p>\t\t\t\t\t\t\t\t<\/div>\n\t\t\t\t<\/div>\n\t\t\t\t\t<\/div>\n\t\t\t\t<\/div>\n\t\t<div class=\"elementor-element elementor-element-47e078c e-flex e-con-boxed wpr-particle-no wpr-jarallax-no wpr-parallax-no wpr-sticky-section-no wpr-equal-height-no e-con e-parent\" data-id=\"47e078c\" data-element_type=\"container\" data-e-type=\"container\">\n\t\t\t\t\t<div class=\"e-con-inner\">\n\t\t<div class=\"elementor-element elementor-element-af62ae6 e-con-full e-flex wpr-particle-no wpr-jarallax-no wpr-parallax-no wpr-sticky-section-no wpr-equal-height-no e-con e-child\" data-id=\"af62ae6\" data-element_type=\"container\" data-e-type=\"container\">\n\t\t\t\t<div class=\"elementor-element elementor-element-9449aaf elementor-widget elementor-widget-image\" data-id=\"9449aaf\" data-element_type=\"widget\" data-e-type=\"widget\" data-widget_type=\"image.default\">\n\t\t\t\t<div class=\"elementor-widget-container\">\n\t\t\t\t\t\t\t\t\t\t\t\t\t\t\t<img loading=\"lazy\" decoding=\"async\" width=\"225\" height=\"225\" src=\"https:\/\/africaatual.com.br\/wp-content\/uploads\/2025\/12\/image34.jpeg\" class=\"attachment-large size-large wp-image-13280\" alt=\"\" srcset=\"https:\/\/africaatual.com.br\/wp-content\/uploads\/2025\/12\/image34.jpeg 225w, https:\/\/africaatual.com.br\/wp-content\/uploads\/2025\/12\/image34-150x150.jpeg 150w\" sizes=\"(max-width: 225px) 100vw, 225px\" \/>\t\t\t\t\t\t\t\t\t\t\t\t\t\t\t<\/div>\n\t\t\t\t<\/div>\n\t\t\t\t<\/div>\n\t\t<div class=\"elementor-element elementor-element-7b25028 e-con-full e-flex wpr-particle-no wpr-jarallax-no wpr-parallax-no wpr-sticky-section-no wpr-equal-height-no e-con e-child\" data-id=\"7b25028\" data-element_type=\"container\" data-e-type=\"container\">\n\t\t\t\t<div class=\"elementor-element elementor-element-c728985 elementor-widget__width-initial elementor-widget elementor-widget-image\" data-id=\"c728985\" data-element_type=\"widget\" data-e-type=\"widget\" data-widget_type=\"image.default\">\n\t\t\t\t<div class=\"elementor-widget-container\">\n\t\t\t\t\t\t\t\t\t\t\t\t\t\t\t<img loading=\"lazy\" decoding=\"async\" width=\"768\" height=\"1024\" src=\"https:\/\/africaatual.com.br\/wp-content\/uploads\/2025\/12\/image35-768x1024.jpeg\" class=\"attachment-large size-large wp-image-13281\" alt=\"\" srcset=\"https:\/\/africaatual.com.br\/wp-content\/uploads\/2025\/12\/image35-768x1024.jpeg 768w, https:\/\/africaatual.com.br\/wp-content\/uploads\/2025\/12\/image35-225x300.jpeg 225w, https:\/\/africaatual.com.br\/wp-content\/uploads\/2025\/12\/image35.jpeg 960w\" sizes=\"(max-width: 768px) 100vw, 768px\" \/>\t\t\t\t\t\t\t\t\t\t\t\t\t\t\t<\/div>\n\t\t\t\t<\/div>\n\t\t\t\t<\/div>\n\t\t\t\t\t<\/div>\n\t\t\t\t<\/div>\n\t\t<div class=\"elementor-element elementor-element-c70b069 e-flex e-con-boxed wpr-particle-no wpr-jarallax-no wpr-parallax-no wpr-sticky-section-no wpr-equal-height-no e-con e-parent\" data-id=\"c70b069\" data-element_type=\"container\" data-e-type=\"container\">\n\t\t\t\t\t<div class=\"e-con-inner\">\n\t\t\t\t<div class=\"elementor-element elementor-element-3635e5b elementor-widget elementor-widget-text-editor\" data-id=\"3635e5b\" data-element_type=\"widget\" data-e-type=\"widget\" data-widget_type=\"text-editor.default\">\n\t\t\t\t<div class=\"elementor-widget-container\">\n\t\t\t\t\t\t\t\t\t<p><strong><em>CLEDSON DOS SANTOS BERNANRDO<\/em><\/strong>, <strong><em>CEO <\/em><\/strong>da empresa <strong><em>Emaismed Sa\u00fade Ocupacional<\/em><\/strong><\/p>\t\t\t\t\t\t\t\t<\/div>\n\t\t\t\t<\/div>\n\t\t\t\t\t<\/div>\n\t\t\t\t<\/div>\n\t\t<div class=\"elementor-element elementor-element-c6406f7 e-flex e-con-boxed wpr-particle-no wpr-jarallax-no wpr-parallax-no wpr-sticky-section-no wpr-equal-height-no e-con e-parent\" data-id=\"c6406f7\" data-element_type=\"container\" data-e-type=\"container\">\n\t\t\t\t\t<div class=\"e-con-inner\">\n\t\t<div class=\"elementor-element elementor-element-60a9819 e-con-full e-flex wpr-particle-no wpr-jarallax-no wpr-parallax-no wpr-sticky-section-no wpr-equal-height-no e-con e-child\" data-id=\"60a9819\" data-element_type=\"container\" data-e-type=\"container\">\n\t\t\t\t<div class=\"elementor-element elementor-element-bc0cd63 elementor-widget elementor-widget-image\" data-id=\"bc0cd63\" data-element_type=\"widget\" data-e-type=\"widget\" data-widget_type=\"image.default\">\n\t\t\t\t<div class=\"elementor-widget-container\">\n\t\t\t\t\t\t\t\t\t\t\t\t\t\t\t<img loading=\"lazy\" decoding=\"async\" width=\"768\" height=\"1024\" src=\"https:\/\/africaatual.com.br\/wp-content\/uploads\/2025\/12\/image36-768x1024.jpeg\" class=\"attachment-large size-large wp-image-13288\" alt=\"\" srcset=\"https:\/\/africaatual.com.br\/wp-content\/uploads\/2025\/12\/image36-768x1024.jpeg 768w, https:\/\/africaatual.com.br\/wp-content\/uploads\/2025\/12\/image36-225x300.jpeg 225w, https:\/\/africaatual.com.br\/wp-content\/uploads\/2025\/12\/image36.jpeg 960w\" sizes=\"(max-width: 768px) 100vw, 768px\" \/>\t\t\t\t\t\t\t\t\t\t\t\t\t\t\t<\/div>\n\t\t\t\t<\/div>\n\t\t\t\t<\/div>\n\t\t<div class=\"elementor-element elementor-element-b6b05cd e-con-full e-flex wpr-particle-no wpr-jarallax-no wpr-parallax-no wpr-sticky-section-no wpr-equal-height-no e-con e-child\" data-id=\"b6b05cd\" data-element_type=\"container\" data-e-type=\"container\">\n\t\t\t\t<div class=\"elementor-element elementor-element-12702e3 elementor-widget__width-initial elementor-widget elementor-widget-image\" data-id=\"12702e3\" data-element_type=\"widget\" data-e-type=\"widget\" data-widget_type=\"image.default\">\n\t\t\t\t<div class=\"elementor-widget-container\">\n\t\t\t\t\t\t\t\t\t\t\t\t\t\t\t<img loading=\"lazy\" decoding=\"async\" width=\"768\" height=\"1024\" src=\"https:\/\/africaatual.com.br\/wp-content\/uploads\/2025\/12\/image37-768x1024.jpeg\" class=\"attachment-large size-large wp-image-13289\" alt=\"\" srcset=\"https:\/\/africaatual.com.br\/wp-content\/uploads\/2025\/12\/image37-768x1024.jpeg 768w, https:\/\/africaatual.com.br\/wp-content\/uploads\/2025\/12\/image37-225x300.jpeg 225w, https:\/\/africaatual.com.br\/wp-content\/uploads\/2025\/12\/image37.jpeg 960w\" sizes=\"(max-width: 768px) 100vw, 768px\" \/>\t\t\t\t\t\t\t\t\t\t\t\t\t\t\t<\/div>\n\t\t\t\t<\/div>\n\t\t\t\t<\/div>\n\t\t\t\t\t<\/div>\n\t\t\t\t<\/div>\n\t\t<div class=\"elementor-element elementor-element-469231d e-flex e-con-boxed wpr-particle-no wpr-jarallax-no wpr-parallax-no wpr-sticky-section-no wpr-equal-height-no e-con e-parent\" data-id=\"469231d\" data-element_type=\"container\" data-e-type=\"container\">\n\t\t\t\t\t<div class=\"e-con-inner\">\n\t\t\t\t<div class=\"elementor-element elementor-element-2d74af4 elementor-widget elementor-widget-text-editor\" data-id=\"2d74af4\" data-element_type=\"widget\" data-e-type=\"widget\" data-widget_type=\"text-editor.default\">\n\t\t\t\t<div class=\"elementor-widget-container\">\n\t\t\t\t\t\t\t\t\t<p><strong><em>PAULO JOS\u00c9 SANTOS MAGALH\u00c3ES<\/em><\/strong>, mais conhecido com <strong><em>Paulinho Samba de Rua<\/em><\/strong>, <strong><em>SECRET\u00c1RIO<\/em><\/strong> da Secret\u00e1rio da <strong><em>Secret\u00e1ria Executiva de Pol\u00edticas da Promo\u00e7\u00e3o da Igualdade Racial da Cidade de Osasco \u2013 SP<\/em><\/strong>, <strong><em>primeiro negro<\/em><\/strong> que <strong><em>conseguiu ter uma Secret\u00e1rio no Estado de S\u00e3o Paulo<\/em><\/strong>, <em>os demais Munic\u00edpios ou Cidades, somente tem Coordenadoria. Profissional da Educa\u00e7\u00e3o F\u00edsica<\/em>.<\/p>\t\t\t\t\t\t\t\t<\/div>\n\t\t\t\t<\/div>\n\t\t\t\t\t<\/div>\n\t\t\t\t<\/div>\n\t\t<div class=\"elementor-element elementor-element-8494dc7 e-flex e-con-boxed wpr-particle-no wpr-jarallax-no wpr-parallax-no wpr-sticky-section-no wpr-equal-height-no e-con e-parent\" data-id=\"8494dc7\" data-element_type=\"container\" data-e-type=\"container\">\n\t\t\t\t\t<div class=\"e-con-inner\">\n\t\t<div class=\"elementor-element elementor-element-0d4c59d e-con-full e-flex wpr-particle-no wpr-jarallax-no wpr-parallax-no wpr-sticky-section-no wpr-equal-height-no e-con e-child\" data-id=\"0d4c59d\" data-element_type=\"container\" data-e-type=\"container\">\n\t\t\t\t<div class=\"elementor-element elementor-element-09d20f0 elementor-widget__width-initial elementor-widget elementor-widget-image\" data-id=\"09d20f0\" data-element_type=\"widget\" data-e-type=\"widget\" data-widget_type=\"image.default\">\n\t\t\t\t<div class=\"elementor-widget-container\">\n\t\t\t\t\t\t\t\t\t\t\t\t\t\t\t<img loading=\"lazy\" decoding=\"async\" width=\"768\" height=\"1024\" src=\"https:\/\/africaatual.com.br\/wp-content\/uploads\/2025\/12\/image38-768x1024.jpeg\" class=\"attachment-large size-large wp-image-13293\" alt=\"\" srcset=\"https:\/\/africaatual.com.br\/wp-content\/uploads\/2025\/12\/image38-768x1024.jpeg 768w, https:\/\/africaatual.com.br\/wp-content\/uploads\/2025\/12\/image38-225x300.jpeg 225w, https:\/\/africaatual.com.br\/wp-content\/uploads\/2025\/12\/image38.jpeg 960w\" sizes=\"(max-width: 768px) 100vw, 768px\" \/>\t\t\t\t\t\t\t\t\t\t\t\t\t\t\t<\/div>\n\t\t\t\t<\/div>\n\t\t\t\t<\/div>\n\t\t<div class=\"elementor-element elementor-element-b264076 e-con-full e-flex wpr-particle-no wpr-jarallax-no wpr-parallax-no wpr-sticky-section-no wpr-equal-height-no e-con e-child\" data-id=\"b264076\" data-element_type=\"container\" data-e-type=\"container\">\n\t\t\t\t<div class=\"elementor-element elementor-element-92f6ee5 elementor-widget__width-initial elementor-widget elementor-widget-image\" data-id=\"92f6ee5\" data-element_type=\"widget\" data-e-type=\"widget\" data-widget_type=\"image.default\">\n\t\t\t\t<div class=\"elementor-widget-container\">\n\t\t\t\t\t\t\t\t\t\t\t\t\t\t\t<img loading=\"lazy\" decoding=\"async\" width=\"768\" height=\"1024\" src=\"https:\/\/africaatual.com.br\/wp-content\/uploads\/2025\/12\/image39-768x1024.jpeg\" class=\"attachment-large size-large wp-image-13294\" alt=\"\" srcset=\"https:\/\/africaatual.com.br\/wp-content\/uploads\/2025\/12\/image39-768x1024.jpeg 768w, https:\/\/africaatual.com.br\/wp-content\/uploads\/2025\/12\/image39-225x300.jpeg 225w, https:\/\/africaatual.com.br\/wp-content\/uploads\/2025\/12\/image39.jpeg 960w\" sizes=\"(max-width: 768px) 100vw, 768px\" \/>\t\t\t\t\t\t\t\t\t\t\t\t\t\t\t<\/div>\n\t\t\t\t<\/div>\n\t\t\t\t<\/div>\n\t\t\t\t\t<\/div>\n\t\t\t\t<\/div>\n\t\t<div class=\"elementor-element elementor-element-2ae8525 e-flex e-con-boxed wpr-particle-no wpr-jarallax-no wpr-parallax-no wpr-sticky-section-no wpr-equal-height-no e-con e-parent\" data-id=\"2ae8525\" data-element_type=\"container\" data-e-type=\"container\">\n\t\t\t\t\t<div class=\"e-con-inner\">\n\t\t\t\t<div class=\"elementor-element elementor-element-23fa18f elementor-widget elementor-widget-text-editor\" data-id=\"23fa18f\" data-element_type=\"widget\" data-e-type=\"widget\" data-widget_type=\"text-editor.default\">\n\t\t\t\t<div class=\"elementor-widget-container\">\n\t\t\t\t\t\t\t\t\t<p><strong><em>SILEIDE FERREIRA<\/em><\/strong> \u2013 <strong><em>Artista e Assessora da Vem Bumbar<\/em><\/strong> (na primeira foto \u00e9 a Sileide). Segunda foto \u00e9 <em>Assessora<\/em> d evento da Ag\u00eancia Vem Bumbar.<\/p>\t\t\t\t\t\t\t\t<\/div>\n\t\t\t\t<\/div>\n\t\t\t\t\t<\/div>\n\t\t\t\t<\/div>\n\t\t<div class=\"elementor-element elementor-element-a1928ec e-flex e-con-boxed wpr-particle-no wpr-jarallax-no wpr-parallax-no wpr-sticky-section-no wpr-equal-height-no e-con e-parent\" data-id=\"a1928ec\" data-element_type=\"container\" data-e-type=\"container\">\n\t\t\t\t\t<div class=\"e-con-inner\">\n\t\t\t\t<div class=\"elementor-element elementor-element-85cd368 elementor-widget elementor-widget-image\" data-id=\"85cd368\" data-element_type=\"widget\" data-e-type=\"widget\" data-widget_type=\"image.default\">\n\t\t\t\t<div class=\"elementor-widget-container\">\n\t\t\t\t\t\t\t\t\t\t\t\t\t\t\t<img loading=\"lazy\" decoding=\"async\" width=\"421\" height=\"281\" src=\"https:\/\/africaatual.com.br\/wp-content\/uploads\/2025\/12\/image40-1.jpeg\" class=\"attachment-large size-large wp-image-13299\" alt=\"\" srcset=\"https:\/\/africaatual.com.br\/wp-content\/uploads\/2025\/12\/image40-1.jpeg 421w, https:\/\/africaatual.com.br\/wp-content\/uploads\/2025\/12\/image40-1-300x200.jpeg 300w\" sizes=\"(max-width: 421px) 100vw, 421px\" \/>\t\t\t\t\t\t\t\t\t\t\t\t\t\t\t<\/div>\n\t\t\t\t<\/div>\n\t\t\t\t\t<\/div>\n\t\t\t\t<\/div>\n\t\t<div class=\"elementor-element elementor-element-76be2a8 e-flex e-con-boxed wpr-particle-no wpr-jarallax-no wpr-parallax-no wpr-sticky-section-no wpr-equal-height-no e-con e-parent\" data-id=\"76be2a8\" data-element_type=\"container\" data-e-type=\"container\">\n\t\t\t\t\t<div class=\"e-con-inner\">\n\t\t\t\t<div class=\"elementor-element elementor-element-0422104 elementor-widget elementor-widget-text-editor\" data-id=\"0422104\" data-element_type=\"widget\" data-e-type=\"widget\" data-widget_type=\"text-editor.default\">\n\t\t\t\t<div class=\"elementor-widget-container\">\n\t\t\t\t\t\t\t\t\t<p><strong><em>PREMIADOS NO EVENTO VEM BUMBAR DE 2025<\/em><\/strong><\/p>\t\t\t\t\t\t\t\t<\/div>\n\t\t\t\t<\/div>\n\t\t\t\t\t<\/div>\n\t\t\t\t<\/div>\n\t\t<div class=\"elementor-element elementor-element-a31c66d e-flex e-con-boxed wpr-particle-no wpr-jarallax-no wpr-parallax-no wpr-sticky-section-no wpr-equal-height-no e-con e-parent\" data-id=\"a31c66d\" data-element_type=\"container\" data-e-type=\"container\">\n\t\t\t\t\t<div class=\"e-con-inner\">\n\t\t\t\t<div class=\"elementor-element elementor-element-06907a8 elementor-widget elementor-widget-heading\" data-id=\"06907a8\" data-element_type=\"widget\" data-e-type=\"widget\" data-widget_type=\"heading.default\">\n\t\t\t\t<div class=\"elementor-widget-container\">\n\t\t\t\t\t<h2 class=\"elementor-heading-title elementor-size-default\">A GRANDE REVOLU\u00c7\u00c3O DOS L\u00cdDERES DO CONTINENTE AFRICANO EST\u00c1 PROPORCIONANDO O DESENVOLVIMENTO ECON\u00d4MICO E SOCIAL E LIBERTAR\u00c1 O CONTINENTE ESCRAVISMO DE ALGUNS PA\u00cdSES DESENVOLVIDOS COMO A FRAN\u00c7A...<\/h2>\t\t\t\t<\/div>\n\t\t\t\t<\/div>\n\t\t\t\t\t<\/div>\n\t\t\t\t<\/div>\n\t\t<div class=\"elementor-element elementor-element-0021060 e-flex e-con-boxed wpr-particle-no wpr-jarallax-no wpr-parallax-no wpr-sticky-section-no wpr-equal-height-no e-con e-parent\" data-id=\"0021060\" data-element_type=\"container\" data-e-type=\"container\">\n\t\t\t\t\t<div class=\"e-con-inner\">\n\t\t\t\t<div class=\"elementor-element elementor-element-a31fd8c elementor-widget elementor-widget-text-editor\" data-id=\"a31fd8c\" data-element_type=\"widget\" data-e-type=\"widget\" data-widget_type=\"text-editor.default\">\n\t\t\t\t<div class=\"elementor-widget-container\">\n\t\t\t\t\t\t\t\t\t<p>A nova era na Geopol\u00edtica com a cria\u00e7\u00e3o da <strong><em>AES (Alian\u00e7a dos Estados de Sahel), formado pelos Pa\u00edses: Mali, Burkina Fasso e N\u00edger<\/em><\/strong>. O pacto estabelece uma uni\u00e3o de defesa m\u00fatua e coopera\u00e7\u00e3o econ\u00f4mica e social entre os tr\u00eas pa\u00edses, que buscam maior autonomia e distanciamento da influ\u00eancia francesa na \u00c1frica Ocidental, para o crescimento.<\/p>\n<p><strong><em>PARAFRASEANDO E TRANSCORRENDO NA HIST\u00d3RIA DE UM DOS IMPERIOS MAIS RICO DO PLANETA \u201cImp\u00e9rio Mansa Musa do Mali\u201d,<\/em><\/strong><strong><em> NUM TEMPO, N\u00c3O T\u00c3O DISTANTE<\/em><\/strong><strong><em>.<\/em><\/strong><\/p>\n<p>Mansa Musa foi o imperador do <strong>Imp\u00e9rio do Mali no s\u00e9culo XIV<\/strong>, considerado a pessoa mais rica da hist\u00f3ria devido ao controle do ouro e do cobre em seu reino. Sua lend\u00e1ria <strong><em>peregrina\u00e7\u00e3o a Meca em 1324<\/em><\/strong>, com uma caravana de ouro, causou um impacto econ\u00f4mico colossal no Egito, e ele tamb\u00e9m transformou cidades como Timbuktu em importantes centros de aprendizado e cultura isl\u00e2mica.\u00a0<\/p>\n<p><strong><em>O Imp\u00e9rio do Mali<\/em><\/strong><\/p>\n<ul>\n<li><strong>Extens\u00e3o e riqueza:<\/strong>Durante o reinado de Mansa Musa, o Imp\u00e9rio do Mali se tornou a maior pot\u00eancia pol\u00edtica do mundo, controlando territ\u00f3rios que hoje correspondem a diversos pa\u00edses da \u00c1frica Ocidental.<\/li>\n<li><strong>Recursos:<\/strong>A riqueza do imp\u00e9rio provinha da extra\u00e7\u00e3o de ouro e cobre, recursos que Mansa Musa monopolizou, tornando o Mali uma das principais fontes de metal precioso para o mundo.<\/li>\n<li><strong>Administra\u00e7\u00e3o:<\/strong>Para gerenciar o vasto imp\u00e9rio, Mansa Musa dividiu-o em prov\u00edncias governadas por &#8220;farbas&#8221;, melhorando a administra\u00e7\u00e3o e a coleta de impostos e tributos.\u00a0<\/li>\n<\/ul>\n<p><strong>\u00a0<\/strong><\/p>\n<p>\u00a0<\/p>\n<p><strong>A Peregrina\u00e7\u00e3o a Meca<\/strong><\/p>\n<ul>\n<li><strong>A jornada:<\/strong>Em 1324, Mansa Musa iniciou sua peregrina\u00e7\u00e3o a Meca, acompanhado por uma caravana de mais de 60 mil pessoas, milhares de escravos e uma grande quantidade de ouro.<\/li>\n<li><strong>Impacto econ\u00f4mico:<\/strong>Ao passar pelo Cairo, o imperador distribuiu tanto ouro que causou uma forte infla\u00e7\u00e3o que durou cerca de 12 anos para se estabilizar.\u00a0<\/li>\n<\/ul>\n<p><strong>Legado<\/strong><\/p>\n<ul>\n<li><strong>Cultura e aprendizado:<\/strong>Mansa Musa atraiu arquitetos e estudiosos do Oriente M\u00e9dio, construiu mesquitas e universidades e transformou Timbuktu em um renomado centro de aprendizado isl\u00e2mico.<\/li>\n<li><strong>Reconhecimento:<\/strong>Sua peregrina\u00e7\u00e3o e riqueza espalharam a fama do Imp\u00e9rio do Mali e de Mansa Musa pelo Oriente M\u00e9dio, Europa e \u00c1frica, tornando-o uma figura lend\u00e1ria e um dos maiores governantes da hist\u00f3ria.\u00a0<\/li>\n<\/ul>\n<p><strong><em>\u00a0<\/em><\/strong><\/p>\n<p><strong><em>Mansa Musa\u00a0foi o nono governante do\u00a0Imp\u00e9rio do Mali\u00a0e \u00e9 considerado uma das pessoas mais ricas da hist\u00f3ria. Seu reinado, de 1312 a 1337,<\/em><\/strong><em> marcou a &#8220;idade de ouro&#8221; do imp\u00e9rio e foi not\u00e1vel pela imensa riqueza, expans\u00e3o territorial e avan\u00e7o cultural. A fama de sua fortuna se espalhou ap\u00f3s sua peregrina\u00e7\u00e3o a Meca em 1324.\u00a0<\/em><\/p>\n<p>Aqui est\u00e3o os principais aspectos do imp\u00e9rio sob o <strong><em>governo de Mansa Musa<\/em><\/strong>:<\/p>\n<p><strong>Fontes de riqueza:<\/strong><\/p>\n<ul>\n<li>Controlava territ\u00f3rios ricos em recursos como ouro, sal e cobre, e monopolizava o com\u00e9rcio transaariano desses produtos.<\/li>\n<\/ul>\n<p><strong>Riqueza lend\u00e1ria:<\/strong><\/p>\n<ul>\n<li>Sua fortuna era t\u00e3o vasta que n\u00e3o pode ser quantificada com precis\u00e3o moderna, mas alguns historiadores a estimam em centenas de bilh\u00f5es de d\u00f3lares atuais.<\/li>\n<\/ul>\n<p><strong>Famosa peregrina\u00e7\u00e3o:<\/strong><\/p>\n<ul>\n<li>Em 1324, realizou uma opulenta peregrina\u00e7\u00e3o a Meca, levando uma comitiva massiva e distribuindo grandes quantidades de ouro, o que desvalorizou o metal no Egito por mais de uma d\u00e9cada.<\/li>\n<\/ul>\n<p><strong>Impacto cultural:<\/strong><\/p>\n<ul>\n<li>Trouxe arquitetos e estudiosos isl\u00e2micos que constru\u00edram mesquitas e universidades, como a de Sankore, tornando cidades como Timbuktu centros de cultura e aprendizado.<\/li>\n<\/ul>\n<p><strong>Expans\u00e3o territorial:<\/strong><\/p>\n<ul>\n<li>Dobrou o territ\u00f3rio do imp\u00e9rio e dividiu-o em prov\u00edncias para uma administra\u00e7\u00e3o mais eficiente.<\/li>\n<\/ul>\n<p><strong>Poder militar:<\/strong><\/p>\n<ul>\n<li>Possu\u00eda um ex\u00e9rcito maior do que os da Europa medieval, o que foi fundamental para estender e manter o vasto imp\u00e9rio.<\/li>\n<\/ul>\n<p><strong>Legado:<\/strong><\/p>\n<ul>\n<li>Sua generosidade, riqueza e contribui\u00e7\u00f5es para a cultura e a educa\u00e7\u00e3o deixaram um legado duradouro no oeste da \u00c1frica.<\/li>\n<\/ul>\n<p><strong><em>A &#8220;Carta Mandinga do Mali&#8221;, <\/em><\/strong><em>mais formalmente conhecida como\u00a0Carta de Kurukan Fuga\u00a0(ou Carta do Mand\u00ea\/Manden),\u00a0\u00e9 um documento hist\u00f3rico oral e uma das primeiras constitui\u00e7\u00f5es do mundo. Ela foi proclamada<strong> por volta de 1236 pelo imperador Sundiata Keita e a Assembleia (Gbara) do povo Manden, <\/strong>na funda\u00e7\u00e3o do Imp\u00e9rio do <strong>Mali.\u00a0<\/strong><\/em><\/p>\n<p><strong><em>Reconhecida pela UNESCO<\/em><\/strong> como Patrim\u00f4nio Imaterial da Humanidade, a Carta de Kurukan Fuga \u00e9 not\u00e1vel por:\u00a0<\/p>\n<ul>\n<li><strong>Direitos Humanos<\/strong>: Conter 44 artigos que abordam quest\u00f5es de direitos humanos, liberdade de ir e vir, direito de propriedade, e a estipula\u00e7\u00e3o de que nenhuma vida vale mais do que outra.<\/li>\n<li><strong>Organiza\u00e7\u00e3o Social e Pol\u00edtica<\/strong>: Estabelecer as bases para a vida social, pol\u00edtica, militar e econ\u00f4mica do imp\u00e9rio, garantindo a prote\u00e7\u00e3o de atividades profissionais e a integridade f\u00edsica dos s\u00faditos.<\/li>\n<li><strong>Proibi\u00e7\u00e3o da Escravid\u00e3o<\/strong>: Incluir cl\u00e1usulas que previam a proibi\u00e7\u00e3o da escravid\u00e3o e a indeniza\u00e7\u00e3o para indiv\u00edduos que sofriam maus tratos.<\/li>\n<li><strong>Preserva\u00e7\u00e3o da Natureza<\/strong>: Abordar a conserva\u00e7\u00e3o ambiental, com artigos espec\u00edficos sobre o uso do fogo na vegeta\u00e7\u00e3o e o manejo de animais dom\u00e9sticos.<\/li>\n<li><strong>Transmiss\u00e3o Oral<\/strong>: Ser um documento que, tradicionalmente, \u00e9 transmitido de gera\u00e7\u00e3o para gera\u00e7\u00e3o por meio de ritos e tradi\u00e7\u00f5es orais, mantendo vivos seus princ\u00edpios.\u00a0<\/li>\n<\/ul>\n<p>\u00a0<\/p>\n<p>A <strong><em>Carta do Mand\u00ea<\/em><\/strong> \u00e9 vista por muitos historiadores como um exemplo not\u00e1vel de legisla\u00e7\u00e3o avan\u00e7ada para sua \u00e9poca, promulgada s\u00e9culos antes de documentos similares na Europa, como a Declara\u00e7\u00e3o dos Direitos do Homem e do Cidad\u00e3o da Fran\u00e7a.\u00a0<\/p>\n<p>\u00a0<\/p>\n<p><em>\u00c9 importante notar que, no Brasil colonial, o termo &#8220;mandinga&#8221; assumiu um significado diferente, associado a pr\u00e1ticas religiosas e &#8220;bolsas de mandinga&#8221; (pequenas bolsas de couro com versos do Alcor\u00e3o, usadas como prote\u00e7\u00e3o), o que posteriormente foi, muitas vezes, erroneamente associado \u00e0 feiti\u00e7aria. No entanto, a refer\u00eancia original no Mali \u00e9 a este importante c\u00f3digo de leis e \u00e9tica social.\u00a0<\/em><\/p>\n<p><em>\u00a0<\/em><\/p>\n<p><strong><em>Em setembro de 2023, <\/em><\/strong><em>assume poder Governamental dos setores progressistas das for\u00e7as armadas, os chefes de Estado do Mali, Burkina Faso e do N\u00edger reuniram-se em Bamako (Mali) para assinar a\u00a0Carta de Liptako-Gourma que estabelece a Alian\u00e7a dos Estados do Sahel. <\/em><\/p>\n<p><strong><em>Em julho de 2024<\/em><\/strong>, rompendo com a tirania do escravismo econ\u00f4mico, pol\u00edtico e militar, os l\u00edderes da AES concordaram em criar uma confedera\u00e7\u00e3o, um passo significativo em dire\u00e7\u00e3o a uma uni\u00e3o pol\u00edtica e econ\u00f4mica mais profunda e prospera, abrindo as fronteiras para desenvolvimento com seguran\u00e7a ao investimento e atrav\u00e9s deste pacto passou a atrair os maiores players do mercado financeiro para os Investidores mundial, nos seguimentos: de agroneg\u00f3cio; agroindustrial; mercado financeiro; explora\u00e7\u00e3o de recursos naturais e nobres; educa\u00e7\u00e3o; sa\u00fade; tecnologias; energias renov\u00e1veis;\u00a0 infraestrutura (de aeroportos internos e expans\u00e3o de linhas internacionais como no Brasil direto portos, malha ferrovi\u00e1ria \u201ctrens e metr\u00f4s\u201d, rodovias, estradas); terceiro setor; cultura; turismo; gastronomia; hotelaria e entre outros.<\/p>\n<p><em>O <strong>mundo<\/strong> tem de <strong>reconhecer e respeitar<\/strong> estes <strong>03 grandes Governantes e Presidentes do AES<\/strong>, pela coragem e amor a seu povo.<\/em><\/p>\n<p>O s l\u00edderes <strong><em>do AES (Mali, Burkina Fasso e N\u00edger<\/em><\/strong>), com o objetivo de organizar sistemas de defesa coletiva e assist\u00eancia m\u00fatua. Resumo: <strong><em>O General Tiani, do N\u00edger, o coronel Go\u00efta, do Mali, e o capit\u00e3o Traor\u00e9, do Burkina Fasso<\/em><\/strong>. Durante o encontro entre os tr\u00eas chefes de Estado, quatro documentos foram assinados e apresentados: o tratado que estabelece a Confedera\u00e7\u00e3o dos Estados do Sahel, as regras de procedimento do col\u00e9gio de chefes de estado da alian\u00e7a, o comunicado final e um documento intitulado \u201cDeclara\u00e7\u00e3o de Niamey\u201d. Os l\u00edderes dos tr\u00eas pa\u00edses \u201cdecidiram dar mais um passo em dire\u00e7\u00e3o a uma maior integra\u00e7\u00e3o\u201d e para isso assinaram \u201cum tratado que cria uma confedera\u00e7\u00e3o entre Burkina Faso, Mali e N\u00edger, denominada Confedera\u00e7\u00e3o dos Estados do Sahel\u201d, afirma um comunicado final da c\u00fapula tripartite. Os l\u00edderes defenderam a livre circula\u00e7\u00e3o de pessoas e mercadorias dentro da Confedera\u00e7\u00e3o. Os chefes de Estado tamb\u00e9m decidiram criar uma for\u00e7a unificada e um plano trilateral permanente para a\u00e7\u00f5es militares. Em termos de desenvolvimento econ\u00f4mico e social, a Confedera\u00e7\u00e3o pretende lan\u00e7ar um banco de investimentos e um fundo de estabiliza\u00e7\u00e3o. <\/p>\t\t\t\t\t\t\t\t<\/div>\n\t\t\t\t<\/div>\n\t\t\t\t\t<\/div>\n\t\t\t\t<\/div>\n\t\t<div class=\"elementor-element elementor-element-9e4c01d e-flex e-con-boxed wpr-particle-no wpr-jarallax-no wpr-parallax-no wpr-sticky-section-no wpr-equal-height-no e-con e-parent\" data-id=\"9e4c01d\" data-element_type=\"container\" data-e-type=\"container\">\n\t\t\t\t\t<div class=\"e-con-inner\">\n\t\t\t\t<div class=\"elementor-element elementor-element-fae56d8 elementor-widget__width-initial elementor-widget elementor-widget-image\" data-id=\"fae56d8\" data-element_type=\"widget\" data-e-type=\"widget\" data-widget_type=\"image.default\">\n\t\t\t\t<div class=\"elementor-widget-container\">\n\t\t\t\t\t\t\t\t\t\t\t\t\t\t\t<img loading=\"lazy\" decoding=\"async\" width=\"567\" height=\"182\" src=\"https:\/\/africaatual.com.br\/wp-content\/uploads\/2025\/12\/image41.jpeg\" class=\"attachment-full size-full wp-image-13306\" alt=\"\" srcset=\"https:\/\/africaatual.com.br\/wp-content\/uploads\/2025\/12\/image41.jpeg 567w, https:\/\/africaatual.com.br\/wp-content\/uploads\/2025\/12\/image41-300x96.jpeg 300w\" sizes=\"(max-width: 567px) 100vw, 567px\" \/>\t\t\t\t\t\t\t\t\t\t\t\t\t\t\t<\/div>\n\t\t\t\t<\/div>\n\t\t\t\t\t<\/div>\n\t\t\t\t<\/div>\n\t\t<div class=\"elementor-element elementor-element-b2e40a0 e-flex e-con-boxed wpr-particle-no wpr-jarallax-no wpr-parallax-no wpr-sticky-section-no wpr-equal-height-no e-con e-parent\" data-id=\"b2e40a0\" data-element_type=\"container\" data-e-type=\"container\">\n\t\t\t\t\t<div class=\"e-con-inner\">\n\t\t\t\t<div class=\"elementor-element elementor-element-e943e0a elementor-widget elementor-widget-text-editor\" data-id=\"e943e0a\" data-element_type=\"widget\" data-e-type=\"widget\" data-widget_type=\"text-editor.default\">\n\t\t\t\t<div class=\"elementor-widget-container\">\n\t\t\t\t\t\t\t\t\t<ul>\n<li><em>O primeiro Presidente do Mali, Vossa Excel\u00eancia General Assimi Goita<\/em><\/li>\n<li><em>O segundo Presidente do N\u00edger, Vossa Excel\u00eancia General Tiani<\/em><\/li>\n<li><em>O terceiro Presidente da Burkina Fasso, Vossa Excel\u00eancia Capit\u00e3o Ibrahim Traor\u00e9.<\/em><\/li>\n<\/ul>\t\t\t\t\t\t\t\t<\/div>\n\t\t\t\t<\/div>\n\t\t\t\t\t<\/div>\n\t\t\t\t<\/div>\n\t\t<div class=\"elementor-element elementor-element-515650c e-flex e-con-boxed wpr-particle-no wpr-jarallax-no wpr-parallax-no wpr-sticky-section-no wpr-equal-height-no e-con e-parent\" data-id=\"515650c\" data-element_type=\"container\" data-e-type=\"container\">\n\t\t\t\t\t<div class=\"e-con-inner\">\n\t\t\t\t<div class=\"elementor-element elementor-element-ec7cd25 elementor-widget elementor-widget-text-editor\" data-id=\"ec7cd25\" data-element_type=\"widget\" data-e-type=\"widget\" data-widget_type=\"text-editor.default\">\n\t\t\t\t<div class=\"elementor-widget-container\">\n\t\t\t\t\t\t\t\t\t<p><strong><em>Contextualizando:<\/em><\/strong><\/p>\n<p>O Sahel apresenta um paradoxo marcante entre a <strong>riqueza de seu potencial<\/strong>\u00a0e\u00a0<strong>os muitos desafios enfrentados por sua popula\u00e7\u00e3o<\/strong>. A regi\u00e3o \u00e9 rica em recursos naturais como petr\u00f3leo, g\u00e1s natural, ouro, fosfatos e minerais, e possui alguns dos maiores aqu\u00edferos do continente, al\u00e9m de \u00e1guas superficiais como o Lago Chade e o Rio N\u00edger. Esses recursos oferecem enormes oportunidades para a diversifica\u00e7\u00e3o econ\u00f4mica e o desenvolvimento de meios de subsist\u00eancia. Al\u00e9m disso, o Sahel tamb\u00e9m possui grande potencial para energias renov\u00e1veis, em particular a energia solar. A regi\u00e3o tamb\u00e9m conta com o dinamismo de uma popula\u00e7\u00e3o especialmente jovem e com um rico patrim\u00f4nio cultural.<\/p>\n<p><em>As<strong> riquezas da Alian\u00e7a dos Estados do Sahel <\/strong>incluem<strong> recursos naturais como\u00a0<\/strong><\/em><a href=\"https:\/\/www.google.com\/search?q=ur%C3%A2nio&amp;sca_esv=c019091b52478373&amp;sxsrf=AE3TifPUW7KsONmjXndaDh98-nbq9pWJGw%3A1762869095461&amp;ei=Zz8TaY_4G4vd1sQPs_PH2Q0&amp;ved=2ahUKEwiImLCsoOqQAxXCDrkGHdj3NyUQgK4QegQIARAB&amp;uact=5&amp;oq=quiais+riquezas+da+alian%C3%A7a+dos+estados+de+sahel&amp;gs_lp=Egxnd3Mtd2l6LXNlcnAiMHF1aWFpcyByaXF1ZXphcyBkYSBhbGlhbsOnYSBkb3MgZXN0YWRvcyBkZSBzYWhlbDIHECEYoAEYCkjBwwFQAFjZwAFwB3gAkAEAmAHCAaABuTuqAQQwLjU0uAEDyAEA-AEBmAI9oALtPcICBBAjGCfCAgsQABiABBixAxiDAcICDhAuGIAEGLEDGNEDGMcBwgIIEAAYgAQYsQPCAgUQABiABMICCBAuGIAEGLEDwgIOEAAYgAQYsQMYgwEYigXCAgoQABiABBhDGIoFwgIQEAAYgAQYsQMYQxiDARiKBcICEBAuGIAEGEMYxwEYigUYrwHCAgUQLhiABMICFxAuGIAEGLEDGJcFGNwEGN4EGN8E2AEBwgIHECMYsQIYJ8ICBxAAGIAEGArCAgwQABiABBixAxgKGAvCAgkQABiABBgKGAvCAhAQABiABBixAxiDARiKBRgKwgIHEAAYgAQYDcICCRAAGIAEGAoYDcICBhAAGA0YHsICCBAAGAoYDRgewgIIEAAYCBgNGB7CAgYQABgWGB7CAgUQABjvBcICCBAAGIAEGKIEwgIIEAAYogQYiQWYAwC6BgYIARABGBSSBwY3LjUzLjGgB9WoA7IHBjAuNTMuMbgHzT3CBwkwLjI5LjMwLjLIB8kB&amp;sclient=gws-wiz-serp&amp;mstk=AUtExfB3Wv6ZomxdPPACvgffVPDCDi02lAfc_yuIYMBeVU-pKIEsyB7pcw71rdKe1jv0dEdnlD1BRlX_oFCqFtidv_JBG-MWk-fFge1uC7Fe0hx3zjnBnJEo6F8TfaL0m6U2kcGlDe4wwNd5kj8oM0D1FBOSDTJIW3XYbsGkaQr8U7VxVqkb_zsuW4hxlk41kcl4Ro2XVo30E27AVDmAp67W6KYrfhJQmxpVeiOWdxWTDK4yqm--AO8LRLveOJOrvfxDGtqwbOjsBONO-i-HXfd3RMzA&amp;csui=3\"><strong><em>ur\u00e2nio<\/em><\/strong><\/a><strong><em>,\u00a0<\/em><\/strong><a href=\"https:\/\/www.google.com\/search?q=ouro&amp;sca_esv=c019091b52478373&amp;sxsrf=AE3TifPUW7KsONmjXndaDh98-nbq9pWJGw%3A1762869095461&amp;ei=Zz8TaY_4G4vd1sQPs_PH2Q0&amp;ved=2ahUKEwiImLCsoOqQAxXCDrkGHdj3NyUQgK4QegQIARAC&amp;uact=5&amp;oq=quiais+riquezas+da+alian%C3%A7a+dos+estados+de+sahel&amp;gs_lp=Egxnd3Mtd2l6LXNlcnAiMHF1aWFpcyByaXF1ZXphcyBkYSBhbGlhbsOnYSBkb3MgZXN0YWRvcyBkZSBzYWhlbDIHECEYoAEYCkjBwwFQAFjZwAFwB3gAkAEAmAHCAaABuTuqAQQwLjU0uAEDyAEA-AEBmAI9oALtPcICBBAjGCfCAgsQABiABBixAxiDAcICDhAuGIAEGLEDGNEDGMcBwgIIEAAYgAQYsQPCAgUQABiABMICCBAuGIAEGLEDwgIOEAAYgAQYsQMYgwEYigXCAgoQABiABBhDGIoFwgIQEAAYgAQYsQMYQxiDARiKBcICEBAuGIAEGEMYxwEYigUYrwHCAgUQLhiABMICFxAuGIAEGLEDGJcFGNwEGN4EGN8E2AEBwgIHECMYsQIYJ8ICBxAAGIAEGArCAgwQABiABBixAxgKGAvCAgkQABiABBgKGAvCAhAQABiABBixAxiDARiKBRgKwgIHEAAYgAQYDcICCRAAGIAEGAoYDcICBhAAGA0YHsICCBAAGAoYDRgewgIIEAAYCBgNGB7CAgYQABgWGB7CAgUQABjvBcICCBAAGIAEGKIEwgIIEAAYogQYiQWYAwC6BgYIARABGBSSBwY3LjUzLjGgB9WoA7IHBjAuNTMuMbgHzT3CBwkwLjI5LjMwLjLIB8kB&amp;sclient=gws-wiz-serp&amp;mstk=AUtExfB3Wv6ZomxdPPACvgffVPDCDi02lAfc_yuIYMBeVU-pKIEsyB7pcw71rdKe1jv0dEdnlD1BRlX_oFCqFtidv_JBG-MWk-fFge1uC7Fe0hx3zjnBnJEo6F8TfaL0m6U2kcGlDe4wwNd5kj8oM0D1FBOSDTJIW3XYbsGkaQr8U7VxVqkb_zsuW4hxlk41kcl4Ro2XVo30E27AVDmAp67W6KYrfhJQmxpVeiOWdxWTDK4yqm--AO8LRLveOJOrvfxDGtqwbOjsBONO-i-HXfd3RMzA&amp;csui=3\"><strong><em>ouro<\/em><\/strong><\/a><strong><em>,\u00a0<\/em><\/strong><a href=\"https:\/\/www.google.com\/search?q=g%C3%A1s+natural&amp;sca_esv=c019091b52478373&amp;sxsrf=AE3TifPUW7KsONmjXndaDh98-nbq9pWJGw%3A1762869095461&amp;ei=Zz8TaY_4G4vd1sQPs_PH2Q0&amp;ved=2ahUKEwiImLCsoOqQAxXCDrkGHdj3NyUQgK4QegQIARAD&amp;uact=5&amp;oq=quiais+riquezas+da+alian%C3%A7a+dos+estados+de+sahel&amp;gs_lp=Egxnd3Mtd2l6LXNlcnAiMHF1aWFpcyByaXF1ZXphcyBkYSBhbGlhbsOnYSBkb3MgZXN0YWRvcyBkZSBzYWhlbDIHECEYoAEYCkjBwwFQAFjZwAFwB3gAkAEAmAHCAaABuTuqAQQwLjU0uAEDyAEA-AEBmAI9oALtPcICBBAjGCfCAgsQABiABBixAxiDAcICDhAuGIAEGLEDGNEDGMcBwgIIEAAYgAQYsQPCAgUQABiABMICCBAuGIAEGLEDwgIOEAAYgAQYsQMYgwEYigXCAgoQABiABBhDGIoFwgIQEAAYgAQYsQMYQxiDARiKBcICEBAuGIAEGEMYxwEYigUYrwHCAgUQLhiABMICFxAuGIAEGLEDGJcFGNwEGN4EGN8E2AEBwgIHECMYsQIYJ8ICBxAAGIAEGArCAgwQABiABBixAxgKGAvCAgkQABiABBgKGAvCAhAQABiABBixAxiDARiKBRgKwgIHEAAYgAQYDcICCRAAGIAEGAoYDcICBhAAGA0YHsICCBAAGAoYDRgewgIIEAAYCBgNGB7CAgYQABgWGB7CAgUQABjvBcICCBAAGIAEGKIEwgIIEAAYogQYiQWYAwC6BgYIARABGBSSBwY3LjUzLjGgB9WoA7IHBjAuNTMuMbgHzT3CBwkwLjI5LjMwLjLIB8kB&amp;sclient=gws-wiz-serp&amp;mstk=AUtExfB3Wv6ZomxdPPACvgffVPDCDi02lAfc_yuIYMBeVU-pKIEsyB7pcw71rdKe1jv0dEdnlD1BRlX_oFCqFtidv_JBG-MWk-fFge1uC7Fe0hx3zjnBnJEo6F8TfaL0m6U2kcGlDe4wwNd5kj8oM0D1FBOSDTJIW3XYbsGkaQr8U7VxVqkb_zsuW4hxlk41kcl4Ro2XVo30E27AVDmAp67W6KYrfhJQmxpVeiOWdxWTDK4yqm--AO8LRLveOJOrvfxDGtqwbOjsBONO-i-HXfd3RMzA&amp;csui=3\"><strong><em>g\u00e1s natural<\/em><\/strong><\/a><strong><em>,\u00a0<\/em><\/strong><a href=\"https:\/\/www.google.com\/search?q=fosfatos&amp;sca_esv=c019091b52478373&amp;sxsrf=AE3TifPUW7KsONmjXndaDh98-nbq9pWJGw%3A1762869095461&amp;ei=Zz8TaY_4G4vd1sQPs_PH2Q0&amp;ved=2ahUKEwiImLCsoOqQAxXCDrkGHdj3NyUQgK4QegQIARAE&amp;uact=5&amp;oq=quiais+riquezas+da+alian%C3%A7a+dos+estados+de+sahel&amp;gs_lp=Egxnd3Mtd2l6LXNlcnAiMHF1aWFpcyByaXF1ZXphcyBkYSBhbGlhbsOnYSBkb3MgZXN0YWRvcyBkZSBzYWhlbDIHECEYoAEYCkjBwwFQAFjZwAFwB3gAkAEAmAHCAaABuTuqAQQwLjU0uAEDyAEA-AEBmAI9oALtPcICBBAjGCfCAgsQABiABBixAxiDAcICDhAuGIAEGLEDGNEDGMcBwgIIEAAYgAQYsQPCAgUQABiABMICCBAuGIAEGLEDwgIOEAAYgAQYsQMYgwEYigXCAgoQABiABBhDGIoFwgIQEAAYgAQYsQMYQxiDARiKBcICEBAuGIAEGEMYxwEYigUYrwHCAgUQLhiABMICFxAuGIAEGLEDGJcFGNwEGN4EGN8E2AEBwgIHECMYsQIYJ8ICBxAAGIAEGArCAgwQABiABBixAxgKGAvCAgkQABiABBgKGAvCAhAQABiABBixAxiDARiKBRgKwgIHEAAYgAQYDcICCRAAGIAEGAoYDcICBhAAGA0YHsICCBAAGAoYDRgewgIIEAAYCBgNGB7CAgYQABgWGB7CAgUQABjvBcICCBAAGIAEGKIEwgIIEAAYogQYiQWYAwC6BgYIARABGBSSBwY3LjUzLjGgB9WoA7IHBjAuNTMuMbgHzT3CBwkwLjI5LjMwLjLIB8kB&amp;sclient=gws-wiz-serp&amp;mstk=AUtExfB3Wv6ZomxdPPACvgffVPDCDi02lAfc_yuIYMBeVU-pKIEsyB7pcw71rdKe1jv0dEdnlD1BRlX_oFCqFtidv_JBG-MWk-fFge1uC7Fe0hx3zjnBnJEo6F8TfaL0m6U2kcGlDe4wwNd5kj8oM0D1FBOSDTJIW3XYbsGkaQr8U7VxVqkb_zsuW4hxlk41kcl4Ro2XVo30E27AVDmAp67W6KYrfhJQmxpVeiOWdxWTDK4yqm--AO8LRLveOJOrvfxDGtqwbOjsBONO-i-HXfd3RMzA&amp;csui=3\"><strong><em>fosfatos<\/em><\/strong><\/a><strong><em>\u00a0e outros minerais<\/em><\/strong><strong><em>. <\/em><\/strong><em>Al\u00e9m disso, a regi\u00e3o possui <strong>importantes recursos h\u00eddricos, como o\u00a0<\/strong><\/em><a href=\"https:\/\/www.google.com\/search?q=Rio+N%C3%ADger&amp;sca_esv=c019091b52478373&amp;sxsrf=AE3TifPUW7KsONmjXndaDh98-nbq9pWJGw%3A1762869095461&amp;ei=Zz8TaY_4G4vd1sQPs_PH2Q0&amp;ved=2ahUKEwiImLCsoOqQAxXCDrkGHdj3NyUQgK4QegQIARAF&amp;uact=5&amp;oq=quiais+riquezas+da+alian%C3%A7a+dos+estados+de+sahel&amp;gs_lp=Egxnd3Mtd2l6LXNlcnAiMHF1aWFpcyByaXF1ZXphcyBkYSBhbGlhbsOnYSBkb3MgZXN0YWRvcyBkZSBzYWhlbDIHECEYoAEYCkjBwwFQAFjZwAFwB3gAkAEAmAHCAaABuTuqAQQwLjU0uAEDyAEA-AEBmAI9oALtPcICBBAjGCfCAgsQABiABBixAxiDAcICDhAuGIAEGLEDGNEDGMcBwgIIEAAYgAQYsQPCAgUQABiABMICCBAuGIAEGLEDwgIOEAAYgAQYsQMYgwEYigXCAgoQABiABBhDGIoFwgIQEAAYgAQYsQMYQxiDARiKBcICEBAuGIAEGEMYxwEYigUYrwHCAgUQLhiABMICFxAuGIAEGLEDGJcFGNwEGN4EGN8E2AEBwgIHECMYsQIYJ8ICBxAAGIAEGArCAgwQABiABBixAxgKGAvCAgkQABiABBgKGAvCAhAQABiABBixAxiDARiKBRgKwgIHEAAYgAQYDcICCRAAGIAEGAoYDcICBhAAGA0YHsICCBAAGAoYDRgewgIIEAAYCBgNGB7CAgYQABgWGB7CAgUQABjvBcICCBAAGIAEGKIEwgIIEAAYogQYiQWYAwC6BgYIARABGBSSBwY3LjUzLjGgB9WoA7IHBjAuNTMuMbgHzT3CBwkwLjI5LjMwLjLIB8kB&amp;sclient=gws-wiz-serp&amp;mstk=AUtExfB3Wv6ZomxdPPACvgffVPDCDi02lAfc_yuIYMBeVU-pKIEsyB7pcw71rdKe1jv0dEdnlD1BRlX_oFCqFtidv_JBG-MWk-fFge1uC7Fe0hx3zjnBnJEo6F8TfaL0m6U2kcGlDe4wwNd5kj8oM0D1FBOSDTJIW3XYbsGkaQr8U7VxVqkb_zsuW4hxlk41kcl4Ro2XVo30E27AVDmAp67W6KYrfhJQmxpVeiOWdxWTDK4yqm--AO8LRLveOJOrvfxDGtqwbOjsBONO-i-HXfd3RMzA&amp;csui=3\"><strong><em>Rio N\u00edger<\/em><\/strong><\/a><strong><em>\u00a0e o\u00a0<\/em><\/strong><a href=\"https:\/\/www.google.com\/search?q=Lago+Chade&amp;sca_esv=c019091b52478373&amp;sxsrf=AE3TifPUW7KsONmjXndaDh98-nbq9pWJGw%3A1762869095461&amp;ei=Zz8TaY_4G4vd1sQPs_PH2Q0&amp;ved=2ahUKEwiImLCsoOqQAxXCDrkGHdj3NyUQgK4QegQIARAG&amp;uact=5&amp;oq=quiais+riquezas+da+alian%C3%A7a+dos+estados+de+sahel&amp;gs_lp=Egxnd3Mtd2l6LXNlcnAiMHF1aWFpcyByaXF1ZXphcyBkYSBhbGlhbsOnYSBkb3MgZXN0YWRvcyBkZSBzYWhlbDIHECEYoAEYCkjBwwFQAFjZwAFwB3gAkAEAmAHCAaABuTuqAQQwLjU0uAEDyAEA-AEBmAI9oALtPcICBBAjGCfCAgsQABiABBixAxiDAcICDhAuGIAEGLEDGNEDGMcBwgIIEAAYgAQYsQPCAgUQABiABMICCBAuGIAEGLEDwgIOEAAYgAQYsQMYgwEYigXCAgoQABiABBhDGIoFwgIQEAAYgAQYsQMYQxiDARiKBcICEBAuGIAEGEMYxwEYigUYrwHCAgUQLhiABMICFxAuGIAEGLEDGJcFGNwEGN4EGN8E2AEBwgIHECMYsQIYJ8ICBxAAGIAEGArCAgwQABiABBixAxgKGAvCAgkQABiABBgKGAvCAhAQABiABBixAxiDARiKBRgKwgIHEAAYgAQYDcICCRAAGIAEGAoYDcICBhAAGA0YHsICCBAAGAoYDRgewgIIEAAYCBgNGB7CAgYQABgWGB7CAgUQABjvBcICCBAAGIAEGKIEwgIIEAAYogQYiQWYAwC6BgYIARABGBSSBwY3LjUzLjGgB9WoA7IHBjAuNTMuMbgHzT3CBwkwLjI5LjMwLjLIB8kB&amp;sclient=gws-wiz-serp&amp;mstk=AUtExfB3Wv6ZomxdPPACvgffVPDCDi02lAfc_yuIYMBeVU-pKIEsyB7pcw71rdKe1jv0dEdnlD1BRlX_oFCqFtidv_JBG-MWk-fFge1uC7Fe0hx3zjnBnJEo6F8TfaL0m6U2kcGlDe4wwNd5kj8oM0D1FBOSDTJIW3XYbsGkaQr8U7VxVqkb_zsuW4hxlk41kcl4Ro2XVo30E27AVDmAp67W6KYrfhJQmxpVeiOWdxWTDK4yqm--AO8LRLveOJOrvfxDGtqwbOjsBONO-i-HXfd3RMzA&amp;csui=3\"><strong><em>Lago Chade<\/em><\/strong><\/a><strong><em>, e potencial para a\u00a0<\/em><\/strong><a href=\"https:\/\/www.google.com\/search?q=energia+solar&amp;sca_esv=c019091b52478373&amp;sxsrf=AE3TifPUW7KsONmjXndaDh98-nbq9pWJGw%3A1762869095461&amp;ei=Zz8TaY_4G4vd1sQPs_PH2Q0&amp;ved=2ahUKEwiImLCsoOqQAxXCDrkGHdj3NyUQgK4QegQIARAH&amp;uact=5&amp;oq=quiais+riquezas+da+alian%C3%A7a+dos+estados+de+sahel&amp;gs_lp=Egxnd3Mtd2l6LXNlcnAiMHF1aWFpcyByaXF1ZXphcyBkYSBhbGlhbsOnYSBkb3MgZXN0YWRvcyBkZSBzYWhlbDIHECEYoAEYCkjBwwFQAFjZwAFwB3gAkAEAmAHCAaABuTuqAQQwLjU0uAEDyAEA-AEBmAI9oALtPcICBBAjGCfCAgsQABiABBixAxiDAcICDhAuGIAEGLEDGNEDGMcBwgIIEAAYgAQYsQPCAgUQABiABMICCBAuGIAEGLEDwgIOEAAYgAQYsQMYgwEYigXCAgoQABiABBhDGIoFwgIQEAAYgAQYsQMYQxiDARiKBcICEBAuGIAEGEMYxwEYigUYrwHCAgUQLhiABMICFxAuGIAEGLEDGJcFGNwEGN4EGN8E2AEBwgIHECMYsQIYJ8ICBxAAGIAEGArCAgwQABiABBixAxgKGAvCAgkQABiABBgKGAvCAhAQABiABBixAxiDARiKBRgKwgIHEAAYgAQYDcICCRAAGIAEGAoYDcICBhAAGA0YHsICCBAAGAoYDRgewgIIEAAYCBgNGB7CAgYQABgWGB7CAgUQABjvBcICCBAAGIAEGKIEwgIIEAAYogQYiQWYAwC6BgYIARABGBSSBwY3LjUzLjGgB9WoA7IHBjAuNTMuMbgHzT3CBwkwLjI5LjMwLjLIB8kB&amp;sclient=gws-wiz-serp&amp;mstk=AUtExfB3Wv6ZomxdPPACvgffVPDCDi02lAfc_yuIYMBeVU-pKIEsyB7pcw71rdKe1jv0dEdnlD1BRlX_oFCqFtidv_JBG-MWk-fFge1uC7Fe0hx3zjnBnJEo6F8TfaL0m6U2kcGlDe4wwNd5kj8oM0D1FBOSDTJIW3XYbsGkaQr8U7VxVqkb_zsuW4hxlk41kcl4Ro2XVo30E27AVDmAp67W6KYrfhJQmxpVeiOWdxWTDK4yqm--AO8LRLveOJOrvfxDGtqwbOjsBONO-i-HXfd3RMzA&amp;csui=3\"><strong><em>energia solar<\/em><\/strong><\/a><strong><em>. <\/em><\/strong><em>Economias tradicionais tamb\u00e9m dependem <strong>de\u00a0<\/strong><\/em><a href=\"https:\/\/www.google.com\/search?q=agricultura&amp;sca_esv=c019091b52478373&amp;sxsrf=AE3TifPUW7KsONmjXndaDh98-nbq9pWJGw%3A1762869095461&amp;ei=Zz8TaY_4G4vd1sQPs_PH2Q0&amp;ved=2ahUKEwiImLCsoOqQAxXCDrkGHdj3NyUQgK4QegQIARAI&amp;uact=5&amp;oq=quiais+riquezas+da+alian%C3%A7a+dos+estados+de+sahel&amp;gs_lp=Egxnd3Mtd2l6LXNlcnAiMHF1aWFpcyByaXF1ZXphcyBkYSBhbGlhbsOnYSBkb3MgZXN0YWRvcyBkZSBzYWhlbDIHECEYoAEYCkjBwwFQAFjZwAFwB3gAkAEAmAHCAaABuTuqAQQwLjU0uAEDyAEA-AEBmAI9oALtPcICBBAjGCfCAgsQABiABBixAxiDAcICDhAuGIAEGLEDGNEDGMcBwgIIEAAYgAQYsQPCAgUQABiABMICCBAuGIAEGLEDwgIOEAAYgAQYsQMYgwEYigXCAgoQABiABBhDGIoFwgIQEAAYgAQYsQMYQxiDARiKBcICEBAuGIAEGEMYxwEYigUYrwHCAgUQLhiABMICFxAuGIAEGLEDGJcFGNwEGN4EGN8E2AEBwgIHECMYsQIYJ8ICBxAAGIAEGArCAgwQABiABBixAxgKGAvCAgkQABiABBgKGAvCAhAQABiABBixAxiDARiKBRgKwgIHEAAYgAQYDcICCRAAGIAEGAoYDcICBhAAGA0YHsICCBAAGAoYDRgewgIIEAAYCBgNGB7CAgYQABgWGB7CAgUQABjvBcICCBAAGIAEGKIEwgIIEAAYogQYiQWYAwC6BgYIARABGBSSBwY3LjUzLjGgB9WoA7IHBjAuNTMuMbgHzT3CBwkwLjI5LjMwLjLIB8kB&amp;sclient=gws-wiz-serp&amp;mstk=AUtExfB3Wv6ZomxdPPACvgffVPDCDi02lAfc_yuIYMBeVU-pKIEsyB7pcw71rdKe1jv0dEdnlD1BRlX_oFCqFtidv_JBG-MWk-fFge1uC7Fe0hx3zjnBnJEo6F8TfaL0m6U2kcGlDe4wwNd5kj8oM0D1FBOSDTJIW3XYbsGkaQr8U7VxVqkb_zsuW4hxlk41kcl4Ro2XVo30E27AVDmAp67W6KYrfhJQmxpVeiOWdxWTDK4yqm--AO8LRLveOJOrvfxDGtqwbOjsBONO-i-HXfd3RMzA&amp;csui=3\"><strong><em>agricultura<\/em><\/strong><\/a><strong><em>\u00a0e\u00a0<\/em><\/strong><a href=\"https:\/\/www.google.com\/search?q=pecu%C3%A1ria&amp;sca_esv=c019091b52478373&amp;sxsrf=AE3TifPUW7KsONmjXndaDh98-nbq9pWJGw%3A1762869095461&amp;ei=Zz8TaY_4G4vd1sQPs_PH2Q0&amp;ved=2ahUKEwiImLCsoOqQAxXCDrkGHdj3NyUQgK4QegQIARAJ&amp;uact=5&amp;oq=quiais+riquezas+da+alian%C3%A7a+dos+estados+de+sahel&amp;gs_lp=Egxnd3Mtd2l6LXNlcnAiMHF1aWFpcyByaXF1ZXphcyBkYSBhbGlhbsOnYSBkb3MgZXN0YWRvcyBkZSBzYWhlbDIHECEYoAEYCkjBwwFQAFjZwAFwB3gAkAEAmAHCAaABuTuqAQQwLjU0uAEDyAEA-AEBmAI9oALtPcICBBAjGCfCAgsQABiABBixAxiDAcICDhAuGIAEGLEDGNEDGMcBwgIIEAAYgAQYsQPCAgUQABiABMICCBAuGIAEGLEDwgIOEAAYgAQYsQMYgwEYigXCAgoQABiABBhDGIoFwgIQEAAYgAQYsQMYQxiDARiKBcICEBAuGIAEGEMYxwEYigUYrwHCAgUQLhiABMICFxAuGIAEGLEDGJcFGNwEGN4EGN8E2AEBwgIHECMYsQIYJ8ICBxAAGIAEGArCAgwQABiABBixAxgKGAvCAgkQABiABBgKGAvCAhAQABiABBixAxiDARiKBRgKwgIHEAAYgAQYDcICCRAAGIAEGAoYDcICBhAAGA0YHsICCBAAGAoYDRgewgIIEAAYCBgNGB7CAgYQABgWGB7CAgUQABjvBcICCBAAGIAEGKIEwgIIEAAYogQYiQWYAwC6BgYIARABGBSSBwY3LjUzLjGgB9WoA7IHBjAuNTMuMbgHzT3CBwkwLjI5LjMwLjLIB8kB&amp;sclient=gws-wiz-serp&amp;mstk=AUtExfB3Wv6ZomxdPPACvgffVPDCDi02lAfc_yuIYMBeVU-pKIEsyB7pcw71rdKe1jv0dEdnlD1BRlX_oFCqFtidv_JBG-MWk-fFge1uC7Fe0hx3zjnBnJEo6F8TfaL0m6U2kcGlDe4wwNd5kj8oM0D1FBOSDTJIW3XYbsGkaQr8U7VxVqkb_zsuW4hxlk41kcl4Ro2XVo30E27AVDmAp67W6KYrfhJQmxpVeiOWdxWTDK4yqm--AO8LRLveOJOrvfxDGtqwbOjsBONO-i-HXfd3RMzA&amp;csui=3\"><strong><em>pecu\u00e1ria<\/em><\/strong><\/a>.\u00a0<\/p>\n<p><strong>Recursos naturais como:<\/strong><\/p>\n<ul>\n<li><strong>Ur\u00e2nio:<\/strong>O N\u00edger \u00e9 um dos maiores produtores mundiais de ur\u00e2nio.<\/li>\n<li><strong>Ouro:<\/strong>Burkina Faso e Mali s\u00e3o grandes exportadores de ouro, com a Su\u00ed\u00e7a e os Emirados \u00c1rabes Unidos sendo os principais destinos.<\/li>\n<li><strong>Outros minerais:<\/strong>A regi\u00e3o tamb\u00e9m \u00e9 rica em minerais como zinco, cobre, mangan\u00eas, fosfato e bauxita.<\/li>\n<li><strong>G\u00e1s natural:<\/strong>O Sahel possui reservas de g\u00e1s natural.\u00a0<\/li>\n<li><strong>Minera\u00e7\u00e3o:<\/strong> O setor de minera\u00e7\u00e3o \u00e9 o mais importante da economia do pa\u00eds, com destaque para a produ\u00e7\u00e3o de ouro, zinco e fosfato.<\/li>\n<\/ul>\n<p><strong>Recursos h\u00eddricos e energ\u00e9ticos:<\/strong><\/p>\n<ul>\n<li><strong>\u00c1gua:<\/strong>A regi\u00e3o possui recursos h\u00eddricos superficiais significativos, como o Rio N\u00edger e o Lago Chade, e grandes aqu\u00edferos.<\/li>\n<li><strong>Energia solar:<\/strong>Existe um grande potencial para a gera\u00e7\u00e3o de energia solar, com iniciativas para criar 10 gigas watts de energia solar at\u00e9 2030 para abastecer milh\u00f5es de pessoas.\u00a0<\/li>\n<\/ul>\n<p><strong>\u00a0<\/strong><\/p>\n<p><strong>Agricultura e pecu\u00e1ria:<\/strong><\/p>\n<ul>\n<li><strong>Agricultura:<\/strong>A produ\u00e7\u00e3o agr\u00edcola foca em culturas como milhete, sorgo, algod\u00e3o e feij\u00e3o.<\/li>\n<li>A produ\u00e7\u00e3o de algod\u00e3o e a ind\u00fastria de karit\u00e9 (em Togo e Burkina Faso) tamb\u00e9m s\u00e3o relevantes.<\/li>\n<li><strong>Pecu\u00e1ria:<\/strong>A cria\u00e7\u00e3o de animais como bois, camelos e cabras \u00e9 uma atividade econ\u00f4mica importante.<\/li>\n<\/ul>\n<p>\u00a0<\/p>\n<p><strong>Com\u00e9rcio:<\/strong>\u00a0<\/p>\n<ul>\n<li>O com\u00e9rcio transaariano \u00e9 uma base econ\u00f4mica tradicional e continua a ser relevante.\u00a0<\/li>\n<li>O com\u00e9rcio Internacional<strong>,<\/strong>recentemente, foi aberto a novos mercados para produtos brasileiros em Burkina Faso, como parte de acordos de coopera\u00e7\u00e3o comercial.<\/li>\n<\/ul>\n<p><strong><em>Economia:<\/em><\/strong><\/p>\n<ul>\n<li>A perspectiva econ\u00f4mica \u00e9 de crescimento moderado (cerca de 4,1% em 2024 e 4,3% em 2025), sustentado pelos setores extrativo e agr\u00edcola.\u00a0<\/li>\n<\/ul>\n<p>\u00a0<\/p>\n<p><strong>Desenvolvimentos recentes<\/strong>:<\/p>\n<ul>\n<li>Os pa\u00edses da AES iniciaram um processo para se retirarem do bloco econ\u00f4mico principal da \u00c1frica Ocidental (CEDEAO).<\/li>\n<li>Anunciaram planos para um passaporte \u00fanico, um ex\u00e9rcito comum e, futuramente, uma moeda unificada e taxas de importa\u00e7\u00e3o\/exporta\u00e7\u00e3o padronizadas.<\/li>\n<\/ul>\t\t\t\t\t\t\t\t<\/div>\n\t\t\t\t<\/div>\n\t\t\t\t\t<\/div>\n\t\t\t\t<\/div>\n\t\t<div class=\"elementor-element elementor-element-6fd9e80 e-flex e-con-boxed wpr-particle-no wpr-jarallax-no wpr-parallax-no wpr-sticky-section-no wpr-equal-height-no e-con e-parent\" data-id=\"6fd9e80\" data-element_type=\"container\" data-e-type=\"container\">\n\t\t\t\t\t<div class=\"e-con-inner\">\n\t\t\t\t<div class=\"elementor-element elementor-element-f54b2bf elementor-widget elementor-widget-heading\" data-id=\"f54b2bf\" data-element_type=\"widget\" data-e-type=\"widget\" data-widget_type=\"heading.default\">\n\t\t\t\t<div class=\"elementor-widget-container\">\n\t\t\t\t\t<p class=\"elementor-heading-title elementor-size-default\">As \"grandes mudan\u00e7as\" da Alian\u00e7a dos Estados do Sahel (AES) em rela\u00e7\u00e3o \u00e0 Fran\u00e7a s\u00e3o de natureza pol\u00edtica e militar, marcadas por uma forte oposi\u00e7\u00e3o ao que consideram imperialismo franc\u00eas. As principais mudan\u00e7as incluem: <\/p>\t\t\t\t<\/div>\n\t\t\t\t<\/div>\n\t\t\t\t\t<\/div>\n\t\t\t\t<\/div>\n\t\t<div class=\"elementor-element elementor-element-701efe8 e-flex e-con-boxed wpr-particle-no wpr-jarallax-no wpr-parallax-no wpr-sticky-section-no wpr-equal-height-no e-con e-parent\" data-id=\"701efe8\" data-element_type=\"container\" data-e-type=\"container\">\n\t\t\t\t\t<div class=\"e-con-inner\">\n\t\t\t\t<div class=\"elementor-element elementor-element-a273617 elementor-widget elementor-widget-text-editor\" data-id=\"a273617\" data-element_type=\"widget\" data-e-type=\"widget\" data-widget_type=\"text-editor.default\">\n\t\t\t\t<div class=\"elementor-widget-container\">\n\t\t\t\t\t\t\t\t\t<ul>\n<li><strong>Forma\u00e7\u00e3o da Alian\u00e7a:<\/strong>Mali, N\u00edger e Burkina Faso uniram-se na AES para buscar maior autonomia econ\u00f4mica, militar e social, desafiando a influ\u00eancia francesa na \u00c1frica Ocidental.<\/li>\n<li><strong>Retirada Militar Francesa:<\/strong>A press\u00e3o dos pa\u00edses da AES e o sentimento antifranc\u00eas generalizado na regi\u00e3o levaram \u00e0 retirada de for\u00e7as militares francesas desses pa\u00edses. Recentemente, o Chade tamb\u00e9m anunciou a retirada de militares franceses do seu territ\u00f3rio, seguindo a tend\u00eancia do Sahel.<\/li>\n<li><strong>Parcerias Alternativas:<\/strong>Os pa\u00edses da AES t\u00eam buscado novos parceiros de seguran\u00e7a e apoio militar, notavelmente a R\u00fassia, para substituir a Fran\u00e7a e garantir sua defesa.<\/li>\n<li><strong>Objetivo de Autonomia:<\/strong>A Alian\u00e7a busca a soberania plena sobre suas decis\u00f5es de seguran\u00e7a e pol\u00edticas, afastando-se da antiga esfera de influ\u00eancia francesa (&#8220;Fran\u00e7afrique&#8221;).\u00a0<\/li>\n<\/ul>\t\t\t\t\t\t\t\t<\/div>\n\t\t\t\t<\/div>\n\t\t\t\t\t<\/div>\n\t\t\t\t<\/div>\n\t\t<div class=\"elementor-element elementor-element-e528b97 e-flex e-con-boxed wpr-particle-no wpr-jarallax-no wpr-parallax-no wpr-sticky-section-no wpr-equal-height-no e-con e-parent\" data-id=\"e528b97\" data-element_type=\"container\" data-e-type=\"container\">\n\t\t\t\t\t<div class=\"e-con-inner\">\n\t\t\t\t<div class=\"elementor-element elementor-element-15a2f21 elementor-widget elementor-widget-heading\" data-id=\"15a2f21\" data-element_type=\"widget\" data-e-type=\"widget\" data-widget_type=\"heading.default\">\n\t\t\t\t<div class=\"elementor-widget-container\">\n\t\t\t\t\t<p class=\"elementor-heading-title elementor-size-default\">A Alian\u00e7a dos Estados do Sahel (AES), tem focado em a\u00e7\u00f5es conjuntas nas \u00e1reas militar, econ\u00f4mica e pol\u00edtica para fortalecer a autonomia da regi\u00e3o e reduzir a influ\u00eancia externa, principalmente da Fran\u00e7a. <\/p>\t\t\t\t<\/div>\n\t\t\t\t<\/div>\n\t\t\t\t\t<\/div>\n\t\t\t\t<\/div>\n\t\t<div class=\"elementor-element elementor-element-373517a e-flex e-con-boxed wpr-particle-no wpr-jarallax-no wpr-parallax-no wpr-sticky-section-no wpr-equal-height-no e-con e-parent\" data-id=\"373517a\" data-element_type=\"container\" data-e-type=\"container\">\n\t\t\t\t\t<div class=\"e-con-inner\">\n\t\t\t\t<div class=\"elementor-element elementor-element-5691cb4 elementor-widget elementor-widget-text-editor\" data-id=\"5691cb4\" data-element_type=\"widget\" data-e-type=\"widget\" data-widget_type=\"text-editor.default\">\n\t\t\t\t<div class=\"elementor-widget-container\">\n\t\t\t\t\t\t\t\t\t<p><em>As principais a\u00e7\u00f5es da Alian\u00e7a dos Estados do Sahel, envolvendo o Mali, s\u00e3o:<\/em><\/p>\n<ul>\n<li><strong>Cria\u00e7\u00e3o de uma For\u00e7a Conjunta de Defesa<\/strong>: Os pa\u00edses da <strong><em>AES<\/em><\/strong> (<strong><em>Mali, N\u00edger e Burkina Faso<\/em><\/strong>) estabeleceram uma for\u00e7a militar conjunta de aproximadamente 5.000 soldados para combater grupos fundamentalistas isl\u00e2micos e amea\u00e7as externas na regi\u00e3o.<\/li>\n<li><strong>Integra\u00e7\u00e3o Econ\u00f4mica<\/strong>: A alian\u00e7a busca a autonomia econ\u00f4mica e planeja a cria\u00e7\u00e3o de uma moeda comum, um passaporte comum e a unifica\u00e7\u00e3o de taxas de importa\u00e7\u00e3o e exporta\u00e7\u00e3o entre os membros.<\/li>\n<li><strong>Autonomia Pol\u00edtica e Distanciamento da Influ\u00eancia Ocidental<\/strong>: Os pa\u00edses da <strong><em>AES<\/em><\/strong>, cujos governos emergiram de levantes militares, est\u00e3o em um processo de transforma\u00e7\u00e3o institucional e pol\u00edtica para se distanciar da influ\u00eancia francesa e de outras pot\u00eancias ocidentais.<\/li>\n<li><strong>Retirada de Organismos Regionais e Internacionais<\/strong>: Como parte de sua busca por soberania, os membros da AES retiraram-se do grupo antiterrorista G5 Sahel e do bloco econ\u00f4mico regional CEDEAO, al\u00e9m de se retirarem do Tribunal Penal Internacional.<\/li>\n<li><strong>Coopera\u00e7\u00e3o com Novos Parceiros<\/strong>: A alian\u00e7a tem buscado diversificar suas parcerias. Por exemplo, a Guin\u00e9, que apoia a AES, tem facilitado o acesso a portos para a importa\u00e7\u00e3o de bens, como cereais e fertilizantes russos, o que demonstra uma reorienta\u00e7\u00e3o nas rela\u00e7\u00f5es comerciais e diplom\u00e1ticas.<\/li>\n<li><strong>Fortalecimento do Sul Global<\/strong>: L\u00edderes da Alian\u00e7a t\u00eam participado de debates internacionais sobre o fortalecimento da coopera\u00e7\u00e3o Sul-Sul e a emancipa\u00e7\u00e3o dos trabalhadores, indicando uma postura anti-imperialista e panafricanista.\u00a0<\/li>\n<\/ul>\n<p>Essas a\u00e7\u00f5es visam, em \u00faltima inst\u00e2ncia, dar aos pa\u00edses do Sahel maior controle sobre seus pr\u00f3prios recursos e seguran\u00e7a, em meio a uma grave crise humanit\u00e1ria e de seguran\u00e7a na regi\u00e3o.\u00a0<\/p>\n<p><strong>Defesa e Seguran\u00e7a coletiva e outras<\/strong>:<\/p>\n<ul>\n<li>A a\u00e7\u00e3o mais proeminente \u00e9 a cria\u00e7\u00e3o de uma\u00a0<strong>for\u00e7a conjunta de 5.000 militares<\/strong>para combater grupos fundamentalistas isl\u00e2micos e amea\u00e7as externas na regi\u00e3o, visando a estabiliza\u00e7\u00e3o e a prote\u00e7\u00e3o dos civis.<\/li>\n<li><strong>Autonomia Pol\u00edtica e Distanciamento da Fran\u00e7a<\/strong>: Os pa\u00edses buscam ativamente se distanciar da influ\u00eancia pol\u00edtica e econ\u00f4mica hist\u00f3rica da Fran\u00e7a e do que consideram &#8220;imperialismo franc\u00eas&#8221;, defendendo uma agenda panafricanista.<\/li>\n<li><strong>Transforma\u00e7\u00e3o Institucional<\/strong>: Os governos, que emergiram de levantes militares, buscam promover transforma\u00e7\u00f5es institucionais e pol\u00edticas para garantir a soberania e a autodetermina\u00e7\u00e3o dos seus estados.<\/li>\n<li><strong>Parcerias Estrat\u00e9gicas<\/strong>: T\u00eam buscado novas parcerias, notavelmente com a R\u00fassia, em \u00e1reas como defesa e seguran\u00e7a, afastando-se de antigas alian\u00e7as ocidentais.<\/li>\n<\/ul>\n<p>\u00a0<\/p>\n<p>\u00a0<\/p>\n<p>\u00a0<\/p>\n<p><strong>A\u00e7\u00f5es Militares e de Seguran\u00e7a<\/strong><\/p>\n<ul>\n<li><strong>Cria\u00e7\u00e3o de For\u00e7a Conjunta:<\/strong>Os pa\u00edses formaram uma for\u00e7a conjunta de aproximadamente 5.000 militares para combater grupos fundamentalistas isl\u00e2micos e amea\u00e7as externas na regi\u00e3o.<\/li>\n<li><strong>Pacto de Defesa M\u00fatua:<\/strong>A alian\u00e7a funciona como um pacto de defesa m\u00fatua, onde um ataque contra um membro \u00e9 considerado um ataque contra todos.<\/li>\n<li><strong>Combate ao Terrorismo:<\/strong>A principal justificativa para a for\u00e7a militar unificada \u00e9 a luta contra insurgentes e jihadistas que atuam na regi\u00e3o central do Sahel.<\/li>\n<li><strong>Romper com a Influ\u00eancia Externa:<\/strong>A AES substituiu a coopera\u00e7\u00e3o com for\u00e7as antiterroristas internacionais (como a G5 Sahel e for\u00e7as francesas) por uma abordagem liderada internamente.\u00a0<\/li>\n<\/ul>\n<p>\u00a0<\/p>\n<p><strong>A\u00e7\u00f5es Pol\u00edticas e Econ\u00f4micas<\/strong><\/p>\n<ul>\n<li><strong>Sa\u00edda da CEDEAO:<\/strong>Os tr\u00eas pa\u00edses anunciaram sua sa\u00edda da Comunidade Econ\u00f4mica dos Estados da \u00c1frica Ocidental (CEDEAO) em janeiro de 2024, que se tornou efetiva no final do mesmo m\u00eas. Eles consideraram que a organiza\u00e7\u00e3o era influenciada por pot\u00eancias externas e n\u00e3o servia mais aos seus interesses.<\/li>\n<li><strong>Distanciamento da Fran\u00e7a:<\/strong>As a\u00e7\u00f5es s\u00e3o parte de um movimento pol\u00edtico mais amplo para romper com o que consideram &#8220;neocolonialismo&#8221; franc\u00eas e buscar soberania plena.<\/li>\n<li><strong>Integra\u00e7\u00e3o Regional:<\/strong>Est\u00e3o em andamento planos para uma maior integra\u00e7\u00e3o, incluindo a cria\u00e7\u00e3o de um\u00a0<strong>passaporte comum<\/strong>\u00a0e discuss\u00f5es sobre uma\u00a0<strong>moeda comum<\/strong>\u00a0e tarifas unificadas de importa\u00e7\u00e3o\/exporta\u00e7\u00e3o.<\/li>\n<li><strong>Forma\u00e7\u00e3o de uma Confedera\u00e7\u00e3o:<\/strong>H\u00e1 movimentos no sentido de estabelecer uma confedera\u00e7\u00e3o ou uni\u00e3o mais formal entre os tr\u00eas estados, solidificando sua coopera\u00e7\u00e3o pol\u00edtica e institucional.\u00a0<\/li>\n<li><strong>Forma\u00e7\u00e3o de uma Confedera\u00e7\u00e3o:<\/strong>Em julho de 2024, os l\u00edderes da AES concordaram em criar uma confedera\u00e7\u00e3o, um passo significativo em dire\u00e7\u00e3o a uma uni\u00e3o pol\u00edtica e econ\u00f4mica mais profunda.<\/li>\n<li><strong>Passaporte Comum:<\/strong>Foi anunciado e j\u00e1 entrou em vigor um passaporte comum para os cidad\u00e3os dos tr\u00eas pa\u00edses, facilitando a livre circula\u00e7\u00e3o e promovendo uma identidade regional.<\/li>\n<li><strong>Planos para Moeda e Tarifas Unificadas:<\/strong>Existem planos em discuss\u00e3o para estabelecer uma moeda comum e unificar as taxas de importa\u00e7\u00e3o e exporta\u00e7\u00e3o, visando a autonomia econ\u00f4mica e o fortalecimento comercial da regi\u00e3o.<\/li>\n<li><strong>Coopera\u00e7\u00e3o Econ\u00f4mica e Social<\/strong>: A alian\u00e7a planeja uma integra\u00e7\u00e3o econ\u00f4mica significativa, incluindo a potencial implementa\u00e7\u00e3o de uma\u00a0<strong>moeda comum<\/strong>, um\u00a0<strong>passaporte comum<\/strong>, e taxas de importa\u00e7\u00e3o e exporta\u00e7\u00e3o unificadas para fortalecer suas economias.<\/li>\n<\/ul>\n<p>\u00a0<\/p>\n<p><strong>A\u00e7\u00f5es (Sociedade e Meio Ambiente)<\/strong><\/p>\n<ul>\n<li><strong>Iniciativas Ecol\u00f3gicas:<\/strong>Houve a\u00e7\u00f5es de reflorestamento, como o plantio de 5 milh\u00f5es de \u00e1rvores em uma hora durante uma jornada nacional, como parte dos esfor\u00e7os para combater a desertifica\u00e7\u00e3o.<\/li>\n<li><strong>A\u00e7\u00f5es Humanit\u00e1rias:<\/strong>Organiza\u00e7\u00f5es como os M\u00e9dicos Sem Fronteiras (MSF) e o ACNUR est\u00e3o presentes no pa\u00eds, prestando assist\u00eancia em meio ao agravamento da viol\u00eancia e da crise humanit\u00e1ria.\u00a0<\/li>\n<\/ul>\n<p>\u00a0<\/p>\n<p>\u00a0<\/p>\n<p><strong>Outras Iniciativas<\/strong><\/p>\n<ul>\n<li><strong>Busca por Novos Parceiros:<\/strong>A Alian\u00e7a tem buscado diversificar parcerias, incluindo visitas a pa\u00edses como o Brasil, para fortalecer la\u00e7os diplom\u00e1ticos e econ\u00f4micos fora da esfera de influ\u00eancia tradicional.<\/li>\n<li><strong>Foco na Soberania:<\/strong>Todas as a\u00e7\u00f5es s\u00e3o guiadas por um forte ideal panafricanista e anti-imperialista, com o objetivo principal de recuperar a soberania e autodetermina\u00e7\u00e3o dos seus estados.\u00a0<\/li>\n<\/ul>\t\t\t\t\t\t\t\t<\/div>\n\t\t\t\t<\/div>\n\t\t\t\t\t<\/div>\n\t\t\t\t<\/div>\n\t\t<div class=\"elementor-element elementor-element-213496e e-flex e-con-boxed wpr-particle-no wpr-jarallax-no wpr-parallax-no wpr-sticky-section-no wpr-equal-height-no e-con e-parent\" data-id=\"213496e\" data-element_type=\"container\" data-e-type=\"container\">\n\t\t\t\t\t<div class=\"e-con-inner\">\n\t\t\t\t<div class=\"elementor-element elementor-element-0d4ed50 elementor-widget elementor-widget-heading\" data-id=\"0d4ed50\" data-element_type=\"widget\" data-e-type=\"widget\" data-widget_type=\"heading.default\">\n\t\t\t\t<div class=\"elementor-widget-container\">\n\t\t\t\t\t<span class=\"elementor-heading-title elementor-size-default\">Como Lembrete da escraviza\u00e7\u00e3o Francesa nas Col\u00f4nias Africanas com N\u00edger e outras col\u00f4nias:<\/span>\t\t\t\t<\/div>\n\t\t\t\t<\/div>\n\t\t\t\t\t<\/div>\n\t\t\t\t<\/div>\n\t\t<div class=\"elementor-element elementor-element-f4c97e0 e-flex e-con-boxed wpr-particle-no wpr-jarallax-no wpr-parallax-no wpr-sticky-section-no wpr-equal-height-no e-con e-parent\" data-id=\"f4c97e0\" data-element_type=\"container\" data-e-type=\"container\">\n\t\t\t\t\t<div class=\"e-con-inner\">\n\t\t\t\t<div class=\"elementor-element elementor-element-c6a73e0 elementor-widget elementor-widget-text-editor\" data-id=\"c6a73e0\" data-element_type=\"widget\" data-e-type=\"widget\" data-widget_type=\"text-editor.default\">\n\t\t\t\t<div class=\"elementor-widget-container\">\n\t\t\t\t\t\t\t\t\t<ul>\n<li><strong>Regimes de d\u00edvida colonial:\u00a0<\/strong>o N\u00edger foi obrigado a \u201creembolsar\u201d a Fran\u00e7a pela infraestrutura da era colonial, como estradas e escolas constru\u00eddas por meio de trabalho for\u00e7ado.<\/li>\n<li><strong>Controle de recursos:\u00a0<\/strong>a Fran\u00e7a manteve o direito de prefer\u00eancia sobre as exporta\u00e7\u00f5es estrat\u00e9gicas do N\u00edger, particularmente o ur\u00e2nio, e as empresas francesas receberam acesso preferencial a setores-chave da economia.<\/li>\n<li><strong>Isen\u00e7\u00f5es fiscais:\u00a0<\/strong>com base no princ\u00edpio da n\u00e3o dupla tributa\u00e7\u00e3o, as empresas francesas que operavam no N\u00edger pagavam impostos apenas na Fran\u00e7a e estavam isentas de obriga\u00e7\u00f5es locais \u2014 incluindo taxas, impostos sobre vendas, como impostos sobre valor agregado, e at\u00e9 mesmo impostos sobre combust\u00edveis \u2014, o que prejudicava significativamente a receita fiscal do pa\u00eds.<\/li>\n<li><strong>Depend\u00eancia monet\u00e1ria:\u00a0<\/strong>o N\u00edger foi obrigado a usar o franco CFA, uma moeda emitida e regulamentada pelo Tesouro franc\u00eas, limitando seu controle sobre a pol\u00edtica monet\u00e1ria e fiscal.<\/li>\n<li><strong>Entrincheiramento militar:<\/strong>a Fran\u00e7a manteve bases militares e obteve o \u201clivre uso de instala\u00e7\u00f5es militares\u201d. Isso inclu\u00eda liberdade de movimento em terra, ar e \u00e1gua; livre acesso \u00e0 infraestrutura de transporte e comunica\u00e7\u00e3o; e o direito de instalar sistemas de sinaliza\u00e7\u00e3o e transmiss\u00e3o a\u00e9reos e mar\u00edtimos.<\/li>\n<\/ul>\n<p><strong>\u00a0<\/strong><\/p>\n<p>\u00a0<\/p>\n<p><strong><em>Obs:<\/em><\/strong><\/p>\n<p><strong><em>Agricultura, Desenvolvimento Rural e Seguran\u00e7a Alimentar<\/em><\/strong><\/p>\n<ul>\n<li>Na regi\u00e3o do Sahel, dois em cada tr\u00eas habitantes vivem da agricultura e da pecu\u00e1ria. No entanto, as colheitas s\u00e3o baixas e mais de um ter\u00e7o das safras se perde anualmente, resultando em alta inseguran\u00e7a alimentar, situa\u00e7\u00e3o agravada pelas mudan\u00e7as clim\u00e1ticas. Uma das prioridades da Alian\u00e7a \u00e9 o desenvolvimento de uma agricultura sustent\u00e1vel, resistente; \u00e0s mudan\u00e7as clim\u00e1ticas e capaz de reduzir a pobreza e a desnutri\u00e7\u00e3o.<\/li>\n<\/ul>\n<p>Contudo, o <strong><em>Continente Africano<\/em><\/strong> com estas novas gest\u00f5es e gestores tornassem uma das <strong><em>maiores fontes de capta\u00e7\u00e3o de recursos financeiro e de investimentos<\/em><\/strong><em>,<\/em> basta olhar para o Brasil que foi o segundo pa\u00edses que mais recebeu investimento em 2024, ficando apenas atr\u00e1s do EUA. Como contextualizado neste instrumento informativo, segue minhas recomenda\u00e7\u00f5es aos investidores na busca de bons resultados com seguran\u00e7a aponto, o Mali e a AES, Guin\u00e9 Bissau, Camar\u00f5es do Sul \u201cAmbazonia\u201d e mais alguns Pa\u00edses Africano e, o Brasil,\u00a0 pelas novas Gest\u00f5es e Gestores com a vis\u00e3o focada no\u00a0 <strong><em>desenvolvimento econ\u00f4mico, na melhoria da qualidade de vida povo, no aumento do PIB e concomitantemente, na melhoria do IDH e na preserva\u00e7\u00e3o da natureza<\/em><\/strong> para o combate nas mudan\u00e7as clim\u00e1ticas e o terrorismo, a acelera\u00e7\u00e3o das a\u00e7\u00f5es de desenvolvimento, a busca parceiros investidores e parcerias, a coopera\u00e7\u00e3o internacional e a transi\u00e7\u00e3o energ\u00e9tica.<\/p>\n<p>A for\u00e7a da Alian\u00e7a, est\u00e1 trazendo as riquezas de volta e prosperidades para os povos, tornando-se refer\u00eancia no Continente Africano e na busca de parcerias como o Brasil, como foi dito e falado pelo <strong><em>EX<\/em><\/strong><em> <strong>Ministro respons\u00e1vel pela A\u00e7\u00e3o Humanit\u00e1ria, Solidariedade, Refugiados e Deslocados do Mali o Sr Oumarou Diarra<\/strong><\/em> em sua visita ao nosso Pa\u00eds, prioridades como: o combate ao terrorismo, a elimina\u00e7\u00e3o da pobreza e a fome, transformando-os em Pa\u00edses mais promissoras de riqueza e o desenvolvimento do Continente Africano e dos Pa\u00edses em Desenvolvimento.<\/p>\t\t\t\t\t\t\t\t<\/div>\n\t\t\t\t<\/div>\n\t\t\t\t\t<\/div>\n\t\t\t\t<\/div>\n\t\t<div class=\"elementor-element elementor-element-8027ac1 e-flex e-con-boxed wpr-particle-no wpr-jarallax-no wpr-parallax-no wpr-sticky-section-no wpr-equal-height-no e-con e-parent\" data-id=\"8027ac1\" data-element_type=\"container\" data-e-type=\"container\">\n\t\t\t\t\t<div class=\"e-con-inner\">\n\t\t<div class=\"elementor-element elementor-element-743f26e e-con-full e-flex wpr-particle-no wpr-jarallax-no wpr-parallax-no wpr-sticky-section-no wpr-equal-height-no e-con e-child\" data-id=\"743f26e\" data-element_type=\"container\" data-e-type=\"container\">\n\t\t\t\t<div class=\"elementor-element elementor-element-e8bc163 elementor-widget elementor-widget-image\" data-id=\"e8bc163\" data-element_type=\"widget\" data-e-type=\"widget\" data-widget_type=\"image.default\">\n\t\t\t\t<div class=\"elementor-widget-container\">\n\t\t\t\t\t\t\t\t\t\t\t\t\t\t\t<img fetchpriority=\"high\" decoding=\"async\" width=\"381\" height=\"392\" src=\"https:\/\/africaatual.com.br\/wp-content\/uploads\/2025\/12\/image1-1.jpeg\" class=\"attachment-large size-large wp-image-13314\" alt=\"\" srcset=\"https:\/\/africaatual.com.br\/wp-content\/uploads\/2025\/12\/image1-1.jpeg 381w, https:\/\/africaatual.com.br\/wp-content\/uploads\/2025\/12\/image1-1-292x300.jpeg 292w\" sizes=\"(max-width: 381px) 100vw, 381px\" \/>\t\t\t\t\t\t\t\t\t\t\t\t\t\t\t<\/div>\n\t\t\t\t<\/div>\n\t\t\t\t<\/div>\n\t\t<div class=\"elementor-element elementor-element-06e1ab3 e-con-full e-flex wpr-particle-no wpr-jarallax-no wpr-parallax-no wpr-sticky-section-no wpr-equal-height-no e-con e-child\" data-id=\"06e1ab3\" data-element_type=\"container\" data-e-type=\"container\">\n\t\t\t\t<div class=\"elementor-element elementor-element-b7c544b elementor-widget elementor-widget-heading\" data-id=\"b7c544b\" data-element_type=\"widget\" data-e-type=\"widget\" data-widget_type=\"heading.default\">\n\t\t\t\t<div class=\"elementor-widget-container\">\n\t\t\t\t\t<h2 class=\"elementor-heading-title elementor-size-default\">COMENDADOR JOS\u00c9 FERREIRA<\/h2>\t\t\t\t<\/div>\n\t\t\t\t<\/div>\n\t\t<div class=\"elementor-element elementor-element-eca60ab e-con-full e-flex wpr-particle-no wpr-jarallax-no wpr-parallax-no wpr-sticky-section-no wpr-equal-height-no e-con e-child\" data-id=\"eca60ab\" data-element_type=\"container\" data-e-type=\"container\">\n\t\t\t\t<div class=\"elementor-element elementor-element-ed5c316 elementor-widget elementor-widget-text-editor\" data-id=\"ed5c316\" data-element_type=\"widget\" data-e-type=\"widget\" data-widget_type=\"text-editor.default\">\n\t\t\t\t<div class=\"elementor-widget-container\">\n\t\t\t\t\t\t\t\t\t<p><em>Conselheiro da C\u00e2mara Texana de Com\u00e9rcio no Brasil \u201cTexas EUA\u201d, CEO do Grupo Infinity Bank, Superintendente da Confedera\u00e7\u00e3o do Elo Social Brasil, Agente Especial de Assuntos Internacionais da Ambazonia (Camar\u00f5es do Sul) e Agente Especial de Assuntos Corporativos do Munic\u00edpio Itirapu\u00e3 \u2013 S\u00e3o Paulo.<\/em><\/p>\t\t\t\t\t\t\t\t<\/div>\n\t\t\t\t<\/div>\n\t\t\t\t<\/div>\n\t\t\t\t<\/div>\n\t\t\t\t\t<\/div>\n\t\t\t\t<\/div>\n\t\t\t\t<\/div>\n\t\t","protected":false},"excerpt":{"rendered":"<p>COMENDADOR JOS\u00c9 FERREIRA Empres\u00e1rio; Matem\u00e1tico; Banc\u00e1rio; Jornalista; Palestrante; Professor; Consultor; Cliente Success; Arquiteto de Solu\u00e7\u00f5es; CEO do Grupo Infinity Bank, CEO Financeiro da CECCI \u00a0&#8211; CPLP para Am\u00e9rica Latina M\u00e9xico e \u00c1frica Central; Especialista: em Mercado Financeiro, em Opera\u00e7\u00f5es Estruturadas, em Montagem de Bancos Digitais e Fintechs, em Recupera\u00e7\u00e3o de Empresas,\u00a0 em projetos de Reengenharia e Constru\u00e7\u00e3o Civil, em Infraestrutura, em Moedas Digitais; Conselheiro da C\u00e2mara Texana de Com\u00e9rcio no Brasil; Diretor Financeiro do Instituto Azusa; Superintendente\u00a0 Nacional de An\u00e1lise de Viabilidade Econ\u00f4mica e Financeira da Confedera\u00e7\u00e3o do Elo Social Brasil; Agente Especial de Assuntos Internacionais da Amabazonia (Camar\u00f5es do Sul); Agente Especial de Assuntos Corporativos do Prefeitura de Itirapu\u00e3 -S\u00e3o Paulo. \ud83c\uddeb\ud83c\uddf7\u00a0 Version fran\u00e7aise disponible \u2014 cliquez ici. No dia 26 de novembro de 2025, em S\u00e3o Paulo, reuni com o Vossa Excel\u00eancia o EX Ministro respons\u00e1vel pela A\u00e7\u00e3o Humanit\u00e1ria, Solidariedade, Refugiados e Deslocados do Mali o Sr Oumarou Diarra, para tratativas do desenvolvimento econ\u00f4mico, social e ambiental para melhoria da qualidade de vida dos Malineses, aumento do PIB (Produto Interno Bruto), industrializa\u00e7\u00e3o e combate ao Terrorismo e a fome. Mediante esta proposta de desenvolvimento, eu, Comendador Jos\u00e9 Ferreira, levei o Ex Ministro a se reunir e participar de dois eventos mais importantes no Pa\u00eds Brasil, para levar a mensagem da nova gest\u00e3o pol\u00edtica do Mali e do povo \u00e0s autoridades e empres\u00e1rios brasileiros. Pauta das reuni\u00f5es nos dias 26 e 28 de novembro de 2025 em S\u00e3o Paulo entre o Comendador Jos\u00e9 Ferreira, EX Ministro respons\u00e1vel pela A\u00e7\u00e3o Humanit\u00e1ria, Solidariedade, Refugiados e Deslocados do Mali o Sr Oumarou Diarra e Adama Konat\u00e9 (Presidente da Uni\u00e3o do Maliana de S\u00e3o Paulo Brasil _ UMSB): Desenvolvimento Econ\u00f4mico, Social e Meio Ambiente do Investimentos bilaterais para industrializa\u00e7\u00e3o e gera\u00e7\u00e3o de empregos; Investimentos para desenvolvimento de energias renov\u00e1veis e sustent\u00e1veis. Readequa\u00e7\u00e3o do sistema financeiro e montagem de Bancos Digitais. Constru\u00e7\u00e3o de novos aeroportos e cria\u00e7\u00e3o de voos internacionais Mali direto ao Brasil. Constru\u00e7\u00e3o de ferrovias (trens e metr\u00f4s). Desenvolvimento do Agroneg\u00f3cios e agroindustrial no Mali. Reindustrializa\u00e7\u00e3o e explora\u00e7\u00e3o de (petr\u00f3leo, recursos naturais, ouro e minerais nobres). Reestrutura\u00e7\u00e3o da Infraestrutura Rodovi\u00e1rio (estradas, rodovias, ruas avenidas \u201cpavimenta\u00e7\u00e3o asf\u00e1ltica, terraplanagens e drenagem de aguas pluviais\u201d, Portu\u00e1rio, Ferrovi\u00e1rio, Mar\u00edtimo, Transportes e A\u00e9reo. Integra\u00e7\u00e3o Cultural, Artes e Artesanatos. Constru\u00e7\u00e3o Civil de casas, apartamentos e condom\u00ednios. Forma\u00e7\u00e3o de m\u00e3o de obra qualificada para odos os setores primordiais para o desenvolvimento do Mali. Moderniza\u00e7\u00e3o do Sistema Financeiro Banc\u00e1rio e implanta\u00e7\u00e3o de novos produtos como Pix, Drex, bancos digitais, fintechs, criptomoedas e criptoativos e sistema de cust\u00f3dia. Combate ao Terrorismo e a fome. Cria\u00e7\u00e3o de novos m\u00e9todos de industrializa\u00e7\u00e3o de rem\u00e9dios como gen\u00e9rico. Estreitamento pol\u00edtico. Gera\u00e7\u00e3o de empregos e melhoria da qualidade do povo e do Pa\u00eds. Nomea\u00e7\u00e3o do Comendador como Agente Especial de Assuntos Coorporativos internacional no Brasil pelo Mali. Reuni\u00f5es com autoridades brasileira e participa\u00e7\u00e3o em eventos comemorativos e de premia\u00e7\u00e3o. Oportunidades aos investidores com seguran\u00e7a do capital investido. Parceira com a C\u00e2mara de Texana de Com\u00e9rcio do Brasil, com o Mali e extens\u00e3o a AES, para desenvolvimento econ\u00f4mico e social. Presidente da C\u00e2mara Texana de Com\u00e9rcio no Brasil Sr. Max Paul, com sede no Rio de Janeiro \u2013 Botafogo \u2013 Estado do Rio de Janeiro (na foto da direita para esquerda \u00e9 o segundo) Parceria com a Editora Eiros, para levar os projetos para o Mali e se estendendo ao AES. A EDITORA, foi fundada pelo Professor Odair Marques da Silva, um acad\u00eamico com uma trajet\u00f3ria impressionante e diversificada. Com doutorado em Ci\u00eancias da Cultura pela Universidade de Tr\u00e1s-os-Montes e Alto Douro (UTAD) em Portugal, p\u00f3s-gradua\u00e7\u00e3o em An\u00e1lise de Sistemas pela PUCCAMP e Mestrado em Gest\u00e3o pela FEM\/UNICAMP, Professor Odair possui uma s\u00f3lida forma\u00e7\u00e3o acad\u00eamica. Ele atuou como docente na P\u00f3s-gradua\u00e7\u00e3o em Pedagogia Social no UNISAL em Campinas\/SP e fez parte do projeto TIME, coordenado pelo NIED\/UNICAMP, contribuindo significativamente em projetos de novas m\u00eddias e tecnologias aplicadas \u00e0 educa\u00e7\u00e3o. Sua experi\u00eancia inclui tamb\u00e9m a gest\u00e3o p\u00fablica, tendo sido Secret\u00e1rio Municipal de Educa\u00e7\u00e3o em Hortol\u00e2ndia\/SP, Diretor da FUMEC-Campinas e Coordenador do Centro Cultural de Integra\u00e7\u00e3o Social \u2013 Cisguanabara, da UNICAMP. Atualmente, Professor Odair est\u00e1 dedicado a projetos que envolvem o continente africano e din\u00e2micas que promovem a \u00c1frica contempor\u00e2nea, como a curadoria da Mostra Cultural Afrifuturista. Com essa vasta experi\u00eancia e paix\u00e3o pela educa\u00e7\u00e3o e cultura, a Editora Eiros se compromete a apoiar novos autores em suas jornadas de publica\u00e7\u00e3o, oferecendo servi\u00e7os editoriais completos e personalizados. Nosso objetivo \u00e9 transformar manuscritos em obras de alta qualidade, ajudando autores a encontrar suas vozes e alcan\u00e7ar o sucesso liter\u00e1rio. Na Editora Eiros, cada livro \u00e9 uma oportunidade de compartilhar conhecimento e inspirar leitores ao redor do mundo. Nossa miss\u00e3o \u00e9 promover a educa\u00e7\u00e3o de qualidade atrav\u00e9s da publica\u00e7\u00e3o de livros did\u00e1ticos e paradid\u00e1ticos que valorizem e difundam o conhecimento sobre \u00c1frica, africanidades, cultura ind\u00edgena e afro brasilidades. Comprometemo-nos a fornecer recursos educativos que enrique\u00e7am o curr\u00edculo escolar e promovam a conscientiza\u00e7\u00e3o cultural, hist\u00f3rica e atual, preparando os alunos para um mundo mais justo e inclusivo. \u201d \u00a0 Ser a Editora l\u00edder de mercado dentro de nossos eixos tem\u00e1ticos, reconhecida pela excel\u00eancia na produ\u00e7\u00e3o de conte\u00fado educativo que celebra a diversidade cultural, contribuindo para a forma\u00e7\u00e3o de uma sociedade equitativa e antirracista. Educa\u00e7\u00e3o de qualidade: Compromisso com a produ\u00e7\u00e3o de materiais educativos que sejam rigorosos, acess\u00edveis e relevantes para o p\u00fablico-alvo. Equidade e inclus\u00e3o: Promo\u00e7\u00e3o de pr\u00e1ticas inclusivas que garantam a representa\u00e7\u00e3o e valoriza\u00e7\u00e3o de todas as culturas e etnias. Respeito \u00e0 diversidade: Valoriza\u00e7\u00e3o e respeito pelas diversas culturas e hist\u00f3rias que comp\u00f5em a sociedade brasileira. Integridade: Manter padr\u00f5es \u00e9ticos elevados em todas as opera\u00e7\u00f5es e intera\u00e7\u00f5es, garantindo transpar\u00eancia e honestidade. Inova\u00e7\u00e3o: Busca cont\u00ednua por m\u00e9todos e abordagens inovadoras para enriquecer o aprendizado e engajar os estudantes. Combate ao racismo: Compromisso firme em combater todas as formas de racismo atrav\u00e9s da educa\u00e7\u00e3o e da promo\u00e7\u00e3o de uma sociedade mais justa e igualit\u00e1ria. \u00a0 Site \u00c1frica Atual O site www.africaatual.com.br, nasce com o prop\u00f3sito de divulgar os pa\u00edses africanos no Brasil. Com uma perspectiva inovadora e diferenciada, a partir de um<\/p>\n","protected":false},"author":2,"featured_media":13322,"comment_status":"open","ping_status":"open","sticky":false,"template":"elementor_theme","format":"standard","meta":{"inline_featured_image":false,"ocean_post_layout":"","ocean_both_sidebars_style":"","ocean_both_sidebars_content_width":0,"ocean_both_sidebars_sidebars_width":0,"ocean_sidebar":"","ocean_second_sidebar":"","ocean_disable_margins":"enable","ocean_add_body_class":"","ocean_shortcode_before_top_bar":"","ocean_shortcode_after_top_bar":"","ocean_shortcode_before_header":"","ocean_shortcode_after_header":"","ocean_has_shortcode":"","ocean_shortcode_after_title":"","ocean_shortcode_before_footer_widgets":"","ocean_shortcode_after_footer_widgets":"","ocean_shortcode_before_footer_bottom":"","ocean_shortcode_after_footer_bottom":"","ocean_display_top_bar":"default","ocean_display_header":"default","ocean_header_style":"","ocean_center_header_left_menu":"","ocean_custom_header_template":"","ocean_custom_logo":0,"ocean_custom_retina_logo":0,"ocean_custom_logo_max_width":0,"ocean_custom_logo_tablet_max_width":0,"ocean_custom_logo_mobile_max_width":0,"ocean_custom_logo_max_height":0,"ocean_custom_logo_tablet_max_height":0,"ocean_custom_logo_mobile_max_height":0,"ocean_header_custom_menu":"","ocean_menu_typo_font_family":"","ocean_menu_typo_font_subset":"","ocean_menu_typo_font_size":0,"ocean_menu_typo_font_size_tablet":0,"ocean_menu_typo_font_size_mobile":0,"ocean_menu_typo_font_size_unit":"px","ocean_menu_typo_font_weight":"","ocean_menu_typo_font_weight_tablet":"","ocean_menu_typo_font_weight_mobile":"","ocean_menu_typo_transform":"","ocean_menu_typo_transform_tablet":"","ocean_menu_typo_transform_mobile":"","ocean_menu_typo_line_height":0,"ocean_menu_typo_line_height_tablet":0,"ocean_menu_typo_line_height_mobile":0,"ocean_menu_typo_line_height_unit":"","ocean_menu_typo_spacing":0,"ocean_menu_typo_spacing_tablet":0,"ocean_menu_typo_spacing_mobile":0,"ocean_menu_typo_spacing_unit":"","ocean_menu_link_color":"","ocean_menu_link_color_hover":"","ocean_menu_link_color_active":"","ocean_menu_link_background":"","ocean_menu_link_hover_background":"","ocean_menu_link_active_background":"","ocean_menu_social_links_bg":"","ocean_menu_social_hover_links_bg":"","ocean_menu_social_links_color":"","ocean_menu_social_hover_links_color":"","ocean_disable_title":"default","ocean_disable_heading":"default","ocean_post_title":"","ocean_post_subheading":"","ocean_post_title_style":"","ocean_post_title_background_color":"","ocean_post_title_background":0,"ocean_post_title_bg_image_position":"","ocean_post_title_bg_image_attachment":"","ocean_post_title_bg_image_repeat":"","ocean_post_title_bg_image_size":"","ocean_post_title_height":0,"ocean_post_title_bg_overlay":0.5,"ocean_post_title_bg_overlay_color":"","ocean_disable_breadcrumbs":"default","ocean_breadcrumbs_color":"","ocean_breadcrumbs_separator_color":"","ocean_breadcrumbs_links_color":"","ocean_breadcrumbs_links_hover_color":"","ocean_display_footer_widgets":"default","ocean_display_footer_bottom":"default","ocean_custom_footer_template":"","omw_enable_modal_window":"enable","ocean_post_oembed":"","ocean_post_self_hosted_media":"","ocean_post_video_embed":"","ocean_link_format":"","ocean_link_format_target":"self","ocean_quote_format":"","ocean_quote_format_link":"post","ocean_gallery_link_images":"on","ocean_gallery_id":[],"footnotes":""},"categories":[1],"tags":[159],"palavra-chave":[],"class_list":["post-13212","post","type-post","status-publish","format-standard","has-post-thumbnail","hentry","category-blog","tag-mali","entry","has-media"],"yoast_head":"<!-- This site is optimized with the Yoast SEO plugin v27.3 - https:\/\/yoast.com\/product\/yoast-seo-wordpress\/ -->\n<title>Reuni\u00f5es e visita do ex-ministro Oumarou Diarra ao Brasil - africaatual.com.br<\/title>\n<meta name=\"robots\" content=\"index, follow, max-snippet:-1, max-image-preview:large, max-video-preview:-1\" \/>\n<link rel=\"canonical\" href=\"https:\/\/africaatual.com.br\/index.php\/2025\/12\/15\/reunioes-e-visita-do-ex-ministro-oumarou-diarra-ao-brasil\/\" \/>\n<meta property=\"og:locale\" content=\"pt_BR\" \/>\n<meta property=\"og:type\" content=\"article\" \/>\n<meta property=\"og:title\" content=\"Reuni\u00f5es e visita do ex-ministro Oumarou Diarra ao Brasil - africaatual.com.br\" \/>\n<meta property=\"og:description\" content=\"COMENDADOR JOS\u00c9 FERREIRA Empres\u00e1rio; Matem\u00e1tico; Banc\u00e1rio; Jornalista; Palestrante; Professor; Consultor; Cliente Success; Arquiteto de Solu\u00e7\u00f5es; CEO do Grupo Infinity Bank, CEO Financeiro da CECCI \u00a0&#8211; CPLP para Am\u00e9rica Latina M\u00e9xico e \u00c1frica Central; Especialista: em Mercado Financeiro, em Opera\u00e7\u00f5es Estruturadas, em Montagem de Bancos Digitais e Fintechs, em Recupera\u00e7\u00e3o de Empresas,\u00a0 em projetos de Reengenharia e Constru\u00e7\u00e3o Civil, em Infraestrutura, em Moedas Digitais; Conselheiro da C\u00e2mara Texana de Com\u00e9rcio no Brasil; Diretor Financeiro do Instituto Azusa; Superintendente\u00a0 Nacional de An\u00e1lise de Viabilidade Econ\u00f4mica e Financeira da Confedera\u00e7\u00e3o do Elo Social Brasil; Agente Especial de Assuntos Internacionais da Amabazonia (Camar\u00f5es do Sul); Agente Especial de Assuntos Corporativos do Prefeitura de Itirapu\u00e3 -S\u00e3o Paulo. \ud83c\uddeb\ud83c\uddf7\u00a0 Version fran\u00e7aise disponible \u2014 cliquez ici. No dia 26 de novembro de 2025, em S\u00e3o Paulo, reuni com o Vossa Excel\u00eancia o EX Ministro respons\u00e1vel pela A\u00e7\u00e3o Humanit\u00e1ria, Solidariedade, Refugiados e Deslocados do Mali o Sr Oumarou Diarra, para tratativas do desenvolvimento econ\u00f4mico, social e ambiental para melhoria da qualidade de vida dos Malineses, aumento do PIB (Produto Interno Bruto), industrializa\u00e7\u00e3o e combate ao Terrorismo e a fome. Mediante esta proposta de desenvolvimento, eu, Comendador Jos\u00e9 Ferreira, levei o Ex Ministro a se reunir e participar de dois eventos mais importantes no Pa\u00eds Brasil, para levar a mensagem da nova gest\u00e3o pol\u00edtica do Mali e do povo \u00e0s autoridades e empres\u00e1rios brasileiros. Pauta das reuni\u00f5es nos dias 26 e 28 de novembro de 2025 em S\u00e3o Paulo entre o Comendador Jos\u00e9 Ferreira, EX Ministro respons\u00e1vel pela A\u00e7\u00e3o Humanit\u00e1ria, Solidariedade, Refugiados e Deslocados do Mali o Sr Oumarou Diarra e Adama Konat\u00e9 (Presidente da Uni\u00e3o do Maliana de S\u00e3o Paulo Brasil _ UMSB): Desenvolvimento Econ\u00f4mico, Social e Meio Ambiente do Investimentos bilaterais para industrializa\u00e7\u00e3o e gera\u00e7\u00e3o de empregos; Investimentos para desenvolvimento de energias renov\u00e1veis e sustent\u00e1veis. Readequa\u00e7\u00e3o do sistema financeiro e montagem de Bancos Digitais. Constru\u00e7\u00e3o de novos aeroportos e cria\u00e7\u00e3o de voos internacionais Mali direto ao Brasil. Constru\u00e7\u00e3o de ferrovias (trens e metr\u00f4s). Desenvolvimento do Agroneg\u00f3cios e agroindustrial no Mali. Reindustrializa\u00e7\u00e3o e explora\u00e7\u00e3o de (petr\u00f3leo, recursos naturais, ouro e minerais nobres). Reestrutura\u00e7\u00e3o da Infraestrutura Rodovi\u00e1rio (estradas, rodovias, ruas avenidas \u201cpavimenta\u00e7\u00e3o asf\u00e1ltica, terraplanagens e drenagem de aguas pluviais\u201d, Portu\u00e1rio, Ferrovi\u00e1rio, Mar\u00edtimo, Transportes e A\u00e9reo. Integra\u00e7\u00e3o Cultural, Artes e Artesanatos. Constru\u00e7\u00e3o Civil de casas, apartamentos e condom\u00ednios. Forma\u00e7\u00e3o de m\u00e3o de obra qualificada para odos os setores primordiais para o desenvolvimento do Mali. Moderniza\u00e7\u00e3o do Sistema Financeiro Banc\u00e1rio e implanta\u00e7\u00e3o de novos produtos como Pix, Drex, bancos digitais, fintechs, criptomoedas e criptoativos e sistema de cust\u00f3dia. Combate ao Terrorismo e a fome. Cria\u00e7\u00e3o de novos m\u00e9todos de industrializa\u00e7\u00e3o de rem\u00e9dios como gen\u00e9rico. Estreitamento pol\u00edtico. Gera\u00e7\u00e3o de empregos e melhoria da qualidade do povo e do Pa\u00eds. Nomea\u00e7\u00e3o do Comendador como Agente Especial de Assuntos Coorporativos internacional no Brasil pelo Mali. Reuni\u00f5es com autoridades brasileira e participa\u00e7\u00e3o em eventos comemorativos e de premia\u00e7\u00e3o. Oportunidades aos investidores com seguran\u00e7a do capital investido. Parceira com a C\u00e2mara de Texana de Com\u00e9rcio do Brasil, com o Mali e extens\u00e3o a AES, para desenvolvimento econ\u00f4mico e social. Presidente da C\u00e2mara Texana de Com\u00e9rcio no Brasil Sr. Max Paul, com sede no Rio de Janeiro \u2013 Botafogo \u2013 Estado do Rio de Janeiro (na foto da direita para esquerda \u00e9 o segundo) Parceria com a Editora Eiros, para levar os projetos para o Mali e se estendendo ao AES. A EDITORA, foi fundada pelo Professor Odair Marques da Silva, um acad\u00eamico com uma trajet\u00f3ria impressionante e diversificada. Com doutorado em Ci\u00eancias da Cultura pela Universidade de Tr\u00e1s-os-Montes e Alto Douro (UTAD) em Portugal, p\u00f3s-gradua\u00e7\u00e3o em An\u00e1lise de Sistemas pela PUCCAMP e Mestrado em Gest\u00e3o pela FEM\/UNICAMP, Professor Odair possui uma s\u00f3lida forma\u00e7\u00e3o acad\u00eamica. Ele atuou como docente na P\u00f3s-gradua\u00e7\u00e3o em Pedagogia Social no UNISAL em Campinas\/SP e fez parte do projeto TIME, coordenado pelo NIED\/UNICAMP, contribuindo significativamente em projetos de novas m\u00eddias e tecnologias aplicadas \u00e0 educa\u00e7\u00e3o. Sua experi\u00eancia inclui tamb\u00e9m a gest\u00e3o p\u00fablica, tendo sido Secret\u00e1rio Municipal de Educa\u00e7\u00e3o em Hortol\u00e2ndia\/SP, Diretor da FUMEC-Campinas e Coordenador do Centro Cultural de Integra\u00e7\u00e3o Social \u2013 Cisguanabara, da UNICAMP. Atualmente, Professor Odair est\u00e1 dedicado a projetos que envolvem o continente africano e din\u00e2micas que promovem a \u00c1frica contempor\u00e2nea, como a curadoria da Mostra Cultural Afrifuturista. Com essa vasta experi\u00eancia e paix\u00e3o pela educa\u00e7\u00e3o e cultura, a Editora Eiros se compromete a apoiar novos autores em suas jornadas de publica\u00e7\u00e3o, oferecendo servi\u00e7os editoriais completos e personalizados. Nosso objetivo \u00e9 transformar manuscritos em obras de alta qualidade, ajudando autores a encontrar suas vozes e alcan\u00e7ar o sucesso liter\u00e1rio. Na Editora Eiros, cada livro \u00e9 uma oportunidade de compartilhar conhecimento e inspirar leitores ao redor do mundo. Nossa miss\u00e3o \u00e9 promover a educa\u00e7\u00e3o de qualidade atrav\u00e9s da publica\u00e7\u00e3o de livros did\u00e1ticos e paradid\u00e1ticos que valorizem e difundam o conhecimento sobre \u00c1frica, africanidades, cultura ind\u00edgena e afro brasilidades. Comprometemo-nos a fornecer recursos educativos que enrique\u00e7am o curr\u00edculo escolar e promovam a conscientiza\u00e7\u00e3o cultural, hist\u00f3rica e atual, preparando os alunos para um mundo mais justo e inclusivo. \u201d \u00a0 Ser a Editora l\u00edder de mercado dentro de nossos eixos tem\u00e1ticos, reconhecida pela excel\u00eancia na produ\u00e7\u00e3o de conte\u00fado educativo que celebra a diversidade cultural, contribuindo para a forma\u00e7\u00e3o de uma sociedade equitativa e antirracista. Educa\u00e7\u00e3o de qualidade: Compromisso com a produ\u00e7\u00e3o de materiais educativos que sejam rigorosos, acess\u00edveis e relevantes para o p\u00fablico-alvo. Equidade e inclus\u00e3o: Promo\u00e7\u00e3o de pr\u00e1ticas inclusivas que garantam a representa\u00e7\u00e3o e valoriza\u00e7\u00e3o de todas as culturas e etnias. Respeito \u00e0 diversidade: Valoriza\u00e7\u00e3o e respeito pelas diversas culturas e hist\u00f3rias que comp\u00f5em a sociedade brasileira. Integridade: Manter padr\u00f5es \u00e9ticos elevados em todas as opera\u00e7\u00f5es e intera\u00e7\u00f5es, garantindo transpar\u00eancia e honestidade. Inova\u00e7\u00e3o: Busca cont\u00ednua por m\u00e9todos e abordagens inovadoras para enriquecer o aprendizado e engajar os estudantes. Combate ao racismo: Compromisso firme em combater todas as formas de racismo atrav\u00e9s da educa\u00e7\u00e3o e da promo\u00e7\u00e3o de uma sociedade mais justa e igualit\u00e1ria. \u00a0 Site \u00c1frica Atual O site www.africaatual.com.br, nasce com o prop\u00f3sito de divulgar os pa\u00edses africanos no Brasil. Com uma perspectiva inovadora e diferenciada, a partir de um\" \/>\n<meta property=\"og:url\" content=\"https:\/\/africaatual.com.br\/index.php\/2025\/12\/15\/reunioes-e-visita-do-ex-ministro-oumarou-diarra-ao-brasil\/\" \/>\n<meta property=\"og:site_name\" content=\"africaatual.com.br\" \/>\n<meta property=\"article:published_time\" content=\"2025-12-15T19:21:52+00:00\" \/>\n<meta property=\"article:modified_time\" content=\"2025-12-15T23:54:56+00:00\" \/>\n<meta property=\"og:image\" content=\"http:\/\/africaatual.com.br\/wp-content\/uploads\/2025\/12\/O-BNDES-Garagem-e-o-programa-do-Banco-Nacional-de-Desenvolvimento-Economico-e-Social-BNDES-de-incentivo-a-startups-que-promove-e-incentiva-acoes-empreendedoras-em-todo-o-Brasil.-A-iniciativa-e-u-6-1.jpg\" \/>\n\t<meta property=\"og:image:width\" content=\"1080\" \/>\n\t<meta property=\"og:image:height\" content=\"1080\" \/>\n\t<meta property=\"og:image:type\" content=\"image\/jpeg\" \/>\n<meta name=\"author\" content=\"Isabel Xavier\" \/>\n<meta name=\"twitter:card\" content=\"summary_large_image\" \/>\n<meta name=\"twitter:label1\" content=\"Escrito por\" \/>\n\t<meta name=\"twitter:data1\" content=\"Isabel Xavier\" \/>\n\t<meta name=\"twitter:label2\" content=\"Est. tempo de leitura\" \/>\n\t<meta name=\"twitter:data2\" content=\"37 minutos\" \/>\n<script type=\"application\/ld+json\" class=\"yoast-schema-graph\">{\"@context\":\"https:\\\/\\\/schema.org\",\"@graph\":[{\"@type\":\"Article\",\"@id\":\"https:\\\/\\\/africaatual.com.br\\\/index.php\\\/2025\\\/12\\\/15\\\/reunioes-e-visita-do-ex-ministro-oumarou-diarra-ao-brasil\\\/#article\",\"isPartOf\":{\"@id\":\"https:\\\/\\\/africaatual.com.br\\\/index.php\\\/2025\\\/12\\\/15\\\/reunioes-e-visita-do-ex-ministro-oumarou-diarra-ao-brasil\\\/\"},\"author\":{\"name\":\"Isabel Xavier\",\"@id\":\"https:\\\/\\\/africaatual.com.br\\\/#\\\/schema\\\/person\\\/275270ccd0d657af28fbd625ba218b9e\"},\"headline\":\"Reuni\u00f5es e visita do ex-ministro Oumarou Diarra ao Brasil\",\"datePublished\":\"2025-12-15T19:21:52+00:00\",\"dateModified\":\"2025-12-15T23:54:56+00:00\",\"mainEntityOfPage\":{\"@id\":\"https:\\\/\\\/africaatual.com.br\\\/index.php\\\/2025\\\/12\\\/15\\\/reunioes-e-visita-do-ex-ministro-oumarou-diarra-ao-brasil\\\/\"},\"wordCount\":5726,\"commentCount\":0,\"publisher\":{\"@id\":\"https:\\\/\\\/africaatual.com.br\\\/#organization\"},\"image\":{\"@id\":\"https:\\\/\\\/africaatual.com.br\\\/index.php\\\/2025\\\/12\\\/15\\\/reunioes-e-visita-do-ex-ministro-oumarou-diarra-ao-brasil\\\/#primaryimage\"},\"thumbnailUrl\":\"https:\\\/\\\/africaatual.com.br\\\/wp-content\\\/uploads\\\/2025\\\/12\\\/O-BNDES-Garagem-e-o-programa-do-Banco-Nacional-de-Desenvolvimento-Economico-e-Social-BNDES-de-incentivo-a-startups-que-promove-e-incentiva-acoes-empreendedoras-em-todo-o-Brasil.-A-iniciativa-e-u-6-1.jpg\",\"keywords\":[\"Mali\"],\"articleSection\":[\"Blog\"],\"inLanguage\":\"pt-BR\",\"potentialAction\":[{\"@type\":\"CommentAction\",\"name\":\"Comment\",\"target\":[\"https:\\\/\\\/africaatual.com.br\\\/index.php\\\/2025\\\/12\\\/15\\\/reunioes-e-visita-do-ex-ministro-oumarou-diarra-ao-brasil\\\/#respond\"]}]},{\"@type\":\"WebPage\",\"@id\":\"https:\\\/\\\/africaatual.com.br\\\/index.php\\\/2025\\\/12\\\/15\\\/reunioes-e-visita-do-ex-ministro-oumarou-diarra-ao-brasil\\\/\",\"url\":\"https:\\\/\\\/africaatual.com.br\\\/index.php\\\/2025\\\/12\\\/15\\\/reunioes-e-visita-do-ex-ministro-oumarou-diarra-ao-brasil\\\/\",\"name\":\"Reuni\u00f5es e visita do ex-ministro Oumarou Diarra ao Brasil - africaatual.com.br\",\"isPartOf\":{\"@id\":\"https:\\\/\\\/africaatual.com.br\\\/#website\"},\"primaryImageOfPage\":{\"@id\":\"https:\\\/\\\/africaatual.com.br\\\/index.php\\\/2025\\\/12\\\/15\\\/reunioes-e-visita-do-ex-ministro-oumarou-diarra-ao-brasil\\\/#primaryimage\"},\"image\":{\"@id\":\"https:\\\/\\\/africaatual.com.br\\\/index.php\\\/2025\\\/12\\\/15\\\/reunioes-e-visita-do-ex-ministro-oumarou-diarra-ao-brasil\\\/#primaryimage\"},\"thumbnailUrl\":\"https:\\\/\\\/africaatual.com.br\\\/wp-content\\\/uploads\\\/2025\\\/12\\\/O-BNDES-Garagem-e-o-programa-do-Banco-Nacional-de-Desenvolvimento-Economico-e-Social-BNDES-de-incentivo-a-startups-que-promove-e-incentiva-acoes-empreendedoras-em-todo-o-Brasil.-A-iniciativa-e-u-6-1.jpg\",\"datePublished\":\"2025-12-15T19:21:52+00:00\",\"dateModified\":\"2025-12-15T23:54:56+00:00\",\"breadcrumb\":{\"@id\":\"https:\\\/\\\/africaatual.com.br\\\/index.php\\\/2025\\\/12\\\/15\\\/reunioes-e-visita-do-ex-ministro-oumarou-diarra-ao-brasil\\\/#breadcrumb\"},\"inLanguage\":\"pt-BR\",\"potentialAction\":[{\"@type\":\"ReadAction\",\"target\":[\"https:\\\/\\\/africaatual.com.br\\\/index.php\\\/2025\\\/12\\\/15\\\/reunioes-e-visita-do-ex-ministro-oumarou-diarra-ao-brasil\\\/\"]}]},{\"@type\":\"ImageObject\",\"inLanguage\":\"pt-BR\",\"@id\":\"https:\\\/\\\/africaatual.com.br\\\/index.php\\\/2025\\\/12\\\/15\\\/reunioes-e-visita-do-ex-ministro-oumarou-diarra-ao-brasil\\\/#primaryimage\",\"url\":\"https:\\\/\\\/africaatual.com.br\\\/wp-content\\\/uploads\\\/2025\\\/12\\\/O-BNDES-Garagem-e-o-programa-do-Banco-Nacional-de-Desenvolvimento-Economico-e-Social-BNDES-de-incentivo-a-startups-que-promove-e-incentiva-acoes-empreendedoras-em-todo-o-Brasil.-A-iniciativa-e-u-6-1.jpg\",\"contentUrl\":\"https:\\\/\\\/africaatual.com.br\\\/wp-content\\\/uploads\\\/2025\\\/12\\\/O-BNDES-Garagem-e-o-programa-do-Banco-Nacional-de-Desenvolvimento-Economico-e-Social-BNDES-de-incentivo-a-startups-que-promove-e-incentiva-acoes-empreendedoras-em-todo-o-Brasil.-A-iniciativa-e-u-6-1.jpg\",\"width\":1080,\"height\":1080},{\"@type\":\"BreadcrumbList\",\"@id\":\"https:\\\/\\\/africaatual.com.br\\\/index.php\\\/2025\\\/12\\\/15\\\/reunioes-e-visita-do-ex-ministro-oumarou-diarra-ao-brasil\\\/#breadcrumb\",\"itemListElement\":[{\"@type\":\"ListItem\",\"position\":1,\"name\":\"In\u00edcio\",\"item\":\"https:\\\/\\\/africaatual.com.br\\\/\"},{\"@type\":\"ListItem\",\"position\":2,\"name\":\"Reuni\u00f5es e visita do ex-ministro Oumarou Diarra ao Brasil\"}]},{\"@type\":\"WebSite\",\"@id\":\"https:\\\/\\\/africaatual.com.br\\\/#website\",\"url\":\"https:\\\/\\\/africaatual.com.br\\\/\",\"name\":\"africaatual.com.br\",\"description\":\"O Atlas Geocultural da \u00c1frica \u00e9 um rico material de leitura e pesquisa, que visa apresentar de forma atual os pa\u00edses africanos, ainda t\u00e3o pouco conhecidos.\",\"publisher\":{\"@id\":\"https:\\\/\\\/africaatual.com.br\\\/#organization\"},\"potentialAction\":[{\"@type\":\"SearchAction\",\"target\":{\"@type\":\"EntryPoint\",\"urlTemplate\":\"https:\\\/\\\/africaatual.com.br\\\/?s={search_term_string}\"},\"query-input\":{\"@type\":\"PropertyValueSpecification\",\"valueRequired\":true,\"valueName\":\"search_term_string\"}}],\"inLanguage\":\"pt-BR\"},{\"@type\":\"Organization\",\"@id\":\"https:\\\/\\\/africaatual.com.br\\\/#organization\",\"name\":\"africaatual.com.br\",\"url\":\"https:\\\/\\\/africaatual.com.br\\\/\",\"logo\":{\"@type\":\"ImageObject\",\"inLanguage\":\"pt-BR\",\"@id\":\"https:\\\/\\\/africaatual.com.br\\\/#\\\/schema\\\/logo\\\/image\\\/\",\"url\":\"http:\\\/\\\/africaatual.com.br\\\/wp-content\\\/uploads\\\/2023\\\/06\\\/LOGOEIROS_Prancheta-1-tipo-preto.png\",\"contentUrl\":\"http:\\\/\\\/africaatual.com.br\\\/wp-content\\\/uploads\\\/2023\\\/06\\\/LOGOEIROS_Prancheta-1-tipo-preto.png\",\"width\":1667,\"height\":730,\"caption\":\"africaatual.com.br\"},\"image\":{\"@id\":\"https:\\\/\\\/africaatual.com.br\\\/#\\\/schema\\\/logo\\\/image\\\/\"}},{\"@type\":\"Person\",\"@id\":\"https:\\\/\\\/africaatual.com.br\\\/#\\\/schema\\\/person\\\/275270ccd0d657af28fbd625ba218b9e\",\"name\":\"Isabel Xavier\",\"image\":{\"@type\":\"ImageObject\",\"inLanguage\":\"pt-BR\",\"@id\":\"https:\\\/\\\/secure.gravatar.com\\\/avatar\\\/a917370c365d1c248cd5fe4fc02ff6a26d8a5ef7f28c3c7e41757c19a93a954b?s=96&d=mm&r=g\",\"url\":\"https:\\\/\\\/secure.gravatar.com\\\/avatar\\\/a917370c365d1c248cd5fe4fc02ff6a26d8a5ef7f28c3c7e41757c19a93a954b?s=96&d=mm&r=g\",\"contentUrl\":\"https:\\\/\\\/secure.gravatar.com\\\/avatar\\\/a917370c365d1c248cd5fe4fc02ff6a26d8a5ef7f28c3c7e41757c19a93a954b?s=96&d=mm&r=g\",\"caption\":\"Isabel Xavier\"},\"url\":\"https:\\\/\\\/africaatual.com.br\\\/index.php\\\/author\\\/webdesign-yta\\\/\"}]}<\/script>\n<!-- \/ Yoast SEO plugin. -->","yoast_head_json":{"title":"Reuni\u00f5es e visita do ex-ministro Oumarou Diarra ao Brasil - africaatual.com.br","robots":{"index":"index","follow":"follow","max-snippet":"max-snippet:-1","max-image-preview":"max-image-preview:large","max-video-preview":"max-video-preview:-1"},"canonical":"https:\/\/africaatual.com.br\/index.php\/2025\/12\/15\/reunioes-e-visita-do-ex-ministro-oumarou-diarra-ao-brasil\/","og_locale":"pt_BR","og_type":"article","og_title":"Reuni\u00f5es e visita do ex-ministro Oumarou Diarra ao Brasil - africaatual.com.br","og_description":"COMENDADOR JOS\u00c9 FERREIRA Empres\u00e1rio; Matem\u00e1tico; Banc\u00e1rio; Jornalista; Palestrante; Professor; Consultor; Cliente Success; Arquiteto de Solu\u00e7\u00f5es; CEO do Grupo Infinity Bank, CEO Financeiro da CECCI \u00a0&#8211; CPLP para Am\u00e9rica Latina M\u00e9xico e \u00c1frica Central; Especialista: em Mercado Financeiro, em Opera\u00e7\u00f5es Estruturadas, em Montagem de Bancos Digitais e Fintechs, em Recupera\u00e7\u00e3o de Empresas,\u00a0 em projetos de Reengenharia e Constru\u00e7\u00e3o Civil, em Infraestrutura, em Moedas Digitais; Conselheiro da C\u00e2mara Texana de Com\u00e9rcio no Brasil; Diretor Financeiro do Instituto Azusa; Superintendente\u00a0 Nacional de An\u00e1lise de Viabilidade Econ\u00f4mica e Financeira da Confedera\u00e7\u00e3o do Elo Social Brasil; Agente Especial de Assuntos Internacionais da Amabazonia (Camar\u00f5es do Sul); Agente Especial de Assuntos Corporativos do Prefeitura de Itirapu\u00e3 -S\u00e3o Paulo. \ud83c\uddeb\ud83c\uddf7\u00a0 Version fran\u00e7aise disponible \u2014 cliquez ici. No dia 26 de novembro de 2025, em S\u00e3o Paulo, reuni com o Vossa Excel\u00eancia o EX Ministro respons\u00e1vel pela A\u00e7\u00e3o Humanit\u00e1ria, Solidariedade, Refugiados e Deslocados do Mali o Sr Oumarou Diarra, para tratativas do desenvolvimento econ\u00f4mico, social e ambiental para melhoria da qualidade de vida dos Malineses, aumento do PIB (Produto Interno Bruto), industrializa\u00e7\u00e3o e combate ao Terrorismo e a fome. Mediante esta proposta de desenvolvimento, eu, Comendador Jos\u00e9 Ferreira, levei o Ex Ministro a se reunir e participar de dois eventos mais importantes no Pa\u00eds Brasil, para levar a mensagem da nova gest\u00e3o pol\u00edtica do Mali e do povo \u00e0s autoridades e empres\u00e1rios brasileiros. Pauta das reuni\u00f5es nos dias 26 e 28 de novembro de 2025 em S\u00e3o Paulo entre o Comendador Jos\u00e9 Ferreira, EX Ministro respons\u00e1vel pela A\u00e7\u00e3o Humanit\u00e1ria, Solidariedade, Refugiados e Deslocados do Mali o Sr Oumarou Diarra e Adama Konat\u00e9 (Presidente da Uni\u00e3o do Maliana de S\u00e3o Paulo Brasil _ UMSB): Desenvolvimento Econ\u00f4mico, Social e Meio Ambiente do Investimentos bilaterais para industrializa\u00e7\u00e3o e gera\u00e7\u00e3o de empregos; Investimentos para desenvolvimento de energias renov\u00e1veis e sustent\u00e1veis. Readequa\u00e7\u00e3o do sistema financeiro e montagem de Bancos Digitais. Constru\u00e7\u00e3o de novos aeroportos e cria\u00e7\u00e3o de voos internacionais Mali direto ao Brasil. Constru\u00e7\u00e3o de ferrovias (trens e metr\u00f4s). Desenvolvimento do Agroneg\u00f3cios e agroindustrial no Mali. Reindustrializa\u00e7\u00e3o e explora\u00e7\u00e3o de (petr\u00f3leo, recursos naturais, ouro e minerais nobres). Reestrutura\u00e7\u00e3o da Infraestrutura Rodovi\u00e1rio (estradas, rodovias, ruas avenidas \u201cpavimenta\u00e7\u00e3o asf\u00e1ltica, terraplanagens e drenagem de aguas pluviais\u201d, Portu\u00e1rio, Ferrovi\u00e1rio, Mar\u00edtimo, Transportes e A\u00e9reo. Integra\u00e7\u00e3o Cultural, Artes e Artesanatos. Constru\u00e7\u00e3o Civil de casas, apartamentos e condom\u00ednios. Forma\u00e7\u00e3o de m\u00e3o de obra qualificada para odos os setores primordiais para o desenvolvimento do Mali. Moderniza\u00e7\u00e3o do Sistema Financeiro Banc\u00e1rio e implanta\u00e7\u00e3o de novos produtos como Pix, Drex, bancos digitais, fintechs, criptomoedas e criptoativos e sistema de cust\u00f3dia. Combate ao Terrorismo e a fome. Cria\u00e7\u00e3o de novos m\u00e9todos de industrializa\u00e7\u00e3o de rem\u00e9dios como gen\u00e9rico. Estreitamento pol\u00edtico. Gera\u00e7\u00e3o de empregos e melhoria da qualidade do povo e do Pa\u00eds. Nomea\u00e7\u00e3o do Comendador como Agente Especial de Assuntos Coorporativos internacional no Brasil pelo Mali. Reuni\u00f5es com autoridades brasileira e participa\u00e7\u00e3o em eventos comemorativos e de premia\u00e7\u00e3o. Oportunidades aos investidores com seguran\u00e7a do capital investido. Parceira com a C\u00e2mara de Texana de Com\u00e9rcio do Brasil, com o Mali e extens\u00e3o a AES, para desenvolvimento econ\u00f4mico e social. Presidente da C\u00e2mara Texana de Com\u00e9rcio no Brasil Sr. Max Paul, com sede no Rio de Janeiro \u2013 Botafogo \u2013 Estado do Rio de Janeiro (na foto da direita para esquerda \u00e9 o segundo) Parceria com a Editora Eiros, para levar os projetos para o Mali e se estendendo ao AES. A EDITORA, foi fundada pelo Professor Odair Marques da Silva, um acad\u00eamico com uma trajet\u00f3ria impressionante e diversificada. Com doutorado em Ci\u00eancias da Cultura pela Universidade de Tr\u00e1s-os-Montes e Alto Douro (UTAD) em Portugal, p\u00f3s-gradua\u00e7\u00e3o em An\u00e1lise de Sistemas pela PUCCAMP e Mestrado em Gest\u00e3o pela FEM\/UNICAMP, Professor Odair possui uma s\u00f3lida forma\u00e7\u00e3o acad\u00eamica. Ele atuou como docente na P\u00f3s-gradua\u00e7\u00e3o em Pedagogia Social no UNISAL em Campinas\/SP e fez parte do projeto TIME, coordenado pelo NIED\/UNICAMP, contribuindo significativamente em projetos de novas m\u00eddias e tecnologias aplicadas \u00e0 educa\u00e7\u00e3o. Sua experi\u00eancia inclui tamb\u00e9m a gest\u00e3o p\u00fablica, tendo sido Secret\u00e1rio Municipal de Educa\u00e7\u00e3o em Hortol\u00e2ndia\/SP, Diretor da FUMEC-Campinas e Coordenador do Centro Cultural de Integra\u00e7\u00e3o Social \u2013 Cisguanabara, da UNICAMP. Atualmente, Professor Odair est\u00e1 dedicado a projetos que envolvem o continente africano e din\u00e2micas que promovem a \u00c1frica contempor\u00e2nea, como a curadoria da Mostra Cultural Afrifuturista. Com essa vasta experi\u00eancia e paix\u00e3o pela educa\u00e7\u00e3o e cultura, a Editora Eiros se compromete a apoiar novos autores em suas jornadas de publica\u00e7\u00e3o, oferecendo servi\u00e7os editoriais completos e personalizados. Nosso objetivo \u00e9 transformar manuscritos em obras de alta qualidade, ajudando autores a encontrar suas vozes e alcan\u00e7ar o sucesso liter\u00e1rio. Na Editora Eiros, cada livro \u00e9 uma oportunidade de compartilhar conhecimento e inspirar leitores ao redor do mundo. Nossa miss\u00e3o \u00e9 promover a educa\u00e7\u00e3o de qualidade atrav\u00e9s da publica\u00e7\u00e3o de livros did\u00e1ticos e paradid\u00e1ticos que valorizem e difundam o conhecimento sobre \u00c1frica, africanidades, cultura ind\u00edgena e afro brasilidades. Comprometemo-nos a fornecer recursos educativos que enrique\u00e7am o curr\u00edculo escolar e promovam a conscientiza\u00e7\u00e3o cultural, hist\u00f3rica e atual, preparando os alunos para um mundo mais justo e inclusivo. \u201d \u00a0 Ser a Editora l\u00edder de mercado dentro de nossos eixos tem\u00e1ticos, reconhecida pela excel\u00eancia na produ\u00e7\u00e3o de conte\u00fado educativo que celebra a diversidade cultural, contribuindo para a forma\u00e7\u00e3o de uma sociedade equitativa e antirracista. Educa\u00e7\u00e3o de qualidade: Compromisso com a produ\u00e7\u00e3o de materiais educativos que sejam rigorosos, acess\u00edveis e relevantes para o p\u00fablico-alvo. Equidade e inclus\u00e3o: Promo\u00e7\u00e3o de pr\u00e1ticas inclusivas que garantam a representa\u00e7\u00e3o e valoriza\u00e7\u00e3o de todas as culturas e etnias. Respeito \u00e0 diversidade: Valoriza\u00e7\u00e3o e respeito pelas diversas culturas e hist\u00f3rias que comp\u00f5em a sociedade brasileira. Integridade: Manter padr\u00f5es \u00e9ticos elevados em todas as opera\u00e7\u00f5es e intera\u00e7\u00f5es, garantindo transpar\u00eancia e honestidade. Inova\u00e7\u00e3o: Busca cont\u00ednua por m\u00e9todos e abordagens inovadoras para enriquecer o aprendizado e engajar os estudantes. Combate ao racismo: Compromisso firme em combater todas as formas de racismo atrav\u00e9s da educa\u00e7\u00e3o e da promo\u00e7\u00e3o de uma sociedade mais justa e igualit\u00e1ria. \u00a0 Site \u00c1frica Atual O site www.africaatual.com.br, nasce com o prop\u00f3sito de divulgar os pa\u00edses africanos no Brasil. Com uma perspectiva inovadora e diferenciada, a partir de um","og_url":"https:\/\/africaatual.com.br\/index.php\/2025\/12\/15\/reunioes-e-visita-do-ex-ministro-oumarou-diarra-ao-brasil\/","og_site_name":"africaatual.com.br","article_published_time":"2025-12-15T19:21:52+00:00","article_modified_time":"2025-12-15T23:54:56+00:00","og_image":[{"width":1080,"height":1080,"url":"http:\/\/africaatual.com.br\/wp-content\/uploads\/2025\/12\/O-BNDES-Garagem-e-o-programa-do-Banco-Nacional-de-Desenvolvimento-Economico-e-Social-BNDES-de-incentivo-a-startups-que-promove-e-incentiva-acoes-empreendedoras-em-todo-o-Brasil.-A-iniciativa-e-u-6-1.jpg","type":"image\/jpeg"}],"author":"Isabel Xavier","twitter_card":"summary_large_image","twitter_misc":{"Escrito por":"Isabel Xavier","Est. tempo de leitura":"37 minutos"},"schema":{"@context":"https:\/\/schema.org","@graph":[{"@type":"Article","@id":"https:\/\/africaatual.com.br\/index.php\/2025\/12\/15\/reunioes-e-visita-do-ex-ministro-oumarou-diarra-ao-brasil\/#article","isPartOf":{"@id":"https:\/\/africaatual.com.br\/index.php\/2025\/12\/15\/reunioes-e-visita-do-ex-ministro-oumarou-diarra-ao-brasil\/"},"author":{"name":"Isabel Xavier","@id":"https:\/\/africaatual.com.br\/#\/schema\/person\/275270ccd0d657af28fbd625ba218b9e"},"headline":"Reuni\u00f5es e visita do ex-ministro Oumarou Diarra ao Brasil","datePublished":"2025-12-15T19:21:52+00:00","dateModified":"2025-12-15T23:54:56+00:00","mainEntityOfPage":{"@id":"https:\/\/africaatual.com.br\/index.php\/2025\/12\/15\/reunioes-e-visita-do-ex-ministro-oumarou-diarra-ao-brasil\/"},"wordCount":5726,"commentCount":0,"publisher":{"@id":"https:\/\/africaatual.com.br\/#organization"},"image":{"@id":"https:\/\/africaatual.com.br\/index.php\/2025\/12\/15\/reunioes-e-visita-do-ex-ministro-oumarou-diarra-ao-brasil\/#primaryimage"},"thumbnailUrl":"https:\/\/africaatual.com.br\/wp-content\/uploads\/2025\/12\/O-BNDES-Garagem-e-o-programa-do-Banco-Nacional-de-Desenvolvimento-Economico-e-Social-BNDES-de-incentivo-a-startups-que-promove-e-incentiva-acoes-empreendedoras-em-todo-o-Brasil.-A-iniciativa-e-u-6-1.jpg","keywords":["Mali"],"articleSection":["Blog"],"inLanguage":"pt-BR","potentialAction":[{"@type":"CommentAction","name":"Comment","target":["https:\/\/africaatual.com.br\/index.php\/2025\/12\/15\/reunioes-e-visita-do-ex-ministro-oumarou-diarra-ao-brasil\/#respond"]}]},{"@type":"WebPage","@id":"https:\/\/africaatual.com.br\/index.php\/2025\/12\/15\/reunioes-e-visita-do-ex-ministro-oumarou-diarra-ao-brasil\/","url":"https:\/\/africaatual.com.br\/index.php\/2025\/12\/15\/reunioes-e-visita-do-ex-ministro-oumarou-diarra-ao-brasil\/","name":"Reuni\u00f5es e visita do ex-ministro Oumarou Diarra ao Brasil - africaatual.com.br","isPartOf":{"@id":"https:\/\/africaatual.com.br\/#website"},"primaryImageOfPage":{"@id":"https:\/\/africaatual.com.br\/index.php\/2025\/12\/15\/reunioes-e-visita-do-ex-ministro-oumarou-diarra-ao-brasil\/#primaryimage"},"image":{"@id":"https:\/\/africaatual.com.br\/index.php\/2025\/12\/15\/reunioes-e-visita-do-ex-ministro-oumarou-diarra-ao-brasil\/#primaryimage"},"thumbnailUrl":"https:\/\/africaatual.com.br\/wp-content\/uploads\/2025\/12\/O-BNDES-Garagem-e-o-programa-do-Banco-Nacional-de-Desenvolvimento-Economico-e-Social-BNDES-de-incentivo-a-startups-que-promove-e-incentiva-acoes-empreendedoras-em-todo-o-Brasil.-A-iniciativa-e-u-6-1.jpg","datePublished":"2025-12-15T19:21:52+00:00","dateModified":"2025-12-15T23:54:56+00:00","breadcrumb":{"@id":"https:\/\/africaatual.com.br\/index.php\/2025\/12\/15\/reunioes-e-visita-do-ex-ministro-oumarou-diarra-ao-brasil\/#breadcrumb"},"inLanguage":"pt-BR","potentialAction":[{"@type":"ReadAction","target":["https:\/\/africaatual.com.br\/index.php\/2025\/12\/15\/reunioes-e-visita-do-ex-ministro-oumarou-diarra-ao-brasil\/"]}]},{"@type":"ImageObject","inLanguage":"pt-BR","@id":"https:\/\/africaatual.com.br\/index.php\/2025\/12\/15\/reunioes-e-visita-do-ex-ministro-oumarou-diarra-ao-brasil\/#primaryimage","url":"https:\/\/africaatual.com.br\/wp-content\/uploads\/2025\/12\/O-BNDES-Garagem-e-o-programa-do-Banco-Nacional-de-Desenvolvimento-Economico-e-Social-BNDES-de-incentivo-a-startups-que-promove-e-incentiva-acoes-empreendedoras-em-todo-o-Brasil.-A-iniciativa-e-u-6-1.jpg","contentUrl":"https:\/\/africaatual.com.br\/wp-content\/uploads\/2025\/12\/O-BNDES-Garagem-e-o-programa-do-Banco-Nacional-de-Desenvolvimento-Economico-e-Social-BNDES-de-incentivo-a-startups-que-promove-e-incentiva-acoes-empreendedoras-em-todo-o-Brasil.-A-iniciativa-e-u-6-1.jpg","width":1080,"height":1080},{"@type":"BreadcrumbList","@id":"https:\/\/africaatual.com.br\/index.php\/2025\/12\/15\/reunioes-e-visita-do-ex-ministro-oumarou-diarra-ao-brasil\/#breadcrumb","itemListElement":[{"@type":"ListItem","position":1,"name":"In\u00edcio","item":"https:\/\/africaatual.com.br\/"},{"@type":"ListItem","position":2,"name":"Reuni\u00f5es e visita do ex-ministro Oumarou Diarra ao Brasil"}]},{"@type":"WebSite","@id":"https:\/\/africaatual.com.br\/#website","url":"https:\/\/africaatual.com.br\/","name":"africaatual.com.br","description":"O Atlas Geocultural da \u00c1frica \u00e9 um rico material de leitura e pesquisa, que visa apresentar de forma atual os pa\u00edses africanos, ainda t\u00e3o pouco conhecidos.","publisher":{"@id":"https:\/\/africaatual.com.br\/#organization"},"potentialAction":[{"@type":"SearchAction","target":{"@type":"EntryPoint","urlTemplate":"https:\/\/africaatual.com.br\/?s={search_term_string}"},"query-input":{"@type":"PropertyValueSpecification","valueRequired":true,"valueName":"search_term_string"}}],"inLanguage":"pt-BR"},{"@type":"Organization","@id":"https:\/\/africaatual.com.br\/#organization","name":"africaatual.com.br","url":"https:\/\/africaatual.com.br\/","logo":{"@type":"ImageObject","inLanguage":"pt-BR","@id":"https:\/\/africaatual.com.br\/#\/schema\/logo\/image\/","url":"http:\/\/africaatual.com.br\/wp-content\/uploads\/2023\/06\/LOGOEIROS_Prancheta-1-tipo-preto.png","contentUrl":"http:\/\/africaatual.com.br\/wp-content\/uploads\/2023\/06\/LOGOEIROS_Prancheta-1-tipo-preto.png","width":1667,"height":730,"caption":"africaatual.com.br"},"image":{"@id":"https:\/\/africaatual.com.br\/#\/schema\/logo\/image\/"}},{"@type":"Person","@id":"https:\/\/africaatual.com.br\/#\/schema\/person\/275270ccd0d657af28fbd625ba218b9e","name":"Isabel Xavier","image":{"@type":"ImageObject","inLanguage":"pt-BR","@id":"https:\/\/secure.gravatar.com\/avatar\/a917370c365d1c248cd5fe4fc02ff6a26d8a5ef7f28c3c7e41757c19a93a954b?s=96&d=mm&r=g","url":"https:\/\/secure.gravatar.com\/avatar\/a917370c365d1c248cd5fe4fc02ff6a26d8a5ef7f28c3c7e41757c19a93a954b?s=96&d=mm&r=g","contentUrl":"https:\/\/secure.gravatar.com\/avatar\/a917370c365d1c248cd5fe4fc02ff6a26d8a5ef7f28c3c7e41757c19a93a954b?s=96&d=mm&r=g","caption":"Isabel Xavier"},"url":"https:\/\/africaatual.com.br\/index.php\/author\/webdesign-yta\/"}]}},"_links":{"self":[{"href":"https:\/\/africaatual.com.br\/index.php\/wp-json\/wp\/v2\/posts\/13212","targetHints":{"allow":["GET"]}}],"collection":[{"href":"https:\/\/africaatual.com.br\/index.php\/wp-json\/wp\/v2\/posts"}],"about":[{"href":"https:\/\/africaatual.com.br\/index.php\/wp-json\/wp\/v2\/types\/post"}],"author":[{"embeddable":true,"href":"https:\/\/africaatual.com.br\/index.php\/wp-json\/wp\/v2\/users\/2"}],"replies":[{"embeddable":true,"href":"https:\/\/africaatual.com.br\/index.php\/wp-json\/wp\/v2\/comments?post=13212"}],"version-history":[{"count":93,"href":"https:\/\/africaatual.com.br\/index.php\/wp-json\/wp\/v2\/posts\/13212\/revisions"}],"predecessor-version":[{"id":13396,"href":"https:\/\/africaatual.com.br\/index.php\/wp-json\/wp\/v2\/posts\/13212\/revisions\/13396"}],"wp:featuredmedia":[{"embeddable":true,"href":"https:\/\/africaatual.com.br\/index.php\/wp-json\/wp\/v2\/media\/13322"}],"wp:attachment":[{"href":"https:\/\/africaatual.com.br\/index.php\/wp-json\/wp\/v2\/media?parent=13212"}],"wp:term":[{"taxonomy":"category","embeddable":true,"href":"https:\/\/africaatual.com.br\/index.php\/wp-json\/wp\/v2\/categories?post=13212"},{"taxonomy":"post_tag","embeddable":true,"href":"https:\/\/africaatual.com.br\/index.php\/wp-json\/wp\/v2\/tags?post=13212"},{"taxonomy":"palavra-chave","embeddable":true,"href":"https:\/\/africaatual.com.br\/index.php\/wp-json\/wp\/v2\/palavra-chave?post=13212"}],"curies":[{"name":"wp","href":"https:\/\/api.w.org\/{rel}","templated":true}]}}