
{"id":13348,"date":"2025-12-15T20:19:41","date_gmt":"2025-12-15T23:19:41","guid":{"rendered":"https:\/\/africaatual.com.br\/?p=13348"},"modified":"2025-12-15T23:16:00","modified_gmt":"2025-12-16T02:16:00","slug":"le-bresil-et-le-mali-renforcent-le-dialogue-sur-le-developpement-les-investissements-et-la-cooperation-internationale","status":"publish","type":"post","link":"https:\/\/africaatual.com.br\/index.php\/2025\/12\/15\/le-bresil-et-le-mali-renforcent-le-dialogue-sur-le-developpement-les-investissements-et-la-cooperation-internationale\/","title":{"rendered":"Le Br\u00e9sil et le Mali renforcent le dialogue sur le d\u00e9veloppement, les investissements et la coop\u00e9ration internationale"},"content":{"rendered":"\t\t<div data-elementor-type=\"wp-post\" data-elementor-id=\"13348\" class=\"elementor elementor-13348\">\n\t\t\t\t<div class=\"elementor-element elementor-element-9f2889b e-flex e-con-boxed wpr-particle-no wpr-jarallax-no wpr-parallax-no wpr-sticky-section-no wpr-equal-height-no e-con e-parent\" data-id=\"9f2889b\" data-element_type=\"container\" data-e-type=\"container\">\n\t\t\t\t\t<div class=\"e-con-inner\">\n\t\t<div class=\"elementor-element elementor-element-044cefc e-con-full e-flex wpr-particle-no wpr-jarallax-no wpr-parallax-no wpr-sticky-section-no wpr-equal-height-no e-con e-child\" data-id=\"044cefc\" data-element_type=\"container\" data-e-type=\"container\">\n\t\t\t\t<div class=\"elementor-element elementor-element-89ac90f elementor-widget elementor-widget-image\" data-id=\"89ac90f\" data-element_type=\"widget\" data-e-type=\"widget\" data-widget_type=\"image.default\">\n\t\t\t\t<div class=\"elementor-widget-container\">\n\t\t\t\t\t\t\t\t\t\t\t\t\t\t\t<img fetchpriority=\"high\" decoding=\"async\" width=\"381\" height=\"392\" src=\"https:\/\/africaatual.com.br\/wp-content\/uploads\/2025\/12\/image1-1.jpeg\" class=\"attachment-large size-large wp-image-13314\" alt=\"\" srcset=\"https:\/\/africaatual.com.br\/wp-content\/uploads\/2025\/12\/image1-1.jpeg 381w, https:\/\/africaatual.com.br\/wp-content\/uploads\/2025\/12\/image1-1-292x300.jpeg 292w\" sizes=\"(max-width: 381px) 100vw, 381px\" \/>\t\t\t\t\t\t\t\t\t\t\t\t\t\t\t<\/div>\n\t\t\t\t<\/div>\n\t\t\t\t<\/div>\n\t\t<div class=\"elementor-element elementor-element-d28dd3f e-con-full e-flex wpr-particle-no wpr-jarallax-no wpr-parallax-no wpr-sticky-section-no wpr-equal-height-no e-con e-child\" data-id=\"d28dd3f\" data-element_type=\"container\" data-e-type=\"container\">\n\t\t\t\t<div class=\"elementor-element elementor-element-779a972 elementor-widget elementor-widget-heading\" data-id=\"779a972\" data-element_type=\"widget\" data-e-type=\"widget\" data-widget_type=\"heading.default\">\n\t\t\t\t<div class=\"elementor-widget-container\">\n\t\t\t\t\t<h2 class=\"elementor-heading-title elementor-size-default\">Commandant Jos\u00e9 Ferreira de Morais : <\/h2>\t\t\t\t<\/div>\n\t\t\t\t<\/div>\n\t\t<div class=\"elementor-element elementor-element-3db30bb e-con-full e-flex wpr-particle-no wpr-jarallax-no wpr-parallax-no wpr-sticky-section-no wpr-equal-height-no e-con e-child\" data-id=\"3db30bb\" data-element_type=\"container\" data-e-type=\"container\">\n\t\t\t\t<div class=\"elementor-element elementor-element-90d7123 elementor-widget elementor-widget-text-editor\" data-id=\"90d7123\" data-element_type=\"widget\" data-e-type=\"widget\" data-widget_type=\"text-editor.default\">\n\t\t\t\t<div class=\"elementor-widget-container\">\n\t\t\t\t\t\t\t\t\tEntrepreneur ; Math\u00e9maticien ; Banquier ; Journaliste ; Conf\u00e9rencier ; Professeur ; Consultant ; Responsable de la r\u00e9ussite client ; Architecte de solutions ; PDG du Groupe Infinity Bank, Directeur Financier de CECCI &#8211; CPLP pour l\u2019Am\u00e9rique latine, le Mexique et l\u2019Afrique Centrale ; Sp\u00e9cialiste des march\u00e9s financiers, des op\u00e9rations structur\u00e9es, de la mise en place de banques num\u00e9riques et de fintechs, du redressement d\u2019entreprises, de la r\u00e9ing\u00e9nierie et des projets de g\u00e9nie civil, des infrastructures et des monnaies num\u00e9riques ; Conseiller aupr\u00e8s de la Chambre de commerce du Texas au Br\u00e9sil ; Directeur financier de l\u2019Institut Azusa ; Surintendant national des analyses de faisabilit\u00e9 \u00e9conomique et financi\u00e8re de la Conf\u00e9d\u00e9ration Elo Social Br\u00e9sil ; Agent sp\u00e9cial pour les affaires internationales d\u2019Amabazonia (Sud-Cameroun) ; Agent sp\u00e9cial pour les affaires corporatives de la municipalit\u00e9 d\u2019Itirapu\u00e3 &#8211; S\u00e3o Paulo.\t\t\t\t\t\t\t\t<\/div>\n\t\t\t\t<\/div>\n\t\t\t\t<\/div>\n\t\t\t\t<\/div>\n\t\t\t\t\t<\/div>\n\t\t\t\t<\/div>\n\t\t<div class=\"elementor-element elementor-element-22087b5c e-flex e-con-boxed wpr-particle-no wpr-jarallax-no wpr-parallax-no wpr-sticky-section-no wpr-equal-height-no e-con e-parent\" data-id=\"22087b5c\" data-element_type=\"container\" data-e-type=\"container\">\n\t\t\t\t\t<div class=\"e-con-inner\">\n\t\t\t\t<div class=\"elementor-element elementor-element-76a6581f elementor-widget elementor-widget-text-editor\" data-id=\"76a6581f\" data-element_type=\"widget\" data-e-type=\"widget\" data-widget_type=\"text-editor.default\">\n\t\t\t\t<div class=\"elementor-widget-container\">\n\t\t\t\t\t\t\t\t\t<p><em>Le <strong>26 novembre 2025<\/strong>, \u00e0 <strong>S\u00e3o Paulo<\/strong>, j&#8217;ai rencontr\u00e9 Son Excellence <\/em><strong><em>L&#8217;ancien Ministre charg\u00e9 de l&#8217;Action humanitaire, de la Solidarit\u00e9, des R\u00e9fugi\u00e9s et des Personnes d\u00e9plac\u00e9es au Mali, M. Oumarou Diarra<\/em><\/strong><em>, pour discuter du d\u00e9veloppement \u00e9conomique, social et environnemental visant \u00e0 am\u00e9liorer la qualit\u00e9 de vie du peuple malien, \u00e0 augmenter le PIB (Produit int\u00e9rieur brut), \u00e0 favoriser l&#8217;industrialisation et \u00e0 lutter contre le terrorisme et la faim.<\/em><\/p><p><strong><em>\u00a0<\/em><\/strong><\/p><p><em>Sur la base de cette proposition de d\u00e9veloppement, moi, le <strong>Commandant Jos\u00e9 Ferreira<\/strong>, ai fait en sorte que le <strong>L\u2019ancien<\/strong> <strong>Ministre rencontre et participe \u00e0 deux des \u00e9v\u00e9nements<\/strong> les plus importants au <strong>Br\u00e9sil<\/strong>, afin de transmettre le message de la nouvelle direction politique du <strong>Mali et de son peuple aux autorit\u00e9s et aux chefs d&#8217;entreprise br\u00e9siliens.<\/strong><\/em><strong><em>\u00a0<\/em><\/strong><\/p><p><strong><em>\u00a0<\/em><\/strong><\/p><p><strong><em>Ordre<\/em><\/strong> du jour <strong><em>des rencontres<\/em><\/strong> des <strong>26<\/strong> et <strong>28 <em>novembre 2025<\/em><\/strong> \u00e0 <strong><em>S\u00e3o Paulo<\/em><\/strong> entre le <strong><em>Commandant Jos\u00e9 Ferreira, le <\/em><\/strong><strong><em>L&#8217;ancien Ministre charg\u00e9 de l&#8217;Action humanitaire, de la Solidarit\u00e9, des R\u00e9fugi\u00e9s et des Personnes d\u00e9plac\u00e9es au Mali, M. Oumarou Diarra<\/em><\/strong><em>,<strong>, et Adama Konat\u00e9 (Pr\u00e9sident de l&#8217;Union Maliana de S\u00e3o Paulo, Br\u00e9sil &#8211; UMSB) :<\/strong><\/em><\/p><ul><li>\u00a0 D\u00e9veloppement \u00e9conomique, social et environnemental du <strong><em>Mali.<\/em><\/strong><\/li><li>\u00a0Investissements bilat\u00e9raux pour l&#8217;industrialisation et la cr\u00e9ation d&#8217;emplois.<\/li><li>Investissements pour le d\u00e9veloppement des \u00e9nergies renouvelables et durables.<\/li><li>Restructuration du syst\u00e8me financier et cr\u00e9ation de banques num\u00e9riques.\u00a7\u00a0 Construction de nouveaux a\u00e9roports et cr\u00e9ation de vols internationaux directs entre le <strong><em>Mali et le Br\u00e9sil<\/em><\/strong>.<\/li><li>Construction de voies ferr\u00e9es (trains et m\u00e9tros).<\/li><li>D\u00e9veloppement de l&#8217;agro-industrie au <strong><em>Mali.<\/em><\/strong><\/li><li>R\u00e9industrialisation et exploration des ressources naturelles (p\u00e9trole, or et min\u00e9raux pr\u00e9cieux).<\/li><li>Restructuration des infrastructures routi\u00e8res (routes, autoroutes, rues, avenues, enrobage, terrassement et drainage des eaux pluviales), portuaires, ferroviaires, maritimes, de transport et a\u00e9riennes.<\/li><li>Int\u00e9gration culturelle, artisanat et arts.<\/li><li>Construction de logements (maisons, appartements et copropri\u00e9t\u00e9s).<\/li><li>Formation d&#8217;une main-d&#8217;\u0153uvre qualifi\u00e9e pour tous les secteurs essentiels au d\u00e9veloppement du <strong><em>Mali.<\/em><\/strong><\/li><li>\u00a0Modernisation du syst\u00e8me bancaire et financier et mise en \u0153uvre de nouveaux produits tels que <strong><em>Pix, Drex<\/em><\/strong>, les banques num\u00e9riques, les fintechs, les cryptomonnaies et les crypto-actifs, ainsi que les syst\u00e8mes de conservation.<\/li><li>Lutte contre le terrorisme et la faim.<\/li><li>Cr\u00e9ation de nouvelles m\u00e9thodes d&#8217;industrialisation des m\u00e9dicaments, notamment les g\u00e9n\u00e9riques.\u00a7\u00a0 R\u00e9duction des clivages politiques.<\/li><li>Cr\u00e9ation d&#8217;emplois et am\u00e9lioration de la qualit\u00e9 de vie de la population et du pays.\u00a7\u00a0 <strong><em>Nomination <\/em><\/strong>du <strong><em>Commandant<\/em><\/strong> <strong><em>Jos\u00e9 Ferreira <\/em><\/strong>comme Agent sp\u00e9cial pour les affaires internationales des entreprises au <strong><em>Br\u00e9sil par le Mali<\/em><\/strong>.<\/li><li>Rencontres avec les autorit\u00e9s br\u00e9siliennes et participation \u00e0 des c\u00e9r\u00e9monies comm\u00e9moratives et de remise de prix.<\/li><li>Opportunit\u00e9s pour les investisseurs avec s\u00e9curit\u00e9 du capital investi.<\/li><\/ul><ul><li><strong><em>Partenariat <\/em><\/strong><em>avec la <strong>Chambre de commerce du Texas au Br\u00e9sil<\/strong>, avec le Mali et extension \u00e0 l&#8217;AES, pour le d\u00e9veloppement \u00e9conomique et social.<\/em><\/li><\/ul>\t\t\t\t\t\t\t\t<\/div>\n\t\t\t\t<\/div>\n\t\t\t\t\t<\/div>\n\t\t\t\t<\/div>\n\t\t<div class=\"elementor-element elementor-element-05cb4e7 e-flex e-con-boxed wpr-particle-no wpr-jarallax-no wpr-parallax-no wpr-sticky-section-no wpr-equal-height-no e-con e-parent\" data-id=\"05cb4e7\" data-element_type=\"container\" data-e-type=\"container\">\n\t\t\t\t\t<div class=\"e-con-inner\">\n\t\t<div class=\"elementor-element elementor-element-e99a040 e-con-full e-flex wpr-particle-no wpr-jarallax-no wpr-parallax-no wpr-sticky-section-no wpr-equal-height-no e-con e-child\" data-id=\"e99a040\" data-element_type=\"container\" data-e-type=\"container\">\n\t\t\t\t<div class=\"elementor-element elementor-element-af822ed elementor-widget elementor-widget-image\" data-id=\"af822ed\" data-element_type=\"widget\" data-e-type=\"widget\" data-widget_type=\"image.default\">\n\t\t\t\t<div class=\"elementor-widget-container\">\n\t\t\t\t\t\t\t\t\t\t\t\t\t\t\t<img decoding=\"async\" width=\"720\" height=\"541\" src=\"https:\/\/africaatual.com.br\/wp-content\/uploads\/2025\/12\/image2-1.jpeg\" class=\"attachment-large size-large wp-image-13215\" alt=\"\" srcset=\"https:\/\/africaatual.com.br\/wp-content\/uploads\/2025\/12\/image2-1.jpeg 720w, https:\/\/africaatual.com.br\/wp-content\/uploads\/2025\/12\/image2-1-300x225.jpeg 300w\" sizes=\"(max-width: 720px) 100vw, 720px\" \/>\t\t\t\t\t\t\t\t\t\t\t\t\t\t\t<\/div>\n\t\t\t\t<\/div>\n\t\t\t\t<\/div>\n\t\t<div class=\"elementor-element elementor-element-a36b03e e-con-full e-flex wpr-particle-no wpr-jarallax-no wpr-parallax-no wpr-sticky-section-no wpr-equal-height-no e-con e-child\" data-id=\"a36b03e\" data-element_type=\"container\" data-e-type=\"container\">\n\t\t\t\t<div class=\"elementor-element elementor-element-50175a3 elementor-widget elementor-widget-image\" data-id=\"50175a3\" data-element_type=\"widget\" data-e-type=\"widget\" data-widget_type=\"image.default\">\n\t\t\t\t<div class=\"elementor-widget-container\">\n\t\t\t\t\t\t\t\t\t\t\t\t\t\t\t<img decoding=\"async\" width=\"1024\" height=\"822\" src=\"https:\/\/africaatual.com.br\/wp-content\/uploads\/2025\/12\/image3.jpeg\" class=\"attachment-large size-large wp-image-13214\" alt=\"\" srcset=\"https:\/\/africaatual.com.br\/wp-content\/uploads\/2025\/12\/image3.jpeg 1024w, https:\/\/africaatual.com.br\/wp-content\/uploads\/2025\/12\/image3-300x241.jpeg 300w, https:\/\/africaatual.com.br\/wp-content\/uploads\/2025\/12\/image3-768x617.jpeg 768w\" sizes=\"(max-width: 1024px) 100vw, 1024px\" \/>\t\t\t\t\t\t\t\t\t\t\t\t\t\t\t<\/div>\n\t\t\t\t<\/div>\n\t\t\t\t<\/div>\n\t\t\t\t\t<\/div>\n\t\t\t\t<\/div>\n\t\t<div class=\"elementor-element elementor-element-5611dbd e-flex e-con-boxed wpr-particle-no wpr-jarallax-no wpr-parallax-no wpr-sticky-section-no wpr-equal-height-no e-con e-parent\" data-id=\"5611dbd\" data-element_type=\"container\" data-e-type=\"container\">\n\t\t\t\t\t<div class=\"e-con-inner\">\n\t\t\t\t<div class=\"elementor-element elementor-element-70156de elementor-widget elementor-widget-text-editor\" data-id=\"70156de\" data-element_type=\"widget\" data-e-type=\"widget\" data-widget_type=\"text-editor.default\">\n\t\t\t\t<div class=\"elementor-widget-container\">\n\t\t\t\t\t\t\t\t\t<p><em>Le <strong>pr\u00e9sident de la Chambre de commerce du Texas au Br\u00e9sil<\/strong>, <strong>M. Max Paul<\/strong>, dont le si\u00e8ge social est situ\u00e9 \u00e0 Rio de Janeiro \u2013 Botafogo \u2013 \u00c9tat de Rio de Janeiro (deuxi\u00e8me \u00e0 partir de la droite sur la photo)<\/em><strong><em> Br\u00e9sil<\/em><\/strong><em>.<\/em><\/p>\t\t\t\t\t\t\t\t<\/div>\n\t\t\t\t<\/div>\n\t\t\t\t\t<\/div>\n\t\t\t\t<\/div>\n\t\t<div class=\"elementor-element elementor-element-7efa12b e-flex e-con-boxed wpr-particle-no wpr-jarallax-no wpr-parallax-no wpr-sticky-section-no wpr-equal-height-no e-con e-parent\" data-id=\"7efa12b\" data-element_type=\"container\" data-e-type=\"container\">\n\t\t\t\t\t<div class=\"e-con-inner\">\n\t\t\t\t<div class=\"elementor-element elementor-element-45c0ca1 elementor-widget elementor-widget-text-editor\" data-id=\"45c0ca1\" data-element_type=\"widget\" data-e-type=\"widget\" data-widget_type=\"text-editor.default\">\n\t\t\t\t<div class=\"elementor-widget-container\">\n\t\t\t\t\t\t\t\t\t<p><strong><em>PARTENARIAT AVEC EDITORA EIROS DANS LA VILLE DE CAMPINAS, \u00c9TAT DE S\u00c3O PAULO &#8211; BR\u00c9SIL<\/em><\/strong><\/p><ul><li style=\"list-style-type: none;\"><ul><li><strong><em>Partenariat<\/em><\/strong> avec <strong><em>Editora Eiro<\/em>s <\/strong>pour d\u00e9ployer les projets au <strong><em>Mali <\/em><\/strong>et les \u00e9tendre <strong><em>\u00e0 l&#8217;AES<\/em><\/strong>. La maison d&#8217;\u00e9dition a \u00e9t\u00e9 fond\u00e9e par le <strong><em>Professeur Odair Marques da Silva<\/em><\/strong>, universitaire au parcours impressionnant et diversifi\u00e9. Docteur en \u00e9tudes culturelles de l&#8217;Universit\u00e9 de Tr\u00e1s-os-Montes et Alto Douro (<strong><em>UTAD<\/em><\/strong>) au Portugal, titulaire d&#8217;un dipl\u00f4me d&#8217;\u00e9tudes sup\u00e9rieures en analyse des syst\u00e8mes de la <strong><em>PUCCAMP <\/em><\/strong>et d&#8217;un master en management de la <strong><em>FEM\/UNICAMP<\/em><\/strong>, le <strong><em>Professeur Odair<\/em><\/strong> poss\u00e8de une solide formation acad\u00e9mique. Il a enseign\u00e9 au sein du programme de troisi\u00e8me cycle en p\u00e9dagogie sociale de <strong><em>l&#8217;UNISAL<\/em><\/strong> \u00e0 Campinas (SP) et a particip\u00e9 au projet TIME, coordonn\u00e9 par le <strong><em>NIED\/UNICAMP<\/em><\/strong>, contribuant de mani\u00e8re significative \u00e0 des projets sur les nouveaux m\u00e9dias et les technologies appliqu\u00e9s \u00e0 l&#8217;\u00e9ducation. Son exp\u00e9rience comprend \u00e9galement l&#8217;administration publique\u00a0: il a \u00e9t\u00e9 secr\u00e9taire municipal \u00e0 l&#8217;\u00e9ducation d&#8217;Hortol\u00e2ndia (SP), directeur de la <strong><em>FUMEC<\/em><\/strong>-Campinas et coordinateur du Centre culturel d&#8217;int\u00e9gration sociale de Cisguanabara, \u00e0 <strong><em>l&#8217;UNICAMP.<\/em><\/strong><\/li><\/ul><\/li><\/ul>\t\t\t\t\t\t\t\t<\/div>\n\t\t\t\t<\/div>\n\t\t\t\t\t<\/div>\n\t\t\t\t<\/div>\n\t\t<div class=\"elementor-element elementor-element-4d6bb20 e-flex e-con-boxed wpr-particle-no wpr-jarallax-no wpr-parallax-no wpr-sticky-section-no wpr-equal-height-no e-con e-parent\" data-id=\"4d6bb20\" data-element_type=\"container\" data-e-type=\"container\">\n\t\t\t\t\t<div class=\"e-con-inner\">\n\t\t<div class=\"elementor-element elementor-element-5c5184b e-con-full e-flex wpr-particle-no wpr-jarallax-no wpr-parallax-no wpr-sticky-section-no wpr-equal-height-no e-con e-child\" data-id=\"5c5184b\" data-element_type=\"container\" data-e-type=\"container\">\n\t\t\t\t<div class=\"elementor-element elementor-element-87d765a elementor-widget elementor-widget-image\" data-id=\"87d765a\" data-element_type=\"widget\" data-e-type=\"widget\" data-widget_type=\"image.default\">\n\t\t\t\t<div class=\"elementor-widget-container\">\n\t\t\t\t\t\t\t\t\t\t\t\t\t\t\t<img loading=\"lazy\" decoding=\"async\" width=\"628\" height=\"568\" src=\"https:\/\/africaatual.com.br\/wp-content\/uploads\/2025\/12\/image4.jpeg\" class=\"attachment-large size-large wp-image-13216\" alt=\"\" srcset=\"https:\/\/africaatual.com.br\/wp-content\/uploads\/2025\/12\/image4.jpeg 628w, https:\/\/africaatual.com.br\/wp-content\/uploads\/2025\/12\/image4-300x271.jpeg 300w\" sizes=\"(max-width: 628px) 100vw, 628px\" \/>\t\t\t\t\t\t\t\t\t\t\t\t\t\t\t<\/div>\n\t\t\t\t<\/div>\n\t\t\t\t<\/div>\n\t\t<div class=\"elementor-element elementor-element-ffbe063 e-con-full e-flex wpr-particle-no wpr-jarallax-no wpr-parallax-no wpr-sticky-section-no wpr-equal-height-no e-con e-child\" data-id=\"ffbe063\" data-element_type=\"container\" data-e-type=\"container\">\n\t\t\t\t<div class=\"elementor-element elementor-element-bd791df elementor-widget elementor-widget-image\" data-id=\"bd791df\" data-element_type=\"widget\" data-e-type=\"widget\" data-widget_type=\"image.default\">\n\t\t\t\t<div class=\"elementor-widget-container\">\n\t\t\t\t\t\t\t\t\t\t\t\t\t\t\t<img loading=\"lazy\" decoding=\"async\" width=\"168\" height=\"300\" src=\"https:\/\/africaatual.com.br\/wp-content\/uploads\/2025\/12\/image5.jpeg\" class=\"attachment-large size-large wp-image-13217\" alt=\"\" \/>\t\t\t\t\t\t\t\t\t\t\t\t\t\t\t<\/div>\n\t\t\t\t<\/div>\n\t\t\t\t<\/div>\n\t\t\t\t\t<\/div>\n\t\t\t\t<\/div>\n\t\t<div class=\"elementor-element elementor-element-19b5143 e-flex e-con-boxed wpr-particle-no wpr-jarallax-no wpr-parallax-no wpr-sticky-section-no wpr-equal-height-no e-con e-parent\" data-id=\"19b5143\" data-element_type=\"container\" data-e-type=\"container\">\n\t\t\t\t\t<div class=\"e-con-inner\">\n\t\t\t\t<div class=\"elementor-element elementor-element-5e351c0 elementor-widget elementor-widget-text-editor\" data-id=\"5e351c0\" data-element_type=\"widget\" data-e-type=\"widget\" data-widget_type=\"text-editor.default\">\n\t\t\t\t<div class=\"elementor-widget-container\">\n\t\t\t\t\t\t\t\t\t<p>Actuellement, le <strong><em>Professeur Odair<\/em><\/strong> se consacre \u00e0 des projets li\u00e9s au continent africain et \u00e0 des initiatives promouvant l&#8217;Afrique contemporaine, comme le commissariat de l&#8217;Exposition culturelle afrifuturiste. Fort de cette vaste exp\u00e9rience et de sa passion pour l&#8217;\u00e9ducation et la culture, Eiros Publishing s&#8217;engage \u00e0 accompagner les nouveaux auteurs dans leur parcours \u00e9ditorial, en leur offrant des services \u00e9ditoriaux complets et personnalis\u00e9s. Notre objectif est de transformer les manuscrits en \u0153uvres de grande qualit\u00e9, d&#8217;aider les auteurs \u00e0 trouver leur voix et \u00e0 atteindre le succ\u00e8s litt\u00e9raire. Chez Eiros Publishing, chaque livre est une occasion de partager des connaissances et d&#8217;inspirer les lecteurs du monde entier.<\/p><p>Notre mission est de promouvoir une \u00e9ducation de qualit\u00e9 par la publication de manuels scolaires et de ressources p\u00e9dagogiques compl\u00e9mentaires qui valorisent et diffusent les connaissances sur l&#8217;Afrique, le patrimoine africain, les cultures autochtones et la culture afro-br\u00e9silienne. Nous nous engageons \u00e0 fournir des ressources \u00e9ducatives qui enrichissent les programmes scolaires et favorisent la sensibilisation culturelle, historique et contemporaine, pr\u00e9parant ainsi les \u00e9l\u00e8ves \u00e0 un monde plus juste et inclusif.\u00catre l&#8217;<strong><em>\u00e9diteur<\/em><\/strong> leader du march\u00e9 dans nos domaines th\u00e9matiques, reconnu pour l&#8217;excellence de sa production de contenus \u00e9ducatifs qui c\u00e9l\u00e8brent la diversit\u00e9 culturelle, contribuant ainsi \u00e0 la formation d&#8217;une soci\u00e9t\u00e9 \u00e9quitable et antiraciste.<\/p><ul><li><strong><em>\u00c9ducation de qualit\u00e9\u00a0:<\/em><\/strong> Engagement \u00e0 produire des ressources p\u00e9dagogiques rigoureuses, accessibles et adapt\u00e9es au public cible.<\/li><li><strong><em>\u00c9quit\u00e9 et inclusion\u00a0:<\/em><\/strong> Promotion de pratiques inclusives garantissant la repr\u00e9sentation et la valorisation de toutes les cultures et ethnies.<\/li><li><strong><em>Respect de la diversit\u00e9\u00a0:<\/em><\/strong> Valorisation et respect de la diversit\u00e9 culturelle et historique qui compose la soci\u00e9t\u00e9 br\u00e9silienne.<\/li><li><strong><em>Int\u00e9grit\u00e9 :<\/em><\/strong> Maintien de normes \u00e9thiques \u00e9lev\u00e9es dans toutes les op\u00e9rations et interactions, en garantissant transparence et honn\u00eatet\u00e9.<\/li><li><strong><em>Innovation :<\/em><\/strong> Recherche constante de m\u00e9thodes et d&#8217;approches novatrices pour enrichir l&#8217;apprentissage et favoriser l&#8217;engagement des \u00e9l\u00e8ves.<\/li><li><strong><em>Lutte contre le racisme :<\/em><\/strong> Engagement ferme \u00e0 lutter contre toutes les formes de racisme par l&#8217;\u00e9ducation et la promotion d&#8217;une soci\u00e9t\u00e9 plus juste et \u00e9galitaire.\u00a0<\/li><\/ul><p><strong><em>Site web Africa Today<\/em><\/strong><\/p><ul><li>Le site web <a href=\"http:\/\/www.africaatual.com.br\"><strong><em>www.africaatual.com.br<\/em><\/strong><\/a> a \u00e9t\u00e9 cr\u00e9\u00e9 dans le but de promouvoir les pays africains au Br\u00e9sil. Il offre une perspective novatrice et unique, d&#8217;un point de vue br\u00e9silien, afro-descendant et afrocentr\u00e9. <strong><em>Dynamique du contenu.<\/em><\/strong>\u00a0<\/li><li>Le site web www.africaatual.com.br s&#8217;inscrit dans les concepts d&#8217;afrofuturisme et d&#8217;afro-optimisme. Tout en reconnaissant les difficult\u00e9s et les d\u00e9fis auxquels sont confront\u00e9s les pays africains, il s&#8217;aligne \u00e9galement sur les propositions de l&#8217;Union africaine (www.ua.int) visant \u00e0 mettre en lumi\u00e8re les efforts d\u00e9ploy\u00e9s par les peuples et les gouvernements africains pour construire et consolider leurs nations. Parall\u00e8lement, il s&#8217;attache \u00e0 d\u00e9construire les st\u00e9r\u00e9otypes v\u00e9hicul\u00e9s par les m\u00e9dias, les syst\u00e8mes \u00e9ducatifs et les industries culturelles.<\/li><li>Dans cette perspective g\u00e9oculturelle, le site diffusera des informations novatrices sur les pays, leurs avanc\u00e9es en mati\u00e8re d&#8217;infrastructures urbaines, ainsi que sur leurs projets d&#8217;innovation technologique et culturelle, leur d\u00e9veloppement \u00e9conomique et social, leurs universit\u00e9s et leurs centres de recherche.<\/li><\/ul>\t\t\t\t\t\t\t\t<\/div>\n\t\t\t\t<\/div>\n\t\t\t\t\t<\/div>\n\t\t\t\t<\/div>\n\t\t<div class=\"elementor-element elementor-element-4d4f29d e-flex e-con-boxed wpr-particle-no wpr-jarallax-no wpr-parallax-no wpr-sticky-section-no wpr-equal-height-no e-con e-parent\" data-id=\"4d4f29d\" data-element_type=\"container\" data-e-type=\"container\">\n\t\t\t\t\t<div class=\"e-con-inner\">\n\t\t\t\t<div class=\"elementor-element elementor-element-71cf37f elementor-widget elementor-widget-heading\" data-id=\"71cf37f\" data-element_type=\"widget\" data-e-type=\"widget\" data-widget_type=\"heading.default\">\n\t\t\t\t<div class=\"elementor-widget-container\">\n\t\t\t\t\t<h2 class=\"elementor-heading-title elementor-size-default\">\u00c9v\u00e9nement organis\u00e9 le 26 novembre 2025 \u00e0 la salle du conseil municipal de S\u00e3o Paulo \u2013 capitale de l'\u00c9tat de S\u00e3o Paulo.<\/h2>\t\t\t\t<\/div>\n\t\t\t\t<\/div>\n\t\t\t\t\t<\/div>\n\t\t\t\t<\/div>\n\t\t<div class=\"elementor-element elementor-element-0f323ad e-flex e-con-boxed wpr-particle-no wpr-jarallax-no wpr-parallax-no wpr-sticky-section-no wpr-equal-height-no e-con e-parent\" data-id=\"0f323ad\" data-element_type=\"container\" data-e-type=\"container\">\n\t\t\t\t\t<div class=\"e-con-inner\">\n\t\t<div class=\"elementor-element elementor-element-8ca6377 e-con-full e-flex wpr-particle-no wpr-jarallax-no wpr-parallax-no wpr-sticky-section-no wpr-equal-height-no e-con e-child\" data-id=\"8ca6377\" data-element_type=\"container\" data-e-type=\"container\">\n\t\t\t\t<div class=\"elementor-element elementor-element-37f8a00 elementor-widget elementor-widget-image\" data-id=\"37f8a00\" data-element_type=\"widget\" data-e-type=\"widget\" data-widget_type=\"image.default\">\n\t\t\t\t<div class=\"elementor-widget-container\">\n\t\t\t\t\t\t\t\t\t\t\t\t\t\t\t<img loading=\"lazy\" decoding=\"async\" width=\"825\" height=\"500\" src=\"https:\/\/africaatual.com.br\/wp-content\/uploads\/2025\/12\/image6.jpeg\" class=\"attachment-large size-large wp-image-13218\" alt=\"\" srcset=\"https:\/\/africaatual.com.br\/wp-content\/uploads\/2025\/12\/image6.jpeg 825w, https:\/\/africaatual.com.br\/wp-content\/uploads\/2025\/12\/image6-300x182.jpeg 300w, https:\/\/africaatual.com.br\/wp-content\/uploads\/2025\/12\/image6-768x465.jpeg 768w\" sizes=\"(max-width: 825px) 100vw, 825px\" \/>\t\t\t\t\t\t\t\t\t\t\t\t\t\t\t<\/div>\n\t\t\t\t<\/div>\n\t\t\t\t<\/div>\n\t\t<div class=\"elementor-element elementor-element-fcd8869 e-con-full e-flex wpr-particle-no wpr-jarallax-no wpr-parallax-no wpr-sticky-section-no wpr-equal-height-no e-con e-child\" data-id=\"fcd8869\" data-element_type=\"container\" data-e-type=\"container\">\n\t\t\t\t<div class=\"elementor-element elementor-element-fad5cf3 elementor-widget elementor-widget-image\" data-id=\"fad5cf3\" data-element_type=\"widget\" data-e-type=\"widget\" data-widget_type=\"image.default\">\n\t\t\t\t<div class=\"elementor-widget-container\">\n\t\t\t\t\t\t\t\t\t\t\t\t\t\t\t<img loading=\"lazy\" decoding=\"async\" width=\"201\" height=\"251\" src=\"https:\/\/africaatual.com.br\/wp-content\/uploads\/2025\/12\/image7.jpeg\" class=\"attachment-large size-large wp-image-13219\" alt=\"\" \/>\t\t\t\t\t\t\t\t\t\t\t\t\t\t\t<\/div>\n\t\t\t\t<\/div>\n\t\t\t\t<\/div>\n\t\t\t\t\t<\/div>\n\t\t\t\t<\/div>\n\t\t<div class=\"elementor-element elementor-element-6ba98e6 e-flex e-con-boxed wpr-particle-no wpr-jarallax-no wpr-parallax-no wpr-sticky-section-no wpr-equal-height-no e-con e-parent\" data-id=\"6ba98e6\" data-element_type=\"container\" data-e-type=\"container\">\n\t\t\t\t\t<div class=\"e-con-inner\">\n\t\t\t\t<div class=\"elementor-element elementor-element-5b872f1 elementor-widget elementor-widget-text-editor\" data-id=\"5b872f1\" data-element_type=\"widget\" data-e-type=\"widget\" data-widget_type=\"text-editor.default\">\n\t\t\t\t<div class=\"elementor-widget-container\">\n\t\t\t\t\t\t\t\t\t<p><em>Le <strong>Prix d&#8217;Excellence des Affaires 2025<\/strong> est l&#8217;une des distinctions les plus prestigieuses du monde des affaires et de la politique aux Philippines, r\u00e9compensant celles et ceux qui contribuent de mani\u00e8re significative aux secteurs public et priv\u00e9.<\/em><strong><em>\u00c9v\u00e9nement<\/em><\/strong><em> organis\u00e9 par le <strong>conseiller Jo\u00e3o Jorge et le premier vice-pr\u00e9sident de la Chambre de commerce.<\/strong><\/em><\/p>\t\t\t\t\t\t\t\t<\/div>\n\t\t\t\t<\/div>\n\t\t\t\t\t<\/div>\n\t\t\t\t<\/div>\n\t\t<div class=\"elementor-element elementor-element-cdd9ead e-flex e-con-boxed wpr-particle-no wpr-jarallax-no wpr-parallax-no wpr-sticky-section-no wpr-equal-height-no e-con e-parent\" data-id=\"cdd9ead\" data-element_type=\"container\" data-e-type=\"container\">\n\t\t\t\t\t<div class=\"e-con-inner\">\n\t\t<div class=\"elementor-element elementor-element-cce87b0 e-con-full e-flex wpr-particle-no wpr-jarallax-no wpr-parallax-no wpr-sticky-section-no wpr-equal-height-no e-con e-child\" data-id=\"cce87b0\" data-element_type=\"container\" data-e-type=\"container\">\n\t\t\t\t<div class=\"elementor-element elementor-element-d2166b4 elementor-widget__width-initial elementor-widget elementor-widget-image\" data-id=\"d2166b4\" data-element_type=\"widget\" data-e-type=\"widget\" data-widget_type=\"image.default\">\n\t\t\t\t<div class=\"elementor-widget-container\">\n\t\t\t\t\t\t\t\t\t\t\t\t\t\t\t<img loading=\"lazy\" decoding=\"async\" width=\"585\" height=\"602\" src=\"https:\/\/africaatual.com.br\/wp-content\/uploads\/2025\/12\/image8.jpeg\" class=\"attachment-large size-large wp-image-13220\" alt=\"\" srcset=\"https:\/\/africaatual.com.br\/wp-content\/uploads\/2025\/12\/image8.jpeg 585w, https:\/\/africaatual.com.br\/wp-content\/uploads\/2025\/12\/image8-292x300.jpeg 292w\" sizes=\"(max-width: 585px) 100vw, 585px\" \/>\t\t\t\t\t\t\t\t\t\t\t\t\t\t\t<\/div>\n\t\t\t\t<\/div>\n\t\t\t\t<\/div>\n\t\t<div class=\"elementor-element elementor-element-55553e6 e-con-full e-flex wpr-particle-no wpr-jarallax-no wpr-parallax-no wpr-sticky-section-no wpr-equal-height-no e-con e-child\" data-id=\"55553e6\" data-element_type=\"container\" data-e-type=\"container\">\n\t\t\t\t<div class=\"elementor-element elementor-element-aeb425f elementor-widget elementor-widget-image\" data-id=\"aeb425f\" data-element_type=\"widget\" data-e-type=\"widget\" data-widget_type=\"image.default\">\n\t\t\t\t<div class=\"elementor-widget-container\">\n\t\t\t\t\t\t\t\t\t\t\t\t\t\t\t<img loading=\"lazy\" decoding=\"async\" width=\"634\" height=\"593\" src=\"https:\/\/africaatual.com.br\/wp-content\/uploads\/2025\/12\/image9.jpeg\" class=\"attachment-large size-large wp-image-13221\" alt=\"\" srcset=\"https:\/\/africaatual.com.br\/wp-content\/uploads\/2025\/12\/image9.jpeg 634w, https:\/\/africaatual.com.br\/wp-content\/uploads\/2025\/12\/image9-300x281.jpeg 300w\" sizes=\"(max-width: 634px) 100vw, 634px\" \/>\t\t\t\t\t\t\t\t\t\t\t\t\t\t\t<\/div>\n\t\t\t\t<\/div>\n\t\t\t\t<\/div>\n\t\t\t\t\t<\/div>\n\t\t\t\t<\/div>\n\t\t<div class=\"elementor-element elementor-element-b2384a7 e-flex e-con-boxed wpr-particle-no wpr-jarallax-no wpr-parallax-no wpr-sticky-section-no wpr-equal-height-no e-con e-parent\" data-id=\"b2384a7\" data-element_type=\"container\" data-e-type=\"container\">\n\t\t\t\t\t<div class=\"e-con-inner\">\n\t\t\t\t<div class=\"elementor-element elementor-element-0656e55 elementor-widget elementor-widget-text-editor\" data-id=\"0656e55\" data-element_type=\"widget\" data-e-type=\"widget\" data-widget_type=\"text-editor.default\">\n\t\t\t\t<div class=\"elementor-widget-container\">\n\t\t\t\t\t\t\t\t\t<p><strong><em>COMMANDANT JOS\u00c9 FERREIRA <\/em><\/strong>&#8211; Conseiller de la Chambre de commerce du Texas au Br\u00e9sil, PDG du groupe Infinity Bank, surintendant de la Conf\u00e9d\u00e9ration Elo Social Br\u00e9sil, agent sp\u00e9cial pour les affaires internationales d&#8217;Amabazonia (Sud du Cameroun) et agent sp\u00e9cial pour les affaires corporatives de la municipalit\u00e9 d&#8217;Itirapu\u00e3.<\/p>\t\t\t\t\t\t\t\t<\/div>\n\t\t\t\t<\/div>\n\t\t\t\t\t<\/div>\n\t\t\t\t<\/div>\n\t\t<div class=\"elementor-element elementor-element-53dd14d e-flex e-con-boxed wpr-particle-no wpr-jarallax-no wpr-parallax-no wpr-sticky-section-no wpr-equal-height-no e-con e-parent\" data-id=\"53dd14d\" data-element_type=\"container\" data-e-type=\"container\">\n\t\t\t\t\t<div class=\"e-con-inner\">\n\t\t<div class=\"elementor-element elementor-element-f36f4c2 e-con-full e-flex wpr-particle-no wpr-jarallax-no wpr-parallax-no wpr-sticky-section-no wpr-equal-height-no e-con e-child\" data-id=\"f36f4c2\" data-element_type=\"container\" data-e-type=\"container\">\n\t\t\t\t<div class=\"elementor-element elementor-element-36ebbb2 elementor-widget__width-initial elementor-widget elementor-widget-image\" data-id=\"36ebbb2\" data-element_type=\"widget\" data-e-type=\"widget\" data-widget_type=\"image.default\">\n\t\t\t\t<div class=\"elementor-widget-container\">\n\t\t\t\t\t\t\t\t\t\t\t\t\t\t\t<img loading=\"lazy\" decoding=\"async\" width=\"636\" height=\"521\" src=\"https:\/\/africaatual.com.br\/wp-content\/uploads\/2025\/12\/image10.jpeg\" class=\"attachment-large size-large wp-image-13222\" alt=\"\" srcset=\"https:\/\/africaatual.com.br\/wp-content\/uploads\/2025\/12\/image10.jpeg 636w, https:\/\/africaatual.com.br\/wp-content\/uploads\/2025\/12\/image10-300x246.jpeg 300w\" sizes=\"(max-width: 636px) 100vw, 636px\" \/>\t\t\t\t\t\t\t\t\t\t\t\t\t\t\t<\/div>\n\t\t\t\t<\/div>\n\t\t\t\t<\/div>\n\t\t<div class=\"elementor-element elementor-element-6074234 e-con-full e-flex wpr-particle-no wpr-jarallax-no wpr-parallax-no wpr-sticky-section-no wpr-equal-height-no e-con e-child\" data-id=\"6074234\" data-element_type=\"container\" data-e-type=\"container\">\n\t\t\t\t<div class=\"elementor-element elementor-element-7206fe4 elementor-widget elementor-widget-image\" data-id=\"7206fe4\" data-element_type=\"widget\" data-e-type=\"widget\" data-widget_type=\"image.default\">\n\t\t\t\t<div class=\"elementor-widget-container\">\n\t\t\t\t\t\t\t\t\t\t\t\t\t\t\t<img loading=\"lazy\" decoding=\"async\" width=\"622\" height=\"516\" src=\"https:\/\/africaatual.com.br\/wp-content\/uploads\/2025\/12\/image11.jpeg\" class=\"attachment-large size-large wp-image-13223\" alt=\"\" srcset=\"https:\/\/africaatual.com.br\/wp-content\/uploads\/2025\/12\/image11.jpeg 622w, https:\/\/africaatual.com.br\/wp-content\/uploads\/2025\/12\/image11-300x249.jpeg 300w\" sizes=\"(max-width: 622px) 100vw, 622px\" \/>\t\t\t\t\t\t\t\t\t\t\t\t\t\t\t<\/div>\n\t\t\t\t<\/div>\n\t\t\t\t<\/div>\n\t\t\t\t\t<\/div>\n\t\t\t\t<\/div>\n\t\t<div class=\"elementor-element elementor-element-55f8369 e-flex e-con-boxed wpr-particle-no wpr-jarallax-no wpr-parallax-no wpr-sticky-section-no wpr-equal-height-no e-con e-parent\" data-id=\"55f8369\" data-element_type=\"container\" data-e-type=\"container\">\n\t\t\t\t\t<div class=\"e-con-inner\">\n\t\t\t\t<div class=\"elementor-element elementor-element-8c28df0 elementor-widget elementor-widget-text-editor\" data-id=\"8c28df0\" data-element_type=\"widget\" data-e-type=\"widget\" data-widget_type=\"text-editor.default\">\n\t\t\t\t<div class=\"elementor-widget-container\">\n\t\t\t\t\t\t\t\t\t<p><strong><em>FERNANDO MANHOL\u00c9R<\/em><\/strong> (deuxi\u00e8me \u00e0 partir de la droite sur la photo) \u2013 Homme d&#8217;affaires, pr\u00e9sident et propri\u00e9taire de la Hestare Bank, pr\u00e9sident de <strong><em>D&#8217;LA 20<\/em><\/strong> (Forum international pour la d\u00e9mocratie en Am\u00e9rique latine regroupant 20 pays d&#8217;Am\u00e9rique latine), <strong><em>pr\u00e9-candidat \u00e0 la pr\u00e9sidence de la R\u00e9publique du Br\u00e9sil en 2026.<\/em><\/strong><\/p>\t\t\t\t\t\t\t\t<\/div>\n\t\t\t\t<\/div>\n\t\t\t\t\t<\/div>\n\t\t\t\t<\/div>\n\t\t<div class=\"elementor-element elementor-element-4d3fe16 e-flex e-con-boxed wpr-particle-no wpr-jarallax-no wpr-parallax-no wpr-sticky-section-no wpr-equal-height-no e-con e-parent\" data-id=\"4d3fe16\" data-element_type=\"container\" data-e-type=\"container\">\n\t\t\t\t\t<div class=\"e-con-inner\">\n\t\t<div class=\"elementor-element elementor-element-796e18a e-con-full e-flex wpr-particle-no wpr-jarallax-no wpr-parallax-no wpr-sticky-section-no wpr-equal-height-no e-con e-child\" data-id=\"796e18a\" data-element_type=\"container\" data-e-type=\"container\">\n\t\t\t\t<div class=\"elementor-element elementor-element-4846193 elementor-widget elementor-widget-image\" data-id=\"4846193\" data-element_type=\"widget\" data-e-type=\"widget\" data-widget_type=\"image.default\">\n\t\t\t\t<div class=\"elementor-widget-container\">\n\t\t\t\t\t\t\t\t\t\t\t\t\t\t\t<img loading=\"lazy\" decoding=\"async\" width=\"768\" height=\"1024\" src=\"https:\/\/africaatual.com.br\/wp-content\/uploads\/2025\/12\/image12-768x1024.jpeg\" class=\"attachment-large size-large wp-image-13224\" alt=\"\" srcset=\"https:\/\/africaatual.com.br\/wp-content\/uploads\/2025\/12\/image12-768x1024.jpeg 768w, https:\/\/africaatual.com.br\/wp-content\/uploads\/2025\/12\/image12-225x300.jpeg 225w, https:\/\/africaatual.com.br\/wp-content\/uploads\/2025\/12\/image12.jpeg 960w\" sizes=\"(max-width: 768px) 100vw, 768px\" \/>\t\t\t\t\t\t\t\t\t\t\t\t\t\t\t<\/div>\n\t\t\t\t<\/div>\n\t\t\t\t<\/div>\n\t\t<div class=\"elementor-element elementor-element-2a792cf e-con-full e-flex wpr-particle-no wpr-jarallax-no wpr-parallax-no wpr-sticky-section-no wpr-equal-height-no e-con e-child\" data-id=\"2a792cf\" data-element_type=\"container\" data-e-type=\"container\">\n\t\t\t\t<div class=\"elementor-element elementor-element-5b78e6b elementor-widget elementor-widget-image\" data-id=\"5b78e6b\" data-element_type=\"widget\" data-e-type=\"widget\" data-widget_type=\"image.default\">\n\t\t\t\t<div class=\"elementor-widget-container\">\n\t\t\t\t\t\t\t\t\t\t\t\t\t\t\t<img loading=\"lazy\" decoding=\"async\" width=\"768\" height=\"1024\" src=\"https:\/\/africaatual.com.br\/wp-content\/uploads\/2025\/12\/image13-768x1024.jpeg\" class=\"attachment-large size-large wp-image-13226\" alt=\"\" srcset=\"https:\/\/africaatual.com.br\/wp-content\/uploads\/2025\/12\/image13-768x1024.jpeg 768w, https:\/\/africaatual.com.br\/wp-content\/uploads\/2025\/12\/image13-225x300.jpeg 225w, https:\/\/africaatual.com.br\/wp-content\/uploads\/2025\/12\/image13.jpeg 960w\" sizes=\"(max-width: 768px) 100vw, 768px\" \/>\t\t\t\t\t\t\t\t\t\t\t\t\t\t\t<\/div>\n\t\t\t\t<\/div>\n\t\t\t\t<\/div>\n\t\t\t\t\t<\/div>\n\t\t\t\t<\/div>\n\t\t<div class=\"elementor-element elementor-element-3317d3e e-flex e-con-boxed wpr-particle-no wpr-jarallax-no wpr-parallax-no wpr-sticky-section-no wpr-equal-height-no e-con e-parent\" data-id=\"3317d3e\" data-element_type=\"container\" data-e-type=\"container\">\n\t\t\t\t\t<div class=\"e-con-inner\">\n\t\t\t\t<div class=\"elementor-element elementor-element-6a95998 elementor-widget elementor-widget-text-editor\" data-id=\"6a95998\" data-element_type=\"widget\" data-e-type=\"widget\" data-widget_type=\"text-editor.default\">\n\t\t\t\t<div class=\"elementor-widget-container\">\n\t\t\t\t\t\t\t\t\t<p><strong><em>M. ALEXANDRE CANHONI<\/em><\/strong> (photo de droite \u00e0 gauche, premier) \u2013 Homme d\u2019affaires, ancien danseur de l\u2019\u00e9mission t\u00e9l\u00e9vis\u00e9e Rede Globo \u00ab Baixinho da Xuxa \u00bb, projet social de sauvetage d\u2019enfants d\u00e9favoris\u00e9s au Niger pendant 20 ans, reconnu et r\u00e9compens\u00e9 d\u2019un dipl\u00f4me par le Pr\u00e9sident, Son Excellence le Commandant Abdourahamane Tchiani.<\/p>\t\t\t\t\t\t\t\t<\/div>\n\t\t\t\t<\/div>\n\t\t\t\t\t<\/div>\n\t\t\t\t<\/div>\n\t\t<div class=\"elementor-element elementor-element-87c2673 e-flex e-con-boxed wpr-particle-no wpr-jarallax-no wpr-parallax-no wpr-sticky-section-no wpr-equal-height-no e-con e-parent\" data-id=\"87c2673\" data-element_type=\"container\" data-e-type=\"container\">\n\t\t\t\t\t<div class=\"e-con-inner\">\n\t\t<div class=\"elementor-element elementor-element-6ca3e6a e-con-full e-flex wpr-particle-no wpr-jarallax-no wpr-parallax-no wpr-sticky-section-no wpr-equal-height-no e-con e-child\" data-id=\"6ca3e6a\" data-element_type=\"container\" data-e-type=\"container\">\n\t\t\t\t<div class=\"elementor-element elementor-element-4a6b854 elementor-widget elementor-widget-image\" data-id=\"4a6b854\" data-element_type=\"widget\" data-e-type=\"widget\" data-widget_type=\"image.default\">\n\t\t\t\t<div class=\"elementor-widget-container\">\n\t\t\t\t\t\t\t\t\t\t\t\t\t\t\t<img loading=\"lazy\" decoding=\"async\" width=\"768\" height=\"1024\" src=\"https:\/\/africaatual.com.br\/wp-content\/uploads\/2025\/12\/image12-768x1024.jpeg\" class=\"attachment-large size-large wp-image-13224\" alt=\"\" srcset=\"https:\/\/africaatual.com.br\/wp-content\/uploads\/2025\/12\/image12-768x1024.jpeg 768w, https:\/\/africaatual.com.br\/wp-content\/uploads\/2025\/12\/image12-225x300.jpeg 225w, https:\/\/africaatual.com.br\/wp-content\/uploads\/2025\/12\/image12.jpeg 960w\" sizes=\"(max-width: 768px) 100vw, 768px\" \/>\t\t\t\t\t\t\t\t\t\t\t\t\t\t\t<\/div>\n\t\t\t\t<\/div>\n\t\t\t\t<\/div>\n\t\t<div class=\"elementor-element elementor-element-7b2f00b e-con-full e-flex wpr-particle-no wpr-jarallax-no wpr-parallax-no wpr-sticky-section-no wpr-equal-height-no e-con e-child\" data-id=\"7b2f00b\" data-element_type=\"container\" data-e-type=\"container\">\n\t\t\t\t<div class=\"elementor-element elementor-element-9eab6d5 elementor-widget elementor-widget-image\" data-id=\"9eab6d5\" data-element_type=\"widget\" data-e-type=\"widget\" data-widget_type=\"image.default\">\n\t\t\t\t<div class=\"elementor-widget-container\">\n\t\t\t\t\t\t\t\t\t\t\t\t\t\t\t<img loading=\"lazy\" decoding=\"async\" width=\"623\" height=\"523\" src=\"https:\/\/africaatual.com.br\/wp-content\/uploads\/2025\/12\/image15-1.jpeg\" class=\"attachment-large size-large wp-image-13328\" alt=\"\" srcset=\"https:\/\/africaatual.com.br\/wp-content\/uploads\/2025\/12\/image15-1.jpeg 623w, https:\/\/africaatual.com.br\/wp-content\/uploads\/2025\/12\/image15-1-300x252.jpeg 300w\" sizes=\"(max-width: 623px) 100vw, 623px\" \/>\t\t\t\t\t\t\t\t\t\t\t\t\t\t\t<\/div>\n\t\t\t\t<\/div>\n\t\t\t\t<\/div>\n\t\t\t\t\t<\/div>\n\t\t\t\t<\/div>\n\t\t<div class=\"elementor-element elementor-element-f208399 e-flex e-con-boxed wpr-particle-no wpr-jarallax-no wpr-parallax-no wpr-sticky-section-no wpr-equal-height-no e-con e-parent\" data-id=\"f208399\" data-element_type=\"container\" data-e-type=\"container\">\n\t\t\t\t\t<div class=\"e-con-inner\">\n\t\t\t\t<div class=\"elementor-element elementor-element-4969771 elementor-widget elementor-widget-text-editor\" data-id=\"4969771\" data-element_type=\"widget\" data-e-type=\"widget\" data-widget_type=\"text-editor.default\">\n\t\t\t\t<div class=\"elementor-widget-container\">\n\t\t\t\t\t\t\t\t\t<p><strong><em>CARLOS CAMACHO<\/em><\/strong>, mieux connu sous le nom de <strong><em>MESTRE CAMACHO<\/em><\/strong> (deuxi\u00e8me en partant de la gauche sur la photo) &#8211; Pr\u00e9sident de la Conf\u00e9d\u00e9ration br\u00e9silienne de Muay-tha\u00ef traditionnel (CBMTT) &#8211; Pr\u00e9sident de Jidokwan Br\u00e9sil et directeur du Temple de la renomm\u00e9e du Taekwondo br\u00e9silien.<\/p>\t\t\t\t\t\t\t\t<\/div>\n\t\t\t\t<\/div>\n\t\t\t\t\t<\/div>\n\t\t\t\t<\/div>\n\t\t<div class=\"elementor-element elementor-element-a6e1e32 e-flex e-con-boxed wpr-particle-no wpr-jarallax-no wpr-parallax-no wpr-sticky-section-no wpr-equal-height-no e-con e-parent\" data-id=\"a6e1e32\" data-element_type=\"container\" data-e-type=\"container\">\n\t\t\t\t\t<div class=\"e-con-inner\">\n\t\t<div class=\"elementor-element elementor-element-80415bb e-con-full e-flex wpr-particle-no wpr-jarallax-no wpr-parallax-no wpr-sticky-section-no wpr-equal-height-no e-con e-child\" data-id=\"80415bb\" data-element_type=\"container\" data-e-type=\"container\">\n\t\t\t\t<div class=\"elementor-element elementor-element-ad82851 elementor-widget elementor-widget-image\" data-id=\"ad82851\" data-element_type=\"widget\" data-e-type=\"widget\" data-widget_type=\"image.default\">\n\t\t\t\t<div class=\"elementor-widget-container\">\n\t\t\t\t\t\t\t\t\t\t\t\t\t\t\t<img loading=\"lazy\" decoding=\"async\" width=\"682\" height=\"446\" src=\"https:\/\/africaatual.com.br\/wp-content\/uploads\/2025\/12\/image16.jpeg\" class=\"attachment-large size-large wp-image-13227\" alt=\"\" srcset=\"https:\/\/africaatual.com.br\/wp-content\/uploads\/2025\/12\/image16.jpeg 682w, https:\/\/africaatual.com.br\/wp-content\/uploads\/2025\/12\/image16-300x196.jpeg 300w\" sizes=\"(max-width: 682px) 100vw, 682px\" \/>\t\t\t\t\t\t\t\t\t\t\t\t\t\t\t<\/div>\n\t\t\t\t<\/div>\n\t\t\t\t<\/div>\n\t\t<div class=\"elementor-element elementor-element-2c54360 e-con-full e-flex wpr-particle-no wpr-jarallax-no wpr-parallax-no wpr-sticky-section-no wpr-equal-height-no e-con e-child\" data-id=\"2c54360\" data-element_type=\"container\" data-e-type=\"container\">\n\t\t\t\t<div class=\"elementor-element elementor-element-f32d18e elementor-widget elementor-widget-image\" data-id=\"f32d18e\" data-element_type=\"widget\" data-e-type=\"widget\" data-widget_type=\"image.default\">\n\t\t\t\t<div class=\"elementor-widget-container\">\n\t\t\t\t\t\t\t\t\t\t\t\t\t\t\t<img loading=\"lazy\" decoding=\"async\" width=\"571\" height=\"445\" src=\"https:\/\/africaatual.com.br\/wp-content\/uploads\/2025\/12\/image17.jpeg\" class=\"attachment-large size-large wp-image-13228\" alt=\"\" srcset=\"https:\/\/africaatual.com.br\/wp-content\/uploads\/2025\/12\/image17.jpeg 571w, https:\/\/africaatual.com.br\/wp-content\/uploads\/2025\/12\/image17-300x234.jpeg 300w\" sizes=\"(max-width: 571px) 100vw, 571px\" \/>\t\t\t\t\t\t\t\t\t\t\t\t\t\t\t<\/div>\n\t\t\t\t<\/div>\n\t\t\t\t<\/div>\n\t\t\t\t\t<\/div>\n\t\t\t\t<\/div>\n\t\t<div class=\"elementor-element elementor-element-8ea46f9 e-flex e-con-boxed wpr-particle-no wpr-jarallax-no wpr-parallax-no wpr-sticky-section-no wpr-equal-height-no e-con e-parent\" data-id=\"8ea46f9\" data-element_type=\"container\" data-e-type=\"container\">\n\t\t\t\t\t<div class=\"e-con-inner\">\n\t\t\t\t<div class=\"elementor-element elementor-element-ea76ff1 elementor-widget elementor-widget-text-editor\" data-id=\"ea76ff1\" data-element_type=\"widget\" data-e-type=\"widget\" data-widget_type=\"text-editor.default\">\n\t\t\t\t<div class=\"elementor-widget-container\">\n\t\t\t\t\t\t\t\t\t<p><strong><em>DR. OSWALDO NICO GON\u00c7ALVES <\/em><\/strong>(photo au milieu), mieux connu sous le nom de D\u00e9l\u00e9gu\u00e9 Nico de la Police Civile) &#8211; Secr\u00e9taire ex\u00e9cutif de la S\u00e9curit\u00e9 publique de l&#8217;\u00c9tat de S\u00e3o Paulo et D\u00e9l\u00e9gu\u00e9 de la Police Civile de la ville de S\u00e3o Paulo.<\/p>\t\t\t\t\t\t\t\t<\/div>\n\t\t\t\t<\/div>\n\t\t\t\t\t<\/div>\n\t\t\t\t<\/div>\n\t\t<div class=\"elementor-element elementor-element-e899f07 e-flex e-con-boxed wpr-particle-no wpr-jarallax-no wpr-parallax-no wpr-sticky-section-no wpr-equal-height-no e-con e-parent\" data-id=\"e899f07\" data-element_type=\"container\" data-e-type=\"container\">\n\t\t\t\t\t<div class=\"e-con-inner\">\n\t\t<div class=\"elementor-element elementor-element-59bb48c e-con-full e-flex wpr-particle-no wpr-jarallax-no wpr-parallax-no wpr-sticky-section-no wpr-equal-height-no e-con e-child\" data-id=\"59bb48c\" data-element_type=\"container\" data-e-type=\"container\">\n\t\t\t\t<div class=\"elementor-element elementor-element-72c6698 elementor-widget elementor-widget-image\" data-id=\"72c6698\" data-element_type=\"widget\" data-e-type=\"widget\" data-widget_type=\"image.default\">\n\t\t\t\t<div class=\"elementor-widget-container\">\n\t\t\t\t\t\t\t\t\t\t\t\t\t\t\t<img loading=\"lazy\" decoding=\"async\" width=\"663\" height=\"428\" src=\"https:\/\/africaatual.com.br\/wp-content\/uploads\/2025\/12\/image19.jpeg\" class=\"attachment-large size-large wp-image-13232\" alt=\"\" srcset=\"https:\/\/africaatual.com.br\/wp-content\/uploads\/2025\/12\/image19.jpeg 663w, https:\/\/africaatual.com.br\/wp-content\/uploads\/2025\/12\/image19-300x194.jpeg 300w\" sizes=\"(max-width: 663px) 100vw, 663px\" \/>\t\t\t\t\t\t\t\t\t\t\t\t\t\t\t<\/div>\n\t\t\t\t<\/div>\n\t\t\t\t<\/div>\n\t\t<div class=\"elementor-element elementor-element-70bc1ab e-con-full e-flex wpr-particle-no wpr-jarallax-no wpr-parallax-no wpr-sticky-section-no wpr-equal-height-no e-con e-child\" data-id=\"70bc1ab\" data-element_type=\"container\" data-e-type=\"container\">\n\t\t\t\t<div class=\"elementor-element elementor-element-7cecd2f elementor-widget elementor-widget-image\" data-id=\"7cecd2f\" data-element_type=\"widget\" data-e-type=\"widget\" data-widget_type=\"image.default\">\n\t\t\t\t<div class=\"elementor-widget-container\">\n\t\t\t\t\t\t\t\t\t\t\t\t\t\t\t<img loading=\"lazy\" decoding=\"async\" width=\"607\" height=\"433\" src=\"https:\/\/africaatual.com.br\/wp-content\/uploads\/2025\/12\/image18.jpeg\" class=\"attachment-large size-large wp-image-13234\" alt=\"\" srcset=\"https:\/\/africaatual.com.br\/wp-content\/uploads\/2025\/12\/image18.jpeg 607w, https:\/\/africaatual.com.br\/wp-content\/uploads\/2025\/12\/image18-300x214.jpeg 300w\" sizes=\"(max-width: 607px) 100vw, 607px\" \/>\t\t\t\t\t\t\t\t\t\t\t\t\t\t\t<\/div>\n\t\t\t\t<\/div>\n\t\t\t\t<\/div>\n\t\t\t\t\t<\/div>\n\t\t\t\t<\/div>\n\t\t<div class=\"elementor-element elementor-element-4ec2bbc e-flex e-con-boxed wpr-particle-no wpr-jarallax-no wpr-parallax-no wpr-sticky-section-no wpr-equal-height-no e-con e-parent\" data-id=\"4ec2bbc\" data-element_type=\"container\" data-e-type=\"container\">\n\t\t\t\t\t<div class=\"e-con-inner\">\n\t\t\t\t<div class=\"elementor-element elementor-element-4104187 elementor-widget elementor-widget-text-editor\" data-id=\"4104187\" data-element_type=\"widget\" data-e-type=\"widget\" data-widget_type=\"text-editor.default\">\n\t\t\t\t<div class=\"elementor-widget-container\">\n\t\t\t\t\t\t\t\t\t<p><strong><em>K\u00c1TIA ALVES<\/em><\/strong> (photo en blanc) &#8211; Animatrice de l&#8217;\u00e9mission \u00ab La Voix du Conseiller Politique de l&#8217;\u00c9tat de S\u00e3o Paulo \u00bb sur la cha\u00eene de t\u00e9l\u00e9vision <strong><em>ACAAPESPTV <\/em><\/strong>et Pasteur.<\/p>\t\t\t\t\t\t\t\t<\/div>\n\t\t\t\t<\/div>\n\t\t\t\t\t<\/div>\n\t\t\t\t<\/div>\n\t\t<div class=\"elementor-element elementor-element-2c07c07 e-flex e-con-boxed wpr-particle-no wpr-jarallax-no wpr-parallax-no wpr-sticky-section-no wpr-equal-height-no e-con e-parent\" data-id=\"2c07c07\" data-element_type=\"container\" data-e-type=\"container\">\n\t\t\t\t\t<div class=\"e-con-inner\">\n\t\t\t\t<div class=\"elementor-element elementor-element-b77ba85 elementor-widget elementor-widget-text-editor\" data-id=\"b77ba85\" data-element_type=\"widget\" data-e-type=\"widget\" data-widget_type=\"text-editor.default\">\n\t\t\t\t<div class=\"elementor-widget-container\">\n\t\t\t\t\t\t\t\t\t<p><strong><em>AUTRES AUTORIT\u00c9S PR\u00c9SENTES \u00c0 L&#8217;\u00c9V\u00c9NEMENT AU CONSEIL MUNICIPAL DE S\u00c3O PAULO, BR\u00c9SIL<\/em><\/strong><\/p>\t\t\t\t\t\t\t\t<\/div>\n\t\t\t\t<\/div>\n\t\t\t\t\t<\/div>\n\t\t\t\t<\/div>\n\t\t<div class=\"elementor-element elementor-element-7147db0 e-flex e-con-boxed wpr-particle-no wpr-jarallax-no wpr-parallax-no wpr-sticky-section-no wpr-equal-height-no e-con e-parent\" data-id=\"7147db0\" data-element_type=\"container\" data-e-type=\"container\">\n\t\t\t\t\t<div class=\"e-con-inner\">\n\t\t<div class=\"elementor-element elementor-element-acb14ec e-con-full e-flex wpr-particle-no wpr-jarallax-no wpr-parallax-no wpr-sticky-section-no wpr-equal-height-no e-con e-child\" data-id=\"acb14ec\" data-element_type=\"container\" data-e-type=\"container\">\n\t\t\t\t<div class=\"elementor-element elementor-element-b9ad92c elementor-widget elementor-widget-image\" data-id=\"b9ad92c\" data-element_type=\"widget\" data-e-type=\"widget\" data-widget_type=\"image.default\">\n\t\t\t\t<div class=\"elementor-widget-container\">\n\t\t\t\t\t\t\t\t\t\t\t\t\t\t\t<img loading=\"lazy\" decoding=\"async\" width=\"412\" height=\"445\" src=\"https:\/\/africaatual.com.br\/wp-content\/uploads\/2025\/12\/image22.jpeg\" class=\"attachment-large size-large wp-image-13241\" alt=\"\" srcset=\"https:\/\/africaatual.com.br\/wp-content\/uploads\/2025\/12\/image22.jpeg 412w, https:\/\/africaatual.com.br\/wp-content\/uploads\/2025\/12\/image22-278x300.jpeg 278w\" sizes=\"(max-width: 412px) 100vw, 412px\" \/>\t\t\t\t\t\t\t\t\t\t\t\t\t\t\t<\/div>\n\t\t\t\t<\/div>\n\t\t\t\t<\/div>\n\t\t<div class=\"elementor-element elementor-element-9eee391 e-con-full e-flex wpr-particle-no wpr-jarallax-no wpr-parallax-no wpr-sticky-section-no wpr-equal-height-no e-con e-child\" data-id=\"9eee391\" data-element_type=\"container\" data-e-type=\"container\">\n\t\t\t\t<div class=\"elementor-element elementor-element-8a4a6f5 elementor-widget__width-initial elementor-widget elementor-widget-image\" data-id=\"8a4a6f5\" data-element_type=\"widget\" data-e-type=\"widget\" data-widget_type=\"image.default\">\n\t\t\t\t<div class=\"elementor-widget-container\">\n\t\t\t\t\t\t\t\t\t\t\t\t\t\t\t<img loading=\"lazy\" decoding=\"async\" width=\"440\" height=\"453\" src=\"https:\/\/africaatual.com.br\/wp-content\/uploads\/2025\/12\/image21-1.jpeg\" class=\"attachment-large size-large wp-image-13243\" alt=\"\" srcset=\"https:\/\/africaatual.com.br\/wp-content\/uploads\/2025\/12\/image21-1.jpeg 440w, https:\/\/africaatual.com.br\/wp-content\/uploads\/2025\/12\/image21-1-291x300.jpeg 291w\" sizes=\"(max-width: 440px) 100vw, 440px\" \/>\t\t\t\t\t\t\t\t\t\t\t\t\t\t\t<\/div>\n\t\t\t\t<\/div>\n\t\t\t\t<\/div>\n\t\t<div class=\"elementor-element elementor-element-779d0c6 e-con-full e-flex wpr-particle-no wpr-jarallax-no wpr-parallax-no wpr-sticky-section-no wpr-equal-height-no e-con e-child\" data-id=\"779d0c6\" data-element_type=\"container\" data-e-type=\"container\">\n\t\t\t\t<div class=\"elementor-element elementor-element-657b9c4 elementor-widget elementor-widget-image\" data-id=\"657b9c4\" data-element_type=\"widget\" data-e-type=\"widget\" data-widget_type=\"image.default\">\n\t\t\t\t<div class=\"elementor-widget-container\">\n\t\t\t\t\t\t\t\t\t\t\t\t\t\t\t<img loading=\"lazy\" decoding=\"async\" width=\"438\" height=\"443\" src=\"https:\/\/africaatual.com.br\/wp-content\/uploads\/2025\/12\/image20-2.jpeg\" class=\"attachment-large size-large wp-image-13242\" alt=\"\" srcset=\"https:\/\/africaatual.com.br\/wp-content\/uploads\/2025\/12\/image20-2.jpeg 438w, https:\/\/africaatual.com.br\/wp-content\/uploads\/2025\/12\/image20-2-297x300.jpeg 297w\" sizes=\"(max-width: 438px) 100vw, 438px\" \/>\t\t\t\t\t\t\t\t\t\t\t\t\t\t\t<\/div>\n\t\t\t\t<\/div>\n\t\t\t\t<\/div>\n\t\t\t\t\t<\/div>\n\t\t\t\t<\/div>\n\t\t<div class=\"elementor-element elementor-element-266cf0e e-flex e-con-boxed wpr-particle-no wpr-jarallax-no wpr-parallax-no wpr-sticky-section-no wpr-equal-height-no e-con e-parent\" data-id=\"266cf0e\" data-element_type=\"container\" data-e-type=\"container\">\n\t\t\t\t\t<div class=\"e-con-inner\">\n\t\t\t\t<div class=\"elementor-element elementor-element-aa24eff elementor-widget elementor-widget-heading\" data-id=\"aa24eff\" data-element_type=\"widget\" data-e-type=\"widget\" data-widget_type=\"heading.default\">\n\t\t\t\t<div class=\"elementor-widget-container\">\n\t\t\t\t\t<h2 class=\"elementor-heading-title elementor-size-default\">L'\u00c9V\u00c9NEMENT SE D\u00c9ROULERA \u00c0 BOMBAR POUR LA REMISE DES PRIX D'EXCELLENCE DES ENTREPRISES 2025<\/h2>\t\t\t\t<\/div>\n\t\t\t\t<\/div>\n\t\t\t\t\t<\/div>\n\t\t\t\t<\/div>\n\t\t<div class=\"elementor-element elementor-element-9d55748 e-flex e-con-boxed wpr-particle-no wpr-jarallax-no wpr-parallax-no wpr-sticky-section-no wpr-equal-height-no e-con e-parent\" data-id=\"9d55748\" data-element_type=\"container\" data-e-type=\"container\">\n\t\t\t\t\t<div class=\"e-con-inner\">\n\t\t\t\t<div class=\"elementor-element elementor-element-6922a3d elementor-widget elementor-widget-text-editor\" data-id=\"6922a3d\" data-element_type=\"widget\" data-e-type=\"widget\" data-widget_type=\"text-editor.default\">\n\t\t\t\t<div class=\"elementor-widget-container\">\n\t\t\t\t\t\t\t\t\t<p><strong><em>Reconnaissance des entreprises qui se sont distingu\u00e9es par leur engagement envers l&#8217;embauche d&#8217;immigrants africains, d\u00e9montrant ainsi leur volont\u00e9 de favoriser la diversit\u00e9 et l&#8217;inclusion en milieu professionnel.<\/em><\/strong><\/p>\t\t\t\t\t\t\t\t<\/div>\n\t\t\t\t<\/div>\n\t\t\t\t\t<\/div>\n\t\t\t\t<\/div>\n\t\t<div class=\"elementor-element elementor-element-a1ec9ef e-flex e-con-boxed wpr-particle-no wpr-jarallax-no wpr-parallax-no wpr-sticky-section-no wpr-equal-height-no e-con e-parent\" data-id=\"a1ec9ef\" data-element_type=\"container\" data-e-type=\"container\">\n\t\t\t\t\t<div class=\"e-con-inner\">\n\t\t\t\t<div class=\"elementor-element elementor-element-b4ea8be elementor-widget elementor-widget-image\" data-id=\"b4ea8be\" data-element_type=\"widget\" data-e-type=\"widget\" data-widget_type=\"image.default\">\n\t\t\t\t<div class=\"elementor-widget-container\">\n\t\t\t\t\t\t\t\t\t\t\t\t\t\t\t<img loading=\"lazy\" decoding=\"async\" width=\"1024\" height=\"576\" src=\"https:\/\/africaatual.com.br\/wp-content\/uploads\/2025\/12\/image23-1024x576.jpeg\" class=\"attachment-large size-large wp-image-13247\" alt=\"\" srcset=\"https:\/\/africaatual.com.br\/wp-content\/uploads\/2025\/12\/image23-1024x576.jpeg 1024w, https:\/\/africaatual.com.br\/wp-content\/uploads\/2025\/12\/image23-300x169.jpeg 300w, https:\/\/africaatual.com.br\/wp-content\/uploads\/2025\/12\/image23-768x432.jpeg 768w, https:\/\/africaatual.com.br\/wp-content\/uploads\/2025\/12\/image23-800x450.jpeg 800w, https:\/\/africaatual.com.br\/wp-content\/uploads\/2025\/12\/image23.jpeg 1280w\" sizes=\"(max-width: 1024px) 100vw, 1024px\" \/>\t\t\t\t\t\t\t\t\t\t\t\t\t\t\t<\/div>\n\t\t\t\t<\/div>\n\t\t\t\t\t<\/div>\n\t\t\t\t<\/div>\n\t\t<div class=\"elementor-element elementor-element-2f86d9a e-flex e-con-boxed wpr-particle-no wpr-jarallax-no wpr-parallax-no wpr-sticky-section-no wpr-equal-height-no e-con e-parent\" data-id=\"2f86d9a\" data-element_type=\"container\" data-e-type=\"container\">\n\t\t\t\t\t<div class=\"e-con-inner\">\n\t\t\t\t<div class=\"elementor-element elementor-element-e6c0e25 elementor-widget elementor-widget-text-editor\" data-id=\"e6c0e25\" data-element_type=\"widget\" data-e-type=\"widget\" data-widget_type=\"text-editor.default\">\n\t\t\t\t<div class=\"elementor-widget-container\">\n\t\t\t\t\t\t\t\t\t<p>LIEU DE L&#8217;\u00c9V\u00c9NEMENT \u00c0 S\u00c3O PAULO\u00a0: <strong><em>MUS\u00c9E DES IMMIGRANTS<\/em><\/strong><\/p>\t\t\t\t\t\t\t\t<\/div>\n\t\t\t\t<\/div>\n\t\t\t\t\t<\/div>\n\t\t\t\t<\/div>\n\t\t<div class=\"elementor-element elementor-element-491d350 e-flex e-con-boxed wpr-particle-no wpr-jarallax-no wpr-parallax-no wpr-sticky-section-no wpr-equal-height-no e-con e-parent\" data-id=\"491d350\" data-element_type=\"container\" data-e-type=\"container\">\n\t\t\t\t\t<div class=\"e-con-inner\">\n\t\t<div class=\"elementor-element elementor-element-42ba241 e-con-full e-flex wpr-particle-no wpr-jarallax-no wpr-parallax-no wpr-sticky-section-no wpr-equal-height-no e-con e-child\" data-id=\"42ba241\" data-element_type=\"container\" data-e-type=\"container\">\n\t\t\t\t<div class=\"elementor-element elementor-element-4419c36 elementor-widget elementor-widget-image\" data-id=\"4419c36\" data-element_type=\"widget\" data-e-type=\"widget\" data-widget_type=\"image.default\">\n\t\t\t\t<div class=\"elementor-widget-container\">\n\t\t\t\t\t\t\t\t\t\t\t\t\t\t\t<img loading=\"lazy\" decoding=\"async\" width=\"576\" height=\"1024\" src=\"https:\/\/africaatual.com.br\/wp-content\/uploads\/2025\/12\/image25-576x1024.jpeg\" class=\"attachment-large size-large wp-image-13252\" alt=\"\" srcset=\"https:\/\/africaatual.com.br\/wp-content\/uploads\/2025\/12\/image25-576x1024.jpeg 576w, https:\/\/africaatual.com.br\/wp-content\/uploads\/2025\/12\/image25-169x300.jpeg 169w, https:\/\/africaatual.com.br\/wp-content\/uploads\/2025\/12\/image25.jpeg 720w\" sizes=\"(max-width: 576px) 100vw, 576px\" \/>\t\t\t\t\t\t\t\t\t\t\t\t\t\t\t<\/div>\n\t\t\t\t<\/div>\n\t\t\t\t<\/div>\n\t\t<div class=\"elementor-element elementor-element-b500f0c e-con-full e-flex wpr-particle-no wpr-jarallax-no wpr-parallax-no wpr-sticky-section-no wpr-equal-height-no e-con e-child\" data-id=\"b500f0c\" data-element_type=\"container\" data-e-type=\"container\">\n\t\t\t\t<div class=\"elementor-element elementor-element-8be7f47 elementor-widget__width-initial elementor-widget elementor-widget-image\" data-id=\"8be7f47\" data-element_type=\"widget\" data-e-type=\"widget\" data-widget_type=\"image.default\">\n\t\t\t\t<div class=\"elementor-widget-container\">\n\t\t\t\t\t\t\t\t\t\t\t\t\t\t\t<img loading=\"lazy\" decoding=\"async\" width=\"576\" height=\"1024\" src=\"https:\/\/africaatual.com.br\/wp-content\/uploads\/2025\/12\/image24-576x1024.jpeg\" class=\"attachment-large size-large wp-image-13251\" alt=\"\" srcset=\"https:\/\/africaatual.com.br\/wp-content\/uploads\/2025\/12\/image24-576x1024.jpeg 576w, https:\/\/africaatual.com.br\/wp-content\/uploads\/2025\/12\/image24-169x300.jpeg 169w, https:\/\/africaatual.com.br\/wp-content\/uploads\/2025\/12\/image24.jpeg 720w\" sizes=\"(max-width: 576px) 100vw, 576px\" \/>\t\t\t\t\t\t\t\t\t\t\t\t\t\t\t<\/div>\n\t\t\t\t<\/div>\n\t\t\t\t<\/div>\n\t\t\t\t\t<\/div>\n\t\t\t\t<\/div>\n\t\t<div class=\"elementor-element elementor-element-9a7f9d5 e-flex e-con-boxed wpr-particle-no wpr-jarallax-no wpr-parallax-no wpr-sticky-section-no wpr-equal-height-no e-con e-parent\" data-id=\"9a7f9d5\" data-element_type=\"container\" data-e-type=\"container\">\n\t\t\t\t\t<div class=\"e-con-inner\">\n\t\t\t\t<div class=\"elementor-element elementor-element-bbe7fcb elementor-widget elementor-widget-text-editor\" data-id=\"bbe7fcb\" data-element_type=\"widget\" data-e-type=\"widget\" data-widget_type=\"text-editor.default\">\n\t\t\t\t<div class=\"elementor-widget-container\">\n\t\t\t\t\t\t\t\t\t<p>C\u00e9r\u00e9monie de remise des prix du <strong><em>COMMANDANT JOS\u00c9 FERREIRA<\/em><\/strong> lors de l&#8217;\u00e9v\u00e9nement <strong><em>Vem Bumbar<\/em><\/strong>.<\/p>\t\t\t\t\t\t\t\t<\/div>\n\t\t\t\t<\/div>\n\t\t\t\t\t<\/div>\n\t\t\t\t<\/div>\n\t\t<div class=\"elementor-element elementor-element-c9ad281 e-flex e-con-boxed wpr-particle-no wpr-jarallax-no wpr-parallax-no wpr-sticky-section-no wpr-equal-height-no e-con e-parent\" data-id=\"c9ad281\" data-element_type=\"container\" data-e-type=\"container\">\n\t\t\t\t\t<div class=\"e-con-inner\">\n\t\t<div class=\"elementor-element elementor-element-40368bf e-con-full e-flex wpr-particle-no wpr-jarallax-no wpr-parallax-no wpr-sticky-section-no wpr-equal-height-no e-con e-child\" data-id=\"40368bf\" data-element_type=\"container\" data-e-type=\"container\">\n\t\t\t\t<div class=\"elementor-element elementor-element-41546b9 elementor-widget elementor-widget-image\" data-id=\"41546b9\" data-element_type=\"widget\" data-e-type=\"widget\" data-widget_type=\"image.default\">\n\t\t\t\t<div class=\"elementor-widget-container\">\n\t\t\t\t\t\t\t\t\t\t\t\t\t\t\t<img loading=\"lazy\" decoding=\"async\" width=\"595\" height=\"397\" src=\"https:\/\/africaatual.com.br\/wp-content\/uploads\/2025\/12\/image26.jpeg\" class=\"attachment-large size-large wp-image-13257\" alt=\"\" srcset=\"https:\/\/africaatual.com.br\/wp-content\/uploads\/2025\/12\/image26.jpeg 595w, https:\/\/africaatual.com.br\/wp-content\/uploads\/2025\/12\/image26-300x200.jpeg 300w\" sizes=\"(max-width: 595px) 100vw, 595px\" \/>\t\t\t\t\t\t\t\t\t\t\t\t\t\t\t<\/div>\n\t\t\t\t<\/div>\n\t\t\t\t<\/div>\n\t\t<div class=\"elementor-element elementor-element-d3a64da e-con-full e-flex wpr-particle-no wpr-jarallax-no wpr-parallax-no wpr-sticky-section-no wpr-equal-height-no e-con e-child\" data-id=\"d3a64da\" data-element_type=\"container\" data-e-type=\"container\">\n\t\t\t\t<div class=\"elementor-element elementor-element-2af3997 elementor-widget__width-initial elementor-widget elementor-widget-image\" data-id=\"2af3997\" data-element_type=\"widget\" data-e-type=\"widget\" data-widget_type=\"image.default\">\n\t\t\t\t<div class=\"elementor-widget-container\">\n\t\t\t\t\t\t\t\t\t\t\t\t\t\t\t<img loading=\"lazy\" decoding=\"async\" width=\"347\" height=\"520\" src=\"https:\/\/africaatual.com.br\/wp-content\/uploads\/2025\/12\/image27.jpeg\" class=\"attachment-large size-large wp-image-13258\" alt=\"\" srcset=\"https:\/\/africaatual.com.br\/wp-content\/uploads\/2025\/12\/image27.jpeg 347w, https:\/\/africaatual.com.br\/wp-content\/uploads\/2025\/12\/image27-200x300.jpeg 200w\" sizes=\"(max-width: 347px) 100vw, 347px\" \/>\t\t\t\t\t\t\t\t\t\t\t\t\t\t\t<\/div>\n\t\t\t\t<\/div>\n\t\t\t\t<\/div>\n\t\t\t\t\t<\/div>\n\t\t\t\t<\/div>\n\t\t<div class=\"elementor-element elementor-element-c634b39 e-flex e-con-boxed wpr-particle-no wpr-jarallax-no wpr-parallax-no wpr-sticky-section-no wpr-equal-height-no e-con e-parent\" data-id=\"c634b39\" data-element_type=\"container\" data-e-type=\"container\">\n\t\t\t\t\t<div class=\"e-con-inner\">\n\t\t\t\t<div class=\"elementor-element elementor-element-d4d3d9a elementor-widget elementor-widget-text-editor\" data-id=\"d4d3d9a\" data-element_type=\"widget\" data-e-type=\"widget\" data-widget_type=\"text-editor.default\">\n\t\t\t\t<div class=\"elementor-widget-container\">\n\t\t\t\t\t\t\t\t\t<p><strong><em>FREDERICO EURICO<\/em><\/strong>, PDG et fondateur de l&#8217;entreprise <strong><em>Ag\u00eancia Vem Bumbar<\/em><\/strong>, est un entrepreneur angolais. Il a cr\u00e9\u00e9 la plateforme <strong><em>Vem Bumbar<\/em><\/strong>, qui vise \u00e0 faciliter l&#8217;insertion professionnelle des immigrants africains au Br\u00e9sil. Vem Bumbar agit comme une plateforme d&#8217;employabilit\u00e9 afin de r\u00e9duire les obstacles, tels que les pr\u00e9jug\u00e9s et le racisme, auxquels ces immigrants sont confront\u00e9s sur le march\u00e9 du travail br\u00e9silien.<\/p>\t\t\t\t\t\t\t\t<\/div>\n\t\t\t\t<\/div>\n\t\t\t\t\t<\/div>\n\t\t\t\t<\/div>\n\t\t<div class=\"elementor-element elementor-element-1fbf2e5 e-flex e-con-boxed wpr-particle-no wpr-jarallax-no wpr-parallax-no wpr-sticky-section-no wpr-equal-height-no e-con e-parent\" data-id=\"1fbf2e5\" data-element_type=\"container\" data-e-type=\"container\">\n\t\t\t\t\t<div class=\"e-con-inner\">\n\t\t<div class=\"elementor-element elementor-element-5c41da6 e-con-full e-flex wpr-particle-no wpr-jarallax-no wpr-parallax-no wpr-sticky-section-no wpr-equal-height-no e-con e-child\" data-id=\"5c41da6\" data-element_type=\"container\" data-e-type=\"container\">\n\t\t\t\t<div class=\"elementor-element elementor-element-d7006f2 elementor-widget elementor-widget-image\" data-id=\"d7006f2\" data-element_type=\"widget\" data-e-type=\"widget\" data-widget_type=\"image.default\">\n\t\t\t\t<div class=\"elementor-widget-container\">\n\t\t\t\t\t\t\t\t\t\t\t\t\t\t\t<img loading=\"lazy\" decoding=\"async\" width=\"576\" height=\"1024\" src=\"https:\/\/africaatual.com.br\/wp-content\/uploads\/2025\/12\/image28-576x1024.jpeg\" class=\"attachment-large size-large wp-image-13262\" alt=\"\" srcset=\"https:\/\/africaatual.com.br\/wp-content\/uploads\/2025\/12\/image28-576x1024.jpeg 576w, https:\/\/africaatual.com.br\/wp-content\/uploads\/2025\/12\/image28-169x300.jpeg 169w, https:\/\/africaatual.com.br\/wp-content\/uploads\/2025\/12\/image28.jpeg 720w\" sizes=\"(max-width: 576px) 100vw, 576px\" \/>\t\t\t\t\t\t\t\t\t\t\t\t\t\t\t<\/div>\n\t\t\t\t<\/div>\n\t\t\t\t<\/div>\n\t\t<div class=\"elementor-element elementor-element-b879ee6 e-con-full e-flex wpr-particle-no wpr-jarallax-no wpr-parallax-no wpr-sticky-section-no wpr-equal-height-no e-con e-child\" data-id=\"b879ee6\" data-element_type=\"container\" data-e-type=\"container\">\n\t\t\t\t<div class=\"elementor-element elementor-element-6f0bd80 elementor-widget__width-initial elementor-widget elementor-widget-image\" data-id=\"6f0bd80\" data-element_type=\"widget\" data-e-type=\"widget\" data-widget_type=\"image.default\">\n\t\t\t\t<div class=\"elementor-widget-container\">\n\t\t\t\t\t\t\t\t\t\t\t\t\t\t\t<img loading=\"lazy\" decoding=\"async\" width=\"576\" height=\"1024\" src=\"https:\/\/africaatual.com.br\/wp-content\/uploads\/2025\/12\/image29-576x1024.jpeg\" class=\"attachment-large size-large wp-image-13263\" alt=\"\" srcset=\"https:\/\/africaatual.com.br\/wp-content\/uploads\/2025\/12\/image29-576x1024.jpeg 576w, https:\/\/africaatual.com.br\/wp-content\/uploads\/2025\/12\/image29-169x300.jpeg 169w, https:\/\/africaatual.com.br\/wp-content\/uploads\/2025\/12\/image29.jpeg 720w\" sizes=\"(max-width: 576px) 100vw, 576px\" \/>\t\t\t\t\t\t\t\t\t\t\t\t\t\t\t<\/div>\n\t\t\t\t<\/div>\n\t\t\t\t<\/div>\n\t\t\t\t\t<\/div>\n\t\t\t\t<\/div>\n\t\t<div class=\"elementor-element elementor-element-b015851 e-flex e-con-boxed wpr-particle-no wpr-jarallax-no wpr-parallax-no wpr-sticky-section-no wpr-equal-height-no e-con e-parent\" data-id=\"b015851\" data-element_type=\"container\" data-e-type=\"container\">\n\t\t\t\t\t<div class=\"e-con-inner\">\n\t\t\t\t<div class=\"elementor-element elementor-element-40ed73d elementor-widget elementor-widget-text-editor\" data-id=\"40ed73d\" data-element_type=\"widget\" data-e-type=\"widget\" data-widget_type=\"text-editor.default\">\n\t\t\t\t<div class=\"elementor-widget-container\">\n\t\t\t\t\t\t\t\t\t<p><strong><em>RICARDO SANT\u2019ANA<\/em><\/strong> (premier sur la photo, de droite \u00e0 gauche) &#8211; <strong><em>PDG<\/em><\/strong> et fondateur de <strong><em>BSKPAY INVESTMENT<\/em><\/strong>.<\/p>\t\t\t\t\t\t\t\t<\/div>\n\t\t\t\t<\/div>\n\t\t\t\t\t<\/div>\n\t\t\t\t<\/div>\n\t\t<div class=\"elementor-element elementor-element-d288dc7 e-flex e-con-boxed wpr-particle-no wpr-jarallax-no wpr-parallax-no wpr-sticky-section-no wpr-equal-height-no e-con e-parent\" data-id=\"d288dc7\" data-element_type=\"container\" data-e-type=\"container\">\n\t\t\t\t\t<div class=\"e-con-inner\">\n\t\t<div class=\"elementor-element elementor-element-acd1372 e-con-full e-flex wpr-particle-no wpr-jarallax-no wpr-parallax-no wpr-sticky-section-no wpr-equal-height-no e-con e-child\" data-id=\"acd1372\" data-element_type=\"container\" data-e-type=\"container\">\n\t\t\t\t<div class=\"elementor-element elementor-element-f59e211 elementor-widget elementor-widget-image\" data-id=\"f59e211\" data-element_type=\"widget\" data-e-type=\"widget\" data-widget_type=\"image.default\">\n\t\t\t\t<div class=\"elementor-widget-container\">\n\t\t\t\t\t\t\t\t\t\t\t\t\t\t\t<img loading=\"lazy\" decoding=\"async\" width=\"576\" height=\"1024\" src=\"https:\/\/africaatual.com.br\/wp-content\/uploads\/2025\/12\/image30-576x1024.jpeg\" class=\"attachment-large size-large wp-image-13270\" alt=\"\" srcset=\"https:\/\/africaatual.com.br\/wp-content\/uploads\/2025\/12\/image30-576x1024.jpeg 576w, https:\/\/africaatual.com.br\/wp-content\/uploads\/2025\/12\/image30-169x300.jpeg 169w, https:\/\/africaatual.com.br\/wp-content\/uploads\/2025\/12\/image30.jpeg 720w\" sizes=\"(max-width: 576px) 100vw, 576px\" \/>\t\t\t\t\t\t\t\t\t\t\t\t\t\t\t<\/div>\n\t\t\t\t<\/div>\n\t\t\t\t<\/div>\n\t\t<div class=\"elementor-element elementor-element-22f376f e-con-full e-flex wpr-particle-no wpr-jarallax-no wpr-parallax-no wpr-sticky-section-no wpr-equal-height-no e-con e-child\" data-id=\"22f376f\" data-element_type=\"container\" data-e-type=\"container\">\n\t\t\t\t<div class=\"elementor-element elementor-element-c20f3c2 elementor-widget__width-initial elementor-widget elementor-widget-image\" data-id=\"c20f3c2\" data-element_type=\"widget\" data-e-type=\"widget\" data-widget_type=\"image.default\">\n\t\t\t\t<div class=\"elementor-widget-container\">\n\t\t\t\t\t\t\t\t\t\t\t\t\t\t\t<img loading=\"lazy\" decoding=\"async\" width=\"496\" height=\"662\" src=\"https:\/\/africaatual.com.br\/wp-content\/uploads\/2025\/12\/image31.jpeg\" class=\"attachment-large size-large wp-image-13271\" alt=\"\" srcset=\"https:\/\/africaatual.com.br\/wp-content\/uploads\/2025\/12\/image31.jpeg 496w, https:\/\/africaatual.com.br\/wp-content\/uploads\/2025\/12\/image31-225x300.jpeg 225w\" sizes=\"(max-width: 496px) 100vw, 496px\" \/>\t\t\t\t\t\t\t\t\t\t\t\t\t\t\t<\/div>\n\t\t\t\t<\/div>\n\t\t\t\t<\/div>\n\t\t\t\t\t<\/div>\n\t\t\t\t<\/div>\n\t\t<div class=\"elementor-element elementor-element-04c89a3 e-flex e-con-boxed wpr-particle-no wpr-jarallax-no wpr-parallax-no wpr-sticky-section-no wpr-equal-height-no e-con e-parent\" data-id=\"04c89a3\" data-element_type=\"container\" data-e-type=\"container\">\n\t\t\t\t\t<div class=\"e-con-inner\">\n\t\t\t\t<div class=\"elementor-element elementor-element-57c671f elementor-widget elementor-widget-text-editor\" data-id=\"57c671f\" data-element_type=\"widget\" data-e-type=\"widget\" data-widget_type=\"text-editor.default\">\n\t\t\t\t<div class=\"elementor-widget-container\">\n\t\t\t\t\t\t\t\t\t<p><strong>BENAZIRA DJOCO<\/strong> &#8211; PDG DE DJOCO BEAUTY BY BENAZIRA COSMETICS<\/p>\t\t\t\t\t\t\t\t<\/div>\n\t\t\t\t<\/div>\n\t\t\t\t\t<\/div>\n\t\t\t\t<\/div>\n\t\t<div class=\"elementor-element elementor-element-ad5a437 e-flex e-con-boxed wpr-particle-no wpr-jarallax-no wpr-parallax-no wpr-sticky-section-no wpr-equal-height-no e-con e-parent\" data-id=\"ad5a437\" data-element_type=\"container\" data-e-type=\"container\">\n\t\t\t\t\t<div class=\"e-con-inner\">\n\t\t<div class=\"elementor-element elementor-element-f3ae12a e-con-full e-flex wpr-particle-no wpr-jarallax-no wpr-parallax-no wpr-sticky-section-no wpr-equal-height-no e-con e-child\" data-id=\"f3ae12a\" data-element_type=\"container\" data-e-type=\"container\">\n\t\t\t\t<div class=\"elementor-element elementor-element-c5f1093 elementor-widget elementor-widget-image\" data-id=\"c5f1093\" data-element_type=\"widget\" data-e-type=\"widget\" data-widget_type=\"image.default\">\n\t\t\t\t<div class=\"elementor-widget-container\">\n\t\t\t\t\t\t\t\t\t\t\t\t\t\t\t<img loading=\"lazy\" decoding=\"async\" width=\"768\" height=\"1024\" src=\"https:\/\/africaatual.com.br\/wp-content\/uploads\/2025\/12\/image32-768x1024.jpeg\" class=\"attachment-large size-large wp-image-13275\" alt=\"\" srcset=\"https:\/\/africaatual.com.br\/wp-content\/uploads\/2025\/12\/image32-768x1024.jpeg 768w, https:\/\/africaatual.com.br\/wp-content\/uploads\/2025\/12\/image32-225x300.jpeg 225w, https:\/\/africaatual.com.br\/wp-content\/uploads\/2025\/12\/image32.jpeg 960w\" sizes=\"(max-width: 768px) 100vw, 768px\" \/>\t\t\t\t\t\t\t\t\t\t\t\t\t\t\t<\/div>\n\t\t\t\t<\/div>\n\t\t\t\t<\/div>\n\t\t<div class=\"elementor-element elementor-element-2c80ac3 e-con-full e-flex wpr-particle-no wpr-jarallax-no wpr-parallax-no wpr-sticky-section-no wpr-equal-height-no e-con e-child\" data-id=\"2c80ac3\" data-element_type=\"container\" data-e-type=\"container\">\n\t\t\t\t<div class=\"elementor-element elementor-element-702d733 elementor-widget__width-initial elementor-widget elementor-widget-image\" data-id=\"702d733\" data-element_type=\"widget\" data-e-type=\"widget\" data-widget_type=\"image.default\">\n\t\t\t\t<div class=\"elementor-widget-container\">\n\t\t\t\t\t\t\t\t\t\t\t\t\t\t\t<img loading=\"lazy\" decoding=\"async\" width=\"465\" height=\"620\" src=\"https:\/\/africaatual.com.br\/wp-content\/uploads\/2025\/12\/image33.jpeg\" class=\"attachment-large size-large wp-image-13276\" alt=\"\" srcset=\"https:\/\/africaatual.com.br\/wp-content\/uploads\/2025\/12\/image33.jpeg 465w, https:\/\/africaatual.com.br\/wp-content\/uploads\/2025\/12\/image33-225x300.jpeg 225w\" sizes=\"(max-width: 465px) 100vw, 465px\" \/>\t\t\t\t\t\t\t\t\t\t\t\t\t\t\t<\/div>\n\t\t\t\t<\/div>\n\t\t\t\t<\/div>\n\t\t\t\t\t<\/div>\n\t\t\t\t<\/div>\n\t\t<div class=\"elementor-element elementor-element-a6ee2ac e-flex e-con-boxed wpr-particle-no wpr-jarallax-no wpr-parallax-no wpr-sticky-section-no wpr-equal-height-no e-con e-parent\" data-id=\"a6ee2ac\" data-element_type=\"container\" data-e-type=\"container\">\n\t\t\t\t\t<div class=\"e-con-inner\">\n\t\t\t\t<div class=\"elementor-element elementor-element-786180b elementor-widget elementor-widget-text-editor\" data-id=\"786180b\" data-element_type=\"widget\" data-e-type=\"widget\" data-widget_type=\"text-editor.default\">\n\t\t\t\t<div class=\"elementor-widget-container\">\n\t\t\t\t\t\t\t\t\t<p><strong><em>RONAN PIRES<\/em><\/strong> \u2013 PDG et fondateur d&#8217;IJEX \u2013 Instituto Jovem Exportador da <strong><em>CPLP <\/em><\/strong>(Communaut\u00e9 des Pays de Langue Portugaise).<\/p>\t\t\t\t\t\t\t\t<\/div>\n\t\t\t\t<\/div>\n\t\t\t\t\t<\/div>\n\t\t\t\t<\/div>\n\t\t<div class=\"elementor-element elementor-element-47e078c e-flex e-con-boxed wpr-particle-no wpr-jarallax-no wpr-parallax-no wpr-sticky-section-no wpr-equal-height-no e-con e-parent\" data-id=\"47e078c\" data-element_type=\"container\" data-e-type=\"container\">\n\t\t\t\t\t<div class=\"e-con-inner\">\n\t\t<div class=\"elementor-element elementor-element-af62ae6 e-con-full e-flex wpr-particle-no wpr-jarallax-no wpr-parallax-no wpr-sticky-section-no wpr-equal-height-no e-con e-child\" data-id=\"af62ae6\" data-element_type=\"container\" data-e-type=\"container\">\n\t\t\t\t<div class=\"elementor-element elementor-element-9449aaf elementor-widget elementor-widget-image\" data-id=\"9449aaf\" data-element_type=\"widget\" data-e-type=\"widget\" data-widget_type=\"image.default\">\n\t\t\t\t<div class=\"elementor-widget-container\">\n\t\t\t\t\t\t\t\t\t\t\t\t\t\t\t<img loading=\"lazy\" decoding=\"async\" width=\"225\" height=\"225\" src=\"https:\/\/africaatual.com.br\/wp-content\/uploads\/2025\/12\/image34.jpeg\" class=\"attachment-large size-large wp-image-13280\" alt=\"\" srcset=\"https:\/\/africaatual.com.br\/wp-content\/uploads\/2025\/12\/image34.jpeg 225w, https:\/\/africaatual.com.br\/wp-content\/uploads\/2025\/12\/image34-150x150.jpeg 150w\" sizes=\"(max-width: 225px) 100vw, 225px\" \/>\t\t\t\t\t\t\t\t\t\t\t\t\t\t\t<\/div>\n\t\t\t\t<\/div>\n\t\t\t\t<\/div>\n\t\t<div class=\"elementor-element elementor-element-7b25028 e-con-full e-flex wpr-particle-no wpr-jarallax-no wpr-parallax-no wpr-sticky-section-no wpr-equal-height-no e-con e-child\" data-id=\"7b25028\" data-element_type=\"container\" data-e-type=\"container\">\n\t\t\t\t<div class=\"elementor-element elementor-element-c728985 elementor-widget__width-initial elementor-widget elementor-widget-image\" data-id=\"c728985\" data-element_type=\"widget\" data-e-type=\"widget\" data-widget_type=\"image.default\">\n\t\t\t\t<div class=\"elementor-widget-container\">\n\t\t\t\t\t\t\t\t\t\t\t\t\t\t\t<img loading=\"lazy\" decoding=\"async\" width=\"768\" height=\"1024\" src=\"https:\/\/africaatual.com.br\/wp-content\/uploads\/2025\/12\/image35-768x1024.jpeg\" class=\"attachment-large size-large wp-image-13281\" alt=\"\" srcset=\"https:\/\/africaatual.com.br\/wp-content\/uploads\/2025\/12\/image35-768x1024.jpeg 768w, https:\/\/africaatual.com.br\/wp-content\/uploads\/2025\/12\/image35-225x300.jpeg 225w, https:\/\/africaatual.com.br\/wp-content\/uploads\/2025\/12\/image35.jpeg 960w\" sizes=\"(max-width: 768px) 100vw, 768px\" \/>\t\t\t\t\t\t\t\t\t\t\t\t\t\t\t<\/div>\n\t\t\t\t<\/div>\n\t\t\t\t<\/div>\n\t\t\t\t\t<\/div>\n\t\t\t\t<\/div>\n\t\t<div class=\"elementor-element elementor-element-c70b069 e-flex e-con-boxed wpr-particle-no wpr-jarallax-no wpr-parallax-no wpr-sticky-section-no wpr-equal-height-no e-con e-parent\" data-id=\"c70b069\" data-element_type=\"container\" data-e-type=\"container\">\n\t\t\t\t\t<div class=\"e-con-inner\">\n\t\t\t\t<div class=\"elementor-element elementor-element-3635e5b elementor-widget elementor-widget-text-editor\" data-id=\"3635e5b\" data-element_type=\"widget\" data-e-type=\"widget\" data-widget_type=\"text-editor.default\">\n\t\t\t\t<div class=\"elementor-widget-container\">\n\t\t\t\t\t\t\t\t\t<p><strong><em>CLEDSON DOS SANTOS BERNARDO<\/em><\/strong>, <strong><em>PDG<\/em><\/strong> <strong><em>d&#8217;Emaismed Occupational Health<\/em><\/strong><\/p>\t\t\t\t\t\t\t\t<\/div>\n\t\t\t\t<\/div>\n\t\t\t\t\t<\/div>\n\t\t\t\t<\/div>\n\t\t<div class=\"elementor-element elementor-element-c6406f7 e-flex e-con-boxed wpr-particle-no wpr-jarallax-no wpr-parallax-no wpr-sticky-section-no wpr-equal-height-no e-con e-parent\" data-id=\"c6406f7\" data-element_type=\"container\" data-e-type=\"container\">\n\t\t\t\t\t<div class=\"e-con-inner\">\n\t\t<div class=\"elementor-element elementor-element-60a9819 e-con-full e-flex wpr-particle-no wpr-jarallax-no wpr-parallax-no wpr-sticky-section-no wpr-equal-height-no e-con e-child\" data-id=\"60a9819\" data-element_type=\"container\" data-e-type=\"container\">\n\t\t\t\t<div class=\"elementor-element elementor-element-bc0cd63 elementor-widget elementor-widget-image\" data-id=\"bc0cd63\" data-element_type=\"widget\" data-e-type=\"widget\" data-widget_type=\"image.default\">\n\t\t\t\t<div class=\"elementor-widget-container\">\n\t\t\t\t\t\t\t\t\t\t\t\t\t\t\t<img loading=\"lazy\" decoding=\"async\" width=\"768\" height=\"1024\" src=\"https:\/\/africaatual.com.br\/wp-content\/uploads\/2025\/12\/image36-768x1024.jpeg\" class=\"attachment-large size-large wp-image-13288\" alt=\"\" srcset=\"https:\/\/africaatual.com.br\/wp-content\/uploads\/2025\/12\/image36-768x1024.jpeg 768w, https:\/\/africaatual.com.br\/wp-content\/uploads\/2025\/12\/image36-225x300.jpeg 225w, https:\/\/africaatual.com.br\/wp-content\/uploads\/2025\/12\/image36.jpeg 960w\" sizes=\"(max-width: 768px) 100vw, 768px\" \/>\t\t\t\t\t\t\t\t\t\t\t\t\t\t\t<\/div>\n\t\t\t\t<\/div>\n\t\t\t\t<\/div>\n\t\t<div class=\"elementor-element elementor-element-b6b05cd e-con-full e-flex wpr-particle-no wpr-jarallax-no wpr-parallax-no wpr-sticky-section-no wpr-equal-height-no e-con e-child\" data-id=\"b6b05cd\" data-element_type=\"container\" data-e-type=\"container\">\n\t\t\t\t<div class=\"elementor-element elementor-element-12702e3 elementor-widget__width-initial elementor-widget elementor-widget-image\" data-id=\"12702e3\" data-element_type=\"widget\" data-e-type=\"widget\" data-widget_type=\"image.default\">\n\t\t\t\t<div class=\"elementor-widget-container\">\n\t\t\t\t\t\t\t\t\t\t\t\t\t\t\t<img loading=\"lazy\" decoding=\"async\" width=\"768\" height=\"1024\" src=\"https:\/\/africaatual.com.br\/wp-content\/uploads\/2025\/12\/image37-768x1024.jpeg\" class=\"attachment-large size-large wp-image-13289\" alt=\"\" srcset=\"https:\/\/africaatual.com.br\/wp-content\/uploads\/2025\/12\/image37-768x1024.jpeg 768w, https:\/\/africaatual.com.br\/wp-content\/uploads\/2025\/12\/image37-225x300.jpeg 225w, https:\/\/africaatual.com.br\/wp-content\/uploads\/2025\/12\/image37.jpeg 960w\" sizes=\"(max-width: 768px) 100vw, 768px\" \/>\t\t\t\t\t\t\t\t\t\t\t\t\t\t\t<\/div>\n\t\t\t\t<\/div>\n\t\t\t\t<\/div>\n\t\t\t\t\t<\/div>\n\t\t\t\t<\/div>\n\t\t<div class=\"elementor-element elementor-element-469231d e-flex e-con-boxed wpr-particle-no wpr-jarallax-no wpr-parallax-no wpr-sticky-section-no wpr-equal-height-no e-con e-parent\" data-id=\"469231d\" data-element_type=\"container\" data-e-type=\"container\">\n\t\t\t\t\t<div class=\"e-con-inner\">\n\t\t\t\t<div class=\"elementor-element elementor-element-2d74af4 elementor-widget elementor-widget-text-editor\" data-id=\"2d74af4\" data-element_type=\"widget\" data-e-type=\"widget\" data-widget_type=\"text-editor.default\">\n\t\t\t\t<div class=\"elementor-widget-container\">\n\t\t\t\t\t\t\t\t\t<p><strong><em>Paulo Jos\u00e9 Santos Magalh\u00e3es<\/em><\/strong>, plus connu sous le nom de <strong><em>Paulinho Samba de Rua, est le secr\u00e9taire du Secr\u00e9tariat ex\u00e9cutif aux politiques de promotion de l&#8217;\u00e9galit\u00e9 raciale de la ville d&#8217;Osasco<\/em><\/strong>, dans l&#8217;\u00c9tat de S\u00e3o Paulo. Il est <strong><em>le premier Noir \u00e0 occuper ce poste dans l&#8217;\u00c9tat de S\u00e3o Paulo<\/em><\/strong>\u00a0; <em>les autres municipalit\u00e9s et villes ne disposent que d&#8217;un bureau de coordination. Il est professeur d&#8217;\u00e9ducation physique.<\/em><\/p>\t\t\t\t\t\t\t\t<\/div>\n\t\t\t\t<\/div>\n\t\t\t\t\t<\/div>\n\t\t\t\t<\/div>\n\t\t<div class=\"elementor-element elementor-element-8494dc7 e-flex e-con-boxed wpr-particle-no wpr-jarallax-no wpr-parallax-no wpr-sticky-section-no wpr-equal-height-no e-con e-parent\" data-id=\"8494dc7\" data-element_type=\"container\" data-e-type=\"container\">\n\t\t\t\t\t<div class=\"e-con-inner\">\n\t\t<div class=\"elementor-element elementor-element-0d4c59d e-con-full e-flex wpr-particle-no wpr-jarallax-no wpr-parallax-no wpr-sticky-section-no wpr-equal-height-no e-con e-child\" data-id=\"0d4c59d\" data-element_type=\"container\" data-e-type=\"container\">\n\t\t\t\t<div class=\"elementor-element elementor-element-09d20f0 elementor-widget__width-initial elementor-widget elementor-widget-image\" data-id=\"09d20f0\" data-element_type=\"widget\" data-e-type=\"widget\" data-widget_type=\"image.default\">\n\t\t\t\t<div class=\"elementor-widget-container\">\n\t\t\t\t\t\t\t\t\t\t\t\t\t\t\t<img loading=\"lazy\" decoding=\"async\" width=\"768\" height=\"1024\" src=\"https:\/\/africaatual.com.br\/wp-content\/uploads\/2025\/12\/image38-768x1024.jpeg\" class=\"attachment-large size-large wp-image-13293\" alt=\"\" srcset=\"https:\/\/africaatual.com.br\/wp-content\/uploads\/2025\/12\/image38-768x1024.jpeg 768w, https:\/\/africaatual.com.br\/wp-content\/uploads\/2025\/12\/image38-225x300.jpeg 225w, https:\/\/africaatual.com.br\/wp-content\/uploads\/2025\/12\/image38.jpeg 960w\" sizes=\"(max-width: 768px) 100vw, 768px\" \/>\t\t\t\t\t\t\t\t\t\t\t\t\t\t\t<\/div>\n\t\t\t\t<\/div>\n\t\t\t\t<\/div>\n\t\t<div class=\"elementor-element elementor-element-b264076 e-con-full e-flex wpr-particle-no wpr-jarallax-no wpr-parallax-no wpr-sticky-section-no wpr-equal-height-no e-con e-child\" data-id=\"b264076\" data-element_type=\"container\" data-e-type=\"container\">\n\t\t\t\t<div class=\"elementor-element elementor-element-92f6ee5 elementor-widget__width-initial elementor-widget elementor-widget-image\" data-id=\"92f6ee5\" data-element_type=\"widget\" data-e-type=\"widget\" data-widget_type=\"image.default\">\n\t\t\t\t<div class=\"elementor-widget-container\">\n\t\t\t\t\t\t\t\t\t\t\t\t\t\t\t<img loading=\"lazy\" decoding=\"async\" width=\"768\" height=\"1024\" src=\"https:\/\/africaatual.com.br\/wp-content\/uploads\/2025\/12\/image39-768x1024.jpeg\" class=\"attachment-large size-large wp-image-13294\" alt=\"\" srcset=\"https:\/\/africaatual.com.br\/wp-content\/uploads\/2025\/12\/image39-768x1024.jpeg 768w, https:\/\/africaatual.com.br\/wp-content\/uploads\/2025\/12\/image39-225x300.jpeg 225w, https:\/\/africaatual.com.br\/wp-content\/uploads\/2025\/12\/image39.jpeg 960w\" sizes=\"(max-width: 768px) 100vw, 768px\" \/>\t\t\t\t\t\t\t\t\t\t\t\t\t\t\t<\/div>\n\t\t\t\t<\/div>\n\t\t\t\t<\/div>\n\t\t\t\t\t<\/div>\n\t\t\t\t<\/div>\n\t\t<div class=\"elementor-element elementor-element-2ae8525 e-flex e-con-boxed wpr-particle-no wpr-jarallax-no wpr-parallax-no wpr-sticky-section-no wpr-equal-height-no e-con e-parent\" data-id=\"2ae8525\" data-element_type=\"container\" data-e-type=\"container\">\n\t\t\t\t\t<div class=\"e-con-inner\">\n\t\t\t\t<div class=\"elementor-element elementor-element-23fa18f elementor-widget elementor-widget-text-editor\" data-id=\"23fa18f\" data-element_type=\"widget\" data-e-type=\"widget\" data-widget_type=\"text-editor.default\">\n\t\t\t\t<div class=\"elementor-widget-container\">\n\t\t\t\t\t\t\t\t\t<p><strong><em>SILEIDE FERREIRA \u2013<\/em><\/strong> <strong><em>Artiste et conseill\u00e8re<\/em><\/strong> pour Vem Bumbar (Sileide est sur la premi\u00e8re photo). La deuxi\u00e8me photo montre une conseill\u00e8re \u00e9v\u00e9nementielle pour l&#8217;agence Vem Bumbar.<\/p>\t\t\t\t\t\t\t\t<\/div>\n\t\t\t\t<\/div>\n\t\t\t\t\t<\/div>\n\t\t\t\t<\/div>\n\t\t<div class=\"elementor-element elementor-element-a1928ec e-flex e-con-boxed wpr-particle-no wpr-jarallax-no wpr-parallax-no wpr-sticky-section-no wpr-equal-height-no e-con e-parent\" data-id=\"a1928ec\" data-element_type=\"container\" data-e-type=\"container\">\n\t\t\t\t\t<div class=\"e-con-inner\">\n\t\t\t\t<div class=\"elementor-element elementor-element-85cd368 elementor-widget elementor-widget-image\" data-id=\"85cd368\" data-element_type=\"widget\" data-e-type=\"widget\" data-widget_type=\"image.default\">\n\t\t\t\t<div class=\"elementor-widget-container\">\n\t\t\t\t\t\t\t\t\t\t\t\t\t\t\t<img loading=\"lazy\" decoding=\"async\" width=\"421\" height=\"281\" src=\"https:\/\/africaatual.com.br\/wp-content\/uploads\/2025\/12\/image40-1.jpeg\" class=\"attachment-large size-large wp-image-13299\" alt=\"\" srcset=\"https:\/\/africaatual.com.br\/wp-content\/uploads\/2025\/12\/image40-1.jpeg 421w, https:\/\/africaatual.com.br\/wp-content\/uploads\/2025\/12\/image40-1-300x200.jpeg 300w\" sizes=\"(max-width: 421px) 100vw, 421px\" \/>\t\t\t\t\t\t\t\t\t\t\t\t\t\t\t<\/div>\n\t\t\t\t<\/div>\n\t\t\t\t\t<\/div>\n\t\t\t\t<\/div>\n\t\t<div class=\"elementor-element elementor-element-76be2a8 e-flex e-con-boxed wpr-particle-no wpr-jarallax-no wpr-parallax-no wpr-sticky-section-no wpr-equal-height-no e-con e-parent\" data-id=\"76be2a8\" data-element_type=\"container\" data-e-type=\"container\">\n\t\t\t\t\t<div class=\"e-con-inner\">\n\t\t\t\t<div class=\"elementor-element elementor-element-0422104 elementor-widget elementor-widget-text-editor\" data-id=\"0422104\" data-element_type=\"widget\" data-e-type=\"widget\" data-widget_type=\"text-editor.default\">\n\t\t\t\t<div class=\"elementor-widget-container\">\n\t\t\t\t\t\t\t\t\t<p><strong><em>Laur\u00e9ats de l&#8217;\u00e9v\u00e9nement Vem Bumbar 2025<\/em><\/strong><\/p>\t\t\t\t\t\t\t\t<\/div>\n\t\t\t\t<\/div>\n\t\t\t\t\t<\/div>\n\t\t\t\t<\/div>\n\t\t<div class=\"elementor-element elementor-element-a31c66d e-flex e-con-boxed wpr-particle-no wpr-jarallax-no wpr-parallax-no wpr-sticky-section-no wpr-equal-height-no e-con e-parent\" data-id=\"a31c66d\" data-element_type=\"container\" data-e-type=\"container\">\n\t\t\t\t\t<div class=\"e-con-inner\">\n\t\t\t\t<div class=\"elementor-element elementor-element-06907a8 elementor-widget elementor-widget-heading\" data-id=\"06907a8\" data-element_type=\"widget\" data-e-type=\"widget\" data-widget_type=\"heading.default\">\n\t\t\t\t<div class=\"elementor-widget-container\">\n\t\t\t\t\t<h2 class=\"elementor-heading-title elementor-size-default\">La grande r\u00e9volution des dirigeants du continent africain assure le d\u00e9veloppement \u00e9conomique et social et lib\u00e9rera le continent de l'esclavage dans certains pays d\u00e9velopp\u00e9s comme la France...<\/h2>\t\t\t\t<\/div>\n\t\t\t\t<\/div>\n\t\t\t\t\t<\/div>\n\t\t\t\t<\/div>\n\t\t<div class=\"elementor-element elementor-element-0021060 e-flex e-con-boxed wpr-particle-no wpr-jarallax-no wpr-parallax-no wpr-sticky-section-no wpr-equal-height-no e-con e-parent\" data-id=\"0021060\" data-element_type=\"container\" data-e-type=\"container\">\n\t\t\t\t\t<div class=\"e-con-inner\">\n\t\t\t\t<div class=\"elementor-element elementor-element-a31fd8c elementor-widget elementor-widget-text-editor\" data-id=\"a31fd8c\" data-element_type=\"widget\" data-e-type=\"widget\" data-widget_type=\"text-editor.default\">\n\t\t\t\t<div class=\"elementor-widget-container\">\n\t\t\t\t\t\t\t\t\t<p>La nouvelle \u00e8re g\u00e9opolitique s&#8217;est ouverte avec la cr\u00e9ation de <strong><em>l&#8217;Alliance des \u00c9tats du Sahel (AES), <\/em><\/strong>form\u00e9e par le <strong><em>Mali, le Burkina Faso et le N\u00cdger<\/em><\/strong>. Ce pacte \u00e9tablit une union de d\u00e9fense mutuelle et de coop\u00e9ration \u00e9conomique et sociale entre ces trois pays, qui aspirent \u00e0 une plus grande autonomie et \u00e0 une moindre influence fran\u00e7aise en Afrique de l&#8217;Ouest, dans une perspective de croissance.\u00a0<\/p><p><strong><em>Paraphraser et raconter l&#8217;histoire de l&#8217;un des empires les plus riches de la plan\u00e8te, \u00ab l&#8217;empire de Mansa Moussa au Mali \u00bb, \u00e0 une \u00e9poque pas si lointaine.<\/em><\/strong><strong><em>Mansa Moussa<\/em><\/strong>, empereur <strong><em>de l&#8217;empire du Mali au XIVe<\/em><\/strong> si\u00e8cle, est consid\u00e9r\u00e9 comme l&#8217;homme le plus riche de l&#8217;histoire gr\u00e2ce \u00e0 sa ma\u00eetrise de l&#8217;or et du cuivre dans son royaume. Son <strong><em>p\u00e8lerinage l\u00e9gendaire \u00e0 La Mecque en 1324<\/em><\/strong>, avec une caravane d&#8217;or, eut un impact \u00e9conomique colossal sur l&#8217;\u00c9gypte, et il transforma des villes comme Tombouctou en d&#8217;importants centres d&#8217;\u00e9tudes et de culture islamiques.\u00a0<\/p><p><strong><em>L&#8217;Empire du Mali<\/em><\/strong><\/p><ul><li>\u00a0<strong><em>\u00c9tendue et richesse<\/em><\/strong> : Sous le r\u00e8gne de <strong><em>Mansa Moussa<\/em><\/strong>, l&#8217;Empire du <strong><em>Mali<\/em><\/strong> devint la plus grande puissance politique du monde, contr\u00f4lant des territoires qui correspondent aujourd&#8217;hui \u00e0 plusieurs pays d&#8217;Afrique de l&#8217;Ouest.<\/li><li>\u00a0 <strong><em>Ressources <\/em><\/strong>: La richesse de l&#8217;empire provenait de l&#8217;extraction de l&#8217;or et du cuivre, ressources que <strong><em>Mansa Moussa<\/em><\/strong> monopolisa, faisant du <strong><em>Mali <\/em><\/strong>l&#8217;une des principales sources mondiales de m\u00e9taux pr\u00e9cieux.<\/li><li>\u00a0 <strong><em>Administration <\/em><\/strong>: Pour g\u00e9rer ce vaste empire, <strong><em>Mansa Moussa<\/em><\/strong> le divisa en provinces administr\u00e9es par des \u00ab farbas \u00bb, am\u00e9liorant ainsi l&#8217;administration et la perception des imp\u00f4ts et des tributs.<\/li><\/ul><p><strong>\u00a0<\/strong><\/p><p><strong>\u00a0<\/strong><\/p><p><strong><em>Le p\u00e8lerinage \u00e0 La Mecque<\/em><\/strong><\/p><ul><li><strong><em>Le voyage<\/em><\/strong>\u00a0: <strong><em>En 1324<\/em><\/strong>, <strong><em>Mansa Moussa<\/em><\/strong> entreprit son p\u00e8lerinage \u00e0 La Mecque, accompagn\u00e9 d\u2019une caravane de plus de 60 000 personnes, de milliers d\u2019esclaves et d\u2019une grande quantit\u00e9 d\u2019or.<\/li><li>\u00a0\u00a0<strong><em>Impact \u00e9conomique<\/em><\/strong>\u00a0: Lors de son passage au Caire, l\u2019empereur distribua tellement d\u2019or que cela provoqua une forte inflation qui mit environ douze ans \u00e0 se stabiliser.<strong><em>H\u00e9ritage<\/em><\/strong><\/li><li>\u00a0\u00a0<strong><em>Culture et savoir<\/em><\/strong>\u00a0: <strong><em>Mansa Moussa<\/em><\/strong> attira des architectes et des \u00e9rudits du Moyen-Orient, fit construire des mosqu\u00e9es et des universit\u00e9s, et transforma Tombouctou en un centre renomm\u00e9 du savoir islamique.<\/li><li>\u00a0 <strong><em>Reconnaissance\u00a0<\/em><\/strong>: Son p\u00e8lerinage et sa richesse contribu\u00e8rent \u00e0 la renomm\u00e9e de l\u2019empire du <strong><em>Mali et de Mansa Moussa<\/em><\/strong> \u00e0 travers le Moyen-Orient, l\u2019Europe et l\u2019Afrique, faisant de lui une figure l\u00e9gendaire et l\u2019un des plus grands souverains de l\u2019histoire.<\/li><\/ul><p><strong>\u00a0<\/strong><\/p><p><strong><em>Mansa Moussa fut le neuvi\u00e8me souverain de l&#8217;empire du Mali et est consid\u00e9r\u00e9 comme l&#8217;un des hommes les plus riches de l&#8217;histoire. Son r\u00e8gne, de 1312 \u00e0 1337<\/em><\/strong>, marqua l&#8217;\u00e2ge d&#8217;or de l&#8217;empire et fut marqu\u00e9 par une immense richesse, une expansion territoriale consid\u00e9rable et un rayonnement culturel important. Sa fortune devint c\u00e9l\u00e8bre apr\u00e8s son p\u00e8lerinage \u00e0 La <strong><em>Mecque en 1324.<\/em><\/strong><em>\u00a0<\/em><em>Voici les principaux aspects de l&#8217;empire sous le <strong>r\u00e8gne de Mansa Musa<\/strong>\u00a0:<\/em><strong>Sources de richesse :<\/strong><\/p><ul><li>\u00a0 Elle contr\u00f4lait des territoires riches en ressources telles que l&#8217;or, le sel et le cuivre, et monopolisait le commerce transsaharien de ces produits.<\/li><li><strong><em>Une fortune l\u00e9gendaire :<\/em><\/strong>Sa fortune \u00e9tait si immense qu\u2019il est impossible de la quantifier pr\u00e9cis\u00e9ment de nos jours, mais certains historiens l\u2019estiment aujourd\u2019hui \u00e0 des centaines de milliards de dollars.<\/li><\/ul><p><strong><em>P\u00e8lerinage c\u00e9l\u00e8bre<\/em><\/strong>\u00a0:<strong><em>En 1324<\/em><\/strong>, il effectua un p\u00e8lerinage fastueux \u00e0 <strong><em>La Mecque<\/em><\/strong>, \u00e0 la t\u00eate d\u2019une immense suite et distribuant de grandes quantit\u00e9s d\u2019or, ce qui d\u00e9valua le m\u00e9tal en <strong><em>\u00c9gypte<\/em><\/strong> pendant plus <strong><em>d\u2019une d\u00e9cennie<\/em><\/strong>.<\/p><p><strong><em>Impact culturel :<\/em><\/strong>Cela a attir\u00e9 des architectes et des \u00e9rudits islamiques qui ont construit des mosqu\u00e9es et des universit\u00e9s, comme celle de <strong><em>Sankor\u00e9,<\/em><\/strong> transformant des villes comme Tombouctou en centres de culture et d&#8217;apprentissage.<\/p><p><strong><em>Expansion territoriale :<\/em><\/strong>\u00a0Il doubla la superficie de l&#8217;empire et la divisa en provinces pour une administration plus efficace.<\/p><p><strong><em>Puissance militaire :<\/em><\/strong>Il disposait d&#8217;une arm\u00e9e plus importante que celles de l&#8217;Europe m\u00e9di\u00e9vale, ce qui fut essentiel \u00e0 l&#8217;expansion et au maintien de ce vaste empire.<\/p><p><strong><em>H\u00e9ritage :<\/em><\/strong>\u00a0 Sa g\u00e9n\u00e9rosit\u00e9, sa richesse et ses contributions \u00e0 la culture et \u00e0 l&#8217;\u00e9ducation ont laiss\u00e9 un h\u00e9ritage durable en <strong><em>Afrique de l&#8217;Ouest.<\/em><\/strong>\u00a0<\/p><p>La <strong><em>Charte Mandingue du Mali<\/em><\/strong>, plus formellement connue sous le nom de <strong><em>Charte de Kurukan Fuga (ou Charte Manden<\/em><\/strong>), est un document historique oral et l&#8217;une des plus anciennes constitutions au monde. Elle fut proclam\u00e9e vers <strong><em>1236 par l&#8217;empereur Soundiata Ke\u00efta et l&#8217;Assembl\u00e9e (Gbara) du peuple Manden<\/em><\/strong>, lors de la fondation de l&#8217;Empire du <strong><em>Mali.<\/em><\/strong><strong><em>\u00a0<\/em><\/strong><strong><em>Reconnue par l\u2019UNESCO<\/em><\/strong> comme patrimoine culturel immat\u00e9riel de l\u2019humanit\u00e9, <strong><em>la Charte de Kurukan Fuga <\/em><\/strong>est remarquable pour :<\/p><ul><li>\u00a0\u00a0<strong><em>Droits de l&#8217;homme<\/em><\/strong>\u00a0: Ce texte comprend <strong><em>44 articles<\/em><\/strong> traitant des droits de l&#8217;homme, de la libert\u00e9 de circulation, du droit de propri\u00e9t\u00e9 et du principe selon lequel aucune vie n&#8217;a plus de valeur qu&#8217;une autre.<\/li><li>\u00a0 <strong><em>Organisation sociale et politique\u00a0:<\/em><\/strong> Ce texte \u00e9tablit les fondements de la vie sociale, politique, militaire et \u00e9conomique de l&#8217;empire, garantissant la protection des activit\u00e9s professionnelles et l&#8217;int\u00e9grit\u00e9 physique des sujets.<\/li><li>\u00a0 <strong>Interdiction de l&#8217;esclavage\u00a0:<\/strong> Ce texte inclut des clauses pr\u00e9voyant l&#8217;interdiction de l&#8217;esclavage et l&#8217;indemnisation des personnes ayant subi des mauvais traitements.<\/li><li>\u00a0 <strong><em>Pr\u00e9servation de la nature\u00a0:<\/em><\/strong> Ce document aborde la conservation de l\u2019environnement, notamment \u00e0 travers des articles sp\u00e9cifiques sur l\u2019utilisation du feu dans la v\u00e9g\u00e9tation et la gestion des animaux domestiques.\u00a7<\/li><li><strong><em>Transmission orale\u00a0:<\/em><\/strong> Document transmis traditionnellement de g\u00e9n\u00e9ration en g\u00e9n\u00e9ration par le biais de rites et de traditions orales, il pr\u00e9serve ainsi ses principes.\u00a0<\/li><\/ul><p><strong><em>La Charte de Mand\u00e9<\/em><\/strong> est consid\u00e9r\u00e9e par de nombreux historiens comme un exemple remarquable de l\u00e9gislation avanc\u00e9e pour son \u00e9poque, promulgu\u00e9e des si\u00e8cles avant des documents similaires en Europe, tels que la <strong><em>D\u00e9claration fran\u00e7aise des droits de l&#8217;homme et du citoyen.<\/em><\/strong>\u00a0<em>Il est important de noter qu&#8217;au <strong>Br\u00e9sil colonial<\/strong>, le terme \u00ab\u00a0<strong>,Mandinga<\/strong>\u00a0\u00bb a acquis une signification diff\u00e9rente, associ\u00e9e aux pratiques religieuses et aux \u00ab\u00a0sacs <strong>Mandinga\u00a0<\/strong>\u00bb (petits sacs en cuir orn\u00e9s de versets du Coran, utilis\u00e9s comme protection), qui furent plus tard, souvent \u00e0 tort, associ\u00e9s \u00e0 la sorcellerie. <strong>Cependant, au Mali<\/strong>, le terme d\u00e9signe \u00e0 l&#8217;origine cet important code de lois et d&#8217;\u00e9thique sociale.<\/em>\u00a0<strong><em>En septembre 2023,<\/em><\/strong> alors que des secteurs progressistes des forces arm\u00e9es prenaient le pouvoir gouvernemental, les chefs d\u2019\u00c9tat du <strong><em>Mali, du Burkina Faso et du Niger<\/em><\/strong> se sont r\u00e9unis \u00e0 <strong><em>Bamako (Mali) <\/em><\/strong>pour signer la <strong><em>Charte de Liptako-Gourma, qui a \u00e9tabli l\u2019Alliance des \u00c9tats du Sahel.<\/em><\/strong><\/p><p><strong><em>En juillet 2024<\/em><\/strong>, rompant avec le joug de l&#8217;asservissement \u00e9conomique, politique et militaire, les dirigeants de <strong><em>l&#8217;AES<\/em><\/strong> ont convenu de cr\u00e9er une conf\u00e9d\u00e9ration, une \u00e9tape significative vers une union politique et \u00e9conomique plus profonde et plus prosp\u00e8re, ouvrant les fronti\u00e8res \u00e0 un d\u00e9veloppement et \u00e0 des investissements s\u00e9curis\u00e9s. Gr\u00e2ce \u00e0 ce pacte, ils ont commenc\u00e9 \u00e0 attirer les plus grands acteurs du march\u00e9 financier mondial vers des investissements dans les secteurs suivants\u00a0: agroalimentaire\u00a0; agro-industrie\u00a0; march\u00e9s financiers\u00a0; exploration des ressources naturelles et pr\u00e9cieuses\u00a0; \u00e9ducation\u00a0; sant\u00e9\u00a0; technologies\u00a0; \u00e9nergies renouvelables\u00a0; infrastructures (a\u00e9roports nationaux et expansion des lignes internationales, notamment les ports directs au <strong><em>Br\u00e9sil<\/em><\/strong>, le r\u00e9seau ferroviaire, les autoroutes et les routes)\u00a0; secteur associatif\u00a0; culture\u00a0; tourisme\u00a0; gastronomie\u00a0; h\u00f4tellerie et autres.<\/p><p><strong><em>Le monde<\/em><\/strong><em> se doit de <strong>reconna\u00eetre et de respecter<\/strong> ces <strong>trois grands dirigeants<\/strong> et <strong>pr\u00e9sidents de l&#8217;AES<\/strong> pour leur courage et leur amour pour leur peuple<\/em>.<\/p><p>Les dirigeants des <strong><em>\u00c9tats du Sahel (Mali, Burkina Faso et Niger)<\/em><\/strong> se sont r\u00e9unis dans le but d&#8217;organiser des syst\u00e8mes de d\u00e9fense collective et d&#8217;assistance mutuelle. R\u00e9sum\u00e9 : Le <strong><em>g\u00e9n\u00e9ral Tiani du Niger, le colonel Go\u00efta du Mali et le capitaine Traor\u00e9 du Burkina Faso.<\/em><\/strong> Lors de cette r\u00e9union, quatre documents ont \u00e9t\u00e9 sign\u00e9s et pr\u00e9sent\u00e9s : le trait\u00e9 instituant la Conf\u00e9d\u00e9ration des \u00c9tats du Sahel, le r\u00e8glement int\u00e9rieur du coll\u00e8ge des chefs d&#8217;\u00c9tat de l&#8217;alliance, le communiqu\u00e9 final et la <strong><em>D\u00e9claration de Niamey<\/em><\/strong> . Les dirigeants des trois pays \u00ab ont d\u00e9cid\u00e9 de franchir une nouvelle \u00e9tape vers une int\u00e9gration plus pouss\u00e9e \u00bb et ont sign\u00e9 \u00e0 cette fin \u00ab un trait\u00e9 cr\u00e9ant une conf\u00e9d\u00e9ration entre le <strong><em>Burkina Faso, le Mali et le Niger,<\/em><\/strong> appel\u00e9e <strong><em>Conf\u00e9d\u00e9ration des \u00c9tats du Sahel<\/em><\/strong> \u00bb, indique le communiqu\u00e9 final du sommet tripartite. Ils ont plaid\u00e9 pour la libre circulation des personnes et des biens au sein de la Conf\u00e9d\u00e9ration. Les chefs d&#8217;\u00c9tat ont \u00e9galement d\u00e9cid\u00e9 de cr\u00e9er une force unifi\u00e9e et un plan trilat\u00e9ral permanent pour les actions militaires. En mati\u00e8re de d\u00e9veloppement \u00e9conomique et social, la Conf\u00e9d\u00e9ration pr\u00e9voit de lancer une banque d&#8217;investissement et un fonds de stabilisation.<\/p>\t\t\t\t\t\t\t\t<\/div>\n\t\t\t\t<\/div>\n\t\t\t\t\t<\/div>\n\t\t\t\t<\/div>\n\t\t<div class=\"elementor-element elementor-element-9e4c01d e-flex e-con-boxed wpr-particle-no wpr-jarallax-no wpr-parallax-no wpr-sticky-section-no wpr-equal-height-no e-con e-parent\" data-id=\"9e4c01d\" data-element_type=\"container\" data-e-type=\"container\">\n\t\t\t\t\t<div class=\"e-con-inner\">\n\t\t\t\t<div class=\"elementor-element elementor-element-fae56d8 elementor-widget__width-initial elementor-widget elementor-widget-image\" data-id=\"fae56d8\" data-element_type=\"widget\" data-e-type=\"widget\" data-widget_type=\"image.default\">\n\t\t\t\t<div class=\"elementor-widget-container\">\n\t\t\t\t\t\t\t\t\t\t\t\t\t\t\t<img loading=\"lazy\" decoding=\"async\" width=\"567\" height=\"182\" src=\"https:\/\/africaatual.com.br\/wp-content\/uploads\/2025\/12\/image41.jpeg\" class=\"attachment-full size-full wp-image-13306\" alt=\"\" srcset=\"https:\/\/africaatual.com.br\/wp-content\/uploads\/2025\/12\/image41.jpeg 567w, https:\/\/africaatual.com.br\/wp-content\/uploads\/2025\/12\/image41-300x96.jpeg 300w\" sizes=\"(max-width: 567px) 100vw, 567px\" \/>\t\t\t\t\t\t\t\t\t\t\t\t\t\t\t<\/div>\n\t\t\t\t<\/div>\n\t\t\t\t\t<\/div>\n\t\t\t\t<\/div>\n\t\t<div class=\"elementor-element elementor-element-b2e40a0 e-flex e-con-boxed wpr-particle-no wpr-jarallax-no wpr-parallax-no wpr-sticky-section-no wpr-equal-height-no e-con e-parent\" data-id=\"b2e40a0\" data-element_type=\"container\" data-e-type=\"container\">\n\t\t\t\t\t<div class=\"e-con-inner\">\n\t\t\t\t<div class=\"elementor-element elementor-element-e943e0a elementor-widget elementor-widget-text-editor\" data-id=\"e943e0a\" data-element_type=\"widget\" data-e-type=\"widget\" data-widget_type=\"text-editor.default\">\n\t\t\t\t<div class=\"elementor-widget-container\">\n\t\t\t\t\t\t\t\t\t<ul><li><strong><em>Le premier Pr\u00e9sident du Mali, Son Excellence le g\u00e9n\u00e9ral Assimi Go\u00efta.<\/em><\/strong><\/li><li>\u00a0\u00a0<strong><em>Le deuxi\u00e8me Pr\u00e9sident du Niger, Son Excellence le g\u00e9n\u00e9ral Tiani.<\/em><\/strong><\/li><li>\u00a0\u00a0<strong><em>Le troisi\u00e8me Pr\u00e9sident du Burkina Faso, Son Excellence le capitaine Ibrahim Traor\u00e9.<\/em><\/strong><\/li><\/ul>\t\t\t\t\t\t\t\t<\/div>\n\t\t\t\t<\/div>\n\t\t\t\t\t<\/div>\n\t\t\t\t<\/div>\n\t\t<div class=\"elementor-element elementor-element-515650c e-flex e-con-boxed wpr-particle-no wpr-jarallax-no wpr-parallax-no wpr-sticky-section-no wpr-equal-height-no e-con e-parent\" data-id=\"515650c\" data-element_type=\"container\" data-e-type=\"container\">\n\t\t\t\t\t<div class=\"e-con-inner\">\n\t\t\t\t<div class=\"elementor-element elementor-element-ec7cd25 elementor-widget elementor-widget-text-editor\" data-id=\"ec7cd25\" data-element_type=\"widget\" data-e-type=\"widget\" data-widget_type=\"text-editor.default\">\n\t\t\t\t<div class=\"elementor-widget-container\">\n\t\t\t\t\t\t\t\t\t<ul>\n<li>\n<p>Contextualisation :<\/p><p>Le Sahel pr\u00e9sente un paradoxe frappant entre la richesse de son potentiel et les nombreux d\u00e9fis auxquels sa population est confront\u00e9e. La r\u00e9gion regorge de ressources naturelles telles que le p\u00e9trole, le gaz naturel, l\u2019or, les phosphates et les min\u00e9raux, et poss\u00e8de certaines des plus grandes nappes phr\u00e9atiques du continent, ainsi que des eaux de surface comme le lac Tchad et le fleuve Niger. Ces ressources offrent d\u2019immenses possibilit\u00e9s de diversification \u00e9conomique et d\u2019am\u00e9lioration des conditions de vie. De plus, le Sahel poss\u00e8de un fort potentiel en mati\u00e8re d\u2019\u00e9nergies renouvelables, notamment l\u2019\u00e9nergie solaire. La r\u00e9gion b\u00e9n\u00e9ficie \u00e9galement d\u2019une population dynamique, en particulier jeune, et d\u2019un riche patrimoine culturel.<\/p><p>La richesse de l\u2019Alliance des \u00c9tats du Sahel comprend des ressources naturelles telles que l\u2019uranium, l\u2019or, le gaz naturel, les phosphates et d\u2019autres min\u00e9raux. La r\u00e9gion poss\u00e8de \u00e9galement d\u2019importantes ressources en eau, comme le fleuve Niger et le lac Tchad, ainsi qu\u2019un potentiel en \u00e9nergie solaire. Les \u00e9conomies traditionnelles reposent aussi sur l\u2019agriculture et l\u2019\u00e9levage.<\/p><p><br><\/p><p>Ressources naturelles telles que :<\/p><p>&nbsp;<span style=\"white-space:pre\">\t<\/span>Uranium : Le Niger est l\u2019un des plus grands producteurs mondiaux d\u2019uranium.<\/p><p>&nbsp;<span style=\"white-space:pre\">\t<\/span>Or : Le Burkina Faso et le Mali sont d\u2019importants exportateurs d\u2019or, la Suisse et les \u00c9mirats arabes unis \u00e9tant les principales destinations.<\/p><p>&nbsp;<span style=\"white-space:pre\">\t<\/span>Autres min\u00e9raux : La r\u00e9gion est \u00e9galement riche en min\u00e9raux tels que le zinc, le cuivre, le mangan\u00e8se, le phosphate et la bauxite.<\/p><p>&nbsp;<span style=\"white-space:pre\">\t<\/span>Gaz naturel : Le Sahel poss\u00e8de des r\u00e9serves de gaz naturel.<\/p><p>&nbsp;<span style=\"white-space:pre\">\t<\/span>Exploitation mini\u00e8re : Le secteur minier est le plus important de l\u2019\u00e9conomie du pays, avec une pr\u00e9dominance de la production d\u2019or, de zinc et de phosphate.<\/p><p><br><\/p><p>Ressources en eau et en \u00e9nergie :<\/p><p>&nbsp;<span style=\"white-space:pre\">\t<\/span>Eau : La r\u00e9gion dispose d\u2019importantes ressources en eau de surface, comme le fleuve Niger et le lac Tchad, ainsi que de vastes aquif\u00e8res.<\/p><p>&nbsp;<span style=\"white-space:pre\">\t<\/span>\u00c9nergie solaire : Le potentiel de production d\u2019\u00e9nergie solaire est consid\u00e9rable, avec des initiatives visant \u00e0 cr\u00e9er 10 gigawatts de capacit\u00e9 d\u2019ici 2030 afin d\u2019alimenter des millions de personnes.<\/p><p><br><\/p><p>Agriculture et \u00e9levage :<\/p><p>&nbsp;<span style=\"white-space:pre\">\t<\/span>Agriculture : La production agricole est ax\u00e9e sur des cultures telles que le mil, le sorgho, le coton et les haricots.<\/p><p>&nbsp;<span style=\"white-space:pre\">\t<\/span>La production de coton et la fili\u00e8re du beurre de karit\u00e9 (au Togo et au Burkina Faso) sont \u00e9galement importantes.<\/p><p>&nbsp;<span style=\"white-space:pre\">\t<\/span>\u00c9levage : L\u2019\u00e9levage d\u2019animaux tels que les bovins, les chameaux et les ch\u00e8vres constitue une activit\u00e9 \u00e9conomique majeure.<\/p><p>Commerce :<\/p><p>&nbsp;<span style=\"white-space:pre\">\t<\/span>Le commerce transsaharien constitue un pilier \u00e9conomique traditionnel et demeure essentiel.<\/p><p>&nbsp;<span style=\"white-space:pre\">\t<\/span>Le commerce international s\u2019est r\u00e9cemment ouvert \u00e0 de nouveaux march\u00e9s pour les produits br\u00e9siliens au Burkina Faso, gr\u00e2ce \u00e0 des accords de coop\u00e9ration commerciale.<\/p><p>\u00c9conomie :<\/p><p>&nbsp;<span style=\"white-space:pre\">\t<\/span>Les perspectives \u00e9conomiques tablent sur une croissance mod\u00e9r\u00e9e (environ 4,1 % en 2024 et 4,3 % en 2025), soutenue par les secteurs extractif et agricole.<\/p><p>\u00c9volutions r\u00e9centes :<\/p><p>&nbsp;<span style=\"white-space:pre\">\t<\/span>Les pays de la zone AES, orientale ont entam\u00e9 un processus de retrait de la principale organisation \u00e9conomique d\u2019Afrique de l\u2019Ouest (CEDEAO).<\/p><p>&nbsp;<span style=\"white-space:pre\">\t<\/span>Ils ont annonc\u00e9 des projets de passeport unique, d\u2019arm\u00e9e commune et, \u00e0 terme, de monnaie unique et de droits de douane standardis\u00e9s \u00e0 l\u2019importation et \u00e0 l\u2019exportation.<\/p><p><br><\/p><p>Les \u00ab changements majeurs \u00bb au sein de l\u2019Alliance des \u00c9tats du Sahel (AES) vis-\u00e0-vis de la France sont de nature politique et militaire, et se caract\u00e9risent par une forte opposition \u00e0 ce qu\u2019ils consid\u00e8rent comme l\u2019imp\u00e9rialisme fran\u00e7ais. Les principaux changements sont les suivants :<\/p><p>&nbsp;<span style=\"white-space:pre\">\t<\/span>Formation de l\u2019Alliance : le Mali, le Niger et le Burkina Faso se sont unis au sein du SAS pour rechercher une plus grande autonomie \u00e9conomique, militaire et sociale, contestant l\u2019influence fran\u00e7aise en Afrique de l\u2019Ouest.<\/p><p><br><\/p><p>&nbsp;<span style=\"white-space:pre\">\t<\/span>Retrait militaire fran\u00e7ais : La pression des pays de l\u2019EEE et le sentiment anti-fran\u00e7ais largement r\u00e9pandu dans la r\u00e9gion ont conduit au retrait des forces militaires fran\u00e7aises de ces pays. R\u00e9cemment, le Tchad a \u00e9galement annonc\u00e9 le retrait des troupes fran\u00e7aises de son territoire, suivant ainsi la tendance observ\u00e9e au Sahel.<\/p><p>&nbsp;<span style=\"white-space:pre\">\t<\/span>Partenariats alternatifs : Les pays de l\u2019Afrique de l\u2019Est ont recherch\u00e9 de nouveaux partenaires en mati\u00e8re de s\u00e9curit\u00e9 et de soutien militaire, notamment la Russie, pour remplacer la France et assurer leur d\u00e9fense.<\/p><p>&nbsp;<span style=\"white-space:pre\">\t<\/span>Objectif d\u2019autonomie : L\u2019Alliance recherche la pleine souverainet\u00e9 sur ses d\u00e9cisions en mati\u00e8re de s\u00e9curit\u00e9 et de politique, se distanciant de l\u2019ancienne sph\u00e8re d\u2019influence fran\u00e7aise (\u00ab Francafrique \u00bb).<\/p><p><br><\/p><p><br><\/p><p>L\u2019Alliance des \u00c9tats du Sahel (AES) s\u2019est concentr\u00e9e sur des actions communes dans les domaines militaire, \u00e9conomique et politique afin de renforcer l\u2019autonomie de la r\u00e9gion et de r\u00e9duire l\u2019influence ext\u00e9rieure, principalement celle de la France.<\/p><p><br><\/p><p>Les principales actions de l\u2019Alliance des \u00c9tats du Sahel, impliquant le Mali, sont les suivantes :<\/p><p>&nbsp;<span style=\"white-space:pre\">\t<\/span>Cr\u00e9ation d\u2019une force de d\u00e9fense commune : Les pays SAS (Mali, Niger et Burkina Faso) ont cr\u00e9\u00e9 une force militaire commune d\u2019environ 5 000 soldats pour lutter contre les groupes fondamentalistes islamistes et les menaces ext\u00e9rieures dans la r\u00e9gion.<\/p><p>&nbsp;<span style=\"white-space:pre\">\t<\/span>Int\u00e9gration \u00e9conomique : L\u2019alliance aspire \u00e0 l\u2019autonomie \u00e9conomique et pr\u00e9voit la cr\u00e9ation d\u2019une monnaie commune, d\u2019un passeport commun et l\u2019harmonisation des droits de douane \u00e0 l\u2019importation et \u00e0 l\u2019exportation entre ses membres.<\/p><p>&nbsp;<span style=\"white-space:pre\">\t<\/span>Autonomie politique et ind\u00e9pendance vis-\u00e0-vis de l\u2019influence occidentale : Les pays SAS, dont les gouvernements sont issus de soul\u00e8vements militaires, sont engag\u00e9s dans un processus de transformation institutionnelle et politique visant \u00e0 s\u2019affranchir de l\u2019influence fran\u00e7aise et des autres puissances occidentales.<\/p><p>&nbsp;<span style=\"white-space:pre\">\t<\/span>Retrait des organisations r\u00e9gionales et internationales : Dans le cadre de leur qu\u00eate de souverainet\u00e9, les membres de l\u2019Alliance du Sud-Est (ASE) se sont retir\u00e9s du G5 Sahel, groupe antiterroriste, de la CEDEAO et de la Cour p\u00e9nale internationale.<\/p><p>&nbsp;<span style=\"white-space:pre\">\t<\/span>Coop\u00e9ration avec de nouveaux partenaires : L\u2019Alliance a cherch\u00e9 \u00e0 diversifier ses partenariats. Par exemple, la Guin\u00e9e, qui soutient l\u2019ASE, a facilit\u00e9 l\u2019acc\u00e8s \u00e0 ses ports pour l\u2019importation de marchandises telles que les c\u00e9r\u00e9ales et les engrais russes, t\u00e9moignant d\u2019une r\u00e9orientation de ses relations commerciales et diplomatiques.<\/p><p>&nbsp;<span style=\"white-space:pre\">\t<\/span>Renforcement du Sud global : Les dirigeants de l\u2019Alliance ont particip\u00e9 aux d\u00e9bats internationaux sur le renforcement de la coop\u00e9ration Sud-Sud et l\u2019\u00e9mancipation des travailleurs, affirmant ainsi une position anti-imp\u00e9rialiste et panafricaine.<\/p><p><br><\/p><p>Ces actions visent en d\u00e9finitive \u00e0 donner aux pays du Sahel un meilleur contr\u00f4le sur leurs propres ressources et leur s\u00e9curit\u00e9, dans un contexte de grave crise humanitaire et s\u00e9curitaire dans la r\u00e9gion.<\/p><p><br><\/p><p>D\u00e9fense collective et s\u00e9curit\u00e9, et autres mesures :<\/p><p>&nbsp;<span style=\"white-space:pre\">\t<\/span>La principale action consiste en la cr\u00e9ation d\u2019une force conjointe de 5 000 militaires charg\u00e9e de lutter contre les groupes fondamentalistes islamistes et les menaces ext\u00e9rieures dans la r\u00e9gion, dans le but de stabiliser la situation et de prot\u00e9ger les populations civiles.<\/p><p>&nbsp;<span style=\"white-space:pre\">\t<\/span>Autonomie politique et prise de distance vis-\u00e0-vis de la France : Ces pays cherchent activement \u00e0 se d\u00e9marquer de l\u2019influence politique et \u00e9conomique historique de la France et de ce qu\u2019ils consid\u00e8rent comme \u00ab l\u2019imp\u00e9rialisme fran\u00e7ais \u00bb, en d\u00e9fendant un agenda panafricain.<\/p><p>&nbsp;<span style=\"white-space:pre\">\t<\/span>Transformation institutionnelle : Les gouvernements issus de soul\u00e8vements militaires s\u2019efforcent de promouvoir des transformations institutionnelles et politiques afin de garantir la souverainet\u00e9 et l\u2019autod\u00e9termination de leurs \u00c9tats.<\/p><p>&nbsp;<span style=\"white-space:pre\">\t<\/span>Partenariats strat\u00e9giques : Ils ont recherch\u00e9 de nouveaux partenariats, notamment avec la Russie, dans des domaines tels que la d\u00e9fense et la s\u00e9curit\u00e9, s\u2019\u00e9loignant ainsi des anciennes alliances occidentales.<\/p><p><br><\/p><p>Actions militaires et s\u00e9curitaires<\/p><p>&nbsp;<span style=\"white-space:pre\">\t<\/span>Cr\u00e9ation d\u2019une force conjointe : Les pays ont form\u00e9 une force conjointe d\u2019environ 5 000 soldats pour lutter contre les groupes fondamentalistes islamistes et les menaces ext\u00e9rieures dans la r\u00e9gion.<\/p><p>&nbsp;<span style=\"white-space:pre\">\t<\/span>Pacte de d\u00e9fense mutuelle : L\u2019alliance fonctionne selon un pacte de d\u00e9fense mutuelle, o\u00f9 une attaque contre un membre est consid\u00e9r\u00e9e comme une attaque contre tous.<\/p><p>&nbsp;<span style=\"white-space:pre\">\t<\/span>Lutte contre le terrorisme : La principale justification de cette force militaire unifi\u00e9e est la lutte contre les insurg\u00e9s et les djihadistes op\u00e9rant dans la r\u00e9gion du Sahel central.<\/p><p>&nbsp;<span style=\"white-space:pre\">\t<\/span>Rupture avec les influences ext\u00e9rieures : L\u2019arm\u00e9e syrienne a remplac\u00e9 sa coop\u00e9ration avec les forces antiterroristes internationales (telles que le G5 Sahel et les forces fran\u00e7aises) par une approche men\u00e9e de mani\u00e8re interne.<\/p><p><br><\/p><p>Actions politiques et \u00e9conomiques<\/p><p>&nbsp;<span style=\"white-space:pre\">\t<\/span>Retrait de la CEDEAO : Les trois pays ont annonc\u00e9 leur retrait de la Communaut\u00e9 \u00e9conomique des \u00c9tats de l\u2019Afrique de l\u2019Ouest (CEDEAO) en janvier 2024, retrait effectif \u00e0 la fin du m\u00eame mois. Ils estimaient que l\u2019organisation \u00e9tait influenc\u00e9e par des puissances ext\u00e9rieures et ne servait plus leurs int\u00e9r\u00eats.<\/p><p>&nbsp;<span style=\"white-space:pre\">\t<\/span>Prise de distance avec la France : Ces actions s\u2019inscrivent dans un mouvement politique plus large visant \u00e0 rompre avec ce qu\u2019ils consid\u00e8rent comme le \u00ab n\u00e9ocolonialisme \u00bb fran\u00e7ais et \u00e0 revendiquer une pleine souverainet\u00e9.<\/p><p>&nbsp;<span style=\"white-space:pre\">\t<\/span>Int\u00e9gration r\u00e9gionale : Des projets d\u2019int\u00e9gration accrue sont en cours, notamment la cr\u00e9ation d\u2019un passeport commun et des discussions sur une monnaie commune et des tarifs douaniers unifi\u00e9s \u00e0 l\u2019importation et \u00e0 l\u2019exportation.<\/p><p>&nbsp;<span style=\"white-space:pre\">\t<\/span>Formation d\u2019une conf\u00e9d\u00e9ration : Des initiatives sont en cours pour \u00e9tablir une conf\u00e9d\u00e9ration ou une union plus formelle entre les trois \u00c9tats, afin de consolider leur coop\u00e9ration politique et institutionnelle.<\/p><p>&nbsp;<span style=\"white-space:pre\">\t<\/span>Formation d\u2019une conf\u00e9d\u00e9ration : En juillet 2024, les dirigeants des \u00c9tats de l\u2019Afrique de l\u2019Est (EAE) ont convenu de cr\u00e9er une conf\u00e9d\u00e9ration, une \u00e9tape importante vers une union politique et \u00e9conomique plus pouss\u00e9e.<\/p><p>&nbsp;<span style=\"white-space:pre\">\t<\/span>Passeport commun : Un passeport commun pour les citoyens des trois pays a \u00e9t\u00e9 annonc\u00e9 et est d\u00e9j\u00e0 en vigueur, facilitant la libre circulation et promouvant une identit\u00e9 r\u00e9gionale.<\/p><p>&nbsp;<span style=\"white-space:pre\">\t<\/span>Projet de monnaie et de tarifs douaniers unifi\u00e9s : Des projets sont en cours de discussion pour \u00e9tablir une monnaie commune et unifier les tarifs douaniers \u00e0 l\u2019importation et \u00e0 l\u2019exportation, dans le but de favoriser l\u2019autonomie \u00e9conomique et de renforcer les \u00e9changes commerciaux dans la r\u00e9gion.<\/p><p>&nbsp;<span style=\"white-space:pre\">\t<\/span>Coop\u00e9ration \u00e9conomique et sociale : L\u2019alliance pr\u00e9voit une int\u00e9gration \u00e9conomique significative, incluant la mise en \u0153uvre potentielle d\u2019une monnaie commune, d\u2019un passeport commun et de tarifs douaniers unifi\u00e9s \u00e0 l\u2019importation et \u00e0 l\u2019exportation afin de dynamiser leurs \u00e9conomies.<\/p><p><br><\/p><p>Actions (Soci\u00e9t\u00e9 et Environnement)<\/p><p>&nbsp;<span style=\"white-space:pre\">\t<\/span>Initiatives \u00e9cologiques : Des actions de reboisement ont \u00e9t\u00e9 men\u00e9es, notamment la plantation de 5 millions d\u2019arbres en une heure lors d\u2019un \u00e9v\u00e9nement national, dans le cadre de la lutte contre la d\u00e9sertification.<\/p><p>&nbsp;<span style=\"white-space:pre\">\t<\/span>Actions humanitaires : Des organisations telles que M\u00e9decins Sans Fronti\u00e8res (MSF) et le HCR sont pr\u00e9sentes dans le pays et apportent leur aide face \u00e0 l\u2019aggravation des violences et de la crise humanitaire.<\/p><p><br><\/p><p><br><\/p><p><br><\/p><p>Autres initiatives<\/p><p>&nbsp;<span style=\"white-space:pre\">\t<\/span>Recherche de nouveaux partenaires : L\u2019Alliance s\u2019est efforc\u00e9e de diversifier ses partenariats, notamment par des visites dans des pays comme le Br\u00e9sil, afin de renforcer ses liens diplomatiques et \u00e9conomiques en dehors de sa sph\u00e8re d\u2019influence traditionnelle.<\/p><p>&nbsp;<span style=\"white-space:pre\">\t<\/span>Priorit\u00e9 \u00e0 la souverainet\u00e9 : Toutes les actions sont guid\u00e9es par un id\u00e9al panafricain et anti-imp\u00e9rialiste fort, avec pour principal objectif le recouvrement de la souverainet\u00e9 et de l\u2019autod\u00e9termination de ses \u00c9tats.<\/p><p><br><\/p><p>Pour rappeler l\u2019esclavage fran\u00e7ais dans les colonies africaines, notamment au Niger et dans d\u2019autres colonies :<\/p><p>&nbsp;<span style=\"white-space:pre\">\t<\/span>R\u00e9gimes de dette coloniale : Le Niger a \u00e9t\u00e9 contraint de \u00ab rembourser \u00bb la France pour les infrastructures de l\u2019\u00e9poque coloniale, telles que les routes et les \u00e9coles construites par le travail forc\u00e9.<\/p><p>&nbsp;<span style=\"white-space:pre\">\t<\/span>Contr\u00f4le des ressources : La France a conserv\u00e9 des droits pr\u00e9f\u00e9rentiels sur les exportations strat\u00e9giques du Niger, notamment l\u2019uranium, et les entreprises fran\u00e7aises ont b\u00e9n\u00e9fici\u00e9 d\u2019un acc\u00e8s privil\u00e9gi\u00e9 \u00e0 des secteurs cl\u00e9s de l\u2019\u00e9conomie.<\/p><p>&nbsp;<span style=\"white-space:pre\">\t<\/span>Exon\u00e9rations fiscales : En vertu du principe de non-double imposition, les entreprises fran\u00e7aises op\u00e9rant au Niger ne payaient leurs imp\u00f4ts qu\u2019en France et \u00e9taient exempt\u00e9es des obligations locales \u2013 y compris les taxes, les taxes sur les ventes telles que la TVA, et m\u00eame les taxes sur les carburants \u2013 ce qui a consid\u00e9rablement nui aux recettes fiscales du pays.<\/p><p>&nbsp;<span style=\"white-space:pre\">\t<\/span>D\u00e9pendance mon\u00e9taire : Le Niger fut contraint d\u2019utiliser le franc CFA, une monnaie \u00e9mise et r\u00e9gul\u00e9e par le Tr\u00e9sor fran\u00e7ais, ce qui limitait sa marge de man\u0153uvre en mati\u00e8re de politique mon\u00e9taire et budg\u00e9taire.<\/p><p>&nbsp;<span style=\"white-space:pre\">\t<\/span>Pr\u00e9sence militaire : La France maintenait des bases militaires et b\u00e9n\u00e9ficiait du \u00ab libre usage des installations militaires \u00bb. Ce droit incluait la libert\u00e9 de circulation terrestre, a\u00e9rienne et maritime ; le libre acc\u00e8s aux infrastructures de transport et de communication ; et le droit d\u2019installer des syst\u00e8mes de signalisation et de transmission a\u00e9riens et maritimes.<\/p><p><br><\/p><p>Note :<\/p><p>Agriculture, d\u00e9veloppement rural et s\u00e9curit\u00e9 alimentaire<\/p><p>&nbsp;<span style=\"white-space:pre\">\t<\/span>Au Sahel, deux habitants sur trois d\u00e9pendent de l\u2019agriculture et de l\u2019\u00e9levage. Or, les r\u00e9coltes sont faibles et plus d\u2019un tiers des cultures sont perdues chaque ann\u00e9e, engendrant une forte ins\u00e9curit\u00e9 alimentaire, situation aggrav\u00e9e par le changement climatique. L\u2019une des priorit\u00e9s de l\u2019Alliance est le d\u00e9veloppement d\u2019une agriculture durable et r\u00e9siliente face au climat, capable de r\u00e9duire la pauvret\u00e9 et la malnutrition.<\/p><p><br><\/p><p>Cependant, le continent africain, gr\u00e2ce \u00e0 ses nouvelles administrations et \u00e0 ses nouveaux dirigeants, est devenu l\u2019une des principales sources de ressources financi\u00e8res et d\u2019investissements. Prenons l\u2019exemple du Br\u00e9sil, qui \u00e9tait le deuxi\u00e8me pays ayant re\u00e7u le plus d\u2019investissements en 2024, juste derri\u00e8re les \u00c9tats-Unis. Comme indiqu\u00e9 dans ce document informatif, je recommande aux investisseurs recherchant des r\u00e9sultats performants et s\u00e9curis\u00e9s de se tourner vers le Mali et l\u2019ASEAN, la Guin\u00e9e-Bissau, le Cameroun m\u00e9ridional (Ambazonie), ainsi que plusieurs autres pays africains, et notamment le Br\u00e9sil, en raison de ses nouvelles administrations et de ses nouveaux dirigeants visionnaires d\u00e9veloppement \u00e9conomique, am\u00e9lioration de la qualit\u00e9 de vie de la population, augmentation du PIB et, concomitamment, am\u00e9lioration de l\u2019IDH, pr\u00e9servation de la nature pour lutter contre le changement climatique et le terrorisme, acc\u00e9l\u00e9ration des actions de d\u00e9veloppement, recherche de partenaires et d\u2019investisseurs, coop\u00e9ration internationale et transition \u00e9nerg\u00e9tique.<\/p><p><br><\/p><p>La force de l\u2019Alliance r\u00e9side dans sa capacit\u00e9 \u00e0 redonner richesse et prosp\u00e9rit\u00e9 aux populations, \u00e0 devenir une r\u00e9f\u00e9rence sur le continent africain et \u00e0 nouer des partenariats avec des pays comme le Br\u00e9sil, comme l\u2019a soulign\u00e9 le L\u2019ancien Ministre charg\u00e9 de l\u2019Action humanitaire, de la Solidarit\u00e9, des R\u00e9fugi\u00e9s et des Personnes d\u00e9plac\u00e9es au Mali, M. Oumarou Diarra, lors de sa visite dans notre pays. Ses priorit\u00e9s incluent la lutte contre le terrorisme, l\u2019\u00e9radication de la pauvret\u00e9 et de la faim, la transformation de ces pays en nations prosp\u00e8res et prometteuses, ainsi que la promotion du d\u00e9veloppement du continent africain et des pays en d\u00e9veloppement.<\/p>\n<\/li><li><div><br><\/div><\/li>\n<\/ul>\t\t\t\t\t\t\t\t<\/div>\n\t\t\t\t<\/div>\n\t\t\t\t\t<\/div>\n\t\t\t\t<\/div>\n\t\t<div class=\"elementor-element elementor-element-8027ac1 e-flex e-con-boxed wpr-particle-no wpr-jarallax-no wpr-parallax-no wpr-sticky-section-no wpr-equal-height-no e-con e-parent\" data-id=\"8027ac1\" data-element_type=\"container\" data-e-type=\"container\">\n\t\t\t\t\t<div class=\"e-con-inner\">\n\t\t<div class=\"elementor-element elementor-element-743f26e e-con-full e-flex wpr-particle-no wpr-jarallax-no wpr-parallax-no wpr-sticky-section-no wpr-equal-height-no e-con e-child\" data-id=\"743f26e\" data-element_type=\"container\" data-e-type=\"container\">\n\t\t\t\t<div class=\"elementor-element elementor-element-e8bc163 elementor-widget elementor-widget-image\" data-id=\"e8bc163\" data-element_type=\"widget\" data-e-type=\"widget\" data-widget_type=\"image.default\">\n\t\t\t\t<div class=\"elementor-widget-container\">\n\t\t\t\t\t\t\t\t\t\t\t\t\t\t\t<img fetchpriority=\"high\" decoding=\"async\" width=\"381\" height=\"392\" src=\"https:\/\/africaatual.com.br\/wp-content\/uploads\/2025\/12\/image1-1.jpeg\" class=\"attachment-large size-large wp-image-13314\" alt=\"\" srcset=\"https:\/\/africaatual.com.br\/wp-content\/uploads\/2025\/12\/image1-1.jpeg 381w, https:\/\/africaatual.com.br\/wp-content\/uploads\/2025\/12\/image1-1-292x300.jpeg 292w\" sizes=\"(max-width: 381px) 100vw, 381px\" \/>\t\t\t\t\t\t\t\t\t\t\t\t\t\t\t<\/div>\n\t\t\t\t<\/div>\n\t\t\t\t<\/div>\n\t\t<div class=\"elementor-element elementor-element-06e1ab3 e-con-full e-flex wpr-particle-no wpr-jarallax-no wpr-parallax-no wpr-sticky-section-no wpr-equal-height-no e-con e-child\" data-id=\"06e1ab3\" data-element_type=\"container\" data-e-type=\"container\">\n\t\t\t\t<div class=\"elementor-element elementor-element-b7c544b elementor-widget elementor-widget-heading\" data-id=\"b7c544b\" data-element_type=\"widget\" data-e-type=\"widget\" data-widget_type=\"heading.default\">\n\t\t\t\t<div class=\"elementor-widget-container\">\n\t\t\t\t\t<h2 class=\"elementor-heading-title elementor-size-default\">COMENDADOR JOS\u00c9 FERREIRA<\/h2>\t\t\t\t<\/div>\n\t\t\t\t<\/div>\n\t\t<div class=\"elementor-element elementor-element-eca60ab e-con-full e-flex wpr-particle-no wpr-jarallax-no wpr-parallax-no wpr-sticky-section-no wpr-equal-height-no e-con e-child\" data-id=\"eca60ab\" data-element_type=\"container\" data-e-type=\"container\">\n\t\t\t\t<div class=\"elementor-element elementor-element-ed5c316 elementor-widget elementor-widget-text-editor\" data-id=\"ed5c316\" data-element_type=\"widget\" data-e-type=\"widget\" data-widget_type=\"text-editor.default\">\n\t\t\t\t<div class=\"elementor-widget-container\">\n\t\t\t\t\t\t\t\t\t<p><em>Conseiller aupr\u00e8s de la Chambre de commerce du Texas au Br\u00e9sil \u00ab Texas USA \u00bb, PDG du groupe Infinity Bank, surintendant de la Conf\u00e9d\u00e9ration Elo Social Br\u00e9sil, agent sp\u00e9cial pour les affaires internationales de l&#8217;Ambazonie (Sud du Cameroun) et agent sp\u00e9cial pour les affaires corporatives de la municipalit\u00e9 d&#8217;Itirapu\u00e3 \u2013 S\u00e3o Paulo.<\/em><\/p>\t\t\t\t\t\t\t\t<\/div>\n\t\t\t\t<\/div>\n\t\t\t\t<\/div>\n\t\t\t\t<\/div>\n\t\t\t\t\t<\/div>\n\t\t\t\t<\/div>\n\t\t\t\t<\/div>\n\t\t","protected":false},"excerpt":{"rendered":"<p>Commandant Jos\u00e9 Ferreira de Morais : Entrepreneur ; Math\u00e9maticien ; Banquier ; Journaliste ; Conf\u00e9rencier ; Professeur ; Consultant ; Responsable de la r\u00e9ussite client ; Architecte de solutions ; PDG du Groupe Infinity Bank, Directeur Financier de CECCI &#8211; CPLP pour l\u2019Am\u00e9rique latine, le Mexique et l\u2019Afrique Centrale ; Sp\u00e9cialiste des march\u00e9s financiers, des op\u00e9rations structur\u00e9es, de la mise en place de banques num\u00e9riques et de fintechs, du redressement d\u2019entreprises, de la r\u00e9ing\u00e9nierie et des projets de g\u00e9nie civil, des infrastructures et des monnaies num\u00e9riques ; Conseiller aupr\u00e8s de la Chambre de commerce du Texas au Br\u00e9sil ; Directeur financier de l\u2019Institut Azusa ; Surintendant national des analyses de faisabilit\u00e9 \u00e9conomique et financi\u00e8re de la Conf\u00e9d\u00e9ration Elo Social Br\u00e9sil ; Agent sp\u00e9cial pour les affaires internationales d\u2019Amabazonia (Sud-Cameroun) ; Agent sp\u00e9cial pour les affaires corporatives de la municipalit\u00e9 d\u2019Itirapu\u00e3 &#8211; S\u00e3o Paulo. Le 26 novembre 2025, \u00e0 S\u00e3o Paulo, j&#8217;ai rencontr\u00e9 Son Excellence L&#8217;ancien Ministre charg\u00e9 de l&#8217;Action humanitaire, de la Solidarit\u00e9, des R\u00e9fugi\u00e9s et des Personnes d\u00e9plac\u00e9es au Mali, M. Oumarou Diarra, pour discuter du d\u00e9veloppement \u00e9conomique, social et environnemental visant \u00e0 am\u00e9liorer la qualit\u00e9 de vie du peuple malien, \u00e0 augmenter le PIB (Produit int\u00e9rieur brut), \u00e0 favoriser l&#8217;industrialisation et \u00e0 lutter contre le terrorisme et la faim. \u00a0 Sur la base de cette proposition de d\u00e9veloppement, moi, le Commandant Jos\u00e9 Ferreira, ai fait en sorte que le L\u2019ancien Ministre rencontre et participe \u00e0 deux des \u00e9v\u00e9nements les plus importants au Br\u00e9sil, afin de transmettre le message de la nouvelle direction politique du Mali et de son peuple aux autorit\u00e9s et aux chefs d&#8217;entreprise br\u00e9siliens.\u00a0 \u00a0 Ordre du jour des rencontres des 26 et 28 novembre 2025 \u00e0 S\u00e3o Paulo entre le Commandant Jos\u00e9 Ferreira, le L&#8217;ancien Ministre charg\u00e9 de l&#8217;Action humanitaire, de la Solidarit\u00e9, des R\u00e9fugi\u00e9s et des Personnes d\u00e9plac\u00e9es au Mali, M. Oumarou Diarra,, et Adama Konat\u00e9 (Pr\u00e9sident de l&#8217;Union Maliana de S\u00e3o Paulo, Br\u00e9sil &#8211; UMSB) : \u00a0 D\u00e9veloppement \u00e9conomique, social et environnemental du Mali. \u00a0Investissements bilat\u00e9raux pour l&#8217;industrialisation et la cr\u00e9ation d&#8217;emplois. Investissements pour le d\u00e9veloppement des \u00e9nergies renouvelables et durables. Restructuration du syst\u00e8me financier et cr\u00e9ation de banques num\u00e9riques.\u00a7\u00a0 Construction de nouveaux a\u00e9roports et cr\u00e9ation de vols internationaux directs entre le Mali et le Br\u00e9sil. Construction de voies ferr\u00e9es (trains et m\u00e9tros). D\u00e9veloppement de l&#8217;agro-industrie au Mali. R\u00e9industrialisation et exploration des ressources naturelles (p\u00e9trole, or et min\u00e9raux pr\u00e9cieux). Restructuration des infrastructures routi\u00e8res (routes, autoroutes, rues, avenues, enrobage, terrassement et drainage des eaux pluviales), portuaires, ferroviaires, maritimes, de transport et a\u00e9riennes. Int\u00e9gration culturelle, artisanat et arts. Construction de logements (maisons, appartements et copropri\u00e9t\u00e9s). Formation d&#8217;une main-d&#8217;\u0153uvre qualifi\u00e9e pour tous les secteurs essentiels au d\u00e9veloppement du Mali. \u00a0Modernisation du syst\u00e8me bancaire et financier et mise en \u0153uvre de nouveaux produits tels que Pix, Drex, les banques num\u00e9riques, les fintechs, les cryptomonnaies et les crypto-actifs, ainsi que les syst\u00e8mes de conservation. Lutte contre le terrorisme et la faim. Cr\u00e9ation de nouvelles m\u00e9thodes d&#8217;industrialisation des m\u00e9dicaments, notamment les g\u00e9n\u00e9riques.\u00a7\u00a0 R\u00e9duction des clivages politiques. Cr\u00e9ation d&#8217;emplois et am\u00e9lioration de la qualit\u00e9 de vie de la population et du pays.\u00a7\u00a0 Nomination du Commandant Jos\u00e9 Ferreira comme Agent sp\u00e9cial pour les affaires internationales des entreprises au Br\u00e9sil par le Mali. Rencontres avec les autorit\u00e9s br\u00e9siliennes et participation \u00e0 des c\u00e9r\u00e9monies comm\u00e9moratives et de remise de prix. Opportunit\u00e9s pour les investisseurs avec s\u00e9curit\u00e9 du capital investi. Partenariat avec la Chambre de commerce du Texas au Br\u00e9sil, avec le Mali et extension \u00e0 l&#8217;AES, pour le d\u00e9veloppement \u00e9conomique et social. Le pr\u00e9sident de la Chambre de commerce du Texas au Br\u00e9sil, M. Max Paul, dont le si\u00e8ge social est situ\u00e9 \u00e0 Rio de Janeiro \u2013 Botafogo \u2013 \u00c9tat de Rio de Janeiro (deuxi\u00e8me \u00e0 partir de la droite sur la photo) Br\u00e9sil. PARTENARIAT AVEC EDITORA EIROS DANS LA VILLE DE CAMPINAS, \u00c9TAT DE S\u00c3O PAULO &#8211; BR\u00c9SIL Partenariat avec Editora Eiros pour d\u00e9ployer les projets au Mali et les \u00e9tendre \u00e0 l&#8217;AES. La maison d&#8217;\u00e9dition a \u00e9t\u00e9 fond\u00e9e par le Professeur Odair Marques da Silva, universitaire au parcours impressionnant et diversifi\u00e9. Docteur en \u00e9tudes culturelles de l&#8217;Universit\u00e9 de Tr\u00e1s-os-Montes et Alto Douro (UTAD) au Portugal, titulaire d&#8217;un dipl\u00f4me d&#8217;\u00e9tudes sup\u00e9rieures en analyse des syst\u00e8mes de la PUCCAMP et d&#8217;un master en management de la FEM\/UNICAMP, le Professeur Odair poss\u00e8de une solide formation acad\u00e9mique. Il a enseign\u00e9 au sein du programme de troisi\u00e8me cycle en p\u00e9dagogie sociale de l&#8217;UNISAL \u00e0 Campinas (SP) et a particip\u00e9 au projet TIME, coordonn\u00e9 par le NIED\/UNICAMP, contribuant de mani\u00e8re significative \u00e0 des projets sur les nouveaux m\u00e9dias et les technologies appliqu\u00e9s \u00e0 l&#8217;\u00e9ducation. Son exp\u00e9rience comprend \u00e9galement l&#8217;administration publique\u00a0: il a \u00e9t\u00e9 secr\u00e9taire municipal \u00e0 l&#8217;\u00e9ducation d&#8217;Hortol\u00e2ndia (SP), directeur de la FUMEC-Campinas et coordinateur du Centre culturel d&#8217;int\u00e9gration sociale de Cisguanabara, \u00e0 l&#8217;UNICAMP. Actuellement, le Professeur Odair se consacre \u00e0 des projets li\u00e9s au continent africain et \u00e0 des initiatives promouvant l&#8217;Afrique contemporaine, comme le commissariat de l&#8217;Exposition culturelle afrifuturiste. Fort de cette vaste exp\u00e9rience et de sa passion pour l&#8217;\u00e9ducation et la culture, Eiros Publishing s&#8217;engage \u00e0 accompagner les nouveaux auteurs dans leur parcours \u00e9ditorial, en leur offrant des services \u00e9ditoriaux complets et personnalis\u00e9s. Notre objectif est de transformer les manuscrits en \u0153uvres de grande qualit\u00e9, d&#8217;aider les auteurs \u00e0 trouver leur voix et \u00e0 atteindre le succ\u00e8s litt\u00e9raire. Chez Eiros Publishing, chaque livre est une occasion de partager des connaissances et d&#8217;inspirer les lecteurs du monde entier. Notre mission est de promouvoir une \u00e9ducation de qualit\u00e9 par la publication de manuels scolaires et de ressources p\u00e9dagogiques compl\u00e9mentaires qui valorisent et diffusent les connaissances sur l&#8217;Afrique, le patrimoine africain, les cultures autochtones et la culture afro-br\u00e9silienne. Nous nous engageons \u00e0 fournir des ressources \u00e9ducatives qui enrichissent les programmes scolaires et favorisent la sensibilisation culturelle, historique et contemporaine, pr\u00e9parant ainsi les \u00e9l\u00e8ves \u00e0 un monde plus juste et inclusif.\u00catre l&#8217;\u00e9diteur leader du march\u00e9 dans nos domaines th\u00e9matiques, reconnu pour l&#8217;excellence de sa production de contenus \u00e9ducatifs qui c\u00e9l\u00e8brent la diversit\u00e9 culturelle, contribuant ainsi \u00e0 la formation d&#8217;une soci\u00e9t\u00e9 \u00e9quitable et antiraciste. \u00c9ducation de qualit\u00e9\u00a0: Engagement<\/p>\n","protected":false},"author":2,"featured_media":13402,"comment_status":"open","ping_status":"open","sticky":false,"template":"elementor_theme","format":"standard","meta":{"inline_featured_image":false,"ocean_post_layout":"","ocean_both_sidebars_style":"","ocean_both_sidebars_content_width":0,"ocean_both_sidebars_sidebars_width":0,"ocean_sidebar":"","ocean_second_sidebar":"","ocean_disable_margins":"enable","ocean_add_body_class":"","ocean_shortcode_before_top_bar":"","ocean_shortcode_after_top_bar":"","ocean_shortcode_before_header":"","ocean_shortcode_after_header":"","ocean_has_shortcode":"","ocean_shortcode_after_title":"","ocean_shortcode_before_footer_widgets":"","ocean_shortcode_after_footer_widgets":"","ocean_shortcode_before_footer_bottom":"","ocean_shortcode_after_footer_bottom":"","ocean_display_top_bar":"default","ocean_display_header":"default","ocean_header_style":"","ocean_center_header_left_menu":"","ocean_custom_header_template":"","ocean_custom_logo":0,"ocean_custom_retina_logo":0,"ocean_custom_logo_max_width":0,"ocean_custom_logo_tablet_max_width":0,"ocean_custom_logo_mobile_max_width":0,"ocean_custom_logo_max_height":0,"ocean_custom_logo_tablet_max_height":0,"ocean_custom_logo_mobile_max_height":0,"ocean_header_custom_menu":"","ocean_menu_typo_font_family":"","ocean_menu_typo_font_subset":"","ocean_menu_typo_font_size":0,"ocean_menu_typo_font_size_tablet":0,"ocean_menu_typo_font_size_mobile":0,"ocean_menu_typo_font_size_unit":"px","ocean_menu_typo_font_weight":"","ocean_menu_typo_font_weight_tablet":"","ocean_menu_typo_font_weight_mobile":"","ocean_menu_typo_transform":"","ocean_menu_typo_transform_tablet":"","ocean_menu_typo_transform_mobile":"","ocean_menu_typo_line_height":0,"ocean_menu_typo_line_height_tablet":0,"ocean_menu_typo_line_height_mobile":0,"ocean_menu_typo_line_height_unit":"","ocean_menu_typo_spacing":0,"ocean_menu_typo_spacing_tablet":0,"ocean_menu_typo_spacing_mobile":0,"ocean_menu_typo_spacing_unit":"","ocean_menu_link_color":"","ocean_menu_link_color_hover":"","ocean_menu_link_color_active":"","ocean_menu_link_background":"","ocean_menu_link_hover_background":"","ocean_menu_link_active_background":"","ocean_menu_social_links_bg":"","ocean_menu_social_hover_links_bg":"","ocean_menu_social_links_color":"","ocean_menu_social_hover_links_color":"","ocean_disable_title":"default","ocean_disable_heading":"default","ocean_post_title":"","ocean_post_subheading":"","ocean_post_title_style":"","ocean_post_title_background_color":"","ocean_post_title_background":0,"ocean_post_title_bg_image_position":"","ocean_post_title_bg_image_attachment":"","ocean_post_title_bg_image_repeat":"","ocean_post_title_bg_image_size":"","ocean_post_title_height":0,"ocean_post_title_bg_overlay":0.5,"ocean_post_title_bg_overlay_color":"","ocean_disable_breadcrumbs":"default","ocean_breadcrumbs_color":"","ocean_breadcrumbs_separator_color":"","ocean_breadcrumbs_links_color":"","ocean_breadcrumbs_links_hover_color":"","ocean_display_footer_widgets":"default","ocean_display_footer_bottom":"default","ocean_custom_footer_template":"","omw_enable_modal_window":"enable","ocean_post_oembed":"","ocean_post_self_hosted_media":"","ocean_post_video_embed":"","ocean_link_format":"","ocean_link_format_target":"self","ocean_quote_format":"","ocean_quote_format_link":"post","ocean_gallery_link_images":"on","ocean_gallery_id":[],"footnotes":""},"categories":[1],"tags":[159],"palavra-chave":[],"class_list":["post-13348","post","type-post","status-publish","format-standard","has-post-thumbnail","hentry","category-blog","tag-mali","entry","has-media"],"yoast_head":"<!-- This site is optimized with the Yoast SEO plugin v27.3 - https:\/\/yoast.com\/product\/yoast-seo-wordpress\/ -->\n<title>Le Br\u00e9sil et le Mali renforcent le dialogue sur le d\u00e9veloppement, les investissements et la coop\u00e9ration internationale - africaatual.com.br<\/title>\n<meta name=\"robots\" content=\"index, follow, max-snippet:-1, max-image-preview:large, max-video-preview:-1\" \/>\n<link rel=\"canonical\" href=\"https:\/\/africaatual.com.br\/index.php\/2025\/12\/15\/le-bresil-et-le-mali-renforcent-le-dialogue-sur-le-developpement-les-investissements-et-la-cooperation-internationale\/\" \/>\n<meta property=\"og:locale\" content=\"pt_BR\" \/>\n<meta property=\"og:type\" content=\"article\" \/>\n<meta property=\"og:title\" content=\"Le Br\u00e9sil et le Mali renforcent le dialogue sur le d\u00e9veloppement, les investissements et la coop\u00e9ration internationale - africaatual.com.br\" \/>\n<meta property=\"og:description\" content=\"Commandant Jos\u00e9 Ferreira de Morais : Entrepreneur ; Math\u00e9maticien ; Banquier ; Journaliste ; Conf\u00e9rencier ; Professeur ; Consultant ; Responsable de la r\u00e9ussite client ; Architecte de solutions ; PDG du Groupe Infinity Bank, Directeur Financier de CECCI &#8211; CPLP pour l\u2019Am\u00e9rique latine, le Mexique et l\u2019Afrique Centrale ; Sp\u00e9cialiste des march\u00e9s financiers, des op\u00e9rations structur\u00e9es, de la mise en place de banques num\u00e9riques et de fintechs, du redressement d\u2019entreprises, de la r\u00e9ing\u00e9nierie et des projets de g\u00e9nie civil, des infrastructures et des monnaies num\u00e9riques ; Conseiller aupr\u00e8s de la Chambre de commerce du Texas au Br\u00e9sil ; Directeur financier de l\u2019Institut Azusa ; Surintendant national des analyses de faisabilit\u00e9 \u00e9conomique et financi\u00e8re de la Conf\u00e9d\u00e9ration Elo Social Br\u00e9sil ; Agent sp\u00e9cial pour les affaires internationales d\u2019Amabazonia (Sud-Cameroun) ; Agent sp\u00e9cial pour les affaires corporatives de la municipalit\u00e9 d\u2019Itirapu\u00e3 &#8211; S\u00e3o Paulo. Le 26 novembre 2025, \u00e0 S\u00e3o Paulo, j&#8217;ai rencontr\u00e9 Son Excellence L&#8217;ancien Ministre charg\u00e9 de l&#8217;Action humanitaire, de la Solidarit\u00e9, des R\u00e9fugi\u00e9s et des Personnes d\u00e9plac\u00e9es au Mali, M. Oumarou Diarra, pour discuter du d\u00e9veloppement \u00e9conomique, social et environnemental visant \u00e0 am\u00e9liorer la qualit\u00e9 de vie du peuple malien, \u00e0 augmenter le PIB (Produit int\u00e9rieur brut), \u00e0 favoriser l&#8217;industrialisation et \u00e0 lutter contre le terrorisme et la faim. \u00a0 Sur la base de cette proposition de d\u00e9veloppement, moi, le Commandant Jos\u00e9 Ferreira, ai fait en sorte que le L\u2019ancien Ministre rencontre et participe \u00e0 deux des \u00e9v\u00e9nements les plus importants au Br\u00e9sil, afin de transmettre le message de la nouvelle direction politique du Mali et de son peuple aux autorit\u00e9s et aux chefs d&#8217;entreprise br\u00e9siliens.\u00a0 \u00a0 Ordre du jour des rencontres des 26 et 28 novembre 2025 \u00e0 S\u00e3o Paulo entre le Commandant Jos\u00e9 Ferreira, le L&#8217;ancien Ministre charg\u00e9 de l&#8217;Action humanitaire, de la Solidarit\u00e9, des R\u00e9fugi\u00e9s et des Personnes d\u00e9plac\u00e9es au Mali, M. Oumarou Diarra,, et Adama Konat\u00e9 (Pr\u00e9sident de l&#8217;Union Maliana de S\u00e3o Paulo, Br\u00e9sil &#8211; UMSB) : \u00a0 D\u00e9veloppement \u00e9conomique, social et environnemental du Mali. \u00a0Investissements bilat\u00e9raux pour l&#8217;industrialisation et la cr\u00e9ation d&#8217;emplois. Investissements pour le d\u00e9veloppement des \u00e9nergies renouvelables et durables. Restructuration du syst\u00e8me financier et cr\u00e9ation de banques num\u00e9riques.\u00a7\u00a0 Construction de nouveaux a\u00e9roports et cr\u00e9ation de vols internationaux directs entre le Mali et le Br\u00e9sil. Construction de voies ferr\u00e9es (trains et m\u00e9tros). D\u00e9veloppement de l&#8217;agro-industrie au Mali. R\u00e9industrialisation et exploration des ressources naturelles (p\u00e9trole, or et min\u00e9raux pr\u00e9cieux). Restructuration des infrastructures routi\u00e8res (routes, autoroutes, rues, avenues, enrobage, terrassement et drainage des eaux pluviales), portuaires, ferroviaires, maritimes, de transport et a\u00e9riennes. Int\u00e9gration culturelle, artisanat et arts. Construction de logements (maisons, appartements et copropri\u00e9t\u00e9s). Formation d&#8217;une main-d&#8217;\u0153uvre qualifi\u00e9e pour tous les secteurs essentiels au d\u00e9veloppement du Mali. \u00a0Modernisation du syst\u00e8me bancaire et financier et mise en \u0153uvre de nouveaux produits tels que Pix, Drex, les banques num\u00e9riques, les fintechs, les cryptomonnaies et les crypto-actifs, ainsi que les syst\u00e8mes de conservation. Lutte contre le terrorisme et la faim. Cr\u00e9ation de nouvelles m\u00e9thodes d&#8217;industrialisation des m\u00e9dicaments, notamment les g\u00e9n\u00e9riques.\u00a7\u00a0 R\u00e9duction des clivages politiques. Cr\u00e9ation d&#8217;emplois et am\u00e9lioration de la qualit\u00e9 de vie de la population et du pays.\u00a7\u00a0 Nomination du Commandant Jos\u00e9 Ferreira comme Agent sp\u00e9cial pour les affaires internationales des entreprises au Br\u00e9sil par le Mali. Rencontres avec les autorit\u00e9s br\u00e9siliennes et participation \u00e0 des c\u00e9r\u00e9monies comm\u00e9moratives et de remise de prix. Opportunit\u00e9s pour les investisseurs avec s\u00e9curit\u00e9 du capital investi. Partenariat avec la Chambre de commerce du Texas au Br\u00e9sil, avec le Mali et extension \u00e0 l&#8217;AES, pour le d\u00e9veloppement \u00e9conomique et social. Le pr\u00e9sident de la Chambre de commerce du Texas au Br\u00e9sil, M. Max Paul, dont le si\u00e8ge social est situ\u00e9 \u00e0 Rio de Janeiro \u2013 Botafogo \u2013 \u00c9tat de Rio de Janeiro (deuxi\u00e8me \u00e0 partir de la droite sur la photo) Br\u00e9sil. PARTENARIAT AVEC EDITORA EIROS DANS LA VILLE DE CAMPINAS, \u00c9TAT DE S\u00c3O PAULO &#8211; BR\u00c9SIL Partenariat avec Editora Eiros pour d\u00e9ployer les projets au Mali et les \u00e9tendre \u00e0 l&#8217;AES. La maison d&#8217;\u00e9dition a \u00e9t\u00e9 fond\u00e9e par le Professeur Odair Marques da Silva, universitaire au parcours impressionnant et diversifi\u00e9. Docteur en \u00e9tudes culturelles de l&#8217;Universit\u00e9 de Tr\u00e1s-os-Montes et Alto Douro (UTAD) au Portugal, titulaire d&#8217;un dipl\u00f4me d&#8217;\u00e9tudes sup\u00e9rieures en analyse des syst\u00e8mes de la PUCCAMP et d&#8217;un master en management de la FEM\/UNICAMP, le Professeur Odair poss\u00e8de une solide formation acad\u00e9mique. Il a enseign\u00e9 au sein du programme de troisi\u00e8me cycle en p\u00e9dagogie sociale de l&#8217;UNISAL \u00e0 Campinas (SP) et a particip\u00e9 au projet TIME, coordonn\u00e9 par le NIED\/UNICAMP, contribuant de mani\u00e8re significative \u00e0 des projets sur les nouveaux m\u00e9dias et les technologies appliqu\u00e9s \u00e0 l&#8217;\u00e9ducation. Son exp\u00e9rience comprend \u00e9galement l&#8217;administration publique\u00a0: il a \u00e9t\u00e9 secr\u00e9taire municipal \u00e0 l&#8217;\u00e9ducation d&#8217;Hortol\u00e2ndia (SP), directeur de la FUMEC-Campinas et coordinateur du Centre culturel d&#8217;int\u00e9gration sociale de Cisguanabara, \u00e0 l&#8217;UNICAMP. Actuellement, le Professeur Odair se consacre \u00e0 des projets li\u00e9s au continent africain et \u00e0 des initiatives promouvant l&#8217;Afrique contemporaine, comme le commissariat de l&#8217;Exposition culturelle afrifuturiste. Fort de cette vaste exp\u00e9rience et de sa passion pour l&#8217;\u00e9ducation et la culture, Eiros Publishing s&#8217;engage \u00e0 accompagner les nouveaux auteurs dans leur parcours \u00e9ditorial, en leur offrant des services \u00e9ditoriaux complets et personnalis\u00e9s. Notre objectif est de transformer les manuscrits en \u0153uvres de grande qualit\u00e9, d&#8217;aider les auteurs \u00e0 trouver leur voix et \u00e0 atteindre le succ\u00e8s litt\u00e9raire. Chez Eiros Publishing, chaque livre est une occasion de partager des connaissances et d&#8217;inspirer les lecteurs du monde entier. Notre mission est de promouvoir une \u00e9ducation de qualit\u00e9 par la publication de manuels scolaires et de ressources p\u00e9dagogiques compl\u00e9mentaires qui valorisent et diffusent les connaissances sur l&#8217;Afrique, le patrimoine africain, les cultures autochtones et la culture afro-br\u00e9silienne. Nous nous engageons \u00e0 fournir des ressources \u00e9ducatives qui enrichissent les programmes scolaires et favorisent la sensibilisation culturelle, historique et contemporaine, pr\u00e9parant ainsi les \u00e9l\u00e8ves \u00e0 un monde plus juste et inclusif.\u00catre l&#8217;\u00e9diteur leader du march\u00e9 dans nos domaines th\u00e9matiques, reconnu pour l&#8217;excellence de sa production de contenus \u00e9ducatifs qui c\u00e9l\u00e8brent la diversit\u00e9 culturelle, contribuant ainsi \u00e0 la formation d&#8217;une soci\u00e9t\u00e9 \u00e9quitable et antiraciste. \u00c9ducation de qualit\u00e9\u00a0: Engagement\" \/>\n<meta property=\"og:url\" content=\"https:\/\/africaatual.com.br\/index.php\/2025\/12\/15\/le-bresil-et-le-mali-renforcent-le-dialogue-sur-le-developpement-les-investissements-et-la-cooperation-internationale\/\" \/>\n<meta property=\"og:site_name\" content=\"africaatual.com.br\" \/>\n<meta property=\"article:published_time\" content=\"2025-12-15T23:19:41+00:00\" \/>\n<meta property=\"article:modified_time\" content=\"2025-12-16T02:16:00+00:00\" \/>\n<meta property=\"og:image\" content=\"http:\/\/africaatual.com.br\/wp-content\/uploads\/2025\/12\/cmddfr2.jpg\" \/>\n\t<meta property=\"og:image:width\" content=\"1080\" \/>\n\t<meta property=\"og:image:height\" content=\"1080\" \/>\n\t<meta property=\"og:image:type\" content=\"image\/jpeg\" \/>\n<meta name=\"author\" content=\"Isabel Xavier\" \/>\n<meta name=\"twitter:card\" content=\"summary_large_image\" \/>\n<meta name=\"twitter:label1\" content=\"Escrito por\" \/>\n\t<meta name=\"twitter:data1\" content=\"Isabel Xavier\" \/>\n\t<meta name=\"twitter:label2\" content=\"Est. tempo de leitura\" \/>\n\t<meta name=\"twitter:data2\" content=\"39 minutos\" \/>\n<script type=\"application\/ld+json\" class=\"yoast-schema-graph\">{\"@context\":\"https:\\\/\\\/schema.org\",\"@graph\":[{\"@type\":\"Article\",\"@id\":\"https:\\\/\\\/africaatual.com.br\\\/index.php\\\/2025\\\/12\\\/15\\\/le-bresil-et-le-mali-renforcent-le-dialogue-sur-le-developpement-les-investissements-et-la-cooperation-internationale\\\/#article\",\"isPartOf\":{\"@id\":\"https:\\\/\\\/africaatual.com.br\\\/index.php\\\/2025\\\/12\\\/15\\\/le-bresil-et-le-mali-renforcent-le-dialogue-sur-le-developpement-les-investissements-et-la-cooperation-internationale\\\/\"},\"author\":{\"name\":\"Isabel Xavier\",\"@id\":\"https:\\\/\\\/africaatual.com.br\\\/#\\\/schema\\\/person\\\/275270ccd0d657af28fbd625ba218b9e\"},\"headline\":\"Le Br\u00e9sil et le Mali renforcent le dialogue sur le d\u00e9veloppement, les investissements et la coop\u00e9ration internationale\",\"datePublished\":\"2025-12-15T23:19:41+00:00\",\"dateModified\":\"2025-12-16T02:16:00+00:00\",\"mainEntityOfPage\":{\"@id\":\"https:\\\/\\\/africaatual.com.br\\\/index.php\\\/2025\\\/12\\\/15\\\/le-bresil-et-le-mali-renforcent-le-dialogue-sur-le-developpement-les-investissements-et-la-cooperation-internationale\\\/\"},\"wordCount\":6461,\"commentCount\":0,\"publisher\":{\"@id\":\"https:\\\/\\\/africaatual.com.br\\\/#organization\"},\"image\":{\"@id\":\"https:\\\/\\\/africaatual.com.br\\\/index.php\\\/2025\\\/12\\\/15\\\/le-bresil-et-le-mali-renforcent-le-dialogue-sur-le-developpement-les-investissements-et-la-cooperation-internationale\\\/#primaryimage\"},\"thumbnailUrl\":\"https:\\\/\\\/africaatual.com.br\\\/wp-content\\\/uploads\\\/2025\\\/12\\\/cmddfr2.jpg\",\"keywords\":[\"Mali\"],\"articleSection\":[\"Blog\"],\"inLanguage\":\"pt-BR\",\"potentialAction\":[{\"@type\":\"CommentAction\",\"name\":\"Comment\",\"target\":[\"https:\\\/\\\/africaatual.com.br\\\/index.php\\\/2025\\\/12\\\/15\\\/le-bresil-et-le-mali-renforcent-le-dialogue-sur-le-developpement-les-investissements-et-la-cooperation-internationale\\\/#respond\"]}]},{\"@type\":\"WebPage\",\"@id\":\"https:\\\/\\\/africaatual.com.br\\\/index.php\\\/2025\\\/12\\\/15\\\/le-bresil-et-le-mali-renforcent-le-dialogue-sur-le-developpement-les-investissements-et-la-cooperation-internationale\\\/\",\"url\":\"https:\\\/\\\/africaatual.com.br\\\/index.php\\\/2025\\\/12\\\/15\\\/le-bresil-et-le-mali-renforcent-le-dialogue-sur-le-developpement-les-investissements-et-la-cooperation-internationale\\\/\",\"name\":\"Le Br\u00e9sil et le Mali renforcent le dialogue sur le d\u00e9veloppement, les investissements et la coop\u00e9ration internationale - africaatual.com.br\",\"isPartOf\":{\"@id\":\"https:\\\/\\\/africaatual.com.br\\\/#website\"},\"primaryImageOfPage\":{\"@id\":\"https:\\\/\\\/africaatual.com.br\\\/index.php\\\/2025\\\/12\\\/15\\\/le-bresil-et-le-mali-renforcent-le-dialogue-sur-le-developpement-les-investissements-et-la-cooperation-internationale\\\/#primaryimage\"},\"image\":{\"@id\":\"https:\\\/\\\/africaatual.com.br\\\/index.php\\\/2025\\\/12\\\/15\\\/le-bresil-et-le-mali-renforcent-le-dialogue-sur-le-developpement-les-investissements-et-la-cooperation-internationale\\\/#primaryimage\"},\"thumbnailUrl\":\"https:\\\/\\\/africaatual.com.br\\\/wp-content\\\/uploads\\\/2025\\\/12\\\/cmddfr2.jpg\",\"datePublished\":\"2025-12-15T23:19:41+00:00\",\"dateModified\":\"2025-12-16T02:16:00+00:00\",\"breadcrumb\":{\"@id\":\"https:\\\/\\\/africaatual.com.br\\\/index.php\\\/2025\\\/12\\\/15\\\/le-bresil-et-le-mali-renforcent-le-dialogue-sur-le-developpement-les-investissements-et-la-cooperation-internationale\\\/#breadcrumb\"},\"inLanguage\":\"pt-BR\",\"potentialAction\":[{\"@type\":\"ReadAction\",\"target\":[\"https:\\\/\\\/africaatual.com.br\\\/index.php\\\/2025\\\/12\\\/15\\\/le-bresil-et-le-mali-renforcent-le-dialogue-sur-le-developpement-les-investissements-et-la-cooperation-internationale\\\/\"]}]},{\"@type\":\"ImageObject\",\"inLanguage\":\"pt-BR\",\"@id\":\"https:\\\/\\\/africaatual.com.br\\\/index.php\\\/2025\\\/12\\\/15\\\/le-bresil-et-le-mali-renforcent-le-dialogue-sur-le-developpement-les-investissements-et-la-cooperation-internationale\\\/#primaryimage\",\"url\":\"https:\\\/\\\/africaatual.com.br\\\/wp-content\\\/uploads\\\/2025\\\/12\\\/cmddfr2.jpg\",\"contentUrl\":\"https:\\\/\\\/africaatual.com.br\\\/wp-content\\\/uploads\\\/2025\\\/12\\\/cmddfr2.jpg\",\"width\":1080,\"height\":1080},{\"@type\":\"BreadcrumbList\",\"@id\":\"https:\\\/\\\/africaatual.com.br\\\/index.php\\\/2025\\\/12\\\/15\\\/le-bresil-et-le-mali-renforcent-le-dialogue-sur-le-developpement-les-investissements-et-la-cooperation-internationale\\\/#breadcrumb\",\"itemListElement\":[{\"@type\":\"ListItem\",\"position\":1,\"name\":\"In\u00edcio\",\"item\":\"https:\\\/\\\/africaatual.com.br\\\/\"},{\"@type\":\"ListItem\",\"position\":2,\"name\":\"Le Br\u00e9sil et le Mali renforcent le dialogue sur le d\u00e9veloppement, les investissements et la coop\u00e9ration internationale\"}]},{\"@type\":\"WebSite\",\"@id\":\"https:\\\/\\\/africaatual.com.br\\\/#website\",\"url\":\"https:\\\/\\\/africaatual.com.br\\\/\",\"name\":\"africaatual.com.br\",\"description\":\"O Atlas Geocultural da \u00c1frica \u00e9 um rico material de leitura e pesquisa, que visa apresentar de forma atual os pa\u00edses africanos, ainda t\u00e3o pouco conhecidos.\",\"publisher\":{\"@id\":\"https:\\\/\\\/africaatual.com.br\\\/#organization\"},\"potentialAction\":[{\"@type\":\"SearchAction\",\"target\":{\"@type\":\"EntryPoint\",\"urlTemplate\":\"https:\\\/\\\/africaatual.com.br\\\/?s={search_term_string}\"},\"query-input\":{\"@type\":\"PropertyValueSpecification\",\"valueRequired\":true,\"valueName\":\"search_term_string\"}}],\"inLanguage\":\"pt-BR\"},{\"@type\":\"Organization\",\"@id\":\"https:\\\/\\\/africaatual.com.br\\\/#organization\",\"name\":\"africaatual.com.br\",\"url\":\"https:\\\/\\\/africaatual.com.br\\\/\",\"logo\":{\"@type\":\"ImageObject\",\"inLanguage\":\"pt-BR\",\"@id\":\"https:\\\/\\\/africaatual.com.br\\\/#\\\/schema\\\/logo\\\/image\\\/\",\"url\":\"http:\\\/\\\/africaatual.com.br\\\/wp-content\\\/uploads\\\/2023\\\/06\\\/LOGOEIROS_Prancheta-1-tipo-preto.png\",\"contentUrl\":\"http:\\\/\\\/africaatual.com.br\\\/wp-content\\\/uploads\\\/2023\\\/06\\\/LOGOEIROS_Prancheta-1-tipo-preto.png\",\"width\":1667,\"height\":730,\"caption\":\"africaatual.com.br\"},\"image\":{\"@id\":\"https:\\\/\\\/africaatual.com.br\\\/#\\\/schema\\\/logo\\\/image\\\/\"}},{\"@type\":\"Person\",\"@id\":\"https:\\\/\\\/africaatual.com.br\\\/#\\\/schema\\\/person\\\/275270ccd0d657af28fbd625ba218b9e\",\"name\":\"Isabel Xavier\",\"image\":{\"@type\":\"ImageObject\",\"inLanguage\":\"pt-BR\",\"@id\":\"https:\\\/\\\/secure.gravatar.com\\\/avatar\\\/a917370c365d1c248cd5fe4fc02ff6a26d8a5ef7f28c3c7e41757c19a93a954b?s=96&d=mm&r=g\",\"url\":\"https:\\\/\\\/secure.gravatar.com\\\/avatar\\\/a917370c365d1c248cd5fe4fc02ff6a26d8a5ef7f28c3c7e41757c19a93a954b?s=96&d=mm&r=g\",\"contentUrl\":\"https:\\\/\\\/secure.gravatar.com\\\/avatar\\\/a917370c365d1c248cd5fe4fc02ff6a26d8a5ef7f28c3c7e41757c19a93a954b?s=96&d=mm&r=g\",\"caption\":\"Isabel Xavier\"},\"url\":\"https:\\\/\\\/africaatual.com.br\\\/index.php\\\/author\\\/webdesign-yta\\\/\"}]}<\/script>\n<!-- \/ Yoast SEO plugin. -->","yoast_head_json":{"title":"Le Br\u00e9sil et le Mali renforcent le dialogue sur le d\u00e9veloppement, les investissements et la coop\u00e9ration internationale - africaatual.com.br","robots":{"index":"index","follow":"follow","max-snippet":"max-snippet:-1","max-image-preview":"max-image-preview:large","max-video-preview":"max-video-preview:-1"},"canonical":"https:\/\/africaatual.com.br\/index.php\/2025\/12\/15\/le-bresil-et-le-mali-renforcent-le-dialogue-sur-le-developpement-les-investissements-et-la-cooperation-internationale\/","og_locale":"pt_BR","og_type":"article","og_title":"Le Br\u00e9sil et le Mali renforcent le dialogue sur le d\u00e9veloppement, les investissements et la coop\u00e9ration internationale - africaatual.com.br","og_description":"Commandant Jos\u00e9 Ferreira de Morais : Entrepreneur ; Math\u00e9maticien ; Banquier ; Journaliste ; Conf\u00e9rencier ; Professeur ; Consultant ; Responsable de la r\u00e9ussite client ; Architecte de solutions ; PDG du Groupe Infinity Bank, Directeur Financier de CECCI &#8211; CPLP pour l\u2019Am\u00e9rique latine, le Mexique et l\u2019Afrique Centrale ; Sp\u00e9cialiste des march\u00e9s financiers, des op\u00e9rations structur\u00e9es, de la mise en place de banques num\u00e9riques et de fintechs, du redressement d\u2019entreprises, de la r\u00e9ing\u00e9nierie et des projets de g\u00e9nie civil, des infrastructures et des monnaies num\u00e9riques ; Conseiller aupr\u00e8s de la Chambre de commerce du Texas au Br\u00e9sil ; Directeur financier de l\u2019Institut Azusa ; Surintendant national des analyses de faisabilit\u00e9 \u00e9conomique et financi\u00e8re de la Conf\u00e9d\u00e9ration Elo Social Br\u00e9sil ; Agent sp\u00e9cial pour les affaires internationales d\u2019Amabazonia (Sud-Cameroun) ; Agent sp\u00e9cial pour les affaires corporatives de la municipalit\u00e9 d\u2019Itirapu\u00e3 &#8211; S\u00e3o Paulo. Le 26 novembre 2025, \u00e0 S\u00e3o Paulo, j&#8217;ai rencontr\u00e9 Son Excellence L&#8217;ancien Ministre charg\u00e9 de l&#8217;Action humanitaire, de la Solidarit\u00e9, des R\u00e9fugi\u00e9s et des Personnes d\u00e9plac\u00e9es au Mali, M. Oumarou Diarra, pour discuter du d\u00e9veloppement \u00e9conomique, social et environnemental visant \u00e0 am\u00e9liorer la qualit\u00e9 de vie du peuple malien, \u00e0 augmenter le PIB (Produit int\u00e9rieur brut), \u00e0 favoriser l&#8217;industrialisation et \u00e0 lutter contre le terrorisme et la faim. \u00a0 Sur la base de cette proposition de d\u00e9veloppement, moi, le Commandant Jos\u00e9 Ferreira, ai fait en sorte que le L\u2019ancien Ministre rencontre et participe \u00e0 deux des \u00e9v\u00e9nements les plus importants au Br\u00e9sil, afin de transmettre le message de la nouvelle direction politique du Mali et de son peuple aux autorit\u00e9s et aux chefs d&#8217;entreprise br\u00e9siliens.\u00a0 \u00a0 Ordre du jour des rencontres des 26 et 28 novembre 2025 \u00e0 S\u00e3o Paulo entre le Commandant Jos\u00e9 Ferreira, le L&#8217;ancien Ministre charg\u00e9 de l&#8217;Action humanitaire, de la Solidarit\u00e9, des R\u00e9fugi\u00e9s et des Personnes d\u00e9plac\u00e9es au Mali, M. Oumarou Diarra,, et Adama Konat\u00e9 (Pr\u00e9sident de l&#8217;Union Maliana de S\u00e3o Paulo, Br\u00e9sil &#8211; UMSB) : \u00a0 D\u00e9veloppement \u00e9conomique, social et environnemental du Mali. \u00a0Investissements bilat\u00e9raux pour l&#8217;industrialisation et la cr\u00e9ation d&#8217;emplois. Investissements pour le d\u00e9veloppement des \u00e9nergies renouvelables et durables. Restructuration du syst\u00e8me financier et cr\u00e9ation de banques num\u00e9riques.\u00a7\u00a0 Construction de nouveaux a\u00e9roports et cr\u00e9ation de vols internationaux directs entre le Mali et le Br\u00e9sil. Construction de voies ferr\u00e9es (trains et m\u00e9tros). D\u00e9veloppement de l&#8217;agro-industrie au Mali. R\u00e9industrialisation et exploration des ressources naturelles (p\u00e9trole, or et min\u00e9raux pr\u00e9cieux). Restructuration des infrastructures routi\u00e8res (routes, autoroutes, rues, avenues, enrobage, terrassement et drainage des eaux pluviales), portuaires, ferroviaires, maritimes, de transport et a\u00e9riennes. Int\u00e9gration culturelle, artisanat et arts. Construction de logements (maisons, appartements et copropri\u00e9t\u00e9s). Formation d&#8217;une main-d&#8217;\u0153uvre qualifi\u00e9e pour tous les secteurs essentiels au d\u00e9veloppement du Mali. \u00a0Modernisation du syst\u00e8me bancaire et financier et mise en \u0153uvre de nouveaux produits tels que Pix, Drex, les banques num\u00e9riques, les fintechs, les cryptomonnaies et les crypto-actifs, ainsi que les syst\u00e8mes de conservation. Lutte contre le terrorisme et la faim. Cr\u00e9ation de nouvelles m\u00e9thodes d&#8217;industrialisation des m\u00e9dicaments, notamment les g\u00e9n\u00e9riques.\u00a7\u00a0 R\u00e9duction des clivages politiques. Cr\u00e9ation d&#8217;emplois et am\u00e9lioration de la qualit\u00e9 de vie de la population et du pays.\u00a7\u00a0 Nomination du Commandant Jos\u00e9 Ferreira comme Agent sp\u00e9cial pour les affaires internationales des entreprises au Br\u00e9sil par le Mali. Rencontres avec les autorit\u00e9s br\u00e9siliennes et participation \u00e0 des c\u00e9r\u00e9monies comm\u00e9moratives et de remise de prix. Opportunit\u00e9s pour les investisseurs avec s\u00e9curit\u00e9 du capital investi. Partenariat avec la Chambre de commerce du Texas au Br\u00e9sil, avec le Mali et extension \u00e0 l&#8217;AES, pour le d\u00e9veloppement \u00e9conomique et social. Le pr\u00e9sident de la Chambre de commerce du Texas au Br\u00e9sil, M. Max Paul, dont le si\u00e8ge social est situ\u00e9 \u00e0 Rio de Janeiro \u2013 Botafogo \u2013 \u00c9tat de Rio de Janeiro (deuxi\u00e8me \u00e0 partir de la droite sur la photo) Br\u00e9sil. PARTENARIAT AVEC EDITORA EIROS DANS LA VILLE DE CAMPINAS, \u00c9TAT DE S\u00c3O PAULO &#8211; BR\u00c9SIL Partenariat avec Editora Eiros pour d\u00e9ployer les projets au Mali et les \u00e9tendre \u00e0 l&#8217;AES. La maison d&#8217;\u00e9dition a \u00e9t\u00e9 fond\u00e9e par le Professeur Odair Marques da Silva, universitaire au parcours impressionnant et diversifi\u00e9. Docteur en \u00e9tudes culturelles de l&#8217;Universit\u00e9 de Tr\u00e1s-os-Montes et Alto Douro (UTAD) au Portugal, titulaire d&#8217;un dipl\u00f4me d&#8217;\u00e9tudes sup\u00e9rieures en analyse des syst\u00e8mes de la PUCCAMP et d&#8217;un master en management de la FEM\/UNICAMP, le Professeur Odair poss\u00e8de une solide formation acad\u00e9mique. Il a enseign\u00e9 au sein du programme de troisi\u00e8me cycle en p\u00e9dagogie sociale de l&#8217;UNISAL \u00e0 Campinas (SP) et a particip\u00e9 au projet TIME, coordonn\u00e9 par le NIED\/UNICAMP, contribuant de mani\u00e8re significative \u00e0 des projets sur les nouveaux m\u00e9dias et les technologies appliqu\u00e9s \u00e0 l&#8217;\u00e9ducation. Son exp\u00e9rience comprend \u00e9galement l&#8217;administration publique\u00a0: il a \u00e9t\u00e9 secr\u00e9taire municipal \u00e0 l&#8217;\u00e9ducation d&#8217;Hortol\u00e2ndia (SP), directeur de la FUMEC-Campinas et coordinateur du Centre culturel d&#8217;int\u00e9gration sociale de Cisguanabara, \u00e0 l&#8217;UNICAMP. Actuellement, le Professeur Odair se consacre \u00e0 des projets li\u00e9s au continent africain et \u00e0 des initiatives promouvant l&#8217;Afrique contemporaine, comme le commissariat de l&#8217;Exposition culturelle afrifuturiste. Fort de cette vaste exp\u00e9rience et de sa passion pour l&#8217;\u00e9ducation et la culture, Eiros Publishing s&#8217;engage \u00e0 accompagner les nouveaux auteurs dans leur parcours \u00e9ditorial, en leur offrant des services \u00e9ditoriaux complets et personnalis\u00e9s. Notre objectif est de transformer les manuscrits en \u0153uvres de grande qualit\u00e9, d&#8217;aider les auteurs \u00e0 trouver leur voix et \u00e0 atteindre le succ\u00e8s litt\u00e9raire. Chez Eiros Publishing, chaque livre est une occasion de partager des connaissances et d&#8217;inspirer les lecteurs du monde entier. Notre mission est de promouvoir une \u00e9ducation de qualit\u00e9 par la publication de manuels scolaires et de ressources p\u00e9dagogiques compl\u00e9mentaires qui valorisent et diffusent les connaissances sur l&#8217;Afrique, le patrimoine africain, les cultures autochtones et la culture afro-br\u00e9silienne. Nous nous engageons \u00e0 fournir des ressources \u00e9ducatives qui enrichissent les programmes scolaires et favorisent la sensibilisation culturelle, historique et contemporaine, pr\u00e9parant ainsi les \u00e9l\u00e8ves \u00e0 un monde plus juste et inclusif.\u00catre l&#8217;\u00e9diteur leader du march\u00e9 dans nos domaines th\u00e9matiques, reconnu pour l&#8217;excellence de sa production de contenus \u00e9ducatifs qui c\u00e9l\u00e8brent la diversit\u00e9 culturelle, contribuant ainsi \u00e0 la formation d&#8217;une soci\u00e9t\u00e9 \u00e9quitable et antiraciste. \u00c9ducation de qualit\u00e9\u00a0: Engagement","og_url":"https:\/\/africaatual.com.br\/index.php\/2025\/12\/15\/le-bresil-et-le-mali-renforcent-le-dialogue-sur-le-developpement-les-investissements-et-la-cooperation-internationale\/","og_site_name":"africaatual.com.br","article_published_time":"2025-12-15T23:19:41+00:00","article_modified_time":"2025-12-16T02:16:00+00:00","og_image":[{"width":1080,"height":1080,"url":"http:\/\/africaatual.com.br\/wp-content\/uploads\/2025\/12\/cmddfr2.jpg","type":"image\/jpeg"}],"author":"Isabel Xavier","twitter_card":"summary_large_image","twitter_misc":{"Escrito por":"Isabel Xavier","Est. tempo de leitura":"39 minutos"},"schema":{"@context":"https:\/\/schema.org","@graph":[{"@type":"Article","@id":"https:\/\/africaatual.com.br\/index.php\/2025\/12\/15\/le-bresil-et-le-mali-renforcent-le-dialogue-sur-le-developpement-les-investissements-et-la-cooperation-internationale\/#article","isPartOf":{"@id":"https:\/\/africaatual.com.br\/index.php\/2025\/12\/15\/le-bresil-et-le-mali-renforcent-le-dialogue-sur-le-developpement-les-investissements-et-la-cooperation-internationale\/"},"author":{"name":"Isabel Xavier","@id":"https:\/\/africaatual.com.br\/#\/schema\/person\/275270ccd0d657af28fbd625ba218b9e"},"headline":"Le Br\u00e9sil et le Mali renforcent le dialogue sur le d\u00e9veloppement, les investissements et la coop\u00e9ration internationale","datePublished":"2025-12-15T23:19:41+00:00","dateModified":"2025-12-16T02:16:00+00:00","mainEntityOfPage":{"@id":"https:\/\/africaatual.com.br\/index.php\/2025\/12\/15\/le-bresil-et-le-mali-renforcent-le-dialogue-sur-le-developpement-les-investissements-et-la-cooperation-internationale\/"},"wordCount":6461,"commentCount":0,"publisher":{"@id":"https:\/\/africaatual.com.br\/#organization"},"image":{"@id":"https:\/\/africaatual.com.br\/index.php\/2025\/12\/15\/le-bresil-et-le-mali-renforcent-le-dialogue-sur-le-developpement-les-investissements-et-la-cooperation-internationale\/#primaryimage"},"thumbnailUrl":"https:\/\/africaatual.com.br\/wp-content\/uploads\/2025\/12\/cmddfr2.jpg","keywords":["Mali"],"articleSection":["Blog"],"inLanguage":"pt-BR","potentialAction":[{"@type":"CommentAction","name":"Comment","target":["https:\/\/africaatual.com.br\/index.php\/2025\/12\/15\/le-bresil-et-le-mali-renforcent-le-dialogue-sur-le-developpement-les-investissements-et-la-cooperation-internationale\/#respond"]}]},{"@type":"WebPage","@id":"https:\/\/africaatual.com.br\/index.php\/2025\/12\/15\/le-bresil-et-le-mali-renforcent-le-dialogue-sur-le-developpement-les-investissements-et-la-cooperation-internationale\/","url":"https:\/\/africaatual.com.br\/index.php\/2025\/12\/15\/le-bresil-et-le-mali-renforcent-le-dialogue-sur-le-developpement-les-investissements-et-la-cooperation-internationale\/","name":"Le Br\u00e9sil et le Mali renforcent le dialogue sur le d\u00e9veloppement, les investissements et la coop\u00e9ration internationale - africaatual.com.br","isPartOf":{"@id":"https:\/\/africaatual.com.br\/#website"},"primaryImageOfPage":{"@id":"https:\/\/africaatual.com.br\/index.php\/2025\/12\/15\/le-bresil-et-le-mali-renforcent-le-dialogue-sur-le-developpement-les-investissements-et-la-cooperation-internationale\/#primaryimage"},"image":{"@id":"https:\/\/africaatual.com.br\/index.php\/2025\/12\/15\/le-bresil-et-le-mali-renforcent-le-dialogue-sur-le-developpement-les-investissements-et-la-cooperation-internationale\/#primaryimage"},"thumbnailUrl":"https:\/\/africaatual.com.br\/wp-content\/uploads\/2025\/12\/cmddfr2.jpg","datePublished":"2025-12-15T23:19:41+00:00","dateModified":"2025-12-16T02:16:00+00:00","breadcrumb":{"@id":"https:\/\/africaatual.com.br\/index.php\/2025\/12\/15\/le-bresil-et-le-mali-renforcent-le-dialogue-sur-le-developpement-les-investissements-et-la-cooperation-internationale\/#breadcrumb"},"inLanguage":"pt-BR","potentialAction":[{"@type":"ReadAction","target":["https:\/\/africaatual.com.br\/index.php\/2025\/12\/15\/le-bresil-et-le-mali-renforcent-le-dialogue-sur-le-developpement-les-investissements-et-la-cooperation-internationale\/"]}]},{"@type":"ImageObject","inLanguage":"pt-BR","@id":"https:\/\/africaatual.com.br\/index.php\/2025\/12\/15\/le-bresil-et-le-mali-renforcent-le-dialogue-sur-le-developpement-les-investissements-et-la-cooperation-internationale\/#primaryimage","url":"https:\/\/africaatual.com.br\/wp-content\/uploads\/2025\/12\/cmddfr2.jpg","contentUrl":"https:\/\/africaatual.com.br\/wp-content\/uploads\/2025\/12\/cmddfr2.jpg","width":1080,"height":1080},{"@type":"BreadcrumbList","@id":"https:\/\/africaatual.com.br\/index.php\/2025\/12\/15\/le-bresil-et-le-mali-renforcent-le-dialogue-sur-le-developpement-les-investissements-et-la-cooperation-internationale\/#breadcrumb","itemListElement":[{"@type":"ListItem","position":1,"name":"In\u00edcio","item":"https:\/\/africaatual.com.br\/"},{"@type":"ListItem","position":2,"name":"Le Br\u00e9sil et le Mali renforcent le dialogue sur le d\u00e9veloppement, les investissements et la coop\u00e9ration internationale"}]},{"@type":"WebSite","@id":"https:\/\/africaatual.com.br\/#website","url":"https:\/\/africaatual.com.br\/","name":"africaatual.com.br","description":"O Atlas Geocultural da \u00c1frica \u00e9 um rico material de leitura e pesquisa, que visa apresentar de forma atual os pa\u00edses africanos, ainda t\u00e3o pouco conhecidos.","publisher":{"@id":"https:\/\/africaatual.com.br\/#organization"},"potentialAction":[{"@type":"SearchAction","target":{"@type":"EntryPoint","urlTemplate":"https:\/\/africaatual.com.br\/?s={search_term_string}"},"query-input":{"@type":"PropertyValueSpecification","valueRequired":true,"valueName":"search_term_string"}}],"inLanguage":"pt-BR"},{"@type":"Organization","@id":"https:\/\/africaatual.com.br\/#organization","name":"africaatual.com.br","url":"https:\/\/africaatual.com.br\/","logo":{"@type":"ImageObject","inLanguage":"pt-BR","@id":"https:\/\/africaatual.com.br\/#\/schema\/logo\/image\/","url":"http:\/\/africaatual.com.br\/wp-content\/uploads\/2023\/06\/LOGOEIROS_Prancheta-1-tipo-preto.png","contentUrl":"http:\/\/africaatual.com.br\/wp-content\/uploads\/2023\/06\/LOGOEIROS_Prancheta-1-tipo-preto.png","width":1667,"height":730,"caption":"africaatual.com.br"},"image":{"@id":"https:\/\/africaatual.com.br\/#\/schema\/logo\/image\/"}},{"@type":"Person","@id":"https:\/\/africaatual.com.br\/#\/schema\/person\/275270ccd0d657af28fbd625ba218b9e","name":"Isabel Xavier","image":{"@type":"ImageObject","inLanguage":"pt-BR","@id":"https:\/\/secure.gravatar.com\/avatar\/a917370c365d1c248cd5fe4fc02ff6a26d8a5ef7f28c3c7e41757c19a93a954b?s=96&d=mm&r=g","url":"https:\/\/secure.gravatar.com\/avatar\/a917370c365d1c248cd5fe4fc02ff6a26d8a5ef7f28c3c7e41757c19a93a954b?s=96&d=mm&r=g","contentUrl":"https:\/\/secure.gravatar.com\/avatar\/a917370c365d1c248cd5fe4fc02ff6a26d8a5ef7f28c3c7e41757c19a93a954b?s=96&d=mm&r=g","caption":"Isabel Xavier"},"url":"https:\/\/africaatual.com.br\/index.php\/author\/webdesign-yta\/"}]}},"_links":{"self":[{"href":"https:\/\/africaatual.com.br\/index.php\/wp-json\/wp\/v2\/posts\/13348","targetHints":{"allow":["GET"]}}],"collection":[{"href":"https:\/\/africaatual.com.br\/index.php\/wp-json\/wp\/v2\/posts"}],"about":[{"href":"https:\/\/africaatual.com.br\/index.php\/wp-json\/wp\/v2\/types\/post"}],"author":[{"embeddable":true,"href":"https:\/\/africaatual.com.br\/index.php\/wp-json\/wp\/v2\/users\/2"}],"replies":[{"embeddable":true,"href":"https:\/\/africaatual.com.br\/index.php\/wp-json\/wp\/v2\/comments?post=13348"}],"version-history":[{"count":58,"href":"https:\/\/africaatual.com.br\/index.php\/wp-json\/wp\/v2\/posts\/13348\/revisions"}],"predecessor-version":[{"id":13425,"href":"https:\/\/africaatual.com.br\/index.php\/wp-json\/wp\/v2\/posts\/13348\/revisions\/13425"}],"wp:featuredmedia":[{"embeddable":true,"href":"https:\/\/africaatual.com.br\/index.php\/wp-json\/wp\/v2\/media\/13402"}],"wp:attachment":[{"href":"https:\/\/africaatual.com.br\/index.php\/wp-json\/wp\/v2\/media?parent=13348"}],"wp:term":[{"taxonomy":"category","embeddable":true,"href":"https:\/\/africaatual.com.br\/index.php\/wp-json\/wp\/v2\/categories?post=13348"},{"taxonomy":"post_tag","embeddable":true,"href":"https:\/\/africaatual.com.br\/index.php\/wp-json\/wp\/v2\/tags?post=13348"},{"taxonomy":"palavra-chave","embeddable":true,"href":"https:\/\/africaatual.com.br\/index.php\/wp-json\/wp\/v2\/palavra-chave?post=13348"}],"curies":[{"name":"wp","href":"https:\/\/api.w.org\/{rel}","templated":true}]}}