
{"id":13440,"date":"2026-01-30T14:58:38","date_gmt":"2026-01-30T17:58:38","guid":{"rendered":"https:\/\/africaatual.com.br\/?p=13440"},"modified":"2026-01-31T10:51:09","modified_gmt":"2026-01-31T13:51:09","slug":"noticias-africanas-33","status":"publish","type":"post","link":"https:\/\/africaatual.com.br\/index.php\/2026\/01\/30\/noticias-africanas-33\/","title":{"rendered":"Not\u00edcias Africanas #33"},"content":{"rendered":"\t\t<div data-elementor-type=\"wp-post\" data-elementor-id=\"13440\" class=\"elementor elementor-13440\">\n\t\t\t\t<div class=\"elementor-element elementor-element-e19c1f6 e-flex e-con-boxed wpr-particle-no wpr-jarallax-no wpr-parallax-no wpr-sticky-section-no wpr-equal-height-no e-con e-parent\" data-id=\"e19c1f6\" data-element_type=\"container\" data-e-type=\"container\">\n\t\t\t\t\t<div class=\"e-con-inner\">\n\t\t<div class=\"elementor-element elementor-element-f7f7ec7 e-flex e-con-boxed wpr-particle-no wpr-jarallax-no wpr-parallax-no wpr-sticky-section-no wpr-equal-height-no e-con e-child\" data-id=\"f7f7ec7\" data-element_type=\"container\" data-e-type=\"container\">\n\t\t\t\t\t<div class=\"e-con-inner\">\n\t\t\t\t<div class=\"elementor-element elementor-element-d240eb3 elementor-widget__width-initial elementor-widget elementor-widget-heading\" data-id=\"d240eb3\" data-element_type=\"widget\" data-e-type=\"widget\" data-widget_type=\"heading.default\">\n\t\t\t\t<div class=\"elementor-widget-container\">\n\t\t\t\t\t<h1 class=\"elementor-heading-title elementor-size-default\">Not\u00edcias Africanas <br>\nConex\u00f5es Brasil e \u00c1fricas<br>\nN\u00famero 33 - Jan\/2026\n<\/h1>\t\t\t\t<\/div>\n\t\t\t\t<\/div>\n\t\t\t\t\t<\/div>\n\t\t\t\t<\/div>\n\t\t\t\t\t<\/div>\n\t\t\t\t<\/div>\n\t\t<div class=\"elementor-element elementor-element-fd68de0 e-flex e-con-boxed wpr-particle-no wpr-jarallax-no wpr-parallax-no wpr-sticky-section-no wpr-equal-height-no e-con e-parent\" data-id=\"fd68de0\" data-element_type=\"container\" data-e-type=\"container\">\n\t\t\t\t\t<div class=\"e-con-inner\">\n\t\t<div class=\"elementor-element elementor-element-43ed921 e-flex e-con-boxed wpr-particle-no wpr-jarallax-no wpr-parallax-no wpr-sticky-section-no wpr-equal-height-no e-con e-child\" data-id=\"43ed921\" data-element_type=\"container\" data-e-type=\"container\">\n\t\t\t\t\t<div class=\"e-con-inner\">\n\t\t\t\t<div class=\"elementor-element elementor-element-b49fa48 elementor-widget__width-initial elementor-widget elementor-widget-heading\" data-id=\"b49fa48\" data-element_type=\"widget\" data-e-type=\"widget\" data-widget_type=\"heading.default\">\n\t\t\t\t<div class=\"elementor-widget-container\">\n\t\t\t\t\t<h2 class=\"elementor-heading-title elementor-size-default\">Escola de Marimba na \u00c1frica do Sul<\/h2>\t\t\t\t<\/div>\n\t\t\t\t<\/div>\n\t\t\t\t\t<\/div>\n\t\t\t\t<\/div>\n\t\t\t\t\t<\/div>\n\t\t\t\t<\/div>\n\t\t<div class=\"elementor-element elementor-element-436ee38 e-flex e-con-boxed wpr-particle-no wpr-jarallax-no wpr-parallax-no wpr-sticky-section-no wpr-equal-height-no e-con e-parent\" data-id=\"436ee38\" data-element_type=\"container\" data-e-type=\"container\">\n\t\t\t\t\t<div class=\"e-con-inner\">\n\t\t\t\t<div class=\"elementor-element elementor-element-691d53d elementor-widget elementor-widget-image\" data-id=\"691d53d\" data-element_type=\"widget\" data-e-type=\"widget\" data-widget_type=\"image.default\">\n\t\t\t\t<div class=\"elementor-widget-container\">\n\t\t\t\t\t\t\t\t\t\t\t\t<figure class=\"wp-caption\">\n\t\t\t\t\t\t\t\t\t\t<img fetchpriority=\"high\" decoding=\"async\" width=\"1000\" height=\"638\" src=\"https:\/\/africaatual.com.br\/wp-content\/uploads\/2025\/11\/na32-1.jpg\" class=\"attachment-large size-large wp-image-13122\" alt=\"Grupo de crian\u00e7as e adolescentes toca xilofones de madeira em uma sala ampla com cortinas escuras ao fundo. Todos usam uniformes escolares \u2014 camisas brancas, su\u00e9teres azul-marinho e saias ou cal\u00e7as xadrez \u2014 e tocam com entusiasmo, levantando as baquetas coloridas no ar. Fim da descri\u00e7\u00e3o.\" srcset=\"https:\/\/africaatual.com.br\/wp-content\/uploads\/2025\/11\/na32-1.jpg 1000w, https:\/\/africaatual.com.br\/wp-content\/uploads\/2025\/11\/na32-1-300x191.jpg 300w, https:\/\/africaatual.com.br\/wp-content\/uploads\/2025\/11\/na32-1-768x490.jpg 768w\" sizes=\"(max-width: 1000px) 100vw, 1000px\" \/>\t\t\t\t\t\t\t\t\t\t\t<figcaption class=\"widget-image-caption wp-caption-text\"><\/figcaption>\n\t\t\t\t\t\t\t\t\t\t<\/figure>\n\t\t\t\t\t\t\t\t\t<\/div>\n\t\t\t\t<\/div>\n\t\t\t\t\t<\/div>\n\t\t\t\t<\/div>\n\t\t<div class=\"elementor-element elementor-element-b4e3e65 e-flex e-con-boxed wpr-particle-no wpr-jarallax-no wpr-parallax-no wpr-sticky-section-no wpr-equal-height-no e-con e-parent\" data-id=\"b4e3e65\" data-element_type=\"container\" data-e-type=\"container\">\n\t\t\t\t\t<div class=\"e-con-inner\">\n\t\t<div class=\"elementor-element elementor-element-c4a4d0d e-con-full e-flex wpr-particle-no wpr-jarallax-no wpr-parallax-no wpr-sticky-section-no wpr-equal-height-no e-con e-child\" data-id=\"c4a4d0d\" data-element_type=\"container\" data-e-type=\"container\">\n\t\t\t\t<div class=\"elementor-element elementor-element-f650aa7 elementor-widget elementor-widget-text-editor\" data-id=\"f650aa7\" data-element_type=\"widget\" data-e-type=\"widget\" data-widget_type=\"text-editor.default\">\n\t\t\t\t<div class=\"elementor-widget-container\">\n\t\t\t\t\t\t\t\t\t<p>No Brasil, conhecemos poucas iniciativas relacionadas \u00e0s pedagogias africanas ou mesmo \u00e0s pr\u00e1ticas aplicadas em suas unidades escolares. Para interagir com essas escolas e motivar nossos coordenadores pedag\u00f3gicos,\u00a0<strong>ser\u00e1 inserido<\/strong>\u00a0nas edi\u00e7\u00f5es deste ano do\u00a0<em>Not\u00edcias Africanas<\/em>\u00a0um conjunto de refer\u00eancias sobre pr\u00e1ticas pedag\u00f3gicas.<\/p><p>A motiva\u00e7\u00e3o para a pesquisa de suas metodologias encontra, na \u00c1frica do Sul, um exemplo na\u00a0<strong>musicaliza\u00e7\u00e3o imersiva<\/strong>\u00a0no ambiente educacional. A marimba, por exemplo, surge como um instrumento musical que motiva a aquisi\u00e7\u00e3o de novos conhecimentos e habilidades.<\/p><p>Sugerimos algumas fontes africanas para o aprofundamento desta tem\u00e1tica: \u00a0<\/p><ul><li><a href=\"https:\/\/www.ieducation.co.za\/six-reasons-why-marimbas-will-transform-your-school\/\"><span style=\"text-decoration: underline;\">Six Reasons Why Marimbas Will Transform Your School<\/span><\/a><\/li><li><span style=\"text-decoration: underline;\"><a href=\"https:\/\/www.academia.edu\/33099400\/Talking_Drum_The_Impact_of_Marimba_Pedagogy_at_Elementary_schools\">Talking Drum: The Impact of Marimba Pedagogy at Elementary schools<\/a><\/span><\/li><li><span style=\"text-decoration: underline;\"><a href=\"https:\/\/educationafrica.org\/current-project\/marimba-project\/\">Education Africa Marimba Project<\/a><\/span><\/li><\/ul>\t\t\t\t\t\t\t\t<\/div>\n\t\t\t\t<\/div>\n\t\t\t\t<\/div>\n\t\t\t\t\t<\/div>\n\t\t\t\t<\/div>\n\t\t<div class=\"elementor-element elementor-element-62783b3 e-flex e-con-boxed wpr-particle-no wpr-jarallax-no wpr-parallax-no wpr-sticky-section-no wpr-equal-height-no e-con e-parent\" data-id=\"62783b3\" data-element_type=\"container\" data-e-type=\"container\">\n\t\t\t\t\t<div class=\"e-con-inner\">\n\t\t<div class=\"elementor-element elementor-element-5b62a78 e-flex e-con-boxed wpr-particle-no wpr-jarallax-no wpr-parallax-no wpr-sticky-section-no wpr-equal-height-no e-con e-child\" data-id=\"5b62a78\" data-element_type=\"container\" data-e-type=\"container\">\n\t\t\t\t\t<div class=\"e-con-inner\">\n\t\t\t\t<div class=\"elementor-element elementor-element-e549263 elementor-widget__width-initial elementor-widget elementor-widget-heading\" data-id=\"e549263\" data-element_type=\"widget\" data-e-type=\"widget\" data-widget_type=\"heading.default\">\n\t\t\t\t<div class=\"elementor-widget-container\">\n\t\t\t\t\t<h2 class=\"elementor-heading-title elementor-size-default\">Estilos de turbantes fazem a moda<\/h2>\t\t\t\t<\/div>\n\t\t\t\t<\/div>\n\t\t\t\t\t<\/div>\n\t\t\t\t<\/div>\n\t\t\t\t\t<\/div>\n\t\t\t\t<\/div>\n\t\t<div class=\"elementor-element elementor-element-c47dd00 e-flex e-con-boxed wpr-particle-no wpr-jarallax-no wpr-parallax-no wpr-sticky-section-no wpr-equal-height-no e-con e-parent\" data-id=\"c47dd00\" data-element_type=\"container\" data-e-type=\"container\">\n\t\t\t\t\t<div class=\"e-con-inner\">\n\t\t\t\t<div class=\"elementor-element elementor-element-c84cf70 elementor-widget elementor-widget-image\" data-id=\"c84cf70\" data-element_type=\"widget\" data-e-type=\"widget\" data-widget_type=\"image.default\">\n\t\t\t\t<div class=\"elementor-widget-container\">\n\t\t\t\t\t\t\t\t\t\t\t\t\t\t\t<img decoding=\"async\" width=\"1024\" height=\"767\" src=\"https:\/\/africaatual.com.br\/wp-content\/uploads\/2026\/01\/Exposicao-escolar-sobre-a-Africa-em-Osasco-SP-1024x767.webp\" class=\"attachment-large size-large wp-image-13446\" alt=\"\" srcset=\"https:\/\/africaatual.com.br\/wp-content\/uploads\/2026\/01\/Exposicao-escolar-sobre-a-Africa-em-Osasco-SP-1024x767.webp 1024w, https:\/\/africaatual.com.br\/wp-content\/uploads\/2026\/01\/Exposicao-escolar-sobre-a-Africa-em-Osasco-SP-300x225.webp 300w, https:\/\/africaatual.com.br\/wp-content\/uploads\/2026\/01\/Exposicao-escolar-sobre-a-Africa-em-Osasco-SP-768x575.webp 768w, https:\/\/africaatual.com.br\/wp-content\/uploads\/2026\/01\/Exposicao-escolar-sobre-a-Africa-em-Osasco-SP.webp 1440w\" sizes=\"(max-width: 1024px) 100vw, 1024px\" \/>\t\t\t\t\t\t\t\t\t\t\t\t\t\t\t<\/div>\n\t\t\t\t<\/div>\n\t\t\t\t\t<\/div>\n\t\t\t\t<\/div>\n\t\t<div class=\"elementor-element elementor-element-d99f02d e-flex e-con-boxed wpr-particle-no wpr-jarallax-no wpr-parallax-no wpr-sticky-section-no wpr-equal-height-no e-con e-parent\" data-id=\"d99f02d\" data-element_type=\"container\" data-e-type=\"container\">\n\t\t\t\t\t<div class=\"e-con-inner\">\n\t\t<div class=\"elementor-element elementor-element-6010fd4 e-con-full e-flex wpr-particle-no wpr-jarallax-no wpr-parallax-no wpr-sticky-section-no wpr-equal-height-no e-con e-child\" data-id=\"6010fd4\" data-element_type=\"container\" data-e-type=\"container\">\n\t\t\t\t<div class=\"elementor-element elementor-element-e5043cb elementor-widget elementor-widget-text-editor\" data-id=\"e5043cb\" data-element_type=\"widget\" data-e-type=\"widget\" data-widget_type=\"text-editor.default\">\n\t\t\t\t<div class=\"elementor-widget-container\">\n\t\t\t\t\t\t\t\t\t<p>A moda africana \u00e9 rica em varia\u00e7\u00f5es culturais, expressas nas texturas dos tecidos, nas estampas e cores, nos cortes das vestimentas, bem como em seus usos e costumes.<\/p><p>O turbante \u00e9 uma pe\u00e7a simb\u00f3lica em muitas na\u00e7\u00f5es. Trata-se de um adere\u00e7o usado na parte superior da cabe\u00e7a, tanto por homens quanto por mulheres. A palavra tem origem persa,\u00a0<em>dulband<\/em>, mas a tradi\u00e7\u00e3o turca, com a denomina\u00e7\u00e3o\u00a0<em>tulbent<\/em>, aproxima-se da variante portuguesa \u201cturbante\u201d. \u00c9 usado na \u00cdndia, no Paquist\u00e3o e em todo o Oriente M\u00e9dio.<\/p><p>A vertente africana se distingue pelos formatos, cores e tecidos, podendo representar um gesto de identidade cultural e \u00e9tnica. Hoje, adotado por estilistas, seu uso como adorno est\u00e9tico vem crescendo no Brasil.<\/p><p>Fonte para ampliar as suas pesquisas:<\/p><p><span style=\"text-decoration: underline;\"><a href=\"https:\/\/africanvibes.com\/black-celebrities-reconnecting-with-african-roots\/#google_vignette\">https:\/\/africanvibes.com\/black-celebrities-reconnecting-with-african-roots\/#google_vignette<\/a><\/span><\/p>\t\t\t\t\t\t\t\t<\/div>\n\t\t\t\t<\/div>\n\t\t\t\t<\/div>\n\t\t\t\t\t<\/div>\n\t\t\t\t<\/div>\n\t\t<div class=\"elementor-element elementor-element-5987379 e-flex e-con-boxed wpr-particle-no wpr-jarallax-no wpr-parallax-no wpr-sticky-section-no wpr-equal-height-no e-con e-parent\" data-id=\"5987379\" data-element_type=\"container\" data-e-type=\"container\">\n\t\t\t\t\t<div class=\"e-con-inner\">\n\t\t<div class=\"elementor-element elementor-element-f540eee e-flex e-con-boxed wpr-particle-no wpr-jarallax-no wpr-parallax-no wpr-sticky-section-no wpr-equal-height-no e-con e-child\" data-id=\"f540eee\" data-element_type=\"container\" data-e-type=\"container\">\n\t\t\t\t\t<div class=\"e-con-inner\">\n\t\t\t\t<div class=\"elementor-element elementor-element-6167d88 elementor-widget__width-initial elementor-widget elementor-widget-heading\" data-id=\"6167d88\" data-element_type=\"widget\" data-e-type=\"widget\" data-widget_type=\"heading.default\">\n\t\t\t\t<div class=\"elementor-widget-container\">\n\t\t\t\t\t<h2 class=\"elementor-heading-title elementor-size-default\"><p><b><i><span style=\"font-size:14.0pt;line-height:115%\">Como usar o site <\/span><\/i><\/b><a href=\"http:\/\/www.africaatual.com.br\/\"><b><i><span style=\"font-size:14.0pt;line-height:115%\">www.africaatual.com.br<\/span><\/i><\/b><\/a><b><i><span style=\"font-size:14.0pt;line-height:115%\"> em projetos e pesquisas escolares. <br><\/span><\/i><\/b><\/p><\/h2>\t\t\t\t<\/div>\n\t\t\t\t<\/div>\n\t\t\t\t\t<\/div>\n\t\t\t\t<\/div>\n\t\t\t\t\t<\/div>\n\t\t\t\t<\/div>\n\t\t<div class=\"elementor-element elementor-element-d7dcb82 e-flex e-con-boxed wpr-particle-no wpr-jarallax-no wpr-parallax-no wpr-sticky-section-no wpr-equal-height-no e-con e-parent\" data-id=\"d7dcb82\" data-element_type=\"container\" data-e-type=\"container\">\n\t\t\t\t\t<div class=\"e-con-inner\">\n\t\t\t\t<div class=\"elementor-element elementor-element-5912cf8 elementor-widget elementor-widget-image\" data-id=\"5912cf8\" data-element_type=\"widget\" data-e-type=\"widget\" data-widget_type=\"image.default\">\n\t\t\t\t<div class=\"elementor-widget-container\">\n\t\t\t\t\t\t\t\t\t\t\t\t\t\t\t<img decoding=\"async\" width=\"1024\" height=\"416\" src=\"https:\/\/africaatual.com.br\/wp-content\/uploads\/2026\/01\/Design-sem-nome-7-1024x416.jpg\" class=\"attachment-large size-large wp-image-13447\" alt=\"\" srcset=\"https:\/\/africaatual.com.br\/wp-content\/uploads\/2026\/01\/Design-sem-nome-7-1024x416.jpg 1024w, https:\/\/africaatual.com.br\/wp-content\/uploads\/2026\/01\/Design-sem-nome-7-300x122.jpg 300w, https:\/\/africaatual.com.br\/wp-content\/uploads\/2026\/01\/Design-sem-nome-7-768x312.jpg 768w, https:\/\/africaatual.com.br\/wp-content\/uploads\/2026\/01\/Design-sem-nome-7-1536x624.jpg 1536w, https:\/\/africaatual.com.br\/wp-content\/uploads\/2026\/01\/Design-sem-nome-7.jpg 1920w\" sizes=\"(max-width: 1024px) 100vw, 1024px\" \/>\t\t\t\t\t\t\t\t\t\t\t\t\t\t\t<\/div>\n\t\t\t\t<\/div>\n\t\t\t\t\t<\/div>\n\t\t\t\t<\/div>\n\t\t<div class=\"elementor-element elementor-element-0fb1b5d e-flex e-con-boxed wpr-particle-no wpr-jarallax-no wpr-parallax-no wpr-sticky-section-no wpr-equal-height-no e-con e-parent\" data-id=\"0fb1b5d\" data-element_type=\"container\" data-e-type=\"container\">\n\t\t\t\t\t<div class=\"e-con-inner\">\n\t\t<div class=\"elementor-element elementor-element-e02b696 e-con-full e-flex wpr-particle-no wpr-jarallax-no wpr-parallax-no wpr-sticky-section-no wpr-equal-height-no e-con e-child\" data-id=\"e02b696\" data-element_type=\"container\" data-e-type=\"container\">\n\t\t\t\t<div class=\"elementor-element elementor-element-f20f963 elementor-widget elementor-widget-text-editor\" data-id=\"f20f963\" data-element_type=\"widget\" data-e-type=\"widget\" data-widget_type=\"text-editor.default\">\n\t\t\t\t<div class=\"elementor-widget-container\">\n\t\t\t\t\t\t\t\t\t<p>O site www.africaatual.com.br torna-se, no Brasil, um dos poucos espa\u00e7os especializados em tem\u00e1ticas africanas, distinguindo aqui as not\u00edcias afro-brasileiras das oriundas dos pa\u00edses da \u00c1frica.<\/p><p>O principal elemento de apoio \u00e0s pesquisas \u00e9 o \u00edcone <span style=\"text-decoration: underline;\">&#8220;Mapa Interativo da \u00c1frica&#8221;<\/span>, com acesso atrav\u00e9s do menu no canto superior direito do site. Esse elemento abre um mapa do continente africano, em tons de verde, para diferenciar os pa\u00edses. Ressalta-se que ele ainda est\u00e1 em fase de aperfei\u00e7oamento, pois faltam inserir os pa\u00edses-ilhas ou arquip\u00e9lagos, como: Cabo Verde, S\u00e3o Tom\u00e9 e Pr\u00edncipe, Seicheles e Reuni\u00e3o. Ao clicar em um pa\u00eds, o site abre uma janela com informa\u00e7\u00f5es espec\u00edficas, as quais est\u00e3o vinculadas a not\u00edcias publicadas. Uma observa\u00e7\u00e3o importante para o leitor: \u00e9 necess\u00e1rio clicar no elemento &#8220;Continue lendo&#8221;. As mat\u00e9rias nem sempre s\u00e3o espec\u00edficas do pa\u00eds, portanto, faz-se necess\u00e1ria a leitura e a extra\u00e7\u00e3o das informa\u00e7\u00f5es dispon\u00edveis para compor a pesquisa que se pretende realizar.<\/p><p>O interesse desse procedimento est\u00e1 na obten\u00e7\u00e3o de informa\u00e7\u00f5es raramente dispon\u00edveis em outras m\u00eddias brasileiras. Al\u00e9m disso, pelo fato de as mat\u00e9rias estarem sempre referenciadas por fontes africanas mencionadas ao final dos textos, o que permite a verifica\u00e7\u00e3o de sua veracidade e, ao mesmo tempo, a amplia\u00e7\u00e3o das informa\u00e7\u00f5es referentes aos conte\u00fados abordados.<\/p><p>H\u00e1, ainda, a op\u00e7\u00e3o de consultar a lista de bibliografia tem\u00e1tica, o curso gratuito &#8220;Turismo em \u00c1frica&#8221;, projetos escolares com download de livros gratuitos, entre outras iniciativas.<\/p><p>Imagine-se a riqueza de conte\u00fados e di\u00e1logos compartilhados se cada estudante da turma pesquisar um pa\u00eds diferente e compartilhar as informa\u00e7\u00f5es encontradas em sala de aula. Fica a sugest\u00e3o para ampliar os repert\u00f3rios e conte\u00fados escolares nas disciplinas cujas tem\u00e1ticas se mostrem adequadas e contribuam para o processo de ensino e aprendizagem, ao estimular a curiosidade pedag\u00f3gica.<\/p>\t\t\t\t\t\t\t\t<\/div>\n\t\t\t\t<\/div>\n\t\t\t\t<\/div>\n\t\t\t\t\t<\/div>\n\t\t\t\t<\/div>\n\t\t<div class=\"elementor-element elementor-element-3baa4c0 e-flex e-con-boxed wpr-particle-no wpr-jarallax-no wpr-parallax-no wpr-sticky-section-no wpr-equal-height-no e-con e-parent\" data-id=\"3baa4c0\" data-element_type=\"container\" data-e-type=\"container\">\n\t\t\t\t\t<div class=\"e-con-inner\">\n\t\t<div class=\"elementor-element elementor-element-b8482e7 e-flex e-con-boxed wpr-particle-no wpr-jarallax-no wpr-parallax-no wpr-sticky-section-no wpr-equal-height-no e-con e-child\" data-id=\"b8482e7\" data-element_type=\"container\" data-e-type=\"container\" data-settings=\"{&quot;background_background&quot;:&quot;classic&quot;}\">\n\t\t\t\t\t<div class=\"e-con-inner\">\n\t\t\t\t<div class=\"elementor-element elementor-element-ca4f9b9 elementor-widget elementor-widget-text-editor\" data-id=\"ca4f9b9\" data-element_type=\"widget\" data-e-type=\"widget\" data-widget_type=\"text-editor.default\">\n\t\t\t\t<div class=\"elementor-widget-container\">\n\t\t\t\t\t\t\t\t\t<p><i><span style=\"font-weight: 400;\">Surpreenda-se semanalmente com <\/span><\/i><b><i>Not\u00edcias Africanas em Conex\u00f5es Brasil e \u00c1fricas. Publicadas em <\/i><\/b><a href=\"http:\/\/www.africaatual.com.br\"><b><i>www.africaatual.com.br<\/i><\/b><\/a><b><i>. Adquira o Atlas Geocultural da \u00c1frica e amplie o leque de suas informa\u00e7\u00f5es.\u00a0 \u00a0<\/i><\/b><\/p>\n<p><b><i>Voc\u00ea deseja subs\u00eddios para atividades em sala de aula?\u00a0<\/i><\/b><\/p>\n<p><b><i>Fa\u00e7a um dos cursos propostos no <\/i><\/b><a href=\"https:\/\/africaatual.com.br\/index.php\/cursos-e-palestras\/\"><span style=\"font-weight: 400;\">https:\/\/africaatual.com.br\/index.php\/cursos-e-palestras\/<\/span><\/a><\/p>\t\t\t\t\t\t\t\t<\/div>\n\t\t\t\t<\/div>\n\t\t\t\t\t<\/div>\n\t\t\t\t<\/div>\n\t\t\t\t\t<\/div>\n\t\t\t\t<\/div>\n\t\t<div class=\"elementor-element elementor-element-14f4926 e-flex e-con-boxed wpr-particle-no wpr-jarallax-no wpr-parallax-no wpr-sticky-section-no wpr-equal-height-no e-con e-parent\" data-id=\"14f4926\" data-element_type=\"container\" data-e-type=\"container\">\n\t\t\t\t\t<div class=\"e-con-inner\">\n\t\t<div class=\"elementor-element elementor-element-eb5f711 e-flex e-con-boxed wpr-particle-no wpr-jarallax-no wpr-parallax-no wpr-sticky-section-no wpr-equal-height-no e-con e-child\" data-id=\"eb5f711\" data-element_type=\"container\" data-e-type=\"container\">\n\t\t\t\t\t<div class=\"e-con-inner\">\n\t\t\t\t<div class=\"elementor-element elementor-element-803664e elementor-widget__width-inherit elementor-widget elementor-widget-text-editor\" data-id=\"803664e\" data-element_type=\"widget\" data-e-type=\"widget\" data-widget_type=\"text-editor.default\">\n\t\t\t\t<div class=\"elementor-widget-container\">\n\t\t\t\t\t\t\t\t\t<p><span style=\"font-weight: 400;\">Este boletim de not\u00edcias se insere no contexto do Projeto \u00c1frica Atual. Sua postagem ser\u00e1 semanal, \u00e0s quintas-feiras, no site <\/span><span style=\"text-decoration: underline;\"><a href=\"http:\/\/www.africaatual.com.br\"><span style=\"font-weight: 400;\">www.africaatual.com.br<\/span><\/a><\/span><span style=\"font-weight: 400;\"><span style=\"text-decoration: underline;\">.<\/span> Outros espa\u00e7os de informa\u00e7\u00e3o: \u00c1frica Atual TV no Youtube, <\/span><span style=\"text-decoration: underline;\"><a href=\"http:\/\/www.editoraeiros.com.br\"><span style=\"font-weight: 400;\">www.editoraeiros.com.br<\/span><\/a><\/span><span style=\"font-weight: 400;\"> e m\u00eddias digitais coligadas. O prop\u00f3sito do boletim est\u00e1 em facilitar a sua pesquisa por informa\u00e7\u00f5es inovadoras sobre os pa\u00edses africanos.\u00a0\u00a0<\/span><\/p><p><span style=\"font-weight: 400;\">Alertamos que n\u00e3o somos uma ag\u00eancia de not\u00edcias. Nosso prop\u00f3sito se adequa ao selecionar uma breve colet\u00e2nea de informa\u00e7\u00f5es inovadoras, por vezes n\u00e3o publicadas em m\u00eddias brasileiras, apresentando a voc\u00ea os <\/span><i><span style=\"font-weight: 400;\">links<\/span><\/i><span style=\"font-weight: 400;\"> das fontes de informa\u00e7\u00e3o, aproximando os leitores brasileiros de fontes africanas, facilitando pesquisas, subs\u00eddios \u00e0s suas atividades e iniciativas escolares.\u00a0\u00a0<\/span><\/p>\t\t\t\t\t\t\t\t<\/div>\n\t\t\t\t<\/div>\n\t\t\t\t\t<\/div>\n\t\t\t\t<\/div>\n\t\t\t\t\t<\/div>\n\t\t\t\t<\/div>\n\t\t\t\t<\/div>\n\t\t","protected":false},"excerpt":{"rendered":"<p>O site \u00c1frica Atual acaba de publicar uma nova atualiza\u00e7\u00e3o com os principais acontecimentos do continente. Fique por dentro das novidades sobre pol\u00edtica, economia, cultura e tecnologia na \u00c1frica.<\/p>\n","protected":false},"author":2,"featured_media":13455,"comment_status":"closed","ping_status":"closed","sticky":false,"template":"elementor_theme","format":"standard","meta":{"inline_featured_image":false,"ocean_post_layout":"","ocean_both_sidebars_style":"","ocean_both_sidebars_content_width":0,"ocean_both_sidebars_sidebars_width":0,"ocean_sidebar":"","ocean_second_sidebar":"","ocean_disable_margins":"enable","ocean_add_body_class":"","ocean_shortcode_before_top_bar":"","ocean_shortcode_after_top_bar":"","ocean_shortcode_before_header":"","ocean_shortcode_after_header":"","ocean_has_shortcode":"","ocean_shortcode_after_title":"","ocean_shortcode_before_footer_widgets":"","ocean_shortcode_after_footer_widgets":"","ocean_shortcode_before_footer_bottom":"","ocean_shortcode_after_footer_bottom":"","ocean_display_top_bar":"default","ocean_display_header":"default","ocean_header_style":"","ocean_center_header_left_menu":"","ocean_custom_header_template":"","ocean_custom_logo":0,"ocean_custom_retina_logo":0,"ocean_custom_logo_max_width":0,"ocean_custom_logo_tablet_max_width":0,"ocean_custom_logo_mobile_max_width":0,"ocean_custom_logo_max_height":0,"ocean_custom_logo_tablet_max_height":0,"ocean_custom_logo_mobile_max_height":0,"ocean_header_custom_menu":"","ocean_menu_typo_font_family":"","ocean_menu_typo_font_subset":"","ocean_menu_typo_font_size":0,"ocean_menu_typo_font_size_tablet":0,"ocean_menu_typo_font_size_mobile":0,"ocean_menu_typo_font_size_unit":"px","ocean_menu_typo_font_weight":"","ocean_menu_typo_font_weight_tablet":"","ocean_menu_typo_font_weight_mobile":"","ocean_menu_typo_transform":"","ocean_menu_typo_transform_tablet":"","ocean_menu_typo_transform_mobile":"","ocean_menu_typo_line_height":0,"ocean_menu_typo_line_height_tablet":0,"ocean_menu_typo_line_height_mobile":0,"ocean_menu_typo_line_height_unit":"","ocean_menu_typo_spacing":0,"ocean_menu_typo_spacing_tablet":0,"ocean_menu_typo_spacing_mobile":0,"ocean_menu_typo_spacing_unit":"","ocean_menu_link_color":"","ocean_menu_link_color_hover":"","ocean_menu_link_color_active":"","ocean_menu_link_background":"","ocean_menu_link_hover_background":"","ocean_menu_link_active_background":"","ocean_menu_social_links_bg":"","ocean_menu_social_hover_links_bg":"","ocean_menu_social_links_color":"","ocean_menu_social_hover_links_color":"","ocean_disable_title":"default","ocean_disable_heading":"default","ocean_post_title":"","ocean_post_subheading":"","ocean_post_title_style":"","ocean_post_title_background_color":"","ocean_post_title_background":0,"ocean_post_title_bg_image_position":"","ocean_post_title_bg_image_attachment":"","ocean_post_title_bg_image_repeat":"","ocean_post_title_bg_image_size":"","ocean_post_title_height":0,"ocean_post_title_bg_overlay":0.5,"ocean_post_title_bg_overlay_color":"","ocean_disable_breadcrumbs":"default","ocean_breadcrumbs_color":"","ocean_breadcrumbs_separator_color":"","ocean_breadcrumbs_links_color":"","ocean_breadcrumbs_links_hover_color":"","ocean_display_footer_widgets":"default","ocean_display_footer_bottom":"default","ocean_custom_footer_template":"","omw_enable_modal_window":"enable","ocean_post_oembed":"","ocean_post_self_hosted_media":"","ocean_post_video_embed":"","ocean_link_format":"","ocean_link_format_target":"self","ocean_quote_format":"","ocean_quote_format_link":"post","ocean_gallery_link_images":"on","ocean_gallery_id":[],"footnotes":""},"categories":[48,66,85,1,45,62,14,94],"tags":[352,353],"palavra-chave":[],"class_list":["post-13440","post","type-post","status-publish","format-standard","has-post-thumbnail","hentry","category-sem-categoria","category-arte-e-cultura","category-atualidades","category-blog","category-industria","category-news","category-noticias","category-turismo","tag-escola-de-marimba","tag-personalidades","entry","has-media"],"yoast_head":"<!-- This site is optimized with the Yoast SEO plugin v27.3 - https:\/\/yoast.com\/product\/yoast-seo-wordpress\/ -->\n<title>Not\u00edcias Africanas #33 - africaatual.com.br<\/title>\n<meta name=\"description\" content=\"Leia nessa edi\u00e7\u00e3o: F\u00f3rum Brasil \u00c1frica 2025,\u00a0Nova lideran\u00e7a da UA \u2013 Uni\u00e3o Africana,\u00a0Turismo em \u00c1frica, Elei\u00e7\u00f5es no Continente.\" \/>\n<meta name=\"robots\" content=\"index, follow, max-snippet:-1, max-image-preview:large, max-video-preview:-1\" \/>\n<link rel=\"canonical\" href=\"https:\/\/africaatual.com.br\/index.php\/2026\/01\/30\/noticias-africanas-33\/\" \/>\n<meta property=\"og:locale\" content=\"pt_BR\" \/>\n<meta property=\"og:type\" content=\"article\" \/>\n<meta property=\"og:title\" content=\"Not\u00edcias Africanas #33 - africaatual.com.br\" \/>\n<meta property=\"og:description\" content=\"Leia nessa edi\u00e7\u00e3o: F\u00f3rum Brasil \u00c1frica 2025,\u00a0Nova lideran\u00e7a da UA \u2013 Uni\u00e3o Africana,\u00a0Turismo em \u00c1frica, Elei\u00e7\u00f5es no Continente.\" \/>\n<meta property=\"og:url\" content=\"https:\/\/africaatual.com.br\/index.php\/2026\/01\/30\/noticias-africanas-33\/\" \/>\n<meta property=\"og:site_name\" content=\"africaatual.com.br\" \/>\n<meta property=\"article:published_time\" content=\"2026-01-30T17:58:38+00:00\" \/>\n<meta property=\"article:modified_time\" content=\"2026-01-31T13:51:09+00:00\" \/>\n<meta property=\"og:image\" content=\"http:\/\/africaatual.com.br\/wp-content\/uploads\/2026\/01\/New-Website-Blue-Mockup-Instagram-Laptop-1.jpg\" \/>\n\t<meta property=\"og:image:width\" content=\"1080\" \/>\n\t<meta property=\"og:image:height\" content=\"1080\" \/>\n\t<meta property=\"og:image:type\" content=\"image\/jpeg\" \/>\n<meta name=\"author\" content=\"Isabel Xavier\" \/>\n<meta name=\"twitter:card\" content=\"summary_large_image\" \/>\n<meta name=\"twitter:label1\" content=\"Escrito por\" \/>\n\t<meta name=\"twitter:data1\" content=\"Isabel Xavier\" \/>\n\t<meta name=\"twitter:label2\" content=\"Est. tempo de leitura\" \/>\n\t<meta name=\"twitter:data2\" content=\"5 minutos\" \/>\n<script type=\"application\/ld+json\" class=\"yoast-schema-graph\">{\"@context\":\"https:\\\/\\\/schema.org\",\"@graph\":[{\"@type\":\"Article\",\"@id\":\"https:\\\/\\\/africaatual.com.br\\\/index.php\\\/2026\\\/01\\\/30\\\/noticias-africanas-33\\\/#article\",\"isPartOf\":{\"@id\":\"https:\\\/\\\/africaatual.com.br\\\/index.php\\\/2026\\\/01\\\/30\\\/noticias-africanas-33\\\/\"},\"author\":{\"name\":\"Isabel Xavier\",\"@id\":\"https:\\\/\\\/africaatual.com.br\\\/#\\\/schema\\\/person\\\/275270ccd0d657af28fbd625ba218b9e\"},\"headline\":\"Not\u00edcias Africanas #33\",\"datePublished\":\"2026-01-30T17:58:38+00:00\",\"dateModified\":\"2026-01-31T13:51:09+00:00\",\"mainEntityOfPage\":{\"@id\":\"https:\\\/\\\/africaatual.com.br\\\/index.php\\\/2026\\\/01\\\/30\\\/noticias-africanas-33\\\/\"},\"wordCount\":823,\"publisher\":{\"@id\":\"https:\\\/\\\/africaatual.com.br\\\/#organization\"},\"image\":{\"@id\":\"https:\\\/\\\/africaatual.com.br\\\/index.php\\\/2026\\\/01\\\/30\\\/noticias-africanas-33\\\/#primaryimage\"},\"thumbnailUrl\":\"https:\\\/\\\/africaatual.com.br\\\/wp-content\\\/uploads\\\/2026\\\/01\\\/New-Website-Blue-Mockup-Instagram-Laptop-1.jpg\",\"keywords\":[\"Escola de Marimba\",\"Personalidades\"],\"articleSection\":[\"A Africa\",\"Arte e Cultura\",\"Atualidades\",\"Blog\",\"Ind\u00fastria\",\"News\",\"Not\u00edcias\",\"Turismo\"],\"inLanguage\":\"pt-BR\"},{\"@type\":\"WebPage\",\"@id\":\"https:\\\/\\\/africaatual.com.br\\\/index.php\\\/2026\\\/01\\\/30\\\/noticias-africanas-33\\\/\",\"url\":\"https:\\\/\\\/africaatual.com.br\\\/index.php\\\/2026\\\/01\\\/30\\\/noticias-africanas-33\\\/\",\"name\":\"Not\u00edcias Africanas #33 - africaatual.com.br\",\"isPartOf\":{\"@id\":\"https:\\\/\\\/africaatual.com.br\\\/#website\"},\"primaryImageOfPage\":{\"@id\":\"https:\\\/\\\/africaatual.com.br\\\/index.php\\\/2026\\\/01\\\/30\\\/noticias-africanas-33\\\/#primaryimage\"},\"image\":{\"@id\":\"https:\\\/\\\/africaatual.com.br\\\/index.php\\\/2026\\\/01\\\/30\\\/noticias-africanas-33\\\/#primaryimage\"},\"thumbnailUrl\":\"https:\\\/\\\/africaatual.com.br\\\/wp-content\\\/uploads\\\/2026\\\/01\\\/New-Website-Blue-Mockup-Instagram-Laptop-1.jpg\",\"datePublished\":\"2026-01-30T17:58:38+00:00\",\"dateModified\":\"2026-01-31T13:51:09+00:00\",\"description\":\"Leia nessa edi\u00e7\u00e3o: F\u00f3rum Brasil \u00c1frica 2025,\u00a0Nova lideran\u00e7a da UA \u2013 Uni\u00e3o Africana,\u00a0Turismo em \u00c1frica, Elei\u00e7\u00f5es no Continente.\",\"breadcrumb\":{\"@id\":\"https:\\\/\\\/africaatual.com.br\\\/index.php\\\/2026\\\/01\\\/30\\\/noticias-africanas-33\\\/#breadcrumb\"},\"inLanguage\":\"pt-BR\",\"potentialAction\":[{\"@type\":\"ReadAction\",\"target\":[\"https:\\\/\\\/africaatual.com.br\\\/index.php\\\/2026\\\/01\\\/30\\\/noticias-africanas-33\\\/\"]}]},{\"@type\":\"ImageObject\",\"inLanguage\":\"pt-BR\",\"@id\":\"https:\\\/\\\/africaatual.com.br\\\/index.php\\\/2026\\\/01\\\/30\\\/noticias-africanas-33\\\/#primaryimage\",\"url\":\"https:\\\/\\\/africaatual.com.br\\\/wp-content\\\/uploads\\\/2026\\\/01\\\/New-Website-Blue-Mockup-Instagram-Laptop-1.jpg\",\"contentUrl\":\"https:\\\/\\\/africaatual.com.br\\\/wp-content\\\/uploads\\\/2026\\\/01\\\/New-Website-Blue-Mockup-Instagram-Laptop-1.jpg\",\"width\":1080,\"height\":1080,\"caption\":\"Imagem de laptop exibindo o site \u00c1frica Atual com foto de crian\u00e7as negras em uniforme escolar verde. Texto na imagem: \u201cNot\u00edcias Africanas #33\"},{\"@type\":\"BreadcrumbList\",\"@id\":\"https:\\\/\\\/africaatual.com.br\\\/index.php\\\/2026\\\/01\\\/30\\\/noticias-africanas-33\\\/#breadcrumb\",\"itemListElement\":[{\"@type\":\"ListItem\",\"position\":1,\"name\":\"In\u00edcio\",\"item\":\"https:\\\/\\\/africaatual.com.br\\\/\"},{\"@type\":\"ListItem\",\"position\":2,\"name\":\"Not\u00edcias Africanas #33\"}]},{\"@type\":\"WebSite\",\"@id\":\"https:\\\/\\\/africaatual.com.br\\\/#website\",\"url\":\"https:\\\/\\\/africaatual.com.br\\\/\",\"name\":\"africaatual.com.br\",\"description\":\"O Atlas Geocultural da \u00c1frica \u00e9 um rico material de leitura e pesquisa, que visa apresentar de forma atual os pa\u00edses africanos, ainda t\u00e3o pouco conhecidos.\",\"publisher\":{\"@id\":\"https:\\\/\\\/africaatual.com.br\\\/#organization\"},\"potentialAction\":[{\"@type\":\"SearchAction\",\"target\":{\"@type\":\"EntryPoint\",\"urlTemplate\":\"https:\\\/\\\/africaatual.com.br\\\/?s={search_term_string}\"},\"query-input\":{\"@type\":\"PropertyValueSpecification\",\"valueRequired\":true,\"valueName\":\"search_term_string\"}}],\"inLanguage\":\"pt-BR\"},{\"@type\":\"Organization\",\"@id\":\"https:\\\/\\\/africaatual.com.br\\\/#organization\",\"name\":\"africaatual.com.br\",\"url\":\"https:\\\/\\\/africaatual.com.br\\\/\",\"logo\":{\"@type\":\"ImageObject\",\"inLanguage\":\"pt-BR\",\"@id\":\"https:\\\/\\\/africaatual.com.br\\\/#\\\/schema\\\/logo\\\/image\\\/\",\"url\":\"http:\\\/\\\/africaatual.com.br\\\/wp-content\\\/uploads\\\/2023\\\/06\\\/LOGOEIROS_Prancheta-1-tipo-preto.png\",\"contentUrl\":\"http:\\\/\\\/africaatual.com.br\\\/wp-content\\\/uploads\\\/2023\\\/06\\\/LOGOEIROS_Prancheta-1-tipo-preto.png\",\"width\":1667,\"height\":730,\"caption\":\"africaatual.com.br\"},\"image\":{\"@id\":\"https:\\\/\\\/africaatual.com.br\\\/#\\\/schema\\\/logo\\\/image\\\/\"}},{\"@type\":\"Person\",\"@id\":\"https:\\\/\\\/africaatual.com.br\\\/#\\\/schema\\\/person\\\/275270ccd0d657af28fbd625ba218b9e\",\"name\":\"Isabel Xavier\",\"image\":{\"@type\":\"ImageObject\",\"inLanguage\":\"pt-BR\",\"@id\":\"https:\\\/\\\/secure.gravatar.com\\\/avatar\\\/a917370c365d1c248cd5fe4fc02ff6a26d8a5ef7f28c3c7e41757c19a93a954b?s=96&d=mm&r=g\",\"url\":\"https:\\\/\\\/secure.gravatar.com\\\/avatar\\\/a917370c365d1c248cd5fe4fc02ff6a26d8a5ef7f28c3c7e41757c19a93a954b?s=96&d=mm&r=g\",\"contentUrl\":\"https:\\\/\\\/secure.gravatar.com\\\/avatar\\\/a917370c365d1c248cd5fe4fc02ff6a26d8a5ef7f28c3c7e41757c19a93a954b?s=96&d=mm&r=g\",\"caption\":\"Isabel Xavier\"},\"url\":\"https:\\\/\\\/africaatual.com.br\\\/index.php\\\/author\\\/webdesign-yta\\\/\"}]}<\/script>\n<!-- \/ Yoast SEO plugin. -->","yoast_head_json":{"title":"Not\u00edcias Africanas #33 - africaatual.com.br","description":"Leia nessa edi\u00e7\u00e3o: F\u00f3rum Brasil \u00c1frica 2025,\u00a0Nova lideran\u00e7a da UA \u2013 Uni\u00e3o Africana,\u00a0Turismo em \u00c1frica, Elei\u00e7\u00f5es no Continente.","robots":{"index":"index","follow":"follow","max-snippet":"max-snippet:-1","max-image-preview":"max-image-preview:large","max-video-preview":"max-video-preview:-1"},"canonical":"https:\/\/africaatual.com.br\/index.php\/2026\/01\/30\/noticias-africanas-33\/","og_locale":"pt_BR","og_type":"article","og_title":"Not\u00edcias Africanas #33 - africaatual.com.br","og_description":"Leia nessa edi\u00e7\u00e3o: F\u00f3rum Brasil \u00c1frica 2025,\u00a0Nova lideran\u00e7a da UA \u2013 Uni\u00e3o Africana,\u00a0Turismo em \u00c1frica, Elei\u00e7\u00f5es no Continente.","og_url":"https:\/\/africaatual.com.br\/index.php\/2026\/01\/30\/noticias-africanas-33\/","og_site_name":"africaatual.com.br","article_published_time":"2026-01-30T17:58:38+00:00","article_modified_time":"2026-01-31T13:51:09+00:00","og_image":[{"width":1080,"height":1080,"url":"http:\/\/africaatual.com.br\/wp-content\/uploads\/2026\/01\/New-Website-Blue-Mockup-Instagram-Laptop-1.jpg","type":"image\/jpeg"}],"author":"Isabel Xavier","twitter_card":"summary_large_image","twitter_misc":{"Escrito por":"Isabel Xavier","Est. tempo de leitura":"5 minutos"},"schema":{"@context":"https:\/\/schema.org","@graph":[{"@type":"Article","@id":"https:\/\/africaatual.com.br\/index.php\/2026\/01\/30\/noticias-africanas-33\/#article","isPartOf":{"@id":"https:\/\/africaatual.com.br\/index.php\/2026\/01\/30\/noticias-africanas-33\/"},"author":{"name":"Isabel Xavier","@id":"https:\/\/africaatual.com.br\/#\/schema\/person\/275270ccd0d657af28fbd625ba218b9e"},"headline":"Not\u00edcias Africanas #33","datePublished":"2026-01-30T17:58:38+00:00","dateModified":"2026-01-31T13:51:09+00:00","mainEntityOfPage":{"@id":"https:\/\/africaatual.com.br\/index.php\/2026\/01\/30\/noticias-africanas-33\/"},"wordCount":823,"publisher":{"@id":"https:\/\/africaatual.com.br\/#organization"},"image":{"@id":"https:\/\/africaatual.com.br\/index.php\/2026\/01\/30\/noticias-africanas-33\/#primaryimage"},"thumbnailUrl":"https:\/\/africaatual.com.br\/wp-content\/uploads\/2026\/01\/New-Website-Blue-Mockup-Instagram-Laptop-1.jpg","keywords":["Escola de Marimba","Personalidades"],"articleSection":["A Africa","Arte e Cultura","Atualidades","Blog","Ind\u00fastria","News","Not\u00edcias","Turismo"],"inLanguage":"pt-BR"},{"@type":"WebPage","@id":"https:\/\/africaatual.com.br\/index.php\/2026\/01\/30\/noticias-africanas-33\/","url":"https:\/\/africaatual.com.br\/index.php\/2026\/01\/30\/noticias-africanas-33\/","name":"Not\u00edcias Africanas #33 - africaatual.com.br","isPartOf":{"@id":"https:\/\/africaatual.com.br\/#website"},"primaryImageOfPage":{"@id":"https:\/\/africaatual.com.br\/index.php\/2026\/01\/30\/noticias-africanas-33\/#primaryimage"},"image":{"@id":"https:\/\/africaatual.com.br\/index.php\/2026\/01\/30\/noticias-africanas-33\/#primaryimage"},"thumbnailUrl":"https:\/\/africaatual.com.br\/wp-content\/uploads\/2026\/01\/New-Website-Blue-Mockup-Instagram-Laptop-1.jpg","datePublished":"2026-01-30T17:58:38+00:00","dateModified":"2026-01-31T13:51:09+00:00","description":"Leia nessa edi\u00e7\u00e3o: F\u00f3rum Brasil \u00c1frica 2025,\u00a0Nova lideran\u00e7a da UA \u2013 Uni\u00e3o Africana,\u00a0Turismo em \u00c1frica, Elei\u00e7\u00f5es no Continente.","breadcrumb":{"@id":"https:\/\/africaatual.com.br\/index.php\/2026\/01\/30\/noticias-africanas-33\/#breadcrumb"},"inLanguage":"pt-BR","potentialAction":[{"@type":"ReadAction","target":["https:\/\/africaatual.com.br\/index.php\/2026\/01\/30\/noticias-africanas-33\/"]}]},{"@type":"ImageObject","inLanguage":"pt-BR","@id":"https:\/\/africaatual.com.br\/index.php\/2026\/01\/30\/noticias-africanas-33\/#primaryimage","url":"https:\/\/africaatual.com.br\/wp-content\/uploads\/2026\/01\/New-Website-Blue-Mockup-Instagram-Laptop-1.jpg","contentUrl":"https:\/\/africaatual.com.br\/wp-content\/uploads\/2026\/01\/New-Website-Blue-Mockup-Instagram-Laptop-1.jpg","width":1080,"height":1080,"caption":"Imagem de laptop exibindo o site \u00c1frica Atual com foto de crian\u00e7as negras em uniforme escolar verde. Texto na imagem: \u201cNot\u00edcias Africanas #33"},{"@type":"BreadcrumbList","@id":"https:\/\/africaatual.com.br\/index.php\/2026\/01\/30\/noticias-africanas-33\/#breadcrumb","itemListElement":[{"@type":"ListItem","position":1,"name":"In\u00edcio","item":"https:\/\/africaatual.com.br\/"},{"@type":"ListItem","position":2,"name":"Not\u00edcias Africanas #33"}]},{"@type":"WebSite","@id":"https:\/\/africaatual.com.br\/#website","url":"https:\/\/africaatual.com.br\/","name":"africaatual.com.br","description":"O Atlas Geocultural da \u00c1frica \u00e9 um rico material de leitura e pesquisa, que visa apresentar de forma atual os pa\u00edses africanos, ainda t\u00e3o pouco conhecidos.","publisher":{"@id":"https:\/\/africaatual.com.br\/#organization"},"potentialAction":[{"@type":"SearchAction","target":{"@type":"EntryPoint","urlTemplate":"https:\/\/africaatual.com.br\/?s={search_term_string}"},"query-input":{"@type":"PropertyValueSpecification","valueRequired":true,"valueName":"search_term_string"}}],"inLanguage":"pt-BR"},{"@type":"Organization","@id":"https:\/\/africaatual.com.br\/#organization","name":"africaatual.com.br","url":"https:\/\/africaatual.com.br\/","logo":{"@type":"ImageObject","inLanguage":"pt-BR","@id":"https:\/\/africaatual.com.br\/#\/schema\/logo\/image\/","url":"http:\/\/africaatual.com.br\/wp-content\/uploads\/2023\/06\/LOGOEIROS_Prancheta-1-tipo-preto.png","contentUrl":"http:\/\/africaatual.com.br\/wp-content\/uploads\/2023\/06\/LOGOEIROS_Prancheta-1-tipo-preto.png","width":1667,"height":730,"caption":"africaatual.com.br"},"image":{"@id":"https:\/\/africaatual.com.br\/#\/schema\/logo\/image\/"}},{"@type":"Person","@id":"https:\/\/africaatual.com.br\/#\/schema\/person\/275270ccd0d657af28fbd625ba218b9e","name":"Isabel Xavier","image":{"@type":"ImageObject","inLanguage":"pt-BR","@id":"https:\/\/secure.gravatar.com\/avatar\/a917370c365d1c248cd5fe4fc02ff6a26d8a5ef7f28c3c7e41757c19a93a954b?s=96&d=mm&r=g","url":"https:\/\/secure.gravatar.com\/avatar\/a917370c365d1c248cd5fe4fc02ff6a26d8a5ef7f28c3c7e41757c19a93a954b?s=96&d=mm&r=g","contentUrl":"https:\/\/secure.gravatar.com\/avatar\/a917370c365d1c248cd5fe4fc02ff6a26d8a5ef7f28c3c7e41757c19a93a954b?s=96&d=mm&r=g","caption":"Isabel Xavier"},"url":"https:\/\/africaatual.com.br\/index.php\/author\/webdesign-yta\/"}]}},"_links":{"self":[{"href":"https:\/\/africaatual.com.br\/index.php\/wp-json\/wp\/v2\/posts\/13440","targetHints":{"allow":["GET"]}}],"collection":[{"href":"https:\/\/africaatual.com.br\/index.php\/wp-json\/wp\/v2\/posts"}],"about":[{"href":"https:\/\/africaatual.com.br\/index.php\/wp-json\/wp\/v2\/types\/post"}],"author":[{"embeddable":true,"href":"https:\/\/africaatual.com.br\/index.php\/wp-json\/wp\/v2\/users\/2"}],"replies":[{"embeddable":true,"href":"https:\/\/africaatual.com.br\/index.php\/wp-json\/wp\/v2\/comments?post=13440"}],"version-history":[{"count":10,"href":"https:\/\/africaatual.com.br\/index.php\/wp-json\/wp\/v2\/posts\/13440\/revisions"}],"predecessor-version":[{"id":13453,"href":"https:\/\/africaatual.com.br\/index.php\/wp-json\/wp\/v2\/posts\/13440\/revisions\/13453"}],"wp:featuredmedia":[{"embeddable":true,"href":"https:\/\/africaatual.com.br\/index.php\/wp-json\/wp\/v2\/media\/13455"}],"wp:attachment":[{"href":"https:\/\/africaatual.com.br\/index.php\/wp-json\/wp\/v2\/media?parent=13440"}],"wp:term":[{"taxonomy":"category","embeddable":true,"href":"https:\/\/africaatual.com.br\/index.php\/wp-json\/wp\/v2\/categories?post=13440"},{"taxonomy":"post_tag","embeddable":true,"href":"https:\/\/africaatual.com.br\/index.php\/wp-json\/wp\/v2\/tags?post=13440"},{"taxonomy":"palavra-chave","embeddable":true,"href":"https:\/\/africaatual.com.br\/index.php\/wp-json\/wp\/v2\/palavra-chave?post=13440"}],"curies":[{"name":"wp","href":"https:\/\/api.w.org\/{rel}","templated":true}]}}