
{"id":1413,"date":"2020-09-19T09:04:33","date_gmt":"2020-09-19T12:04:33","guid":{"rendered":"https:\/\/africaatual.com.br\/index.php\/2020\/09\/19\/patrick-quarm\/"},"modified":"2020-09-19T09:04:33","modified_gmt":"2020-09-19T12:04:33","slug":"patrick-quarm","status":"publish","type":"post","link":"https:\/\/africaatual.com.br\/index.php\/2020\/09\/19\/patrick-quarm\/","title":{"rendered":"Patrick Quarm"},"content":{"rendered":"\n<figure class=\"wp-block-image size-large\"><img fetchpriority=\"high\" decoding=\"async\" width=\"253\" height=\"300\" src=\"httpsss:\/\/africaatual.com.br\/wp-content\/uploads\/2020\/09\/arte-em-gana.jpg\" alt=\"\" class=\"wp-image-1414\"\/><figcaption>Yellow Sisi (2020), obra de Patrick Quarm <\/figcaption><\/figure>\n\n\n\n<p>Na primeira exposi\u00e7\u00e3o solo do artista sediado em Ghanian em Nova York, Patrick Quarm literalmente tece aspectos de sua identidade e experi\u00eancia como um homem negro que vive na \u00c1frica e nos Estados Unidos.\u00a0As obras s\u00e3o tape\u00e7arias escult\u00f3ricas feitas de camadas de tinta e tecidos;\u00a0de lado, duas telas distintas s\u00e3o vis\u00edveis, enquanto de frente, uma imagem coesa singular emerge.<\/p>\n\n\n\n<p>Quarm tamb\u00e9m usa estampas de cera africanas em seu trabalho, aludindo \u00e0 complicada hist\u00f3ria do tecido e seu legado colonial holand\u00eas.<\/p>\n\n\n\n<p>\u201cMinha tarefa ou meu dever como artista \u00e9 descascar cada camada ap\u00f3s a outra para trazer clareza, para entender o passado e como o passado molda o presente\u201d, escreve o artista.<\/p>\n\n\n\n<p>fonte: httpsss:\/\/news.artnet.com\/exhibitions\/patrick-quarm-salvaged-imperial-1908691<\/p>\n\n\n\n<figure class=\"wp-block-image size-large\"><img decoding=\"async\" width=\"576\" height=\"864\" src=\"httpsss:\/\/africaatual.com.br\/wp-content\/uploads\/2020\/09\/arte-em-gana-2.jpg\" alt=\"\" class=\"wp-image-1416\" srcset=\"https:\/\/africaatual.com.br\/wp-content\/uploads\/2020\/09\/arte-em-gana-2.jpg 576w, https:\/\/africaatual.com.br\/wp-content\/uploads\/2020\/09\/arte-em-gana-2-200x300.jpg 200w\" sizes=\"(max-width: 576px) 100vw, 576px\" \/><figcaption>Patrick Quarm, fonte: httpsss:\/\/news.artnet.com\/exhibitions\/patrick-quarm-salvaged-imperial-1908691<\/figcaption><\/figure>\n\n\n\n<p>Patrick Quarm (n. 1988, Gana) vive e trabalha em Takoradi, Gana.\u00a0Ele se formou na Kwame Nkrumah University of Science and Technology, Gana, em 2012 com um BFA em Pintura, antes de prosseguir com o mestrado em Belas Artes na Texas Tech University, que concluiu em 2018. Exposi\u00e7\u00f5es individuais recentes incluem N&#8217;Namdi Contemporary , Miami, FL (2019) e Satellite Gallery, Lubbock, TX (2018).\u00a0As exposi\u00e7\u00f5es institucionais incluem Contemporary Art Museum Plainview, Plainview, TX (2020);\u00a0Instituto Urbano de Arte Contempor\u00e2nea, Grand Rapids, MI (2020);\u00a0Oso Bay Biennial XX, Texas A&amp;M University, College Station, TX (2018);\u00a0Rockport Center for the Arts, Rockport, TX (2018) e Caviel Museum of African American History, Lubbock, TX (2018).   fonte: httpsss:\/\/www.patrickquarm.com\/<\/p>\n\n\n\n<p>Declara\u00e7\u00e3o do Artista <\/p>\n\n\n\n<p>Eu cresci na cidade g\u00eamea p\u00f3s-colonial de Sekondi-Takoradi, em Gana, que \u00e9 marcada por locais hist\u00f3ricos que tra\u00e7am a mem\u00f3ria do imperialismo.&nbsp;Minha presen\u00e7a e envolvimento com esses res\u00edduos do imperialismo se tornaram a influ\u00eancia formativa em como eu entendia e me relacionava com meu ambiente.&nbsp;Fora da casa de minha fam\u00edlia, sou conhecido como Nzema, que \u00e9 o grupo \u00e9tnico ao qual perten\u00e7o.&nbsp;Quando estou fora de Gana e em outro pa\u00eds africano, sou conhecido como gan\u00eas.&nbsp;Quando fui colocado fora da \u00c1frica, nos Estados Unidos, sou conhecido como africano.&nbsp;\u00c9 assim que minha identidade se conecta ao espa\u00e7o e ao lugar, seja local ou estrangeiro.&nbsp;Investigo as v\u00e1rias complexidades que comp\u00f5em a hist\u00f3ria moderna da evolu\u00e7\u00e3o social como um processo cont\u00ednuo influenciado pela express\u00e3o pol\u00edtica, social, hist\u00f3rica e cultural imediata.&nbsp;\u00c9 uma tentativa de desvendar e mesclar essas camadas como forma de iniciar uma conversa em torno da no\u00e7\u00e3o ampliada de hibridez cultural.&nbsp;Aquele que funde hist\u00f3rias e experi\u00eancias e desenvolve uma terceira personalidade ou personagem \u00fanico.&nbsp;<\/p>\n\n\n\n<p>Minhas pinturas funcionam como uma forma de arqueologia cultural, onde procuro escavar as camadas da hist\u00f3ria que foram sendo depositadas ao longo do tempo.\u00a0Isso \u00e9 evidente nos processos de estratifica\u00e7\u00e3o, corte e apagamento.\u00a0Atrav\u00e9s deles eu alcan\u00e7o os intrincados espa\u00e7os intermedi\u00e1rios, isto se torna uma maneira de desenvolver a compreens\u00e3o das quest\u00f5es externas para verdades mais profundas que est\u00e3o ocultas e protegidas da vista.\u00a0Um ac\u00famulo sistem\u00e1tico de n\u00facleos verdadeiros ou falsos dentro dos quais o h\u00edbrido se torna seu autor.\u00a0Da\u00ed resulta uma pintura caracterizada por uma topografia visual, comandando a experi\u00eancia e o envolvimento do espectador.  fonte: httpsss:\/\/www.patrickquarm.com\/<\/p>\n\n\n\n<figure class=\"wp-block-image size-large is-resized\"><img decoding=\"async\" src=\"httpsss:\/\/africaatual.com.br\/wp-content\/uploads\/2020\/09\/pa-quarm.jpg\" alt=\"\" class=\"wp-image-1418\" width=\"409\" height=\"277\"\/><figcaption>Patrick Quarm <\/figcaption><\/figure>\n","protected":false},"excerpt":{"rendered":"<p>Na primeira exposi\u00e7\u00e3o solo do artista sediado em Ghanian em Nova York, Patrick Quarm literalmente tece aspectos de sua identidade e experi\u00eancia como um homem negro que vive na \u00c1frica e nos Estados Unidos.\u00a0As obras s\u00e3o tape\u00e7arias escult\u00f3ricas feitas de camadas de tinta e tecidos;\u00a0de lado, duas telas distintas s\u00e3o vis\u00edveis, enquanto de frente, uma imagem coesa singular emerge. Quarm tamb\u00e9m usa estampas de cera africanas em seu trabalho, aludindo \u00e0 complicada hist\u00f3ria do tecido e seu legado colonial holand\u00eas. \u201cMinha tarefa ou meu dever como artista \u00e9 descascar cada camada ap\u00f3s a outra para trazer clareza, para entender o passado e como o passado molda o presente\u201d, escreve o artista. fonte: httpsss:\/\/news.artnet.com\/exhibitions\/patrick-quarm-salvaged-imperial-1908691 Patrick Quarm (n. 1988, Gana) vive e trabalha em Takoradi, Gana.\u00a0Ele se formou na Kwame Nkrumah University of Science and Technology, Gana, em 2012 com um BFA em Pintura, antes de prosseguir com o mestrado em Belas Artes na Texas Tech University, que concluiu em 2018. Exposi\u00e7\u00f5es individuais recentes incluem N&#8217;Namdi Contemporary , Miami, FL (2019) e Satellite Gallery, Lubbock, TX (2018).\u00a0As exposi\u00e7\u00f5es institucionais incluem Contemporary Art Museum Plainview, Plainview, TX (2020);\u00a0Instituto Urbano de Arte Contempor\u00e2nea, Grand Rapids, MI (2020);\u00a0Oso Bay Biennial XX, Texas A&amp;M University, College Station, TX (2018);\u00a0Rockport Center for the Arts, Rockport, TX (2018) e Caviel Museum of African American History, Lubbock, TX (2018). fonte: httpsss:\/\/www.patrickquarm.com\/ Declara\u00e7\u00e3o do Artista Eu cresci na cidade g\u00eamea p\u00f3s-colonial de Sekondi-Takoradi, em Gana, que \u00e9 marcada por locais hist\u00f3ricos que tra\u00e7am a mem\u00f3ria do imperialismo.&nbsp;Minha presen\u00e7a e envolvimento com esses res\u00edduos do imperialismo se tornaram a influ\u00eancia formativa em como eu entendia e me relacionava com meu ambiente.&nbsp;Fora da casa de minha fam\u00edlia, sou conhecido como Nzema, que \u00e9 o grupo \u00e9tnico ao qual perten\u00e7o.&nbsp;Quando estou fora de Gana e em outro pa\u00eds africano, sou conhecido como gan\u00eas.&nbsp;Quando fui colocado fora da \u00c1frica, nos Estados Unidos, sou conhecido como africano.&nbsp;\u00c9 assim que minha identidade se conecta ao espa\u00e7o e ao lugar, seja local ou estrangeiro.&nbsp;Investigo as v\u00e1rias complexidades que comp\u00f5em a hist\u00f3ria moderna da evolu\u00e7\u00e3o social como um processo cont\u00ednuo influenciado pela express\u00e3o pol\u00edtica, social, hist\u00f3rica e cultural imediata.&nbsp;\u00c9 uma tentativa de desvendar e mesclar essas camadas como forma de iniciar uma conversa em torno da no\u00e7\u00e3o ampliada de hibridez cultural.&nbsp;Aquele que funde hist\u00f3rias e experi\u00eancias e desenvolve uma terceira personalidade ou personagem \u00fanico.&nbsp; Minhas pinturas funcionam como uma forma de arqueologia cultural, onde procuro escavar as camadas da hist\u00f3ria que foram sendo depositadas ao longo do tempo.\u00a0Isso \u00e9 evidente nos processos de estratifica\u00e7\u00e3o, corte e apagamento.\u00a0Atrav\u00e9s deles eu alcan\u00e7o os intrincados espa\u00e7os intermedi\u00e1rios, isto se torna uma maneira de desenvolver a compreens\u00e3o das quest\u00f5es externas para verdades mais profundas que est\u00e3o ocultas e protegidas da vista.\u00a0Um ac\u00famulo sistem\u00e1tico de n\u00facleos verdadeiros ou falsos dentro dos quais o h\u00edbrido se torna seu autor.\u00a0Da\u00ed resulta uma pintura caracterizada por uma topografia visual, comandando a experi\u00eancia e o envolvimento do espectador. fonte: httpsss:\/\/www.patrickquarm.com\/<\/p>\n","protected":false},"author":1,"featured_media":1414,"comment_status":"open","ping_status":"open","sticky":false,"template":"","format":"standard","meta":{"inline_featured_image":false,"ocean_post_layout":"","ocean_both_sidebars_style":"","ocean_both_sidebars_content_width":0,"ocean_both_sidebars_sidebars_width":0,"ocean_sidebar":"","ocean_second_sidebar":"","ocean_disable_margins":"enable","ocean_add_body_class":"","ocean_shortcode_before_top_bar":"","ocean_shortcode_after_top_bar":"","ocean_shortcode_before_header":"","ocean_shortcode_after_header":"","ocean_has_shortcode":"","ocean_shortcode_after_title":"","ocean_shortcode_before_footer_widgets":"","ocean_shortcode_after_footer_widgets":"","ocean_shortcode_before_footer_bottom":"","ocean_shortcode_after_footer_bottom":"","ocean_display_top_bar":"default","ocean_display_header":"default","ocean_header_style":"","ocean_center_header_left_menu":"","ocean_custom_header_template":"","ocean_custom_logo":0,"ocean_custom_retina_logo":0,"ocean_custom_logo_max_width":0,"ocean_custom_logo_tablet_max_width":0,"ocean_custom_logo_mobile_max_width":0,"ocean_custom_logo_max_height":0,"ocean_custom_logo_tablet_max_height":0,"ocean_custom_logo_mobile_max_height":0,"ocean_header_custom_menu":"","ocean_menu_typo_font_family":"","ocean_menu_typo_font_subset":"","ocean_menu_typo_font_size":0,"ocean_menu_typo_font_size_tablet":0,"ocean_menu_typo_font_size_mobile":0,"ocean_menu_typo_font_size_unit":"px","ocean_menu_typo_font_weight":"","ocean_menu_typo_font_weight_tablet":"","ocean_menu_typo_font_weight_mobile":"","ocean_menu_typo_transform":"","ocean_menu_typo_transform_tablet":"","ocean_menu_typo_transform_mobile":"","ocean_menu_typo_line_height":0,"ocean_menu_typo_line_height_tablet":0,"ocean_menu_typo_line_height_mobile":0,"ocean_menu_typo_line_height_unit":"","ocean_menu_typo_spacing":0,"ocean_menu_typo_spacing_tablet":0,"ocean_menu_typo_spacing_mobile":0,"ocean_menu_typo_spacing_unit":"","ocean_menu_link_color":"","ocean_menu_link_color_hover":"","ocean_menu_link_color_active":"","ocean_menu_link_background":"","ocean_menu_link_hover_background":"","ocean_menu_link_active_background":"","ocean_menu_social_links_bg":"","ocean_menu_social_hover_links_bg":"","ocean_menu_social_links_color":"","ocean_menu_social_hover_links_color":"","ocean_disable_title":"default","ocean_disable_heading":"default","ocean_post_title":"","ocean_post_subheading":"","ocean_post_title_style":"","ocean_post_title_background_color":"","ocean_post_title_background":0,"ocean_post_title_bg_image_position":"","ocean_post_title_bg_image_attachment":"","ocean_post_title_bg_image_repeat":"","ocean_post_title_bg_image_size":"","ocean_post_title_height":0,"ocean_post_title_bg_overlay":0.5,"ocean_post_title_bg_overlay_color":"","ocean_disable_breadcrumbs":"default","ocean_breadcrumbs_color":"","ocean_breadcrumbs_separator_color":"","ocean_breadcrumbs_links_color":"","ocean_breadcrumbs_links_hover_color":"","ocean_display_footer_widgets":"default","ocean_display_footer_bottom":"default","ocean_custom_footer_template":"","omw_enable_modal_window":"enable","ocean_post_oembed":"","ocean_post_self_hosted_media":"","ocean_post_video_embed":"","ocean_link_format":"","ocean_link_format_target":"self","ocean_quote_format":"","ocean_quote_format_link":"post","ocean_gallery_link_images":"on","ocean_gallery_id":[],"footnotes":""},"categories":[48],"tags":[],"palavra-chave":[],"class_list":["post-1413","post","type-post","status-publish","format-standard","has-post-thumbnail","hentry","category-sem-categoria","entry","has-media"],"yoast_head":"<!-- This site is optimized with the Yoast SEO plugin v27.3 - https:\/\/yoast.com\/product\/yoast-seo-wordpress\/ -->\n<title>Patrick Quarm - africaatual.com.br<\/title>\n<meta name=\"robots\" content=\"index, follow, max-snippet:-1, max-image-preview:large, max-video-preview:-1\" \/>\n<link rel=\"canonical\" href=\"https:\/\/africaatual.com.br\/index.php\/2020\/09\/19\/patrick-quarm\/\" \/>\n<meta property=\"og:locale\" content=\"pt_BR\" \/>\n<meta property=\"og:type\" content=\"article\" \/>\n<meta property=\"og:title\" content=\"Patrick Quarm - africaatual.com.br\" \/>\n<meta property=\"og:description\" content=\"Na primeira exposi\u00e7\u00e3o solo do artista sediado em Ghanian em Nova York, Patrick Quarm literalmente tece aspectos de sua identidade e experi\u00eancia como um homem negro que vive na \u00c1frica e nos Estados Unidos.\u00a0As obras s\u00e3o tape\u00e7arias escult\u00f3ricas feitas de camadas de tinta e tecidos;\u00a0de lado, duas telas distintas s\u00e3o vis\u00edveis, enquanto de frente, uma imagem coesa singular emerge. Quarm tamb\u00e9m usa estampas de cera africanas em seu trabalho, aludindo \u00e0 complicada hist\u00f3ria do tecido e seu legado colonial holand\u00eas. \u201cMinha tarefa ou meu dever como artista \u00e9 descascar cada camada ap\u00f3s a outra para trazer clareza, para entender o passado e como o passado molda o presente\u201d, escreve o artista. fonte: httpsss:\/\/news.artnet.com\/exhibitions\/patrick-quarm-salvaged-imperial-1908691 Patrick Quarm (n. 1988, Gana) vive e trabalha em Takoradi, Gana.\u00a0Ele se formou na Kwame Nkrumah University of Science and Technology, Gana, em 2012 com um BFA em Pintura, antes de prosseguir com o mestrado em Belas Artes na Texas Tech University, que concluiu em 2018. Exposi\u00e7\u00f5es individuais recentes incluem N&#8217;Namdi Contemporary , Miami, FL (2019) e Satellite Gallery, Lubbock, TX (2018).\u00a0As exposi\u00e7\u00f5es institucionais incluem Contemporary Art Museum Plainview, Plainview, TX (2020);\u00a0Instituto Urbano de Arte Contempor\u00e2nea, Grand Rapids, MI (2020);\u00a0Oso Bay Biennial XX, Texas A&amp;M University, College Station, TX (2018);\u00a0Rockport Center for the Arts, Rockport, TX (2018) e Caviel Museum of African American History, Lubbock, TX (2018). fonte: httpsss:\/\/www.patrickquarm.com\/ Declara\u00e7\u00e3o do Artista Eu cresci na cidade g\u00eamea p\u00f3s-colonial de Sekondi-Takoradi, em Gana, que \u00e9 marcada por locais hist\u00f3ricos que tra\u00e7am a mem\u00f3ria do imperialismo.&nbsp;Minha presen\u00e7a e envolvimento com esses res\u00edduos do imperialismo se tornaram a influ\u00eancia formativa em como eu entendia e me relacionava com meu ambiente.&nbsp;Fora da casa de minha fam\u00edlia, sou conhecido como Nzema, que \u00e9 o grupo \u00e9tnico ao qual perten\u00e7o.&nbsp;Quando estou fora de Gana e em outro pa\u00eds africano, sou conhecido como gan\u00eas.&nbsp;Quando fui colocado fora da \u00c1frica, nos Estados Unidos, sou conhecido como africano.&nbsp;\u00c9 assim que minha identidade se conecta ao espa\u00e7o e ao lugar, seja local ou estrangeiro.&nbsp;Investigo as v\u00e1rias complexidades que comp\u00f5em a hist\u00f3ria moderna da evolu\u00e7\u00e3o social como um processo cont\u00ednuo influenciado pela express\u00e3o pol\u00edtica, social, hist\u00f3rica e cultural imediata.&nbsp;\u00c9 uma tentativa de desvendar e mesclar essas camadas como forma de iniciar uma conversa em torno da no\u00e7\u00e3o ampliada de hibridez cultural.&nbsp;Aquele que funde hist\u00f3rias e experi\u00eancias e desenvolve uma terceira personalidade ou personagem \u00fanico.&nbsp; Minhas pinturas funcionam como uma forma de arqueologia cultural, onde procuro escavar as camadas da hist\u00f3ria que foram sendo depositadas ao longo do tempo.\u00a0Isso \u00e9 evidente nos processos de estratifica\u00e7\u00e3o, corte e apagamento.\u00a0Atrav\u00e9s deles eu alcan\u00e7o os intrincados espa\u00e7os intermedi\u00e1rios, isto se torna uma maneira de desenvolver a compreens\u00e3o das quest\u00f5es externas para verdades mais profundas que est\u00e3o ocultas e protegidas da vista.\u00a0Um ac\u00famulo sistem\u00e1tico de n\u00facleos verdadeiros ou falsos dentro dos quais o h\u00edbrido se torna seu autor.\u00a0Da\u00ed resulta uma pintura caracterizada por uma topografia visual, comandando a experi\u00eancia e o envolvimento do espectador. fonte: httpsss:\/\/www.patrickquarm.com\/\" \/>\n<meta property=\"og:url\" content=\"https:\/\/africaatual.com.br\/index.php\/2020\/09\/19\/patrick-quarm\/\" \/>\n<meta property=\"og:site_name\" content=\"africaatual.com.br\" \/>\n<meta property=\"article:published_time\" content=\"2020-09-19T12:04:33+00:00\" \/>\n<meta property=\"og:image\" content=\"\" \/>\n<meta name=\"author\" content=\"africaatual\" \/>\n<meta name=\"twitter:card\" content=\"summary_large_image\" \/>\n<meta name=\"twitter:label1\" content=\"Escrito por\" \/>\n\t<meta name=\"twitter:data1\" content=\"africaatual\" \/>\n\t<meta name=\"twitter:label2\" content=\"Est. tempo de leitura\" \/>\n\t<meta name=\"twitter:data2\" content=\"3 minutos\" \/>\n<script type=\"application\/ld+json\" class=\"yoast-schema-graph\">{\"@context\":\"https:\\\/\\\/schema.org\",\"@graph\":[{\"@type\":\"Article\",\"@id\":\"https:\\\/\\\/africaatual.com.br\\\/index.php\\\/2020\\\/09\\\/19\\\/patrick-quarm\\\/#article\",\"isPartOf\":{\"@id\":\"https:\\\/\\\/africaatual.com.br\\\/index.php\\\/2020\\\/09\\\/19\\\/patrick-quarm\\\/\"},\"author\":{\"name\":\"africaatual\",\"@id\":\"https:\\\/\\\/africaatual.com.br\\\/#\\\/schema\\\/person\\\/31315b203b16bec551dcad6d14ff6b17\"},\"headline\":\"Patrick Quarm\",\"datePublished\":\"2020-09-19T12:04:33+00:00\",\"mainEntityOfPage\":{\"@id\":\"https:\\\/\\\/africaatual.com.br\\\/index.php\\\/2020\\\/09\\\/19\\\/patrick-quarm\\\/\"},\"wordCount\":579,\"commentCount\":0,\"publisher\":{\"@id\":\"https:\\\/\\\/africaatual.com.br\\\/#organization\"},\"image\":{\"@id\":\"https:\\\/\\\/africaatual.com.br\\\/index.php\\\/2020\\\/09\\\/19\\\/patrick-quarm\\\/#primaryimage\"},\"thumbnailUrl\":\"https:\\\/\\\/africaatual.com.br\\\/wp-content\\\/uploads\\\/2020\\\/09\\\/arte-em-gana.jpg\",\"articleSection\":[\"A Africa\"],\"inLanguage\":\"pt-BR\",\"potentialAction\":[{\"@type\":\"CommentAction\",\"name\":\"Comment\",\"target\":[\"https:\\\/\\\/africaatual.com.br\\\/index.php\\\/2020\\\/09\\\/19\\\/patrick-quarm\\\/#respond\"]}]},{\"@type\":\"WebPage\",\"@id\":\"https:\\\/\\\/africaatual.com.br\\\/index.php\\\/2020\\\/09\\\/19\\\/patrick-quarm\\\/\",\"url\":\"https:\\\/\\\/africaatual.com.br\\\/index.php\\\/2020\\\/09\\\/19\\\/patrick-quarm\\\/\",\"name\":\"Patrick Quarm - africaatual.com.br\",\"isPartOf\":{\"@id\":\"https:\\\/\\\/africaatual.com.br\\\/#website\"},\"primaryImageOfPage\":{\"@id\":\"https:\\\/\\\/africaatual.com.br\\\/index.php\\\/2020\\\/09\\\/19\\\/patrick-quarm\\\/#primaryimage\"},\"image\":{\"@id\":\"https:\\\/\\\/africaatual.com.br\\\/index.php\\\/2020\\\/09\\\/19\\\/patrick-quarm\\\/#primaryimage\"},\"thumbnailUrl\":\"https:\\\/\\\/africaatual.com.br\\\/wp-content\\\/uploads\\\/2020\\\/09\\\/arte-em-gana.jpg\",\"datePublished\":\"2020-09-19T12:04:33+00:00\",\"breadcrumb\":{\"@id\":\"https:\\\/\\\/africaatual.com.br\\\/index.php\\\/2020\\\/09\\\/19\\\/patrick-quarm\\\/#breadcrumb\"},\"inLanguage\":\"pt-BR\",\"potentialAction\":[{\"@type\":\"ReadAction\",\"target\":[\"https:\\\/\\\/africaatual.com.br\\\/index.php\\\/2020\\\/09\\\/19\\\/patrick-quarm\\\/\"]}]},{\"@type\":\"ImageObject\",\"inLanguage\":\"pt-BR\",\"@id\":\"https:\\\/\\\/africaatual.com.br\\\/index.php\\\/2020\\\/09\\\/19\\\/patrick-quarm\\\/#primaryimage\",\"url\":\"https:\\\/\\\/africaatual.com.br\\\/wp-content\\\/uploads\\\/2020\\\/09\\\/arte-em-gana.jpg\",\"contentUrl\":\"https:\\\/\\\/africaatual.com.br\\\/wp-content\\\/uploads\\\/2020\\\/09\\\/arte-em-gana.jpg\",\"width\":253,\"height\":300},{\"@type\":\"BreadcrumbList\",\"@id\":\"https:\\\/\\\/africaatual.com.br\\\/index.php\\\/2020\\\/09\\\/19\\\/patrick-quarm\\\/#breadcrumb\",\"itemListElement\":[{\"@type\":\"ListItem\",\"position\":1,\"name\":\"In\u00edcio\",\"item\":\"https:\\\/\\\/africaatual.com.br\\\/\"},{\"@type\":\"ListItem\",\"position\":2,\"name\":\"Patrick Quarm\"}]},{\"@type\":\"WebSite\",\"@id\":\"https:\\\/\\\/africaatual.com.br\\\/#website\",\"url\":\"https:\\\/\\\/africaatual.com.br\\\/\",\"name\":\"africaatual.com.br\",\"description\":\"O Atlas Geocultural da \u00c1frica \u00e9 um rico material de leitura e pesquisa, que visa apresentar de forma atual os pa\u00edses africanos, ainda t\u00e3o pouco conhecidos.\",\"publisher\":{\"@id\":\"https:\\\/\\\/africaatual.com.br\\\/#organization\"},\"potentialAction\":[{\"@type\":\"SearchAction\",\"target\":{\"@type\":\"EntryPoint\",\"urlTemplate\":\"https:\\\/\\\/africaatual.com.br\\\/?s={search_term_string}\"},\"query-input\":{\"@type\":\"PropertyValueSpecification\",\"valueRequired\":true,\"valueName\":\"search_term_string\"}}],\"inLanguage\":\"pt-BR\"},{\"@type\":\"Organization\",\"@id\":\"https:\\\/\\\/africaatual.com.br\\\/#organization\",\"name\":\"africaatual.com.br\",\"url\":\"https:\\\/\\\/africaatual.com.br\\\/\",\"logo\":{\"@type\":\"ImageObject\",\"inLanguage\":\"pt-BR\",\"@id\":\"https:\\\/\\\/africaatual.com.br\\\/#\\\/schema\\\/logo\\\/image\\\/\",\"url\":\"http:\\\/\\\/africaatual.com.br\\\/wp-content\\\/uploads\\\/2023\\\/06\\\/LOGOEIROS_Prancheta-1-tipo-preto.png\",\"contentUrl\":\"http:\\\/\\\/africaatual.com.br\\\/wp-content\\\/uploads\\\/2023\\\/06\\\/LOGOEIROS_Prancheta-1-tipo-preto.png\",\"width\":1667,\"height\":730,\"caption\":\"africaatual.com.br\"},\"image\":{\"@id\":\"https:\\\/\\\/africaatual.com.br\\\/#\\\/schema\\\/logo\\\/image\\\/\"}},{\"@type\":\"Person\",\"@id\":\"https:\\\/\\\/africaatual.com.br\\\/#\\\/schema\\\/person\\\/31315b203b16bec551dcad6d14ff6b17\",\"name\":\"africaatual\",\"image\":{\"@type\":\"ImageObject\",\"inLanguage\":\"pt-BR\",\"@id\":\"https:\\\/\\\/secure.gravatar.com\\\/avatar\\\/62aeeba3c7bd20a0a9ee0e00da31fba130446f5c08871cd9335ec9bce29b9030?s=96&d=mm&r=g\",\"url\":\"https:\\\/\\\/secure.gravatar.com\\\/avatar\\\/62aeeba3c7bd20a0a9ee0e00da31fba130446f5c08871cd9335ec9bce29b9030?s=96&d=mm&r=g\",\"contentUrl\":\"https:\\\/\\\/secure.gravatar.com\\\/avatar\\\/62aeeba3c7bd20a0a9ee0e00da31fba130446f5c08871cd9335ec9bce29b9030?s=96&d=mm&r=g\",\"caption\":\"africaatual\"},\"sameAs\":[\"http:\\\/\\\/africaatual.com.br\"],\"url\":\"https:\\\/\\\/africaatual.com.br\\\/index.php\\\/author\\\/atlasgeoculturalafricaatual-com\\\/\"}]}<\/script>\n<!-- \/ Yoast SEO plugin. -->","yoast_head_json":{"title":"Patrick Quarm - africaatual.com.br","robots":{"index":"index","follow":"follow","max-snippet":"max-snippet:-1","max-image-preview":"max-image-preview:large","max-video-preview":"max-video-preview:-1"},"canonical":"https:\/\/africaatual.com.br\/index.php\/2020\/09\/19\/patrick-quarm\/","og_locale":"pt_BR","og_type":"article","og_title":"Patrick Quarm - africaatual.com.br","og_description":"Na primeira exposi\u00e7\u00e3o solo do artista sediado em Ghanian em Nova York, Patrick Quarm literalmente tece aspectos de sua identidade e experi\u00eancia como um homem negro que vive na \u00c1frica e nos Estados Unidos.\u00a0As obras s\u00e3o tape\u00e7arias escult\u00f3ricas feitas de camadas de tinta e tecidos;\u00a0de lado, duas telas distintas s\u00e3o vis\u00edveis, enquanto de frente, uma imagem coesa singular emerge. Quarm tamb\u00e9m usa estampas de cera africanas em seu trabalho, aludindo \u00e0 complicada hist\u00f3ria do tecido e seu legado colonial holand\u00eas. \u201cMinha tarefa ou meu dever como artista \u00e9 descascar cada camada ap\u00f3s a outra para trazer clareza, para entender o passado e como o passado molda o presente\u201d, escreve o artista. fonte: httpsss:\/\/news.artnet.com\/exhibitions\/patrick-quarm-salvaged-imperial-1908691 Patrick Quarm (n. 1988, Gana) vive e trabalha em Takoradi, Gana.\u00a0Ele se formou na Kwame Nkrumah University of Science and Technology, Gana, em 2012 com um BFA em Pintura, antes de prosseguir com o mestrado em Belas Artes na Texas Tech University, que concluiu em 2018. Exposi\u00e7\u00f5es individuais recentes incluem N&#8217;Namdi Contemporary , Miami, FL (2019) e Satellite Gallery, Lubbock, TX (2018).\u00a0As exposi\u00e7\u00f5es institucionais incluem Contemporary Art Museum Plainview, Plainview, TX (2020);\u00a0Instituto Urbano de Arte Contempor\u00e2nea, Grand Rapids, MI (2020);\u00a0Oso Bay Biennial XX, Texas A&amp;M University, College Station, TX (2018);\u00a0Rockport Center for the Arts, Rockport, TX (2018) e Caviel Museum of African American History, Lubbock, TX (2018). fonte: httpsss:\/\/www.patrickquarm.com\/ Declara\u00e7\u00e3o do Artista Eu cresci na cidade g\u00eamea p\u00f3s-colonial de Sekondi-Takoradi, em Gana, que \u00e9 marcada por locais hist\u00f3ricos que tra\u00e7am a mem\u00f3ria do imperialismo.&nbsp;Minha presen\u00e7a e envolvimento com esses res\u00edduos do imperialismo se tornaram a influ\u00eancia formativa em como eu entendia e me relacionava com meu ambiente.&nbsp;Fora da casa de minha fam\u00edlia, sou conhecido como Nzema, que \u00e9 o grupo \u00e9tnico ao qual perten\u00e7o.&nbsp;Quando estou fora de Gana e em outro pa\u00eds africano, sou conhecido como gan\u00eas.&nbsp;Quando fui colocado fora da \u00c1frica, nos Estados Unidos, sou conhecido como africano.&nbsp;\u00c9 assim que minha identidade se conecta ao espa\u00e7o e ao lugar, seja local ou estrangeiro.&nbsp;Investigo as v\u00e1rias complexidades que comp\u00f5em a hist\u00f3ria moderna da evolu\u00e7\u00e3o social como um processo cont\u00ednuo influenciado pela express\u00e3o pol\u00edtica, social, hist\u00f3rica e cultural imediata.&nbsp;\u00c9 uma tentativa de desvendar e mesclar essas camadas como forma de iniciar uma conversa em torno da no\u00e7\u00e3o ampliada de hibridez cultural.&nbsp;Aquele que funde hist\u00f3rias e experi\u00eancias e desenvolve uma terceira personalidade ou personagem \u00fanico.&nbsp; Minhas pinturas funcionam como uma forma de arqueologia cultural, onde procuro escavar as camadas da hist\u00f3ria que foram sendo depositadas ao longo do tempo.\u00a0Isso \u00e9 evidente nos processos de estratifica\u00e7\u00e3o, corte e apagamento.\u00a0Atrav\u00e9s deles eu alcan\u00e7o os intrincados espa\u00e7os intermedi\u00e1rios, isto se torna uma maneira de desenvolver a compreens\u00e3o das quest\u00f5es externas para verdades mais profundas que est\u00e3o ocultas e protegidas da vista.\u00a0Um ac\u00famulo sistem\u00e1tico de n\u00facleos verdadeiros ou falsos dentro dos quais o h\u00edbrido se torna seu autor.\u00a0Da\u00ed resulta uma pintura caracterizada por uma topografia visual, comandando a experi\u00eancia e o envolvimento do espectador. fonte: httpsss:\/\/www.patrickquarm.com\/","og_url":"https:\/\/africaatual.com.br\/index.php\/2020\/09\/19\/patrick-quarm\/","og_site_name":"africaatual.com.br","article_published_time":"2020-09-19T12:04:33+00:00","og_image":[{"url":"httpsss:\/\/africaatual.com.br\/wp-content\/uploads\/2020\/09\/arte-em-gana.jpg","type":"","width":"","height":""}],"author":"africaatual","twitter_card":"summary_large_image","twitter_misc":{"Escrito por":"africaatual","Est. tempo de leitura":"3 minutos"},"schema":{"@context":"https:\/\/schema.org","@graph":[{"@type":"Article","@id":"https:\/\/africaatual.com.br\/index.php\/2020\/09\/19\/patrick-quarm\/#article","isPartOf":{"@id":"https:\/\/africaatual.com.br\/index.php\/2020\/09\/19\/patrick-quarm\/"},"author":{"name":"africaatual","@id":"https:\/\/africaatual.com.br\/#\/schema\/person\/31315b203b16bec551dcad6d14ff6b17"},"headline":"Patrick Quarm","datePublished":"2020-09-19T12:04:33+00:00","mainEntityOfPage":{"@id":"https:\/\/africaatual.com.br\/index.php\/2020\/09\/19\/patrick-quarm\/"},"wordCount":579,"commentCount":0,"publisher":{"@id":"https:\/\/africaatual.com.br\/#organization"},"image":{"@id":"https:\/\/africaatual.com.br\/index.php\/2020\/09\/19\/patrick-quarm\/#primaryimage"},"thumbnailUrl":"https:\/\/africaatual.com.br\/wp-content\/uploads\/2020\/09\/arte-em-gana.jpg","articleSection":["A Africa"],"inLanguage":"pt-BR","potentialAction":[{"@type":"CommentAction","name":"Comment","target":["https:\/\/africaatual.com.br\/index.php\/2020\/09\/19\/patrick-quarm\/#respond"]}]},{"@type":"WebPage","@id":"https:\/\/africaatual.com.br\/index.php\/2020\/09\/19\/patrick-quarm\/","url":"https:\/\/africaatual.com.br\/index.php\/2020\/09\/19\/patrick-quarm\/","name":"Patrick Quarm - africaatual.com.br","isPartOf":{"@id":"https:\/\/africaatual.com.br\/#website"},"primaryImageOfPage":{"@id":"https:\/\/africaatual.com.br\/index.php\/2020\/09\/19\/patrick-quarm\/#primaryimage"},"image":{"@id":"https:\/\/africaatual.com.br\/index.php\/2020\/09\/19\/patrick-quarm\/#primaryimage"},"thumbnailUrl":"https:\/\/africaatual.com.br\/wp-content\/uploads\/2020\/09\/arte-em-gana.jpg","datePublished":"2020-09-19T12:04:33+00:00","breadcrumb":{"@id":"https:\/\/africaatual.com.br\/index.php\/2020\/09\/19\/patrick-quarm\/#breadcrumb"},"inLanguage":"pt-BR","potentialAction":[{"@type":"ReadAction","target":["https:\/\/africaatual.com.br\/index.php\/2020\/09\/19\/patrick-quarm\/"]}]},{"@type":"ImageObject","inLanguage":"pt-BR","@id":"https:\/\/africaatual.com.br\/index.php\/2020\/09\/19\/patrick-quarm\/#primaryimage","url":"https:\/\/africaatual.com.br\/wp-content\/uploads\/2020\/09\/arte-em-gana.jpg","contentUrl":"https:\/\/africaatual.com.br\/wp-content\/uploads\/2020\/09\/arte-em-gana.jpg","width":253,"height":300},{"@type":"BreadcrumbList","@id":"https:\/\/africaatual.com.br\/index.php\/2020\/09\/19\/patrick-quarm\/#breadcrumb","itemListElement":[{"@type":"ListItem","position":1,"name":"In\u00edcio","item":"https:\/\/africaatual.com.br\/"},{"@type":"ListItem","position":2,"name":"Patrick Quarm"}]},{"@type":"WebSite","@id":"https:\/\/africaatual.com.br\/#website","url":"https:\/\/africaatual.com.br\/","name":"africaatual.com.br","description":"O Atlas Geocultural da \u00c1frica \u00e9 um rico material de leitura e pesquisa, que visa apresentar de forma atual os pa\u00edses africanos, ainda t\u00e3o pouco conhecidos.","publisher":{"@id":"https:\/\/africaatual.com.br\/#organization"},"potentialAction":[{"@type":"SearchAction","target":{"@type":"EntryPoint","urlTemplate":"https:\/\/africaatual.com.br\/?s={search_term_string}"},"query-input":{"@type":"PropertyValueSpecification","valueRequired":true,"valueName":"search_term_string"}}],"inLanguage":"pt-BR"},{"@type":"Organization","@id":"https:\/\/africaatual.com.br\/#organization","name":"africaatual.com.br","url":"https:\/\/africaatual.com.br\/","logo":{"@type":"ImageObject","inLanguage":"pt-BR","@id":"https:\/\/africaatual.com.br\/#\/schema\/logo\/image\/","url":"http:\/\/africaatual.com.br\/wp-content\/uploads\/2023\/06\/LOGOEIROS_Prancheta-1-tipo-preto.png","contentUrl":"http:\/\/africaatual.com.br\/wp-content\/uploads\/2023\/06\/LOGOEIROS_Prancheta-1-tipo-preto.png","width":1667,"height":730,"caption":"africaatual.com.br"},"image":{"@id":"https:\/\/africaatual.com.br\/#\/schema\/logo\/image\/"}},{"@type":"Person","@id":"https:\/\/africaatual.com.br\/#\/schema\/person\/31315b203b16bec551dcad6d14ff6b17","name":"africaatual","image":{"@type":"ImageObject","inLanguage":"pt-BR","@id":"https:\/\/secure.gravatar.com\/avatar\/62aeeba3c7bd20a0a9ee0e00da31fba130446f5c08871cd9335ec9bce29b9030?s=96&d=mm&r=g","url":"https:\/\/secure.gravatar.com\/avatar\/62aeeba3c7bd20a0a9ee0e00da31fba130446f5c08871cd9335ec9bce29b9030?s=96&d=mm&r=g","contentUrl":"https:\/\/secure.gravatar.com\/avatar\/62aeeba3c7bd20a0a9ee0e00da31fba130446f5c08871cd9335ec9bce29b9030?s=96&d=mm&r=g","caption":"africaatual"},"sameAs":["http:\/\/africaatual.com.br"],"url":"https:\/\/africaatual.com.br\/index.php\/author\/atlasgeoculturalafricaatual-com\/"}]}},"_links":{"self":[{"href":"https:\/\/africaatual.com.br\/index.php\/wp-json\/wp\/v2\/posts\/1413","targetHints":{"allow":["GET"]}}],"collection":[{"href":"https:\/\/africaatual.com.br\/index.php\/wp-json\/wp\/v2\/posts"}],"about":[{"href":"https:\/\/africaatual.com.br\/index.php\/wp-json\/wp\/v2\/types\/post"}],"author":[{"embeddable":true,"href":"https:\/\/africaatual.com.br\/index.php\/wp-json\/wp\/v2\/users\/1"}],"replies":[{"embeddable":true,"href":"https:\/\/africaatual.com.br\/index.php\/wp-json\/wp\/v2\/comments?post=1413"}],"version-history":[{"count":0,"href":"https:\/\/africaatual.com.br\/index.php\/wp-json\/wp\/v2\/posts\/1413\/revisions"}],"wp:featuredmedia":[{"embeddable":true,"href":"https:\/\/africaatual.com.br\/index.php\/wp-json\/wp\/v2\/media\/1414"}],"wp:attachment":[{"href":"https:\/\/africaatual.com.br\/index.php\/wp-json\/wp\/v2\/media?parent=1413"}],"wp:term":[{"taxonomy":"category","embeddable":true,"href":"https:\/\/africaatual.com.br\/index.php\/wp-json\/wp\/v2\/categories?post=1413"},{"taxonomy":"post_tag","embeddable":true,"href":"https:\/\/africaatual.com.br\/index.php\/wp-json\/wp\/v2\/tags?post=1413"},{"taxonomy":"palavra-chave","embeddable":true,"href":"https:\/\/africaatual.com.br\/index.php\/wp-json\/wp\/v2\/palavra-chave?post=1413"}],"curies":[{"name":"wp","href":"https:\/\/api.w.org\/{rel}","templated":true}]}}