
{"id":3311,"date":"2022-03-25T15:02:29","date_gmt":"2022-03-25T18:02:29","guid":{"rendered":"https:\/\/africaatual.com.br\/index.php\/2022\/03\/25\/espaco-afro-empresarial-inauguracao\/"},"modified":"2022-03-25T15:02:29","modified_gmt":"2022-03-25T18:02:29","slug":"espaco-afro-empresarial-inauguracao","status":"publish","type":"post","link":"https:\/\/africaatual.com.br\/index.php\/2022\/03\/25\/espaco-afro-empresarial-inauguracao\/","title":{"rendered":"Espa\u00e7o Afro Empresarial: Inaugura\u00e7\u00e3o"},"content":{"rendered":"\n<figure class=\"wp-block-image size-full\"><img decoding=\"async\" src=\"httpsss:\/\/africaatual.com.br\/wp-content\/uploads\/2022\/03\/AFRO-EMPRESARIAL-jpg.jpg\" alt=\"\" class=\"wp-image-3313\"\/><\/figure>\n\n\n\n<p>\u203c\ufe0f IMPORTANTE -Vale a pena ler tudo!<\/p>\n\n\n\n<p>Embora o mais importante \u00e9 voc\u00ea clicar no link abaixo para garantir a sua vaga. S\u00e3o apenas 50 vagas dispon\u00edveis para mais de 300 pessoas que ter\u00e3o acesso a esse convite.<\/p>\n\n\n\n<p>\u27a1\ufe0f bit.ly\/inaugura-eae<\/p>\n\n\n\n<p>Sabe aquele momento do gol t\u00e3o esperado na final da copa do mundo \u26bd\ud83e\udd45\ud83c\udfc6\u2026 ou aquele momento onde jogamos o capelo (chapeuzinho de formatura) para o alto finalizando a nossa formatura\u2026!? \ud83c\udf93\ud83d\udc68\ud83c\udffe\u200d\ud83c\udf93<\/p>\n\n\n\n<p>Pois \u00e9, estamos prestes a marcar esse gol, materializarmos o que nossos ancestrais um dia sonharam para seus descendentes\ud83d\ude03. Que somos n\u00f3s\u203c\ufe0f\ud83d\ude4c\ud83c\udffe<\/p>\n\n\n\n<p>Estaremos inaugurando um espa\u00e7o afrocentrado, chamado ESPA\u00c7O AFRO EMPRESARIAL, no dia \ud83d\uddd3\ufe0f 29.03.2022 \u00e0s \ud83d\udd5619h.<\/p>\n\n\n\n<p>Imagine-se fechando neg\u00f3cios em um ambiente com a sua cara, ou melhor, com a nossa cara! \ud83d\ude0e<\/p>\n\n\n\n<p>\u2705 Ambiente tem\u00e1tico onde voc\u00ea pode receber apoio com orienta\u00e7\u00f5es\/direcionamento sobre seu neg\u00f3cio.<\/p>\n\n\n\n<p>\u2705 Fazer seus eventos, num espa\u00e7o que te representa!<\/p>\n\n\n\n<p>\u2705 E levar pessoas para experimentarem o nosso jeito de fazer networking\/neg\u00f3cios\/educa\u00e7\u00e3o\/arte e muito mais!<\/p>\n\n\n\n<p>N\u00e3o acontecer\u00e1 mais de voc\u00ea fazer o teste do pesco\u00e7o e se sentir s\u00f3. \ud83d\ude4f\ud83c\udffe\ud83d\ude03<\/p>\n\n\n\n<p>Essa \u00e9 a proposta do ESPA\u00c7O AFRO EMPRESARIAL.<\/p>\n\n\n\n<p>Um espa\u00e7o UBUNTU, onde REAFRO, Prefeitura de Hortol\u00e2ndia e Shopping Center Hortol\u00e2ndia se uniram para prover esse movimento que se inicia no dia 29.03.2022 \u00e0s 19h.<\/p>\n\n\n\n<p>Esse espa\u00e7o ser\u00e1 din\u00e2mico e vers\u00e1til para se adaptar \u00e0s necessidades de cada empreendedor que quiser usufruir dele. E marcar aquele gol de placa!<\/p>\n\n\n\n<p>Ou seja, ele ser\u00e1 constru\u00eddo a cada intera\u00e7\u00e3o, com a sua contribui\u00e7\u00e3o! \ud83e\udd1d<\/p>\n\n\n\n<p>Temos apenas 50 vagas para quem quer fazer parte deste momento hist\u00f3rico.<\/p>\n\n\n\n<p>Voc\u00ea far\u00e1 parte?<\/p>\n\n\n\n<p>Ent\u00e3o n\u00e3o perca tempo, garanta sua vaga clicando no link abaixo e garantir sua vaga. \ud83c\udfc3\ud83c\udffe\ud83c\udfc3\ud83c\udffe\u200d\u2640\ufe0f<\/p>\n\n\n\n<p>\u27a1\ufe0f bit.ly\/inaugura-eae<\/p>\n\n\n\n<p>Voc\u00ea \u00e9 muito importante e sua presen\u00e7a ajudar\u00e1 mostrar a for\u00e7a que temos em grupo.<\/p>\n\n\n\n<p>Te vejo l\u00e1!<\/p>\n","protected":false},"excerpt":{"rendered":"<p>\u203c\ufe0f IMPORTANTE -Vale a pena ler tudo! Embora o mais importante \u00e9 voc\u00ea clicar no link abaixo para garantir a sua vaga. S\u00e3o apenas 50 vagas dispon\u00edveis para mais de 300 pessoas que ter\u00e3o acesso a esse convite. \u27a1\ufe0f bit.ly\/inaugura-eae Sabe aquele momento do gol t\u00e3o esperado na final da copa do mundo \u26bd\ud83e\udd45\ud83c\udfc6\u2026 ou aquele momento onde jogamos o capelo (chapeuzinho de formatura) para o alto finalizando a nossa formatura\u2026!? \ud83c\udf93\ud83d\udc68\ud83c\udffe\u200d\ud83c\udf93 Pois \u00e9, estamos prestes a marcar esse gol, materializarmos o que nossos ancestrais um dia sonharam para seus descendentes\ud83d\ude03. Que somos n\u00f3s\u203c\ufe0f\ud83d\ude4c\ud83c\udffe Estaremos inaugurando um espa\u00e7o afrocentrado, chamado ESPA\u00c7O AFRO EMPRESARIAL, no dia \ud83d\uddd3\ufe0f 29.03.2022 \u00e0s \ud83d\udd5619h. Imagine-se fechando neg\u00f3cios em um ambiente com a sua cara, ou melhor, com a nossa cara! \ud83d\ude0e \u2705 Ambiente tem\u00e1tico onde voc\u00ea pode receber apoio com orienta\u00e7\u00f5es\/direcionamento sobre seu neg\u00f3cio. \u2705 Fazer seus eventos, num espa\u00e7o que te representa! \u2705 E levar pessoas para experimentarem o nosso jeito de fazer networking\/neg\u00f3cios\/educa\u00e7\u00e3o\/arte e muito mais! N\u00e3o acontecer\u00e1 mais de voc\u00ea fazer o teste do pesco\u00e7o e se sentir s\u00f3. \ud83d\ude4f\ud83c\udffe\ud83d\ude03 Essa \u00e9 a proposta do ESPA\u00c7O AFRO EMPRESARIAL. Um espa\u00e7o UBUNTU, onde REAFRO, Prefeitura de Hortol\u00e2ndia e Shopping Center Hortol\u00e2ndia se uniram para prover esse movimento que se inicia no dia 29.03.2022 \u00e0s 19h. Esse espa\u00e7o ser\u00e1 din\u00e2mico e vers\u00e1til para se adaptar \u00e0s necessidades de cada empreendedor que quiser usufruir dele. E marcar aquele gol de placa! Ou seja, ele ser\u00e1 constru\u00eddo a cada intera\u00e7\u00e3o, com a sua contribui\u00e7\u00e3o! \ud83e\udd1d Temos apenas 50 vagas para quem quer fazer parte deste momento hist\u00f3rico. Voc\u00ea far\u00e1 parte? Ent\u00e3o n\u00e3o perca tempo, garanta sua vaga clicando no link abaixo e garantir sua vaga. \ud83c\udfc3\ud83c\udffe\ud83c\udfc3\ud83c\udffe\u200d\u2640\ufe0f \u27a1\ufe0f bit.ly\/inaugura-eae Voc\u00ea \u00e9 muito importante e sua presen\u00e7a ajudar\u00e1 mostrar a for\u00e7a que temos em grupo. Te vejo l\u00e1!<\/p>\n","protected":false},"author":1,"featured_media":3316,"comment_status":"open","ping_status":"open","sticky":false,"template":"elementor_theme","format":"standard","meta":{"inline_featured_image":false,"ocean_post_layout":"","ocean_both_sidebars_style":"","ocean_both_sidebars_content_width":0,"ocean_both_sidebars_sidebars_width":0,"ocean_sidebar":"","ocean_second_sidebar":"","ocean_disable_margins":"enable","ocean_add_body_class":"","ocean_shortcode_before_top_bar":"","ocean_shortcode_after_top_bar":"","ocean_shortcode_before_header":"","ocean_shortcode_after_header":"","ocean_has_shortcode":"","ocean_shortcode_after_title":"","ocean_shortcode_before_footer_widgets":"","ocean_shortcode_after_footer_widgets":"","ocean_shortcode_before_footer_bottom":"","ocean_shortcode_after_footer_bottom":"","ocean_display_top_bar":"default","ocean_display_header":"default","ocean_header_style":"","ocean_center_header_left_menu":"","ocean_custom_header_template":"","ocean_custom_logo":0,"ocean_custom_retina_logo":0,"ocean_custom_logo_max_width":0,"ocean_custom_logo_tablet_max_width":0,"ocean_custom_logo_mobile_max_width":0,"ocean_custom_logo_max_height":0,"ocean_custom_logo_tablet_max_height":0,"ocean_custom_logo_mobile_max_height":0,"ocean_header_custom_menu":"","ocean_menu_typo_font_family":"","ocean_menu_typo_font_subset":"","ocean_menu_typo_font_size":0,"ocean_menu_typo_font_size_tablet":0,"ocean_menu_typo_font_size_mobile":0,"ocean_menu_typo_font_size_unit":"px","ocean_menu_typo_font_weight":"","ocean_menu_typo_font_weight_tablet":"","ocean_menu_typo_font_weight_mobile":"","ocean_menu_typo_transform":"","ocean_menu_typo_transform_tablet":"","ocean_menu_typo_transform_mobile":"","ocean_menu_typo_line_height":0,"ocean_menu_typo_line_height_tablet":0,"ocean_menu_typo_line_height_mobile":0,"ocean_menu_typo_line_height_unit":"","ocean_menu_typo_spacing":0,"ocean_menu_typo_spacing_tablet":0,"ocean_menu_typo_spacing_mobile":0,"ocean_menu_typo_spacing_unit":"","ocean_menu_link_color":"","ocean_menu_link_color_hover":"","ocean_menu_link_color_active":"","ocean_menu_link_background":"","ocean_menu_link_hover_background":"","ocean_menu_link_active_background":"","ocean_menu_social_links_bg":"","ocean_menu_social_hover_links_bg":"","ocean_menu_social_links_color":"","ocean_menu_social_hover_links_color":"","ocean_disable_title":"default","ocean_disable_heading":"default","ocean_post_title":"","ocean_post_subheading":"","ocean_post_title_style":"","ocean_post_title_background_color":"","ocean_post_title_background":0,"ocean_post_title_bg_image_position":"","ocean_post_title_bg_image_attachment":"","ocean_post_title_bg_image_repeat":"","ocean_post_title_bg_image_size":"","ocean_post_title_height":0,"ocean_post_title_bg_overlay":0.5,"ocean_post_title_bg_overlay_color":"","ocean_disable_breadcrumbs":"default","ocean_breadcrumbs_color":"","ocean_breadcrumbs_separator_color":"","ocean_breadcrumbs_links_color":"","ocean_breadcrumbs_links_hover_color":"","ocean_display_footer_widgets":"default","ocean_display_footer_bottom":"default","ocean_custom_footer_template":"","omw_enable_modal_window":"enable","ocean_post_oembed":"","ocean_post_self_hosted_media":"","ocean_post_video_embed":"","ocean_link_format":"","ocean_link_format_target":"self","ocean_quote_format":"","ocean_quote_format_link":"post","ocean_gallery_link_images":"on","ocean_gallery_id":[],"footnotes":""},"categories":[62],"tags":[72],"palavra-chave":[],"class_list":["post-3311","post","type-post","status-publish","format-standard","has-post-thumbnail","hentry","category-news","tag-afro-empresarial","entry","has-media"],"yoast_head":"<!-- This site is optimized with the Yoast SEO plugin v27.3 - https:\/\/yoast.com\/product\/yoast-seo-wordpress\/ -->\n<title>Espa\u00e7o Afro Empresarial: Inaugura\u00e7\u00e3o - africaatual.com.br<\/title>\n<meta name=\"robots\" content=\"index, follow, max-snippet:-1, max-image-preview:large, max-video-preview:-1\" \/>\n<link rel=\"canonical\" href=\"https:\/\/africaatual.com.br\/index.php\/2022\/03\/25\/espaco-afro-empresarial-inauguracao\/\" \/>\n<meta property=\"og:locale\" content=\"pt_BR\" \/>\n<meta property=\"og:type\" content=\"article\" \/>\n<meta property=\"og:title\" content=\"Espa\u00e7o Afro Empresarial: Inaugura\u00e7\u00e3o - africaatual.com.br\" \/>\n<meta property=\"og:description\" content=\"\u203c\ufe0f IMPORTANTE -Vale a pena ler tudo! Embora o mais importante \u00e9 voc\u00ea clicar no link abaixo para garantir a sua vaga. S\u00e3o apenas 50 vagas dispon\u00edveis para mais de 300 pessoas que ter\u00e3o acesso a esse convite. \u27a1\ufe0f bit.ly\/inaugura-eae Sabe aquele momento do gol t\u00e3o esperado na final da copa do mundo \u26bd\ud83e\udd45\ud83c\udfc6\u2026 ou aquele momento onde jogamos o capelo (chapeuzinho de formatura) para o alto finalizando a nossa formatura\u2026!? \ud83c\udf93\ud83d\udc68\ud83c\udffe\u200d\ud83c\udf93 Pois \u00e9, estamos prestes a marcar esse gol, materializarmos o que nossos ancestrais um dia sonharam para seus descendentes\ud83d\ude03. Que somos n\u00f3s\u203c\ufe0f\ud83d\ude4c\ud83c\udffe Estaremos inaugurando um espa\u00e7o afrocentrado, chamado ESPA\u00c7O AFRO EMPRESARIAL, no dia \ud83d\uddd3\ufe0f 29.03.2022 \u00e0s \ud83d\udd5619h. Imagine-se fechando neg\u00f3cios em um ambiente com a sua cara, ou melhor, com a nossa cara! \ud83d\ude0e \u2705 Ambiente tem\u00e1tico onde voc\u00ea pode receber apoio com orienta\u00e7\u00f5es\/direcionamento sobre seu neg\u00f3cio. \u2705 Fazer seus eventos, num espa\u00e7o que te representa! \u2705 E levar pessoas para experimentarem o nosso jeito de fazer networking\/neg\u00f3cios\/educa\u00e7\u00e3o\/arte e muito mais! N\u00e3o acontecer\u00e1 mais de voc\u00ea fazer o teste do pesco\u00e7o e se sentir s\u00f3. \ud83d\ude4f\ud83c\udffe\ud83d\ude03 Essa \u00e9 a proposta do ESPA\u00c7O AFRO EMPRESARIAL. Um espa\u00e7o UBUNTU, onde REAFRO, Prefeitura de Hortol\u00e2ndia e Shopping Center Hortol\u00e2ndia se uniram para prover esse movimento que se inicia no dia 29.03.2022 \u00e0s 19h. Esse espa\u00e7o ser\u00e1 din\u00e2mico e vers\u00e1til para se adaptar \u00e0s necessidades de cada empreendedor que quiser usufruir dele. E marcar aquele gol de placa! Ou seja, ele ser\u00e1 constru\u00eddo a cada intera\u00e7\u00e3o, com a sua contribui\u00e7\u00e3o! \ud83e\udd1d Temos apenas 50 vagas para quem quer fazer parte deste momento hist\u00f3rico. Voc\u00ea far\u00e1 parte? Ent\u00e3o n\u00e3o perca tempo, garanta sua vaga clicando no link abaixo e garantir sua vaga. \ud83c\udfc3\ud83c\udffe\ud83c\udfc3\ud83c\udffe\u200d\u2640\ufe0f \u27a1\ufe0f bit.ly\/inaugura-eae Voc\u00ea \u00e9 muito importante e sua presen\u00e7a ajudar\u00e1 mostrar a for\u00e7a que temos em grupo. Te vejo l\u00e1!\" \/>\n<meta property=\"og:url\" content=\"https:\/\/africaatual.com.br\/index.php\/2022\/03\/25\/espaco-afro-empresarial-inauguracao\/\" \/>\n<meta property=\"og:site_name\" content=\"africaatual.com.br\" \/>\n<meta property=\"article:published_time\" content=\"2022-03-25T18:02:29+00:00\" \/>\n<meta property=\"og:image\" content=\"\" \/>\n<meta name=\"author\" content=\"africaatual\" \/>\n<meta name=\"twitter:card\" content=\"summary_large_image\" \/>\n<meta name=\"twitter:label1\" content=\"Escrito por\" \/>\n\t<meta name=\"twitter:data1\" content=\"africaatual\" \/>\n\t<meta name=\"twitter:label2\" content=\"Est. tempo de leitura\" \/>\n\t<meta name=\"twitter:data2\" content=\"2 minutos\" \/>\n<script type=\"application\/ld+json\" class=\"yoast-schema-graph\">{\"@context\":\"https:\\\/\\\/schema.org\",\"@graph\":[{\"@type\":\"Article\",\"@id\":\"https:\\\/\\\/africaatual.com.br\\\/index.php\\\/2022\\\/03\\\/25\\\/espaco-afro-empresarial-inauguracao\\\/#article\",\"isPartOf\":{\"@id\":\"https:\\\/\\\/africaatual.com.br\\\/index.php\\\/2022\\\/03\\\/25\\\/espaco-afro-empresarial-inauguracao\\\/\"},\"author\":{\"name\":\"africaatual\",\"@id\":\"https:\\\/\\\/africaatual.com.br\\\/#\\\/schema\\\/person\\\/31315b203b16bec551dcad6d14ff6b17\"},\"headline\":\"Espa\u00e7o Afro Empresarial: Inaugura\u00e7\u00e3o\",\"datePublished\":\"2022-03-25T18:02:29+00:00\",\"mainEntityOfPage\":{\"@id\":\"https:\\\/\\\/africaatual.com.br\\\/index.php\\\/2022\\\/03\\\/25\\\/espaco-afro-empresarial-inauguracao\\\/\"},\"wordCount\":323,\"commentCount\":0,\"publisher\":{\"@id\":\"https:\\\/\\\/africaatual.com.br\\\/#organization\"},\"image\":{\"@id\":\"https:\\\/\\\/africaatual.com.br\\\/index.php\\\/2022\\\/03\\\/25\\\/espaco-afro-empresarial-inauguracao\\\/#primaryimage\"},\"thumbnailUrl\":\"\",\"keywords\":[\"Afro empresarial\"],\"articleSection\":[\"News\"],\"inLanguage\":\"pt-BR\",\"potentialAction\":[{\"@type\":\"CommentAction\",\"name\":\"Comment\",\"target\":[\"https:\\\/\\\/africaatual.com.br\\\/index.php\\\/2022\\\/03\\\/25\\\/espaco-afro-empresarial-inauguracao\\\/#respond\"]}]},{\"@type\":\"WebPage\",\"@id\":\"https:\\\/\\\/africaatual.com.br\\\/index.php\\\/2022\\\/03\\\/25\\\/espaco-afro-empresarial-inauguracao\\\/\",\"url\":\"https:\\\/\\\/africaatual.com.br\\\/index.php\\\/2022\\\/03\\\/25\\\/espaco-afro-empresarial-inauguracao\\\/\",\"name\":\"Espa\u00e7o Afro Empresarial: Inaugura\u00e7\u00e3o - africaatual.com.br\",\"isPartOf\":{\"@id\":\"https:\\\/\\\/africaatual.com.br\\\/#website\"},\"primaryImageOfPage\":{\"@id\":\"https:\\\/\\\/africaatual.com.br\\\/index.php\\\/2022\\\/03\\\/25\\\/espaco-afro-empresarial-inauguracao\\\/#primaryimage\"},\"image\":{\"@id\":\"https:\\\/\\\/africaatual.com.br\\\/index.php\\\/2022\\\/03\\\/25\\\/espaco-afro-empresarial-inauguracao\\\/#primaryimage\"},\"thumbnailUrl\":\"\",\"datePublished\":\"2022-03-25T18:02:29+00:00\",\"breadcrumb\":{\"@id\":\"https:\\\/\\\/africaatual.com.br\\\/index.php\\\/2022\\\/03\\\/25\\\/espaco-afro-empresarial-inauguracao\\\/#breadcrumb\"},\"inLanguage\":\"pt-BR\",\"potentialAction\":[{\"@type\":\"ReadAction\",\"target\":[\"https:\\\/\\\/africaatual.com.br\\\/index.php\\\/2022\\\/03\\\/25\\\/espaco-afro-empresarial-inauguracao\\\/\"]}]},{\"@type\":\"ImageObject\",\"inLanguage\":\"pt-BR\",\"@id\":\"https:\\\/\\\/africaatual.com.br\\\/index.php\\\/2022\\\/03\\\/25\\\/espaco-afro-empresarial-inauguracao\\\/#primaryimage\",\"url\":\"\",\"contentUrl\":\"\"},{\"@type\":\"BreadcrumbList\",\"@id\":\"https:\\\/\\\/africaatual.com.br\\\/index.php\\\/2022\\\/03\\\/25\\\/espaco-afro-empresarial-inauguracao\\\/#breadcrumb\",\"itemListElement\":[{\"@type\":\"ListItem\",\"position\":1,\"name\":\"In\u00edcio\",\"item\":\"https:\\\/\\\/africaatual.com.br\\\/\"},{\"@type\":\"ListItem\",\"position\":2,\"name\":\"Espa\u00e7o Afro Empresarial: Inaugura\u00e7\u00e3o\"}]},{\"@type\":\"WebSite\",\"@id\":\"https:\\\/\\\/africaatual.com.br\\\/#website\",\"url\":\"https:\\\/\\\/africaatual.com.br\\\/\",\"name\":\"africaatual.com.br\",\"description\":\"O Atlas Geocultural da \u00c1frica \u00e9 um rico material de leitura e pesquisa, que visa apresentar de forma atual os pa\u00edses africanos, ainda t\u00e3o pouco conhecidos.\",\"publisher\":{\"@id\":\"https:\\\/\\\/africaatual.com.br\\\/#organization\"},\"potentialAction\":[{\"@type\":\"SearchAction\",\"target\":{\"@type\":\"EntryPoint\",\"urlTemplate\":\"https:\\\/\\\/africaatual.com.br\\\/?s={search_term_string}\"},\"query-input\":{\"@type\":\"PropertyValueSpecification\",\"valueRequired\":true,\"valueName\":\"search_term_string\"}}],\"inLanguage\":\"pt-BR\"},{\"@type\":\"Organization\",\"@id\":\"https:\\\/\\\/africaatual.com.br\\\/#organization\",\"name\":\"africaatual.com.br\",\"url\":\"https:\\\/\\\/africaatual.com.br\\\/\",\"logo\":{\"@type\":\"ImageObject\",\"inLanguage\":\"pt-BR\",\"@id\":\"https:\\\/\\\/africaatual.com.br\\\/#\\\/schema\\\/logo\\\/image\\\/\",\"url\":\"http:\\\/\\\/africaatual.com.br\\\/wp-content\\\/uploads\\\/2023\\\/06\\\/LOGOEIROS_Prancheta-1-tipo-preto.png\",\"contentUrl\":\"http:\\\/\\\/africaatual.com.br\\\/wp-content\\\/uploads\\\/2023\\\/06\\\/LOGOEIROS_Prancheta-1-tipo-preto.png\",\"width\":1667,\"height\":730,\"caption\":\"africaatual.com.br\"},\"image\":{\"@id\":\"https:\\\/\\\/africaatual.com.br\\\/#\\\/schema\\\/logo\\\/image\\\/\"}},{\"@type\":\"Person\",\"@id\":\"https:\\\/\\\/africaatual.com.br\\\/#\\\/schema\\\/person\\\/31315b203b16bec551dcad6d14ff6b17\",\"name\":\"africaatual\",\"image\":{\"@type\":\"ImageObject\",\"inLanguage\":\"pt-BR\",\"@id\":\"https:\\\/\\\/secure.gravatar.com\\\/avatar\\\/62aeeba3c7bd20a0a9ee0e00da31fba130446f5c08871cd9335ec9bce29b9030?s=96&d=mm&r=g\",\"url\":\"https:\\\/\\\/secure.gravatar.com\\\/avatar\\\/62aeeba3c7bd20a0a9ee0e00da31fba130446f5c08871cd9335ec9bce29b9030?s=96&d=mm&r=g\",\"contentUrl\":\"https:\\\/\\\/secure.gravatar.com\\\/avatar\\\/62aeeba3c7bd20a0a9ee0e00da31fba130446f5c08871cd9335ec9bce29b9030?s=96&d=mm&r=g\",\"caption\":\"africaatual\"},\"sameAs\":[\"http:\\\/\\\/africaatual.com.br\"],\"url\":\"https:\\\/\\\/africaatual.com.br\\\/index.php\\\/author\\\/atlasgeoculturalafricaatual-com\\\/\"}]}<\/script>\n<!-- \/ Yoast SEO plugin. -->","yoast_head_json":{"title":"Espa\u00e7o Afro Empresarial: Inaugura\u00e7\u00e3o - africaatual.com.br","robots":{"index":"index","follow":"follow","max-snippet":"max-snippet:-1","max-image-preview":"max-image-preview:large","max-video-preview":"max-video-preview:-1"},"canonical":"https:\/\/africaatual.com.br\/index.php\/2022\/03\/25\/espaco-afro-empresarial-inauguracao\/","og_locale":"pt_BR","og_type":"article","og_title":"Espa\u00e7o Afro Empresarial: Inaugura\u00e7\u00e3o - africaatual.com.br","og_description":"\u203c\ufe0f IMPORTANTE -Vale a pena ler tudo! Embora o mais importante \u00e9 voc\u00ea clicar no link abaixo para garantir a sua vaga. S\u00e3o apenas 50 vagas dispon\u00edveis para mais de 300 pessoas que ter\u00e3o acesso a esse convite. \u27a1\ufe0f bit.ly\/inaugura-eae Sabe aquele momento do gol t\u00e3o esperado na final da copa do mundo \u26bd\ud83e\udd45\ud83c\udfc6\u2026 ou aquele momento onde jogamos o capelo (chapeuzinho de formatura) para o alto finalizando a nossa formatura\u2026!? \ud83c\udf93\ud83d\udc68\ud83c\udffe\u200d\ud83c\udf93 Pois \u00e9, estamos prestes a marcar esse gol, materializarmos o que nossos ancestrais um dia sonharam para seus descendentes\ud83d\ude03. Que somos n\u00f3s\u203c\ufe0f\ud83d\ude4c\ud83c\udffe Estaremos inaugurando um espa\u00e7o afrocentrado, chamado ESPA\u00c7O AFRO EMPRESARIAL, no dia \ud83d\uddd3\ufe0f 29.03.2022 \u00e0s \ud83d\udd5619h. Imagine-se fechando neg\u00f3cios em um ambiente com a sua cara, ou melhor, com a nossa cara! \ud83d\ude0e \u2705 Ambiente tem\u00e1tico onde voc\u00ea pode receber apoio com orienta\u00e7\u00f5es\/direcionamento sobre seu neg\u00f3cio. \u2705 Fazer seus eventos, num espa\u00e7o que te representa! \u2705 E levar pessoas para experimentarem o nosso jeito de fazer networking\/neg\u00f3cios\/educa\u00e7\u00e3o\/arte e muito mais! N\u00e3o acontecer\u00e1 mais de voc\u00ea fazer o teste do pesco\u00e7o e se sentir s\u00f3. \ud83d\ude4f\ud83c\udffe\ud83d\ude03 Essa \u00e9 a proposta do ESPA\u00c7O AFRO EMPRESARIAL. Um espa\u00e7o UBUNTU, onde REAFRO, Prefeitura de Hortol\u00e2ndia e Shopping Center Hortol\u00e2ndia se uniram para prover esse movimento que se inicia no dia 29.03.2022 \u00e0s 19h. Esse espa\u00e7o ser\u00e1 din\u00e2mico e vers\u00e1til para se adaptar \u00e0s necessidades de cada empreendedor que quiser usufruir dele. E marcar aquele gol de placa! Ou seja, ele ser\u00e1 constru\u00eddo a cada intera\u00e7\u00e3o, com a sua contribui\u00e7\u00e3o! \ud83e\udd1d Temos apenas 50 vagas para quem quer fazer parte deste momento hist\u00f3rico. Voc\u00ea far\u00e1 parte? Ent\u00e3o n\u00e3o perca tempo, garanta sua vaga clicando no link abaixo e garantir sua vaga. \ud83c\udfc3\ud83c\udffe\ud83c\udfc3\ud83c\udffe\u200d\u2640\ufe0f \u27a1\ufe0f bit.ly\/inaugura-eae Voc\u00ea \u00e9 muito importante e sua presen\u00e7a ajudar\u00e1 mostrar a for\u00e7a que temos em grupo. Te vejo l\u00e1!","og_url":"https:\/\/africaatual.com.br\/index.php\/2022\/03\/25\/espaco-afro-empresarial-inauguracao\/","og_site_name":"africaatual.com.br","article_published_time":"2022-03-25T18:02:29+00:00","og_image":[{"url":"httpsss:\/\/africaatual.com.br\/wp-content\/uploads\/2022\/03\/AFRO-EMPRESARIAL-jpg.jpg","type":"","width":"","height":""}],"author":"africaatual","twitter_card":"summary_large_image","twitter_misc":{"Escrito por":"africaatual","Est. tempo de leitura":"2 minutos"},"schema":{"@context":"https:\/\/schema.org","@graph":[{"@type":"Article","@id":"https:\/\/africaatual.com.br\/index.php\/2022\/03\/25\/espaco-afro-empresarial-inauguracao\/#article","isPartOf":{"@id":"https:\/\/africaatual.com.br\/index.php\/2022\/03\/25\/espaco-afro-empresarial-inauguracao\/"},"author":{"name":"africaatual","@id":"https:\/\/africaatual.com.br\/#\/schema\/person\/31315b203b16bec551dcad6d14ff6b17"},"headline":"Espa\u00e7o Afro Empresarial: Inaugura\u00e7\u00e3o","datePublished":"2022-03-25T18:02:29+00:00","mainEntityOfPage":{"@id":"https:\/\/africaatual.com.br\/index.php\/2022\/03\/25\/espaco-afro-empresarial-inauguracao\/"},"wordCount":323,"commentCount":0,"publisher":{"@id":"https:\/\/africaatual.com.br\/#organization"},"image":{"@id":"https:\/\/africaatual.com.br\/index.php\/2022\/03\/25\/espaco-afro-empresarial-inauguracao\/#primaryimage"},"thumbnailUrl":"","keywords":["Afro empresarial"],"articleSection":["News"],"inLanguage":"pt-BR","potentialAction":[{"@type":"CommentAction","name":"Comment","target":["https:\/\/africaatual.com.br\/index.php\/2022\/03\/25\/espaco-afro-empresarial-inauguracao\/#respond"]}]},{"@type":"WebPage","@id":"https:\/\/africaatual.com.br\/index.php\/2022\/03\/25\/espaco-afro-empresarial-inauguracao\/","url":"https:\/\/africaatual.com.br\/index.php\/2022\/03\/25\/espaco-afro-empresarial-inauguracao\/","name":"Espa\u00e7o Afro Empresarial: Inaugura\u00e7\u00e3o - africaatual.com.br","isPartOf":{"@id":"https:\/\/africaatual.com.br\/#website"},"primaryImageOfPage":{"@id":"https:\/\/africaatual.com.br\/index.php\/2022\/03\/25\/espaco-afro-empresarial-inauguracao\/#primaryimage"},"image":{"@id":"https:\/\/africaatual.com.br\/index.php\/2022\/03\/25\/espaco-afro-empresarial-inauguracao\/#primaryimage"},"thumbnailUrl":"","datePublished":"2022-03-25T18:02:29+00:00","breadcrumb":{"@id":"https:\/\/africaatual.com.br\/index.php\/2022\/03\/25\/espaco-afro-empresarial-inauguracao\/#breadcrumb"},"inLanguage":"pt-BR","potentialAction":[{"@type":"ReadAction","target":["https:\/\/africaatual.com.br\/index.php\/2022\/03\/25\/espaco-afro-empresarial-inauguracao\/"]}]},{"@type":"ImageObject","inLanguage":"pt-BR","@id":"https:\/\/africaatual.com.br\/index.php\/2022\/03\/25\/espaco-afro-empresarial-inauguracao\/#primaryimage","url":"","contentUrl":""},{"@type":"BreadcrumbList","@id":"https:\/\/africaatual.com.br\/index.php\/2022\/03\/25\/espaco-afro-empresarial-inauguracao\/#breadcrumb","itemListElement":[{"@type":"ListItem","position":1,"name":"In\u00edcio","item":"https:\/\/africaatual.com.br\/"},{"@type":"ListItem","position":2,"name":"Espa\u00e7o Afro Empresarial: Inaugura\u00e7\u00e3o"}]},{"@type":"WebSite","@id":"https:\/\/africaatual.com.br\/#website","url":"https:\/\/africaatual.com.br\/","name":"africaatual.com.br","description":"O Atlas Geocultural da \u00c1frica \u00e9 um rico material de leitura e pesquisa, que visa apresentar de forma atual os pa\u00edses africanos, ainda t\u00e3o pouco conhecidos.","publisher":{"@id":"https:\/\/africaatual.com.br\/#organization"},"potentialAction":[{"@type":"SearchAction","target":{"@type":"EntryPoint","urlTemplate":"https:\/\/africaatual.com.br\/?s={search_term_string}"},"query-input":{"@type":"PropertyValueSpecification","valueRequired":true,"valueName":"search_term_string"}}],"inLanguage":"pt-BR"},{"@type":"Organization","@id":"https:\/\/africaatual.com.br\/#organization","name":"africaatual.com.br","url":"https:\/\/africaatual.com.br\/","logo":{"@type":"ImageObject","inLanguage":"pt-BR","@id":"https:\/\/africaatual.com.br\/#\/schema\/logo\/image\/","url":"http:\/\/africaatual.com.br\/wp-content\/uploads\/2023\/06\/LOGOEIROS_Prancheta-1-tipo-preto.png","contentUrl":"http:\/\/africaatual.com.br\/wp-content\/uploads\/2023\/06\/LOGOEIROS_Prancheta-1-tipo-preto.png","width":1667,"height":730,"caption":"africaatual.com.br"},"image":{"@id":"https:\/\/africaatual.com.br\/#\/schema\/logo\/image\/"}},{"@type":"Person","@id":"https:\/\/africaatual.com.br\/#\/schema\/person\/31315b203b16bec551dcad6d14ff6b17","name":"africaatual","image":{"@type":"ImageObject","inLanguage":"pt-BR","@id":"https:\/\/secure.gravatar.com\/avatar\/62aeeba3c7bd20a0a9ee0e00da31fba130446f5c08871cd9335ec9bce29b9030?s=96&d=mm&r=g","url":"https:\/\/secure.gravatar.com\/avatar\/62aeeba3c7bd20a0a9ee0e00da31fba130446f5c08871cd9335ec9bce29b9030?s=96&d=mm&r=g","contentUrl":"https:\/\/secure.gravatar.com\/avatar\/62aeeba3c7bd20a0a9ee0e00da31fba130446f5c08871cd9335ec9bce29b9030?s=96&d=mm&r=g","caption":"africaatual"},"sameAs":["http:\/\/africaatual.com.br"],"url":"https:\/\/africaatual.com.br\/index.php\/author\/atlasgeoculturalafricaatual-com\/"}]}},"_links":{"self":[{"href":"https:\/\/africaatual.com.br\/index.php\/wp-json\/wp\/v2\/posts\/3311","targetHints":{"allow":["GET"]}}],"collection":[{"href":"https:\/\/africaatual.com.br\/index.php\/wp-json\/wp\/v2\/posts"}],"about":[{"href":"https:\/\/africaatual.com.br\/index.php\/wp-json\/wp\/v2\/types\/post"}],"author":[{"embeddable":true,"href":"https:\/\/africaatual.com.br\/index.php\/wp-json\/wp\/v2\/users\/1"}],"replies":[{"embeddable":true,"href":"https:\/\/africaatual.com.br\/index.php\/wp-json\/wp\/v2\/comments?post=3311"}],"version-history":[{"count":0,"href":"https:\/\/africaatual.com.br\/index.php\/wp-json\/wp\/v2\/posts\/3311\/revisions"}],"wp:featuredmedia":[{"embeddable":true,"href":"https:\/\/africaatual.com.br\/index.php\/wp-json\/"}],"wp:attachment":[{"href":"https:\/\/africaatual.com.br\/index.php\/wp-json\/wp\/v2\/media?parent=3311"}],"wp:term":[{"taxonomy":"category","embeddable":true,"href":"https:\/\/africaatual.com.br\/index.php\/wp-json\/wp\/v2\/categories?post=3311"},{"taxonomy":"post_tag","embeddable":true,"href":"https:\/\/africaatual.com.br\/index.php\/wp-json\/wp\/v2\/tags?post=3311"},{"taxonomy":"palavra-chave","embeddable":true,"href":"https:\/\/africaatual.com.br\/index.php\/wp-json\/wp\/v2\/palavra-chave?post=3311"}],"curies":[{"name":"wp","href":"https:\/\/api.w.org\/{rel}","templated":true}]}}