
{"id":4221,"date":"2022-05-19T16:57:02","date_gmt":"2022-05-19T19:57:02","guid":{"rendered":"https:\/\/africaatual.com.br\/index.php\/2022\/05\/19\/homenagem-ao-dia-internacional-da-africa\/"},"modified":"2022-05-19T16:57:02","modified_gmt":"2022-05-19T19:57:02","slug":"homenagem-ao-dia-internacional-da-africa","status":"publish","type":"post","link":"https:\/\/africaatual.com.br\/index.php\/2022\/05\/19\/homenagem-ao-dia-internacional-da-africa\/","title":{"rendered":"Homenagem ao &#8220;Dia Internacional da \u00c1frica&#8221;"},"content":{"rendered":"\n<figure class=\"wp-block-image size-large\"><img decoding=\"async\" src=\"httpsss:\/\/africaatual.com.br\/wp-content\/uploads\/2022\/05\/CONVITE-EVENTO-DIA-INTERNACIONAL-DA-AFRICA-jpg-723x1024.jpg\" alt=\"\" class=\"wp-image-4222\"\/><\/figure>\n\n\n\n<p><strong>Homenagem ao Dia Internacional da \u00c1frica<\/strong><\/p>\n\n\n\n<p><strong>Secretaria Municipal de Educa\u00e7\u00e3o de Osasco\/SP<\/strong><\/p>\n\n\n\n<p><strong>Cerimonial:<\/strong><\/p>\n\n\n\n<p><strong>8h \u2013<\/strong> Recep\u00e7\u00e3o e Acolhimento (caf\u00e9)<\/p>\n\n\n\n<p><strong>9h \u2013<\/strong> Apresenta\u00e7\u00e3o Cultural e Musical : African Singers, grupo musical composto por m\u00fasicos e cantores Angolanos, nesta apresenta\u00e7\u00e3o contando com 5 cantores no grupo. Canto coral \u00e0 Capela.<\/p>\n\n\n\n<p><strong>9h30 \u2013<\/strong> Fala das autoridades<\/p>\n\n\n\n<p>Dr. Antonio Carlos Silva Barros, coordena\u00e7\u00e3o CPPNI, Secretaria de Estado da Justi\u00e7a <\/p>\n\n\n\n<p>Prof. Claudio Piteri, Secret\u00e1rio Municipal de Educa\u00e7\u00e3o, Osasco\/SP<\/p>\n\n\n\n<p>Dr. Rog\u00e9rio Lins, Prefeito de Osasco\/SP<\/p>\n\n\n\n<p><br><strong>10h00 \u2013<\/strong> Apresenta\u00e7\u00e3o Cultural e Musical: Dois africanos, grupo de Hip Hop, composto por Opai Big Big, do Benin e Izi Mistura, do Togo (Voz e Viol\u00e3o e apresenta\u00e7\u00e3o de v\u00eddeo clip)<br><strong>10h30 \u2013<\/strong> Palestra 1: Prof\u00ba Odair Marques da Silva: \u2013 Exposi\u00e7\u00e3o \u201cA import\u00e2ncia da \u00c1frica no curr\u00edculo escolar\u201d&nbsp;<\/p>\n\n\n\n<p>Prof. Dr. Odair Marques da Silva, mestrado na FEM-Unicamp, doutorado na UTAD-Portugal, autor do livro \u201cAtlas Geocultural da \u00c1frica. (Com apresenta\u00e7\u00e3o de v\u00eddeo de 5 minutos sobre a \u00c1frica contempor\u00e2nea).<\/p>\n\n\n\n<p><br><strong>11h &#8211;&nbsp;&nbsp; Palestra 2:<\/strong> &nbsp;\u201c Ampliando Conex\u00f5es: a \u00c1frica Contempor\u00e2nea e o Brasil \u201c<\/p>\n\n\n\n<p>Prof. Msc Duncan Chaloba, Mestre em Economia Pol\u00edtica (Internacional) \u2013 PUC-SP<br>Economista e Professor de Economia &#8211; CEA\/PUC-Campinas (desde 2003)<br>Diretor para Assuntos e Rela\u00e7\u00f5es com \u00c1frica<br>C\u00e2mara de Com\u00e9rcio Exterior de Campinas e Regi\u00e3o<br>Participa nas Academias da Organiza\u00e7\u00e3o Internacional do Trabalho (OIT \u2013 ILO) sobre coopera\u00e7\u00e3o Sul-Sul e Triangular<\/p>\n\n\n\n<p><\/p>\n\n\n\n<p>12hs &#8211; Encerramento <\/p>\n","protected":false},"excerpt":{"rendered":"<p>Homenagem ao Dia Internacional da \u00c1frica Secretaria Municipal de Educa\u00e7\u00e3o de Osasco\/SP Cerimonial: 8h \u2013 Recep\u00e7\u00e3o e Acolhimento (caf\u00e9) 9h \u2013 Apresenta\u00e7\u00e3o Cultural e Musical : African Singers, grupo musical composto por m\u00fasicos e cantores Angolanos, nesta apresenta\u00e7\u00e3o contando com 5 cantores no grupo. Canto coral \u00e0 Capela. 9h30 \u2013 Fala das autoridades Dr. Antonio Carlos Silva Barros, coordena\u00e7\u00e3o CPPNI, Secretaria de Estado da Justi\u00e7a Prof. Claudio Piteri, Secret\u00e1rio Municipal de Educa\u00e7\u00e3o, Osasco\/SP Dr. Rog\u00e9rio Lins, Prefeito de Osasco\/SP 10h00 \u2013 Apresenta\u00e7\u00e3o Cultural e Musical: Dois africanos, grupo de Hip Hop, composto por Opai Big Big, do Benin e Izi Mistura, do Togo (Voz e Viol\u00e3o e apresenta\u00e7\u00e3o de v\u00eddeo clip)10h30 \u2013 Palestra 1: Prof\u00ba Odair Marques da Silva: \u2013 Exposi\u00e7\u00e3o \u201cA import\u00e2ncia da \u00c1frica no curr\u00edculo escolar\u201d&nbsp; Prof. Dr. Odair Marques da Silva, mestrado na FEM-Unicamp, doutorado na UTAD-Portugal, autor do livro \u201cAtlas Geocultural da \u00c1frica. (Com apresenta\u00e7\u00e3o de v\u00eddeo de 5 minutos sobre a \u00c1frica contempor\u00e2nea). 11h &#8211;&nbsp;&nbsp; Palestra 2: &nbsp;\u201c Ampliando Conex\u00f5es: a \u00c1frica Contempor\u00e2nea e o Brasil \u201c Prof. Msc Duncan Chaloba, Mestre em Economia Pol\u00edtica (Internacional) \u2013 PUC-SPEconomista e Professor de Economia &#8211; CEA\/PUC-Campinas (desde 2003)Diretor para Assuntos e Rela\u00e7\u00f5es com \u00c1fricaC\u00e2mara de Com\u00e9rcio Exterior de Campinas e Regi\u00e3oParticipa nas Academias da Organiza\u00e7\u00e3o Internacional do Trabalho (OIT \u2013 ILO) sobre coopera\u00e7\u00e3o Sul-Sul e Triangular 12hs &#8211; Encerramento<\/p>\n","protected":false},"author":1,"featured_media":2126,"comment_status":"open","ping_status":"open","sticky":false,"template":"elementor_theme","format":"standard","meta":{"inline_featured_image":false,"ocean_post_layout":"","ocean_both_sidebars_style":"","ocean_both_sidebars_content_width":0,"ocean_both_sidebars_sidebars_width":0,"ocean_sidebar":"","ocean_second_sidebar":"","ocean_disable_margins":"enable","ocean_add_body_class":"","ocean_shortcode_before_top_bar":"","ocean_shortcode_after_top_bar":"","ocean_shortcode_before_header":"","ocean_shortcode_after_header":"","ocean_has_shortcode":"","ocean_shortcode_after_title":"","ocean_shortcode_before_footer_widgets":"","ocean_shortcode_after_footer_widgets":"","ocean_shortcode_before_footer_bottom":"","ocean_shortcode_after_footer_bottom":"","ocean_display_top_bar":"default","ocean_display_header":"default","ocean_header_style":"","ocean_center_header_left_menu":"","ocean_custom_header_template":"","ocean_custom_logo":0,"ocean_custom_retina_logo":0,"ocean_custom_logo_max_width":0,"ocean_custom_logo_tablet_max_width":0,"ocean_custom_logo_mobile_max_width":0,"ocean_custom_logo_max_height":0,"ocean_custom_logo_tablet_max_height":0,"ocean_custom_logo_mobile_max_height":0,"ocean_header_custom_menu":"","ocean_menu_typo_font_family":"","ocean_menu_typo_font_subset":"","ocean_menu_typo_font_size":0,"ocean_menu_typo_font_size_tablet":0,"ocean_menu_typo_font_size_mobile":0,"ocean_menu_typo_font_size_unit":"px","ocean_menu_typo_font_weight":"","ocean_menu_typo_font_weight_tablet":"","ocean_menu_typo_font_weight_mobile":"","ocean_menu_typo_transform":"","ocean_menu_typo_transform_tablet":"","ocean_menu_typo_transform_mobile":"","ocean_menu_typo_line_height":0,"ocean_menu_typo_line_height_tablet":0,"ocean_menu_typo_line_height_mobile":0,"ocean_menu_typo_line_height_unit":"","ocean_menu_typo_spacing":0,"ocean_menu_typo_spacing_tablet":0,"ocean_menu_typo_spacing_mobile":0,"ocean_menu_typo_spacing_unit":"","ocean_menu_link_color":"","ocean_menu_link_color_hover":"","ocean_menu_link_color_active":"","ocean_menu_link_background":"","ocean_menu_link_hover_background":"","ocean_menu_link_active_background":"","ocean_menu_social_links_bg":"","ocean_menu_social_hover_links_bg":"","ocean_menu_social_links_color":"","ocean_menu_social_hover_links_color":"","ocean_disable_title":"default","ocean_disable_heading":"default","ocean_post_title":"","ocean_post_subheading":"","ocean_post_title_style":"","ocean_post_title_background_color":"","ocean_post_title_background":0,"ocean_post_title_bg_image_position":"","ocean_post_title_bg_image_attachment":"","ocean_post_title_bg_image_repeat":"","ocean_post_title_bg_image_size":"","ocean_post_title_height":0,"ocean_post_title_bg_overlay":0.5,"ocean_post_title_bg_overlay_color":"","ocean_disable_breadcrumbs":"default","ocean_breadcrumbs_color":"","ocean_breadcrumbs_separator_color":"","ocean_breadcrumbs_links_color":"","ocean_breadcrumbs_links_hover_color":"","ocean_display_footer_widgets":"default","ocean_display_footer_bottom":"default","ocean_custom_footer_template":"","omw_enable_modal_window":"enable","ocean_post_oembed":"","ocean_post_self_hosted_media":"","ocean_post_video_embed":"","ocean_link_format":"","ocean_link_format_target":"self","ocean_quote_format":"","ocean_quote_format_link":"post","ocean_gallery_link_images":"on","ocean_gallery_id":[],"footnotes":""},"categories":[48,62],"tags":[79],"palavra-chave":[],"class_list":["post-4221","post","type-post","status-publish","format-standard","has-post-thumbnail","hentry","category-sem-categoria","category-news","tag-datas-importantes","entry","has-media"],"yoast_head":"<!-- This site is optimized with the Yoast SEO plugin v27.3 - https:\/\/yoast.com\/product\/yoast-seo-wordpress\/ -->\n<title>Homenagem ao &quot;Dia Internacional da \u00c1frica&quot; - africaatual.com.br<\/title>\n<meta name=\"robots\" content=\"index, follow, max-snippet:-1, max-image-preview:large, max-video-preview:-1\" \/>\n<link rel=\"canonical\" href=\"https:\/\/africaatual.com.br\/index.php\/2022\/05\/19\/homenagem-ao-dia-internacional-da-africa\/\" \/>\n<meta property=\"og:locale\" content=\"pt_BR\" \/>\n<meta property=\"og:type\" content=\"article\" \/>\n<meta property=\"og:title\" content=\"Homenagem ao &quot;Dia Internacional da \u00c1frica&quot; - africaatual.com.br\" \/>\n<meta property=\"og:description\" content=\"Homenagem ao Dia Internacional da \u00c1frica Secretaria Municipal de Educa\u00e7\u00e3o de Osasco\/SP Cerimonial: 8h \u2013 Recep\u00e7\u00e3o e Acolhimento (caf\u00e9) 9h \u2013 Apresenta\u00e7\u00e3o Cultural e Musical : African Singers, grupo musical composto por m\u00fasicos e cantores Angolanos, nesta apresenta\u00e7\u00e3o contando com 5 cantores no grupo. Canto coral \u00e0 Capela. 9h30 \u2013 Fala das autoridades Dr. Antonio Carlos Silva Barros, coordena\u00e7\u00e3o CPPNI, Secretaria de Estado da Justi\u00e7a Prof. Claudio Piteri, Secret\u00e1rio Municipal de Educa\u00e7\u00e3o, Osasco\/SP Dr. Rog\u00e9rio Lins, Prefeito de Osasco\/SP 10h00 \u2013 Apresenta\u00e7\u00e3o Cultural e Musical: Dois africanos, grupo de Hip Hop, composto por Opai Big Big, do Benin e Izi Mistura, do Togo (Voz e Viol\u00e3o e apresenta\u00e7\u00e3o de v\u00eddeo clip)10h30 \u2013 Palestra 1: Prof\u00ba Odair Marques da Silva: \u2013 Exposi\u00e7\u00e3o \u201cA import\u00e2ncia da \u00c1frica no curr\u00edculo escolar\u201d&nbsp; Prof. Dr. Odair Marques da Silva, mestrado na FEM-Unicamp, doutorado na UTAD-Portugal, autor do livro \u201cAtlas Geocultural da \u00c1frica. (Com apresenta\u00e7\u00e3o de v\u00eddeo de 5 minutos sobre a \u00c1frica contempor\u00e2nea). 11h &#8211;&nbsp;&nbsp; Palestra 2: &nbsp;\u201c Ampliando Conex\u00f5es: a \u00c1frica Contempor\u00e2nea e o Brasil \u201c Prof. Msc Duncan Chaloba, Mestre em Economia Pol\u00edtica (Internacional) \u2013 PUC-SPEconomista e Professor de Economia &#8211; CEA\/PUC-Campinas (desde 2003)Diretor para Assuntos e Rela\u00e7\u00f5es com \u00c1fricaC\u00e2mara de Com\u00e9rcio Exterior de Campinas e Regi\u00e3oParticipa nas Academias da Organiza\u00e7\u00e3o Internacional do Trabalho (OIT \u2013 ILO) sobre coopera\u00e7\u00e3o Sul-Sul e Triangular 12hs &#8211; Encerramento\" \/>\n<meta property=\"og:url\" content=\"https:\/\/africaatual.com.br\/index.php\/2022\/05\/19\/homenagem-ao-dia-internacional-da-africa\/\" \/>\n<meta property=\"og:site_name\" content=\"africaatual.com.br\" \/>\n<meta property=\"article:published_time\" content=\"2022-05-19T19:57:02+00:00\" \/>\n<meta property=\"og:image\" content=\"\" \/>\n<meta name=\"author\" content=\"africaatual\" \/>\n<meta name=\"twitter:card\" content=\"summary_large_image\" \/>\n<meta name=\"twitter:label1\" content=\"Escrito por\" \/>\n\t<meta name=\"twitter:data1\" content=\"africaatual\" \/>\n\t<meta name=\"twitter:label2\" content=\"Est. tempo de leitura\" \/>\n\t<meta name=\"twitter:data2\" content=\"1 minuto\" \/>\n<script type=\"application\/ld+json\" class=\"yoast-schema-graph\">{\"@context\":\"https:\\\/\\\/schema.org\",\"@graph\":[{\"@type\":\"Article\",\"@id\":\"https:\\\/\\\/africaatual.com.br\\\/index.php\\\/2022\\\/05\\\/19\\\/homenagem-ao-dia-internacional-da-africa\\\/#article\",\"isPartOf\":{\"@id\":\"https:\\\/\\\/africaatual.com.br\\\/index.php\\\/2022\\\/05\\\/19\\\/homenagem-ao-dia-internacional-da-africa\\\/\"},\"author\":{\"name\":\"africaatual\",\"@id\":\"https:\\\/\\\/africaatual.com.br\\\/#\\\/schema\\\/person\\\/31315b203b16bec551dcad6d14ff6b17\"},\"headline\":\"Homenagem ao &#8220;Dia Internacional da \u00c1frica&#8221;\",\"datePublished\":\"2022-05-19T19:57:02+00:00\",\"mainEntityOfPage\":{\"@id\":\"https:\\\/\\\/africaatual.com.br\\\/index.php\\\/2022\\\/05\\\/19\\\/homenagem-ao-dia-internacional-da-africa\\\/\"},\"wordCount\":250,\"commentCount\":0,\"publisher\":{\"@id\":\"https:\\\/\\\/africaatual.com.br\\\/#organization\"},\"image\":{\"@id\":\"https:\\\/\\\/africaatual.com.br\\\/index.php\\\/2022\\\/05\\\/19\\\/homenagem-ao-dia-internacional-da-africa\\\/#primaryimage\"},\"thumbnailUrl\":\"\",\"keywords\":[\"datas importantes\"],\"articleSection\":[\"A Africa\",\"News\"],\"inLanguage\":\"pt-BR\",\"potentialAction\":[{\"@type\":\"CommentAction\",\"name\":\"Comment\",\"target\":[\"https:\\\/\\\/africaatual.com.br\\\/index.php\\\/2022\\\/05\\\/19\\\/homenagem-ao-dia-internacional-da-africa\\\/#respond\"]}]},{\"@type\":\"WebPage\",\"@id\":\"https:\\\/\\\/africaatual.com.br\\\/index.php\\\/2022\\\/05\\\/19\\\/homenagem-ao-dia-internacional-da-africa\\\/\",\"url\":\"https:\\\/\\\/africaatual.com.br\\\/index.php\\\/2022\\\/05\\\/19\\\/homenagem-ao-dia-internacional-da-africa\\\/\",\"name\":\"Homenagem ao \\\"Dia Internacional da \u00c1frica\\\" - africaatual.com.br\",\"isPartOf\":{\"@id\":\"https:\\\/\\\/africaatual.com.br\\\/#website\"},\"primaryImageOfPage\":{\"@id\":\"https:\\\/\\\/africaatual.com.br\\\/index.php\\\/2022\\\/05\\\/19\\\/homenagem-ao-dia-internacional-da-africa\\\/#primaryimage\"},\"image\":{\"@id\":\"https:\\\/\\\/africaatual.com.br\\\/index.php\\\/2022\\\/05\\\/19\\\/homenagem-ao-dia-internacional-da-africa\\\/#primaryimage\"},\"thumbnailUrl\":\"\",\"datePublished\":\"2022-05-19T19:57:02+00:00\",\"breadcrumb\":{\"@id\":\"https:\\\/\\\/africaatual.com.br\\\/index.php\\\/2022\\\/05\\\/19\\\/homenagem-ao-dia-internacional-da-africa\\\/#breadcrumb\"},\"inLanguage\":\"pt-BR\",\"potentialAction\":[{\"@type\":\"ReadAction\",\"target\":[\"https:\\\/\\\/africaatual.com.br\\\/index.php\\\/2022\\\/05\\\/19\\\/homenagem-ao-dia-internacional-da-africa\\\/\"]}]},{\"@type\":\"ImageObject\",\"inLanguage\":\"pt-BR\",\"@id\":\"https:\\\/\\\/africaatual.com.br\\\/index.php\\\/2022\\\/05\\\/19\\\/homenagem-ao-dia-internacional-da-africa\\\/#primaryimage\",\"url\":\"\",\"contentUrl\":\"\"},{\"@type\":\"BreadcrumbList\",\"@id\":\"https:\\\/\\\/africaatual.com.br\\\/index.php\\\/2022\\\/05\\\/19\\\/homenagem-ao-dia-internacional-da-africa\\\/#breadcrumb\",\"itemListElement\":[{\"@type\":\"ListItem\",\"position\":1,\"name\":\"In\u00edcio\",\"item\":\"https:\\\/\\\/africaatual.com.br\\\/\"},{\"@type\":\"ListItem\",\"position\":2,\"name\":\"Homenagem ao &#8220;Dia Internacional da \u00c1frica&#8221;\"}]},{\"@type\":\"WebSite\",\"@id\":\"https:\\\/\\\/africaatual.com.br\\\/#website\",\"url\":\"https:\\\/\\\/africaatual.com.br\\\/\",\"name\":\"africaatual.com.br\",\"description\":\"O Atlas Geocultural da \u00c1frica \u00e9 um rico material de leitura e pesquisa, que visa apresentar de forma atual os pa\u00edses africanos, ainda t\u00e3o pouco conhecidos.\",\"publisher\":{\"@id\":\"https:\\\/\\\/africaatual.com.br\\\/#organization\"},\"potentialAction\":[{\"@type\":\"SearchAction\",\"target\":{\"@type\":\"EntryPoint\",\"urlTemplate\":\"https:\\\/\\\/africaatual.com.br\\\/?s={search_term_string}\"},\"query-input\":{\"@type\":\"PropertyValueSpecification\",\"valueRequired\":true,\"valueName\":\"search_term_string\"}}],\"inLanguage\":\"pt-BR\"},{\"@type\":\"Organization\",\"@id\":\"https:\\\/\\\/africaatual.com.br\\\/#organization\",\"name\":\"africaatual.com.br\",\"url\":\"https:\\\/\\\/africaatual.com.br\\\/\",\"logo\":{\"@type\":\"ImageObject\",\"inLanguage\":\"pt-BR\",\"@id\":\"https:\\\/\\\/africaatual.com.br\\\/#\\\/schema\\\/logo\\\/image\\\/\",\"url\":\"http:\\\/\\\/africaatual.com.br\\\/wp-content\\\/uploads\\\/2023\\\/06\\\/LOGOEIROS_Prancheta-1-tipo-preto.png\",\"contentUrl\":\"http:\\\/\\\/africaatual.com.br\\\/wp-content\\\/uploads\\\/2023\\\/06\\\/LOGOEIROS_Prancheta-1-tipo-preto.png\",\"width\":1667,\"height\":730,\"caption\":\"africaatual.com.br\"},\"image\":{\"@id\":\"https:\\\/\\\/africaatual.com.br\\\/#\\\/schema\\\/logo\\\/image\\\/\"}},{\"@type\":\"Person\",\"@id\":\"https:\\\/\\\/africaatual.com.br\\\/#\\\/schema\\\/person\\\/31315b203b16bec551dcad6d14ff6b17\",\"name\":\"africaatual\",\"image\":{\"@type\":\"ImageObject\",\"inLanguage\":\"pt-BR\",\"@id\":\"https:\\\/\\\/secure.gravatar.com\\\/avatar\\\/62aeeba3c7bd20a0a9ee0e00da31fba130446f5c08871cd9335ec9bce29b9030?s=96&d=mm&r=g\",\"url\":\"https:\\\/\\\/secure.gravatar.com\\\/avatar\\\/62aeeba3c7bd20a0a9ee0e00da31fba130446f5c08871cd9335ec9bce29b9030?s=96&d=mm&r=g\",\"contentUrl\":\"https:\\\/\\\/secure.gravatar.com\\\/avatar\\\/62aeeba3c7bd20a0a9ee0e00da31fba130446f5c08871cd9335ec9bce29b9030?s=96&d=mm&r=g\",\"caption\":\"africaatual\"},\"sameAs\":[\"http:\\\/\\\/africaatual.com.br\"],\"url\":\"https:\\\/\\\/africaatual.com.br\\\/index.php\\\/author\\\/atlasgeoculturalafricaatual-com\\\/\"}]}<\/script>\n<!-- \/ Yoast SEO plugin. -->","yoast_head_json":{"title":"Homenagem ao \"Dia Internacional da \u00c1frica\" - africaatual.com.br","robots":{"index":"index","follow":"follow","max-snippet":"max-snippet:-1","max-image-preview":"max-image-preview:large","max-video-preview":"max-video-preview:-1"},"canonical":"https:\/\/africaatual.com.br\/index.php\/2022\/05\/19\/homenagem-ao-dia-internacional-da-africa\/","og_locale":"pt_BR","og_type":"article","og_title":"Homenagem ao \"Dia Internacional da \u00c1frica\" - africaatual.com.br","og_description":"Homenagem ao Dia Internacional da \u00c1frica Secretaria Municipal de Educa\u00e7\u00e3o de Osasco\/SP Cerimonial: 8h \u2013 Recep\u00e7\u00e3o e Acolhimento (caf\u00e9) 9h \u2013 Apresenta\u00e7\u00e3o Cultural e Musical : African Singers, grupo musical composto por m\u00fasicos e cantores Angolanos, nesta apresenta\u00e7\u00e3o contando com 5 cantores no grupo. Canto coral \u00e0 Capela. 9h30 \u2013 Fala das autoridades Dr. Antonio Carlos Silva Barros, coordena\u00e7\u00e3o CPPNI, Secretaria de Estado da Justi\u00e7a Prof. Claudio Piteri, Secret\u00e1rio Municipal de Educa\u00e7\u00e3o, Osasco\/SP Dr. Rog\u00e9rio Lins, Prefeito de Osasco\/SP 10h00 \u2013 Apresenta\u00e7\u00e3o Cultural e Musical: Dois africanos, grupo de Hip Hop, composto por Opai Big Big, do Benin e Izi Mistura, do Togo (Voz e Viol\u00e3o e apresenta\u00e7\u00e3o de v\u00eddeo clip)10h30 \u2013 Palestra 1: Prof\u00ba Odair Marques da Silva: \u2013 Exposi\u00e7\u00e3o \u201cA import\u00e2ncia da \u00c1frica no curr\u00edculo escolar\u201d&nbsp; Prof. Dr. Odair Marques da Silva, mestrado na FEM-Unicamp, doutorado na UTAD-Portugal, autor do livro \u201cAtlas Geocultural da \u00c1frica. (Com apresenta\u00e7\u00e3o de v\u00eddeo de 5 minutos sobre a \u00c1frica contempor\u00e2nea). 11h &#8211;&nbsp;&nbsp; Palestra 2: &nbsp;\u201c Ampliando Conex\u00f5es: a \u00c1frica Contempor\u00e2nea e o Brasil \u201c Prof. Msc Duncan Chaloba, Mestre em Economia Pol\u00edtica (Internacional) \u2013 PUC-SPEconomista e Professor de Economia &#8211; CEA\/PUC-Campinas (desde 2003)Diretor para Assuntos e Rela\u00e7\u00f5es com \u00c1fricaC\u00e2mara de Com\u00e9rcio Exterior de Campinas e Regi\u00e3oParticipa nas Academias da Organiza\u00e7\u00e3o Internacional do Trabalho (OIT \u2013 ILO) sobre coopera\u00e7\u00e3o Sul-Sul e Triangular 12hs &#8211; Encerramento","og_url":"https:\/\/africaatual.com.br\/index.php\/2022\/05\/19\/homenagem-ao-dia-internacional-da-africa\/","og_site_name":"africaatual.com.br","article_published_time":"2022-05-19T19:57:02+00:00","og_image":[{"url":"httpsss:\/\/africaatual.com.br\/wp-content\/uploads\/2022\/05\/CONVITE-EVENTO-DIA-INTERNACIONAL-DA-AFRICA-jpg-723x1024.jpg","type":"","width":"","height":""}],"author":"africaatual","twitter_card":"summary_large_image","twitter_misc":{"Escrito por":"africaatual","Est. tempo de leitura":"1 minuto"},"schema":{"@context":"https:\/\/schema.org","@graph":[{"@type":"Article","@id":"https:\/\/africaatual.com.br\/index.php\/2022\/05\/19\/homenagem-ao-dia-internacional-da-africa\/#article","isPartOf":{"@id":"https:\/\/africaatual.com.br\/index.php\/2022\/05\/19\/homenagem-ao-dia-internacional-da-africa\/"},"author":{"name":"africaatual","@id":"https:\/\/africaatual.com.br\/#\/schema\/person\/31315b203b16bec551dcad6d14ff6b17"},"headline":"Homenagem ao &#8220;Dia Internacional da \u00c1frica&#8221;","datePublished":"2022-05-19T19:57:02+00:00","mainEntityOfPage":{"@id":"https:\/\/africaatual.com.br\/index.php\/2022\/05\/19\/homenagem-ao-dia-internacional-da-africa\/"},"wordCount":250,"commentCount":0,"publisher":{"@id":"https:\/\/africaatual.com.br\/#organization"},"image":{"@id":"https:\/\/africaatual.com.br\/index.php\/2022\/05\/19\/homenagem-ao-dia-internacional-da-africa\/#primaryimage"},"thumbnailUrl":"","keywords":["datas importantes"],"articleSection":["A Africa","News"],"inLanguage":"pt-BR","potentialAction":[{"@type":"CommentAction","name":"Comment","target":["https:\/\/africaatual.com.br\/index.php\/2022\/05\/19\/homenagem-ao-dia-internacional-da-africa\/#respond"]}]},{"@type":"WebPage","@id":"https:\/\/africaatual.com.br\/index.php\/2022\/05\/19\/homenagem-ao-dia-internacional-da-africa\/","url":"https:\/\/africaatual.com.br\/index.php\/2022\/05\/19\/homenagem-ao-dia-internacional-da-africa\/","name":"Homenagem ao \"Dia Internacional da \u00c1frica\" - africaatual.com.br","isPartOf":{"@id":"https:\/\/africaatual.com.br\/#website"},"primaryImageOfPage":{"@id":"https:\/\/africaatual.com.br\/index.php\/2022\/05\/19\/homenagem-ao-dia-internacional-da-africa\/#primaryimage"},"image":{"@id":"https:\/\/africaatual.com.br\/index.php\/2022\/05\/19\/homenagem-ao-dia-internacional-da-africa\/#primaryimage"},"thumbnailUrl":"","datePublished":"2022-05-19T19:57:02+00:00","breadcrumb":{"@id":"https:\/\/africaatual.com.br\/index.php\/2022\/05\/19\/homenagem-ao-dia-internacional-da-africa\/#breadcrumb"},"inLanguage":"pt-BR","potentialAction":[{"@type":"ReadAction","target":["https:\/\/africaatual.com.br\/index.php\/2022\/05\/19\/homenagem-ao-dia-internacional-da-africa\/"]}]},{"@type":"ImageObject","inLanguage":"pt-BR","@id":"https:\/\/africaatual.com.br\/index.php\/2022\/05\/19\/homenagem-ao-dia-internacional-da-africa\/#primaryimage","url":"","contentUrl":""},{"@type":"BreadcrumbList","@id":"https:\/\/africaatual.com.br\/index.php\/2022\/05\/19\/homenagem-ao-dia-internacional-da-africa\/#breadcrumb","itemListElement":[{"@type":"ListItem","position":1,"name":"In\u00edcio","item":"https:\/\/africaatual.com.br\/"},{"@type":"ListItem","position":2,"name":"Homenagem ao &#8220;Dia Internacional da \u00c1frica&#8221;"}]},{"@type":"WebSite","@id":"https:\/\/africaatual.com.br\/#website","url":"https:\/\/africaatual.com.br\/","name":"africaatual.com.br","description":"O Atlas Geocultural da \u00c1frica \u00e9 um rico material de leitura e pesquisa, que visa apresentar de forma atual os pa\u00edses africanos, ainda t\u00e3o pouco conhecidos.","publisher":{"@id":"https:\/\/africaatual.com.br\/#organization"},"potentialAction":[{"@type":"SearchAction","target":{"@type":"EntryPoint","urlTemplate":"https:\/\/africaatual.com.br\/?s={search_term_string}"},"query-input":{"@type":"PropertyValueSpecification","valueRequired":true,"valueName":"search_term_string"}}],"inLanguage":"pt-BR"},{"@type":"Organization","@id":"https:\/\/africaatual.com.br\/#organization","name":"africaatual.com.br","url":"https:\/\/africaatual.com.br\/","logo":{"@type":"ImageObject","inLanguage":"pt-BR","@id":"https:\/\/africaatual.com.br\/#\/schema\/logo\/image\/","url":"http:\/\/africaatual.com.br\/wp-content\/uploads\/2023\/06\/LOGOEIROS_Prancheta-1-tipo-preto.png","contentUrl":"http:\/\/africaatual.com.br\/wp-content\/uploads\/2023\/06\/LOGOEIROS_Prancheta-1-tipo-preto.png","width":1667,"height":730,"caption":"africaatual.com.br"},"image":{"@id":"https:\/\/africaatual.com.br\/#\/schema\/logo\/image\/"}},{"@type":"Person","@id":"https:\/\/africaatual.com.br\/#\/schema\/person\/31315b203b16bec551dcad6d14ff6b17","name":"africaatual","image":{"@type":"ImageObject","inLanguage":"pt-BR","@id":"https:\/\/secure.gravatar.com\/avatar\/62aeeba3c7bd20a0a9ee0e00da31fba130446f5c08871cd9335ec9bce29b9030?s=96&d=mm&r=g","url":"https:\/\/secure.gravatar.com\/avatar\/62aeeba3c7bd20a0a9ee0e00da31fba130446f5c08871cd9335ec9bce29b9030?s=96&d=mm&r=g","contentUrl":"https:\/\/secure.gravatar.com\/avatar\/62aeeba3c7bd20a0a9ee0e00da31fba130446f5c08871cd9335ec9bce29b9030?s=96&d=mm&r=g","caption":"africaatual"},"sameAs":["http:\/\/africaatual.com.br"],"url":"https:\/\/africaatual.com.br\/index.php\/author\/atlasgeoculturalafricaatual-com\/"}]}},"_links":{"self":[{"href":"https:\/\/africaatual.com.br\/index.php\/wp-json\/wp\/v2\/posts\/4221","targetHints":{"allow":["GET"]}}],"collection":[{"href":"https:\/\/africaatual.com.br\/index.php\/wp-json\/wp\/v2\/posts"}],"about":[{"href":"https:\/\/africaatual.com.br\/index.php\/wp-json\/wp\/v2\/types\/post"}],"author":[{"embeddable":true,"href":"https:\/\/africaatual.com.br\/index.php\/wp-json\/wp\/v2\/users\/1"}],"replies":[{"embeddable":true,"href":"https:\/\/africaatual.com.br\/index.php\/wp-json\/wp\/v2\/comments?post=4221"}],"version-history":[{"count":0,"href":"https:\/\/africaatual.com.br\/index.php\/wp-json\/wp\/v2\/posts\/4221\/revisions"}],"wp:featuredmedia":[{"embeddable":true,"href":"https:\/\/africaatual.com.br\/index.php\/wp-json\/"}],"wp:attachment":[{"href":"https:\/\/africaatual.com.br\/index.php\/wp-json\/wp\/v2\/media?parent=4221"}],"wp:term":[{"taxonomy":"category","embeddable":true,"href":"https:\/\/africaatual.com.br\/index.php\/wp-json\/wp\/v2\/categories?post=4221"},{"taxonomy":"post_tag","embeddable":true,"href":"https:\/\/africaatual.com.br\/index.php\/wp-json\/wp\/v2\/tags?post=4221"},{"taxonomy":"palavra-chave","embeddable":true,"href":"https:\/\/africaatual.com.br\/index.php\/wp-json\/wp\/v2\/palavra-chave?post=4221"}],"curies":[{"name":"wp","href":"https:\/\/api.w.org\/{rel}","templated":true}]}}