
{"id":5972,"date":"2022-07-27T17:40:46","date_gmt":"2022-07-27T20:40:46","guid":{"rendered":"https:\/\/africaatual.com.br\/index.php\/2022\/07\/27\/live-uma-nova-abordagem-sobre-o-ensino-da-africa-moderna-nas-escolas\/"},"modified":"2022-07-27T17:40:46","modified_gmt":"2022-07-27T20:40:46","slug":"live-uma-nova-abordagem-sobre-o-ensino-da-africa-moderna-nas-escolas","status":"publish","type":"post","link":"https:\/\/africaatual.com.br\/index.php\/2022\/07\/27\/live-uma-nova-abordagem-sobre-o-ensino-da-africa-moderna-nas-escolas\/","title":{"rendered":"Live: uma nova abordagem sobre o ensino da \u00c1frica moderna nas escolas"},"content":{"rendered":"\t\t<div data-elementor-type=\"wp-post\" data-elementor-id=\"5972\" class=\"elementor elementor-5972\">\n\t\t\t\t<div class=\"elementor-element elementor-element-26654d9 e-flex e-con-boxed wpr-particle-no wpr-jarallax-no wpr-parallax-no wpr-sticky-section-no wpr-equal-height-no e-con e-parent\" data-id=\"26654d9\" data-element_type=\"container\" data-e-type=\"container\">\n\t\t\t\t\t<div class=\"e-con-inner\">\n\t\t\t\t<div class=\"elementor-element elementor-element-2d4c1e9 elementor-widget elementor-widget-text-editor\" data-id=\"2d4c1e9\" data-element_type=\"widget\" data-e-type=\"widget\" data-widget_type=\"text-editor.default\">\n\t\t\t\t<div class=\"elementor-widget-container\">\n\t\t\t\t\t\t\t\t\t<p>Acontece no dia 04\/08 \u00e0s 19h a LIVE sobre: uma nova abordagem sobre o ensino na \u00c1frica moderna nas escolas, que ter\u00e1 <a href=\"httpsss:\/\/www.sympla.com.br\/evento-online\/live-uma-nova-abordagem-sobre-o-ensino-na-africa-moderna-nas-escolas\/1650731\">transmiss\u00e3o via Youtube<\/a>.<\/p><p>\u00a0<\/p><p>\u00a0<\/p><p>Com a presen\u00e7a de convidados ilustres, como: Valter Sterne, que \u00e9 empres\u00e1rio, cantor, compositor, Angolano, solista, regente e arranjador vocal do coral African Singers, possui experi\u00eancia em projetos de sa\u00fade P\u00fablica e forma\u00e7\u00e3o em enfermagem, atua nas \u00e1reas de Recursos Humanos, gerenciamento de equipe multidisciplinar na \u00e1rea de terceiro setor, Fundador a Doto Corp, empresa que desenvolve a\u00e7\u00f5es de cunhos sociais, culturais, esportivos, financeiros e de consultoria.\u00a0<\/p><p>\u00a0<\/p><p>Teremos tamb\u00e9m a presen\u00e7a da Camila Santos de Andrade que \u00e9 Doutora em Ci\u00eancia Pol\u00edtica pela UFRGS, com Doutorado Sandu\u00edche na Universidad Nacional de Rosario (UNR). Mestre em Rela\u00e7\u00f5es Internacionais pela UFSC, com pesquisa de campo na Su\u00ed\u00e7a e em Ruanda. Especialista em Projetos pelo Senac-SC e Analista de Rela\u00e7\u00f5es Internacionais pela UNIJORGE. Atualmente \u00e9 p\u00f3s-graduanda em Estudos Afrolatinoamericanos e Caribenhos pelo Consejo Latino Americano de Ciencias Sociales (CLACSO) e professora de Rela\u00e7\u00f5es Internacionais na UNIJORGE. Criou o @camilaafrika, uma comunidade de democratiza\u00e7\u00e3o dos Estudos Africanos.<\/p><p>\u00a0<\/p><p>\u00a0<\/p><p>E para engrandecer ainda mais a Live, teremos a participa\u00e7\u00e3o do Professor Odair Marques da Silva que \u00e9 Doutor em Ci\u00eancias da Cultura, mestre em gest\u00e3o da qualidade total e p\u00f3s-graduado em inform\u00e1tica e com licenciatura em literatura. A media\u00e7\u00e3o vai ser da Nni Kemba N\u00e1y\u00f2.<\/p><p>N\u00e3o perca!<\/p>\t\t\t\t\t\t\t\t<\/div>\n\t\t\t\t<\/div>\n\t\t\t\t\t<\/div>\n\t\t\t\t<\/div>\n\t\t<div class=\"elementor-element elementor-element-1ac899b e-flex e-con-boxed wpr-particle-no wpr-jarallax-no wpr-parallax-no wpr-sticky-section-no wpr-equal-height-no e-con e-parent\" data-id=\"1ac899b\" data-element_type=\"container\" data-e-type=\"container\">\n\t\t\t\t\t<div class=\"e-con-inner\">\n\t\t\t\t<div class=\"elementor-element elementor-element-96685a7 elementor-widget elementor-widget-button\" data-id=\"96685a7\" data-element_type=\"widget\" data-e-type=\"widget\" data-widget_type=\"button.default\">\n\t\t\t\t<div class=\"elementor-widget-container\">\n\t\t\t\t\t\t\t\t\t<div class=\"elementor-button-wrapper\">\n\t\t\t\t\t<a class=\"elementor-button elementor-button-link elementor-size-sm\" href=\"\">\n\t\t\t\t\t\t<span class=\"elementor-button-content-wrapper\">\n\t\t\t\t\t\t\t\t\t<span class=\"elementor-button-text\">Clique aqui e inscreva-se gratuitamente<\/span>\n\t\t\t\t\t<\/span>\n\t\t\t\t\t<\/a>\n\t\t\t\t<\/div>\n\t\t\t\t\t\t\t\t<\/div>\n\t\t\t\t<\/div>\n\t\t\t\t\t<\/div>\n\t\t\t\t<\/div>\n\t\t\t\t<\/div>\n\t\t","protected":false},"excerpt":{"rendered":"<p>Acontece no dia 04\/08 \u00e0s 19h a LIVE sobre: uma nova abordagem sobre o ensino na \u00c1frica moderna nas escolas, que ter\u00e1 transmiss\u00e3o via Youtube. \u00a0 \u00a0 Com a presen\u00e7a de convidados ilustres, como: Valter Sterne, que \u00e9 empres\u00e1rio, cantor, compositor, Angolano, solista, regente e arranjador vocal do coral African Singers, possui experi\u00eancia em projetos de sa\u00fade P\u00fablica e forma\u00e7\u00e3o em enfermagem, atua nas \u00e1reas de Recursos Humanos, gerenciamento de equipe multidisciplinar na \u00e1rea de terceiro setor, Fundador a Doto Corp, empresa que desenvolve a\u00e7\u00f5es de cunhos sociais, culturais, esportivos, financeiros e de consultoria.\u00a0 \u00a0 Teremos tamb\u00e9m a presen\u00e7a da Camila Santos de Andrade que \u00e9 Doutora em Ci\u00eancia Pol\u00edtica pela UFRGS, com Doutorado Sandu\u00edche na Universidad Nacional de Rosario (UNR). Mestre em Rela\u00e7\u00f5es Internacionais pela UFSC, com pesquisa de campo na Su\u00ed\u00e7a e em Ruanda. Especialista em Projetos pelo Senac-SC e Analista de Rela\u00e7\u00f5es Internacionais pela UNIJORGE. Atualmente \u00e9 p\u00f3s-graduanda em Estudos Afrolatinoamericanos e Caribenhos pelo Consejo Latino Americano de Ciencias Sociales (CLACSO) e professora de Rela\u00e7\u00f5es Internacionais na UNIJORGE. Criou o @camilaafrika, uma comunidade de democratiza\u00e7\u00e3o dos Estudos Africanos. \u00a0 \u00a0 E para engrandecer ainda mais a Live, teremos a participa\u00e7\u00e3o do Professor Odair Marques da Silva que \u00e9 Doutor em Ci\u00eancias da Cultura, mestre em gest\u00e3o da qualidade total e p\u00f3s-graduado em inform\u00e1tica e com licenciatura em literatura. A media\u00e7\u00e3o vai ser da Nni Kemba N\u00e1y\u00f2. N\u00e3o perca! Clique aqui e inscreva-se gratuitamente<\/p>\n","protected":false},"author":1,"featured_media":5962,"comment_status":"open","ping_status":"open","sticky":false,"template":"elementor_theme","format":"standard","meta":{"inline_featured_image":false,"ocean_post_layout":"","ocean_both_sidebars_style":"","ocean_both_sidebars_content_width":0,"ocean_both_sidebars_sidebars_width":0,"ocean_sidebar":"","ocean_second_sidebar":"","ocean_disable_margins":"enable","ocean_add_body_class":"","ocean_shortcode_before_top_bar":"","ocean_shortcode_after_top_bar":"","ocean_shortcode_before_header":"","ocean_shortcode_after_header":"","ocean_has_shortcode":"","ocean_shortcode_after_title":"","ocean_shortcode_before_footer_widgets":"","ocean_shortcode_after_footer_widgets":"","ocean_shortcode_before_footer_bottom":"","ocean_shortcode_after_footer_bottom":"","ocean_display_top_bar":"default","ocean_display_header":"default","ocean_header_style":"","ocean_center_header_left_menu":"","ocean_custom_header_template":"","ocean_custom_logo":0,"ocean_custom_retina_logo":0,"ocean_custom_logo_max_width":0,"ocean_custom_logo_tablet_max_width":0,"ocean_custom_logo_mobile_max_width":0,"ocean_custom_logo_max_height":0,"ocean_custom_logo_tablet_max_height":0,"ocean_custom_logo_mobile_max_height":0,"ocean_header_custom_menu":"","ocean_menu_typo_font_family":"","ocean_menu_typo_font_subset":"","ocean_menu_typo_font_size":0,"ocean_menu_typo_font_size_tablet":0,"ocean_menu_typo_font_size_mobile":0,"ocean_menu_typo_font_size_unit":"px","ocean_menu_typo_font_weight":"","ocean_menu_typo_font_weight_tablet":"","ocean_menu_typo_font_weight_mobile":"","ocean_menu_typo_transform":"","ocean_menu_typo_transform_tablet":"","ocean_menu_typo_transform_mobile":"","ocean_menu_typo_line_height":0,"ocean_menu_typo_line_height_tablet":0,"ocean_menu_typo_line_height_mobile":0,"ocean_menu_typo_line_height_unit":"","ocean_menu_typo_spacing":0,"ocean_menu_typo_spacing_tablet":0,"ocean_menu_typo_spacing_mobile":0,"ocean_menu_typo_spacing_unit":"","ocean_menu_link_color":"","ocean_menu_link_color_hover":"","ocean_menu_link_color_active":"","ocean_menu_link_background":"","ocean_menu_link_hover_background":"","ocean_menu_link_active_background":"","ocean_menu_social_links_bg":"","ocean_menu_social_hover_links_bg":"","ocean_menu_social_links_color":"","ocean_menu_social_hover_links_color":"","ocean_disable_title":"default","ocean_disable_heading":"default","ocean_post_title":"","ocean_post_subheading":"","ocean_post_title_style":"","ocean_post_title_background_color":"","ocean_post_title_background":0,"ocean_post_title_bg_image_position":"","ocean_post_title_bg_image_attachment":"","ocean_post_title_bg_image_repeat":"","ocean_post_title_bg_image_size":"","ocean_post_title_height":0,"ocean_post_title_bg_overlay":0.5,"ocean_post_title_bg_overlay_color":"","ocean_disable_breadcrumbs":"default","ocean_breadcrumbs_color":"","ocean_breadcrumbs_separator_color":"","ocean_breadcrumbs_links_color":"","ocean_breadcrumbs_links_hover_color":"","ocean_display_footer_widgets":"default","ocean_display_footer_bottom":"default","ocean_custom_footer_template":"","omw_enable_modal_window":"enable","ocean_post_oembed":"","ocean_post_self_hosted_media":"","ocean_post_video_embed":"","ocean_link_format":"","ocean_link_format_target":"self","ocean_quote_format":"","ocean_quote_format_link":"post","ocean_gallery_link_images":"on","ocean_gallery_id":[],"footnotes":""},"categories":[35,62],"tags":[],"palavra-chave":[],"class_list":["post-5972","post","type-post","status-publish","format-standard","has-post-thumbnail","hentry","category-educacao","category-news","entry","has-media"],"yoast_head":"<!-- This site is optimized with the Yoast SEO plugin v27.3 - https:\/\/yoast.com\/product\/yoast-seo-wordpress\/ -->\n<title>Live: uma nova abordagem sobre o ensino da \u00c1frica moderna nas escolas - africaatual.com.br<\/title>\n<meta name=\"description\" content=\"Live: uma nova abordagem sobre o ensino da \u00c1frica moderna nas escolas\" \/>\n<meta name=\"robots\" content=\"index, follow, max-snippet:-1, max-image-preview:large, max-video-preview:-1\" \/>\n<link rel=\"canonical\" href=\"https:\/\/africaatual.com.br\/index.php\/2022\/07\/27\/live-uma-nova-abordagem-sobre-o-ensino-da-africa-moderna-nas-escolas\/\" \/>\n<meta property=\"og:locale\" content=\"pt_BR\" \/>\n<meta property=\"og:type\" content=\"article\" \/>\n<meta property=\"og:title\" content=\"Live: uma nova abordagem sobre o ensino da \u00c1frica moderna nas escolas - africaatual.com.br\" \/>\n<meta property=\"og:description\" content=\"Live: uma nova abordagem sobre o ensino da \u00c1frica moderna nas escolas\" \/>\n<meta property=\"og:url\" content=\"https:\/\/africaatual.com.br\/index.php\/2022\/07\/27\/live-uma-nova-abordagem-sobre-o-ensino-da-africa-moderna-nas-escolas\/\" \/>\n<meta property=\"og:site_name\" content=\"africaatual.com.br\" \/>\n<meta property=\"article:published_time\" content=\"2022-07-27T20:40:46+00:00\" \/>\n<meta name=\"author\" content=\"africaatual\" \/>\n<meta name=\"twitter:card\" content=\"summary_large_image\" \/>\n<meta name=\"twitter:label1\" content=\"Escrito por\" \/>\n\t<meta name=\"twitter:data1\" content=\"africaatual\" \/>\n\t<meta name=\"twitter:label2\" content=\"Est. tempo de leitura\" \/>\n\t<meta name=\"twitter:data2\" content=\"2 minutos\" \/>\n<script type=\"application\/ld+json\" class=\"yoast-schema-graph\">{\"@context\":\"https:\\\/\\\/schema.org\",\"@graph\":[{\"@type\":\"Article\",\"@id\":\"https:\\\/\\\/africaatual.com.br\\\/index.php\\\/2022\\\/07\\\/27\\\/live-uma-nova-abordagem-sobre-o-ensino-da-africa-moderna-nas-escolas\\\/#article\",\"isPartOf\":{\"@id\":\"https:\\\/\\\/africaatual.com.br\\\/index.php\\\/2022\\\/07\\\/27\\\/live-uma-nova-abordagem-sobre-o-ensino-da-africa-moderna-nas-escolas\\\/\"},\"author\":{\"name\":\"africaatual\",\"@id\":\"https:\\\/\\\/africaatual.com.br\\\/#\\\/schema\\\/person\\\/31315b203b16bec551dcad6d14ff6b17\"},\"headline\":\"Live: uma nova abordagem sobre o ensino da \u00c1frica moderna nas escolas\",\"datePublished\":\"2022-07-27T20:40:46+00:00\",\"mainEntityOfPage\":{\"@id\":\"https:\\\/\\\/africaatual.com.br\\\/index.php\\\/2022\\\/07\\\/27\\\/live-uma-nova-abordagem-sobre-o-ensino-da-africa-moderna-nas-escolas\\\/\"},\"wordCount\":265,\"commentCount\":0,\"publisher\":{\"@id\":\"https:\\\/\\\/africaatual.com.br\\\/#organization\"},\"image\":{\"@id\":\"https:\\\/\\\/africaatual.com.br\\\/index.php\\\/2022\\\/07\\\/27\\\/live-uma-nova-abordagem-sobre-o-ensino-da-africa-moderna-nas-escolas\\\/#primaryimage\"},\"thumbnailUrl\":\"\",\"articleSection\":[\"Educa\u00e7\u00e3o\",\"News\"],\"inLanguage\":\"pt-BR\",\"potentialAction\":[{\"@type\":\"CommentAction\",\"name\":\"Comment\",\"target\":[\"https:\\\/\\\/africaatual.com.br\\\/index.php\\\/2022\\\/07\\\/27\\\/live-uma-nova-abordagem-sobre-o-ensino-da-africa-moderna-nas-escolas\\\/#respond\"]}]},{\"@type\":\"WebPage\",\"@id\":\"https:\\\/\\\/africaatual.com.br\\\/index.php\\\/2022\\\/07\\\/27\\\/live-uma-nova-abordagem-sobre-o-ensino-da-africa-moderna-nas-escolas\\\/\",\"url\":\"https:\\\/\\\/africaatual.com.br\\\/index.php\\\/2022\\\/07\\\/27\\\/live-uma-nova-abordagem-sobre-o-ensino-da-africa-moderna-nas-escolas\\\/\",\"name\":\"Live: uma nova abordagem sobre o ensino da \u00c1frica moderna nas escolas - africaatual.com.br\",\"isPartOf\":{\"@id\":\"https:\\\/\\\/africaatual.com.br\\\/#website\"},\"primaryImageOfPage\":{\"@id\":\"https:\\\/\\\/africaatual.com.br\\\/index.php\\\/2022\\\/07\\\/27\\\/live-uma-nova-abordagem-sobre-o-ensino-da-africa-moderna-nas-escolas\\\/#primaryimage\"},\"image\":{\"@id\":\"https:\\\/\\\/africaatual.com.br\\\/index.php\\\/2022\\\/07\\\/27\\\/live-uma-nova-abordagem-sobre-o-ensino-da-africa-moderna-nas-escolas\\\/#primaryimage\"},\"thumbnailUrl\":\"\",\"datePublished\":\"2022-07-27T20:40:46+00:00\",\"description\":\"Live: uma nova abordagem sobre o ensino da \u00c1frica moderna nas escolas\",\"breadcrumb\":{\"@id\":\"https:\\\/\\\/africaatual.com.br\\\/index.php\\\/2022\\\/07\\\/27\\\/live-uma-nova-abordagem-sobre-o-ensino-da-africa-moderna-nas-escolas\\\/#breadcrumb\"},\"inLanguage\":\"pt-BR\",\"potentialAction\":[{\"@type\":\"ReadAction\",\"target\":[\"https:\\\/\\\/africaatual.com.br\\\/index.php\\\/2022\\\/07\\\/27\\\/live-uma-nova-abordagem-sobre-o-ensino-da-africa-moderna-nas-escolas\\\/\"]}]},{\"@type\":\"ImageObject\",\"inLanguage\":\"pt-BR\",\"@id\":\"https:\\\/\\\/africaatual.com.br\\\/index.php\\\/2022\\\/07\\\/27\\\/live-uma-nova-abordagem-sobre-o-ensino-da-africa-moderna-nas-escolas\\\/#primaryimage\",\"url\":\"\",\"contentUrl\":\"\"},{\"@type\":\"BreadcrumbList\",\"@id\":\"https:\\\/\\\/africaatual.com.br\\\/index.php\\\/2022\\\/07\\\/27\\\/live-uma-nova-abordagem-sobre-o-ensino-da-africa-moderna-nas-escolas\\\/#breadcrumb\",\"itemListElement\":[{\"@type\":\"ListItem\",\"position\":1,\"name\":\"In\u00edcio\",\"item\":\"https:\\\/\\\/africaatual.com.br\\\/\"},{\"@type\":\"ListItem\",\"position\":2,\"name\":\"Live: uma nova abordagem sobre o ensino da \u00c1frica moderna nas escolas\"}]},{\"@type\":\"WebSite\",\"@id\":\"https:\\\/\\\/africaatual.com.br\\\/#website\",\"url\":\"https:\\\/\\\/africaatual.com.br\\\/\",\"name\":\"africaatual.com.br\",\"description\":\"O Atlas Geocultural da \u00c1frica \u00e9 um rico material de leitura e pesquisa, que visa apresentar de forma atual os pa\u00edses africanos, ainda t\u00e3o pouco conhecidos.\",\"publisher\":{\"@id\":\"https:\\\/\\\/africaatual.com.br\\\/#organization\"},\"potentialAction\":[{\"@type\":\"SearchAction\",\"target\":{\"@type\":\"EntryPoint\",\"urlTemplate\":\"https:\\\/\\\/africaatual.com.br\\\/?s={search_term_string}\"},\"query-input\":{\"@type\":\"PropertyValueSpecification\",\"valueRequired\":true,\"valueName\":\"search_term_string\"}}],\"inLanguage\":\"pt-BR\"},{\"@type\":\"Organization\",\"@id\":\"https:\\\/\\\/africaatual.com.br\\\/#organization\",\"name\":\"africaatual.com.br\",\"url\":\"https:\\\/\\\/africaatual.com.br\\\/\",\"logo\":{\"@type\":\"ImageObject\",\"inLanguage\":\"pt-BR\",\"@id\":\"https:\\\/\\\/africaatual.com.br\\\/#\\\/schema\\\/logo\\\/image\\\/\",\"url\":\"http:\\\/\\\/africaatual.com.br\\\/wp-content\\\/uploads\\\/2023\\\/06\\\/LOGOEIROS_Prancheta-1-tipo-preto.png\",\"contentUrl\":\"http:\\\/\\\/africaatual.com.br\\\/wp-content\\\/uploads\\\/2023\\\/06\\\/LOGOEIROS_Prancheta-1-tipo-preto.png\",\"width\":1667,\"height\":730,\"caption\":\"africaatual.com.br\"},\"image\":{\"@id\":\"https:\\\/\\\/africaatual.com.br\\\/#\\\/schema\\\/logo\\\/image\\\/\"}},{\"@type\":\"Person\",\"@id\":\"https:\\\/\\\/africaatual.com.br\\\/#\\\/schema\\\/person\\\/31315b203b16bec551dcad6d14ff6b17\",\"name\":\"africaatual\",\"image\":{\"@type\":\"ImageObject\",\"inLanguage\":\"pt-BR\",\"@id\":\"https:\\\/\\\/secure.gravatar.com\\\/avatar\\\/62aeeba3c7bd20a0a9ee0e00da31fba130446f5c08871cd9335ec9bce29b9030?s=96&d=mm&r=g\",\"url\":\"https:\\\/\\\/secure.gravatar.com\\\/avatar\\\/62aeeba3c7bd20a0a9ee0e00da31fba130446f5c08871cd9335ec9bce29b9030?s=96&d=mm&r=g\",\"contentUrl\":\"https:\\\/\\\/secure.gravatar.com\\\/avatar\\\/62aeeba3c7bd20a0a9ee0e00da31fba130446f5c08871cd9335ec9bce29b9030?s=96&d=mm&r=g\",\"caption\":\"africaatual\"},\"sameAs\":[\"http:\\\/\\\/africaatual.com.br\"],\"url\":\"https:\\\/\\\/africaatual.com.br\\\/index.php\\\/author\\\/atlasgeoculturalafricaatual-com\\\/\"}]}<\/script>\n<!-- \/ Yoast SEO plugin. -->","yoast_head_json":{"title":"Live: uma nova abordagem sobre o ensino da \u00c1frica moderna nas escolas - africaatual.com.br","description":"Live: uma nova abordagem sobre o ensino da \u00c1frica moderna nas escolas","robots":{"index":"index","follow":"follow","max-snippet":"max-snippet:-1","max-image-preview":"max-image-preview:large","max-video-preview":"max-video-preview:-1"},"canonical":"https:\/\/africaatual.com.br\/index.php\/2022\/07\/27\/live-uma-nova-abordagem-sobre-o-ensino-da-africa-moderna-nas-escolas\/","og_locale":"pt_BR","og_type":"article","og_title":"Live: uma nova abordagem sobre o ensino da \u00c1frica moderna nas escolas - africaatual.com.br","og_description":"Live: uma nova abordagem sobre o ensino da \u00c1frica moderna nas escolas","og_url":"https:\/\/africaatual.com.br\/index.php\/2022\/07\/27\/live-uma-nova-abordagem-sobre-o-ensino-da-africa-moderna-nas-escolas\/","og_site_name":"africaatual.com.br","article_published_time":"2022-07-27T20:40:46+00:00","author":"africaatual","twitter_card":"summary_large_image","twitter_misc":{"Escrito por":"africaatual","Est. tempo de leitura":"2 minutos"},"schema":{"@context":"https:\/\/schema.org","@graph":[{"@type":"Article","@id":"https:\/\/africaatual.com.br\/index.php\/2022\/07\/27\/live-uma-nova-abordagem-sobre-o-ensino-da-africa-moderna-nas-escolas\/#article","isPartOf":{"@id":"https:\/\/africaatual.com.br\/index.php\/2022\/07\/27\/live-uma-nova-abordagem-sobre-o-ensino-da-africa-moderna-nas-escolas\/"},"author":{"name":"africaatual","@id":"https:\/\/africaatual.com.br\/#\/schema\/person\/31315b203b16bec551dcad6d14ff6b17"},"headline":"Live: uma nova abordagem sobre o ensino da \u00c1frica moderna nas escolas","datePublished":"2022-07-27T20:40:46+00:00","mainEntityOfPage":{"@id":"https:\/\/africaatual.com.br\/index.php\/2022\/07\/27\/live-uma-nova-abordagem-sobre-o-ensino-da-africa-moderna-nas-escolas\/"},"wordCount":265,"commentCount":0,"publisher":{"@id":"https:\/\/africaatual.com.br\/#organization"},"image":{"@id":"https:\/\/africaatual.com.br\/index.php\/2022\/07\/27\/live-uma-nova-abordagem-sobre-o-ensino-da-africa-moderna-nas-escolas\/#primaryimage"},"thumbnailUrl":"","articleSection":["Educa\u00e7\u00e3o","News"],"inLanguage":"pt-BR","potentialAction":[{"@type":"CommentAction","name":"Comment","target":["https:\/\/africaatual.com.br\/index.php\/2022\/07\/27\/live-uma-nova-abordagem-sobre-o-ensino-da-africa-moderna-nas-escolas\/#respond"]}]},{"@type":"WebPage","@id":"https:\/\/africaatual.com.br\/index.php\/2022\/07\/27\/live-uma-nova-abordagem-sobre-o-ensino-da-africa-moderna-nas-escolas\/","url":"https:\/\/africaatual.com.br\/index.php\/2022\/07\/27\/live-uma-nova-abordagem-sobre-o-ensino-da-africa-moderna-nas-escolas\/","name":"Live: uma nova abordagem sobre o ensino da \u00c1frica moderna nas escolas - africaatual.com.br","isPartOf":{"@id":"https:\/\/africaatual.com.br\/#website"},"primaryImageOfPage":{"@id":"https:\/\/africaatual.com.br\/index.php\/2022\/07\/27\/live-uma-nova-abordagem-sobre-o-ensino-da-africa-moderna-nas-escolas\/#primaryimage"},"image":{"@id":"https:\/\/africaatual.com.br\/index.php\/2022\/07\/27\/live-uma-nova-abordagem-sobre-o-ensino-da-africa-moderna-nas-escolas\/#primaryimage"},"thumbnailUrl":"","datePublished":"2022-07-27T20:40:46+00:00","description":"Live: uma nova abordagem sobre o ensino da \u00c1frica moderna nas escolas","breadcrumb":{"@id":"https:\/\/africaatual.com.br\/index.php\/2022\/07\/27\/live-uma-nova-abordagem-sobre-o-ensino-da-africa-moderna-nas-escolas\/#breadcrumb"},"inLanguage":"pt-BR","potentialAction":[{"@type":"ReadAction","target":["https:\/\/africaatual.com.br\/index.php\/2022\/07\/27\/live-uma-nova-abordagem-sobre-o-ensino-da-africa-moderna-nas-escolas\/"]}]},{"@type":"ImageObject","inLanguage":"pt-BR","@id":"https:\/\/africaatual.com.br\/index.php\/2022\/07\/27\/live-uma-nova-abordagem-sobre-o-ensino-da-africa-moderna-nas-escolas\/#primaryimage","url":"","contentUrl":""},{"@type":"BreadcrumbList","@id":"https:\/\/africaatual.com.br\/index.php\/2022\/07\/27\/live-uma-nova-abordagem-sobre-o-ensino-da-africa-moderna-nas-escolas\/#breadcrumb","itemListElement":[{"@type":"ListItem","position":1,"name":"In\u00edcio","item":"https:\/\/africaatual.com.br\/"},{"@type":"ListItem","position":2,"name":"Live: uma nova abordagem sobre o ensino da \u00c1frica moderna nas escolas"}]},{"@type":"WebSite","@id":"https:\/\/africaatual.com.br\/#website","url":"https:\/\/africaatual.com.br\/","name":"africaatual.com.br","description":"O Atlas Geocultural da \u00c1frica \u00e9 um rico material de leitura e pesquisa, que visa apresentar de forma atual os pa\u00edses africanos, ainda t\u00e3o pouco conhecidos.","publisher":{"@id":"https:\/\/africaatual.com.br\/#organization"},"potentialAction":[{"@type":"SearchAction","target":{"@type":"EntryPoint","urlTemplate":"https:\/\/africaatual.com.br\/?s={search_term_string}"},"query-input":{"@type":"PropertyValueSpecification","valueRequired":true,"valueName":"search_term_string"}}],"inLanguage":"pt-BR"},{"@type":"Organization","@id":"https:\/\/africaatual.com.br\/#organization","name":"africaatual.com.br","url":"https:\/\/africaatual.com.br\/","logo":{"@type":"ImageObject","inLanguage":"pt-BR","@id":"https:\/\/africaatual.com.br\/#\/schema\/logo\/image\/","url":"http:\/\/africaatual.com.br\/wp-content\/uploads\/2023\/06\/LOGOEIROS_Prancheta-1-tipo-preto.png","contentUrl":"http:\/\/africaatual.com.br\/wp-content\/uploads\/2023\/06\/LOGOEIROS_Prancheta-1-tipo-preto.png","width":1667,"height":730,"caption":"africaatual.com.br"},"image":{"@id":"https:\/\/africaatual.com.br\/#\/schema\/logo\/image\/"}},{"@type":"Person","@id":"https:\/\/africaatual.com.br\/#\/schema\/person\/31315b203b16bec551dcad6d14ff6b17","name":"africaatual","image":{"@type":"ImageObject","inLanguage":"pt-BR","@id":"https:\/\/secure.gravatar.com\/avatar\/62aeeba3c7bd20a0a9ee0e00da31fba130446f5c08871cd9335ec9bce29b9030?s=96&d=mm&r=g","url":"https:\/\/secure.gravatar.com\/avatar\/62aeeba3c7bd20a0a9ee0e00da31fba130446f5c08871cd9335ec9bce29b9030?s=96&d=mm&r=g","contentUrl":"https:\/\/secure.gravatar.com\/avatar\/62aeeba3c7bd20a0a9ee0e00da31fba130446f5c08871cd9335ec9bce29b9030?s=96&d=mm&r=g","caption":"africaatual"},"sameAs":["http:\/\/africaatual.com.br"],"url":"https:\/\/africaatual.com.br\/index.php\/author\/atlasgeoculturalafricaatual-com\/"}]}},"_links":{"self":[{"href":"https:\/\/africaatual.com.br\/index.php\/wp-json\/wp\/v2\/posts\/5972","targetHints":{"allow":["GET"]}}],"collection":[{"href":"https:\/\/africaatual.com.br\/index.php\/wp-json\/wp\/v2\/posts"}],"about":[{"href":"https:\/\/africaatual.com.br\/index.php\/wp-json\/wp\/v2\/types\/post"}],"author":[{"embeddable":true,"href":"https:\/\/africaatual.com.br\/index.php\/wp-json\/wp\/v2\/users\/1"}],"replies":[{"embeddable":true,"href":"https:\/\/africaatual.com.br\/index.php\/wp-json\/wp\/v2\/comments?post=5972"}],"version-history":[{"count":0,"href":"https:\/\/africaatual.com.br\/index.php\/wp-json\/wp\/v2\/posts\/5972\/revisions"}],"wp:featuredmedia":[{"embeddable":true,"href":"https:\/\/africaatual.com.br\/index.php\/wp-json\/"}],"wp:attachment":[{"href":"https:\/\/africaatual.com.br\/index.php\/wp-json\/wp\/v2\/media?parent=5972"}],"wp:term":[{"taxonomy":"category","embeddable":true,"href":"https:\/\/africaatual.com.br\/index.php\/wp-json\/wp\/v2\/categories?post=5972"},{"taxonomy":"post_tag","embeddable":true,"href":"https:\/\/africaatual.com.br\/index.php\/wp-json\/wp\/v2\/tags?post=5972"},{"taxonomy":"palavra-chave","embeddable":true,"href":"https:\/\/africaatual.com.br\/index.php\/wp-json\/wp\/v2\/palavra-chave?post=5972"}],"curies":[{"name":"wp","href":"https:\/\/api.w.org\/{rel}","templated":true}]}}