
{"id":6914,"date":"2022-12-12T14:50:43","date_gmt":"2022-12-12T17:50:43","guid":{"rendered":"https:\/\/africaatual.com.br\/index.php\/2022\/12\/12\/os-conhecimentos-e-saberes-adquiridos-pelos-alunos-da-rede-municipal-onde-um-novo-olhar-pedagogico-para-o-continente-africano-e-sua-cultura-norteou-a-exposicao-dos-trabalhos-xviii-novembro\/"},"modified":"2022-12-12T14:50:43","modified_gmt":"2022-12-12T17:50:43","slug":"os-conhecimentos-e-saberes-adquiridos-pelos-alunos-da-rede-municipal-onde-um-novo-olhar-pedagogico-para-o-continente-africano-e-sua-cultura-norteou-a-exposicao-dos-trabalhos-xviii-novembro","status":"publish","type":"post","link":"https:\/\/africaatual.com.br\/index.php\/2022\/12\/12\/os-conhecimentos-e-saberes-adquiridos-pelos-alunos-da-rede-municipal-onde-um-novo-olhar-pedagogico-para-o-continente-africano-e-sua-cultura-norteou-a-exposicao-dos-trabalhos-xviii-novembro\/","title":{"rendered":"Rede Municipal de Osasco presente na Exposi\u00e7\u00e3o dos trabalhos do XVIII \u2013 Novembro Negro"},"content":{"rendered":"\n<p>No dia 18 de novembro aconteceu na cidade de Osasco o XVIII Novembro Negro &#8211; Di\u00e1logos com o Continente Africano na cidade de Osasco com  a participa\u00e7\u00e3o das autoridades Professor Odair Marques, Consul do Senegal Babacar Ba, Cl\u00e1udio Piteri, Secret\u00e1rio da Educa\u00e7\u00e3o de Osasco, Alessandra Bianchi Cornaglia, Secretaria Executiva das A\u00e7\u00f5es Pedag\u00f3gicas da Secretaria de Educa\u00e7\u00e3o que compuseram a mesa diretiva e com palestras.<\/p>\n\n\n\n<p>Esteve tamb\u00e9m presente na data, o pessoal dos conselhos Alfeu Silva de Oliveira, Robinson Benedito dos Santos vice presidente da UNEGRO, Vera Lucia Lopes presidente do Compir Conselho de Promo\u00e7\u00e3o de Igualdade Racial, Diretora de Patrim\u00f4nio Cultural e Comunidades Tradicionais da SEPPIR Simone de Carvalho e Irandi Gomes da Silva gerente de forma\u00e7\u00e3o de gestores e membro do Compir.<\/p>\n\n\n\n<p>Ocorreu tamb\u00e9m exposi\u00e7\u00f5es de trabalhos realizados pelas escolas da rede, teve manifesta\u00e7\u00f5es culturais de dan\u00e7as, apresenta\u00e7\u00f5es e muita alegria.<\/p>\n\n\n\n<figure class=\"wp-block-gallery has-nested-images columns-default is-cropped wp-block-gallery-1 is-layout-flex wp-block-gallery-is-layout-flex\">\n<figure class=\"wp-block-image size-large\"><img decoding=\"async\" data-id=\"6987\" src=\"httpsss:\/\/africaatual.com.br\/wp-content\/uploads\/2022\/12\/05-1-1024x683.jpg\" alt=\"\" class=\"wp-image-6987\"\/><\/figure>\n\n\n\n<figure class=\"wp-block-image size-full\"><img decoding=\"async\" data-id=\"6916\" src=\"httpsss:\/\/africaatual.com.br\/wp-content\/uploads\/2022\/12\/18.JPG.jpg\" alt=\"\" class=\"wp-image-6916\"\/><\/figure>\n\n\n\n<figure class=\"wp-block-image size-large\"><img decoding=\"async\" data-id=\"6988\" src=\"httpsss:\/\/africaatual.com.br\/wp-content\/uploads\/2022\/12\/01-1-1024x683.jpg\" alt=\"\" class=\"wp-image-6988\"\/><\/figure>\n\n\n\n<figure class=\"wp-block-image size-large\"><img decoding=\"async\" data-id=\"6989\" src=\"httpsss:\/\/africaatual.com.br\/wp-content\/uploads\/2022\/12\/03-1024x683.jpg\" alt=\"\" class=\"wp-image-6989\"\/><\/figure>\n\n\n\n<figure class=\"wp-block-image size-large\"><img decoding=\"async\" data-id=\"6991\" src=\"httpsss:\/\/africaatual.com.br\/wp-content\/uploads\/2022\/12\/07-1024x683.jpg\" alt=\"\" class=\"wp-image-6991\"\/><\/figure>\n\n\n\n<figure class=\"wp-block-image size-large\"><img decoding=\"async\" data-id=\"6992\" src=\"httpsss:\/\/africaatual.com.br\/wp-content\/uploads\/2022\/12\/08-1024x683.jpg\" alt=\"\" class=\"wp-image-6992\"\/><\/figure>\n\n\n\n<figure class=\"wp-block-image size-large\"><img decoding=\"async\" data-id=\"6993\" src=\"httpsss:\/\/africaatual.com.br\/wp-content\/uploads\/2022\/12\/09-1024x683.jpg\" alt=\"\" class=\"wp-image-6993\"\/><\/figure>\n\n\n\n<figure class=\"wp-block-image size-large\"><img decoding=\"async\" data-id=\"6994\" src=\"httpsss:\/\/africaatual.com.br\/wp-content\/uploads\/2022\/12\/10-1024x683.jpg\" alt=\"\" class=\"wp-image-6994\"\/><\/figure>\n\n\n\n<figure class=\"wp-block-image size-large\"><img decoding=\"async\" data-id=\"6995\" src=\"httpsss:\/\/africaatual.com.br\/wp-content\/uploads\/2022\/12\/11-1024x683.jpg\" alt=\"\" class=\"wp-image-6995\"\/><\/figure>\n\n\n\n<figure class=\"wp-block-image size-large\"><img decoding=\"async\" data-id=\"6996\" src=\"httpsss:\/\/africaatual.com.br\/wp-content\/uploads\/2022\/12\/12-1024x683.jpg\" alt=\"\" class=\"wp-image-6996\"\/><\/figure>\n\n\n\n<figure class=\"wp-block-image size-large\"><img decoding=\"async\" data-id=\"6997\" src=\"httpsss:\/\/africaatual.com.br\/wp-content\/uploads\/2022\/12\/13-1024x683.jpg\" alt=\"\" class=\"wp-image-6997\"\/><\/figure>\n\n\n\n<figure class=\"wp-block-image size-large\"><img decoding=\"async\" data-id=\"6998\" src=\"httpsss:\/\/africaatual.com.br\/wp-content\/uploads\/2022\/12\/14-1024x683.jpg\" alt=\"\" class=\"wp-image-6998\"\/><\/figure>\n\n\n\n<figure class=\"wp-block-image size-large\"><img decoding=\"async\" data-id=\"6999\" src=\"httpsss:\/\/africaatual.com.br\/wp-content\/uploads\/2022\/12\/15-683x1024.jpg\" alt=\"\" class=\"wp-image-6999\"\/><\/figure>\n\n\n\n<figure class=\"wp-block-image size-large\"><img decoding=\"async\" data-id=\"7000\" src=\"httpsss:\/\/africaatual.com.br\/wp-content\/uploads\/2022\/12\/16-683x1024.jpg\" alt=\"\" class=\"wp-image-7000\"\/><\/figure>\n\n\n\n\n\n\n\n\n<\/figure>\n","protected":false},"excerpt":{"rendered":"<p>No dia 18 de novembro aconteceu na cidade de Osasco o XVIII Novembro Negro &#8211; Di\u00e1logos com o Continente Africano na cidade de Osasco com a participa\u00e7\u00e3o das autoridades Professor Odair Marques, Consul do Senegal Babacar Ba, Cl\u00e1udio Piteri, Secret\u00e1rio da Educa\u00e7\u00e3o de Osasco, Alessandra Bianchi Cornaglia, Secretaria Executiva das A\u00e7\u00f5es Pedag\u00f3gicas da Secretaria de Educa\u00e7\u00e3o que compuseram a mesa diretiva e com palestras. Esteve tamb\u00e9m presente na data, o pessoal dos conselhos Alfeu Silva de Oliveira, Robinson Benedito dos Santos vice presidente da UNEGRO, Vera Lucia Lopes presidente do Compir Conselho de Promo\u00e7\u00e3o de Igualdade Racial, Diretora de Patrim\u00f4nio Cultural e Comunidades Tradicionais da SEPPIR Simone de Carvalho e Irandi Gomes da Silva gerente de forma\u00e7\u00e3o de gestores e membro do Compir. Ocorreu tamb\u00e9m exposi\u00e7\u00f5es de trabalhos realizados pelas escolas da rede, teve manifesta\u00e7\u00f5es culturais de dan\u00e7as, apresenta\u00e7\u00f5es e muita alegria.<\/p>\n","protected":false},"author":1,"featured_media":7008,"comment_status":"open","ping_status":"open","sticky":false,"template":"elementor_theme","format":"standard","meta":{"inline_featured_image":false,"ocean_post_layout":"","ocean_both_sidebars_style":"","ocean_both_sidebars_content_width":0,"ocean_both_sidebars_sidebars_width":0,"ocean_sidebar":"","ocean_second_sidebar":"","ocean_disable_margins":"enable","ocean_add_body_class":"","ocean_shortcode_before_top_bar":"","ocean_shortcode_after_top_bar":"","ocean_shortcode_before_header":"","ocean_shortcode_after_header":"","ocean_has_shortcode":"","ocean_shortcode_after_title":"","ocean_shortcode_before_footer_widgets":"","ocean_shortcode_after_footer_widgets":"","ocean_shortcode_before_footer_bottom":"","ocean_shortcode_after_footer_bottom":"","ocean_display_top_bar":"default","ocean_display_header":"default","ocean_header_style":"","ocean_center_header_left_menu":"","ocean_custom_header_template":"","ocean_custom_logo":0,"ocean_custom_retina_logo":0,"ocean_custom_logo_max_width":0,"ocean_custom_logo_tablet_max_width":0,"ocean_custom_logo_mobile_max_width":0,"ocean_custom_logo_max_height":0,"ocean_custom_logo_tablet_max_height":0,"ocean_custom_logo_mobile_max_height":0,"ocean_header_custom_menu":"","ocean_menu_typo_font_family":"","ocean_menu_typo_font_subset":"","ocean_menu_typo_font_size":0,"ocean_menu_typo_font_size_tablet":0,"ocean_menu_typo_font_size_mobile":0,"ocean_menu_typo_font_size_unit":"px","ocean_menu_typo_font_weight":"","ocean_menu_typo_font_weight_tablet":"","ocean_menu_typo_font_weight_mobile":"","ocean_menu_typo_transform":"","ocean_menu_typo_transform_tablet":"","ocean_menu_typo_transform_mobile":"","ocean_menu_typo_line_height":0,"ocean_menu_typo_line_height_tablet":0,"ocean_menu_typo_line_height_mobile":0,"ocean_menu_typo_line_height_unit":"","ocean_menu_typo_spacing":0,"ocean_menu_typo_spacing_tablet":0,"ocean_menu_typo_spacing_mobile":0,"ocean_menu_typo_spacing_unit":"","ocean_menu_link_color":"","ocean_menu_link_color_hover":"","ocean_menu_link_color_active":"","ocean_menu_link_background":"","ocean_menu_link_hover_background":"","ocean_menu_link_active_background":"","ocean_menu_social_links_bg":"","ocean_menu_social_hover_links_bg":"","ocean_menu_social_links_color":"","ocean_menu_social_hover_links_color":"","ocean_disable_title":"default","ocean_disable_heading":"default","ocean_post_title":"","ocean_post_subheading":"","ocean_post_title_style":"","ocean_post_title_background_color":"","ocean_post_title_background":0,"ocean_post_title_bg_image_position":"","ocean_post_title_bg_image_attachment":"","ocean_post_title_bg_image_repeat":"","ocean_post_title_bg_image_size":"","ocean_post_title_height":0,"ocean_post_title_bg_overlay":0.5,"ocean_post_title_bg_overlay_color":"","ocean_disable_breadcrumbs":"default","ocean_breadcrumbs_color":"","ocean_breadcrumbs_separator_color":"","ocean_breadcrumbs_links_color":"","ocean_breadcrumbs_links_hover_color":"","ocean_display_footer_widgets":"default","ocean_display_footer_bottom":"default","ocean_custom_footer_template":"","omw_enable_modal_window":"enable","ocean_post_oembed":"","ocean_post_self_hosted_media":"","ocean_post_video_embed":"","ocean_link_format":"","ocean_link_format_target":"self","ocean_quote_format":"","ocean_quote_format_link":"post","ocean_gallery_link_images":"on","ocean_gallery_id":[],"footnotes":""},"categories":[48,35,62],"tags":[89],"palavra-chave":[],"class_list":["post-6914","post","type-post","status-publish","format-standard","has-post-thumbnail","hentry","category-sem-categoria","category-educacao","category-news","tag-novembro-negro","entry","has-media"],"yoast_head":"<!-- This site is optimized with the Yoast SEO plugin v27.3 - https:\/\/yoast.com\/product\/yoast-seo-wordpress\/ -->\n<title>Rede Municipal de Osasco presente na Exposi\u00e7\u00e3o dos trabalhos do XVIII \u2013 Novembro Negro - africaatual.com.br<\/title>\n<meta name=\"description\" content=\"A atividade fez parte da programa\u00e7\u00e3o do Novembro Negro.\" \/>\n<meta name=\"robots\" content=\"index, follow, max-snippet:-1, max-image-preview:large, max-video-preview:-1\" \/>\n<link rel=\"canonical\" href=\"https:\/\/africaatual.com.br\/index.php\/2022\/12\/12\/os-conhecimentos-e-saberes-adquiridos-pelos-alunos-da-rede-municipal-onde-um-novo-olhar-pedagogico-para-o-continente-africano-e-sua-cultura-norteou-a-exposicao-dos-trabalhos-xviii-novembro\/\" \/>\n<meta property=\"og:locale\" content=\"pt_BR\" \/>\n<meta property=\"og:type\" content=\"article\" \/>\n<meta property=\"og:title\" content=\"Rede Municipal de Osasco presente na Exposi\u00e7\u00e3o dos trabalhos do XVIII \u2013 Novembro Negro - africaatual.com.br\" \/>\n<meta property=\"og:description\" content=\"A atividade fez parte da programa\u00e7\u00e3o do Novembro Negro.\" \/>\n<meta property=\"og:url\" content=\"https:\/\/africaatual.com.br\/index.php\/2022\/12\/12\/os-conhecimentos-e-saberes-adquiridos-pelos-alunos-da-rede-municipal-onde-um-novo-olhar-pedagogico-para-o-continente-africano-e-sua-cultura-norteou-a-exposicao-dos-trabalhos-xviii-novembro\/\" \/>\n<meta property=\"og:site_name\" content=\"africaatual.com.br\" \/>\n<meta property=\"article:published_time\" content=\"2022-12-12T17:50:43+00:00\" \/>\n<meta name=\"author\" content=\"africaatual\" \/>\n<meta name=\"twitter:card\" content=\"summary_large_image\" \/>\n<meta name=\"twitter:label1\" content=\"Escrito por\" \/>\n\t<meta name=\"twitter:data1\" content=\"africaatual\" \/>\n\t<meta name=\"twitter:label2\" content=\"Est. tempo de leitura\" \/>\n\t<meta name=\"twitter:data2\" content=\"5 minutos\" \/>\n<script type=\"application\/ld+json\" class=\"yoast-schema-graph\">{\"@context\":\"https:\\\/\\\/schema.org\",\"@graph\":[{\"@type\":\"Article\",\"@id\":\"https:\\\/\\\/africaatual.com.br\\\/index.php\\\/2022\\\/12\\\/12\\\/os-conhecimentos-e-saberes-adquiridos-pelos-alunos-da-rede-municipal-onde-um-novo-olhar-pedagogico-para-o-continente-africano-e-sua-cultura-norteou-a-exposicao-dos-trabalhos-xviii-novembro\\\/#article\",\"isPartOf\":{\"@id\":\"https:\\\/\\\/africaatual.com.br\\\/index.php\\\/2022\\\/12\\\/12\\\/os-conhecimentos-e-saberes-adquiridos-pelos-alunos-da-rede-municipal-onde-um-novo-olhar-pedagogico-para-o-continente-africano-e-sua-cultura-norteou-a-exposicao-dos-trabalhos-xviii-novembro\\\/\"},\"author\":{\"name\":\"africaatual\",\"@id\":\"https:\\\/\\\/africaatual.com.br\\\/#\\\/schema\\\/person\\\/31315b203b16bec551dcad6d14ff6b17\"},\"headline\":\"Rede Municipal de Osasco presente na Exposi\u00e7\u00e3o dos trabalhos do XVIII \u2013 Novembro Negro\",\"datePublished\":\"2022-12-12T17:50:43+00:00\",\"mainEntityOfPage\":{\"@id\":\"https:\\\/\\\/africaatual.com.br\\\/index.php\\\/2022\\\/12\\\/12\\\/os-conhecimentos-e-saberes-adquiridos-pelos-alunos-da-rede-municipal-onde-um-novo-olhar-pedagogico-para-o-continente-africano-e-sua-cultura-norteou-a-exposicao-dos-trabalhos-xviii-novembro\\\/\"},\"wordCount\":172,\"commentCount\":0,\"publisher\":{\"@id\":\"https:\\\/\\\/africaatual.com.br\\\/#organization\"},\"image\":{\"@id\":\"https:\\\/\\\/africaatual.com.br\\\/index.php\\\/2022\\\/12\\\/12\\\/os-conhecimentos-e-saberes-adquiridos-pelos-alunos-da-rede-municipal-onde-um-novo-olhar-pedagogico-para-o-continente-africano-e-sua-cultura-norteou-a-exposicao-dos-trabalhos-xviii-novembro\\\/#primaryimage\"},\"thumbnailUrl\":\"\",\"keywords\":[\"Novembro Negro\"],\"articleSection\":[\"A Africa\",\"Educa\u00e7\u00e3o\",\"News\"],\"inLanguage\":\"pt-BR\",\"potentialAction\":[{\"@type\":\"CommentAction\",\"name\":\"Comment\",\"target\":[\"https:\\\/\\\/africaatual.com.br\\\/index.php\\\/2022\\\/12\\\/12\\\/os-conhecimentos-e-saberes-adquiridos-pelos-alunos-da-rede-municipal-onde-um-novo-olhar-pedagogico-para-o-continente-africano-e-sua-cultura-norteou-a-exposicao-dos-trabalhos-xviii-novembro\\\/#respond\"]}]},{\"@type\":\"WebPage\",\"@id\":\"https:\\\/\\\/africaatual.com.br\\\/index.php\\\/2022\\\/12\\\/12\\\/os-conhecimentos-e-saberes-adquiridos-pelos-alunos-da-rede-municipal-onde-um-novo-olhar-pedagogico-para-o-continente-africano-e-sua-cultura-norteou-a-exposicao-dos-trabalhos-xviii-novembro\\\/\",\"url\":\"https:\\\/\\\/africaatual.com.br\\\/index.php\\\/2022\\\/12\\\/12\\\/os-conhecimentos-e-saberes-adquiridos-pelos-alunos-da-rede-municipal-onde-um-novo-olhar-pedagogico-para-o-continente-africano-e-sua-cultura-norteou-a-exposicao-dos-trabalhos-xviii-novembro\\\/\",\"name\":\"Rede Municipal de Osasco presente na Exposi\u00e7\u00e3o dos trabalhos do XVIII \u2013 Novembro Negro - africaatual.com.br\",\"isPartOf\":{\"@id\":\"https:\\\/\\\/africaatual.com.br\\\/#website\"},\"primaryImageOfPage\":{\"@id\":\"https:\\\/\\\/africaatual.com.br\\\/index.php\\\/2022\\\/12\\\/12\\\/os-conhecimentos-e-saberes-adquiridos-pelos-alunos-da-rede-municipal-onde-um-novo-olhar-pedagogico-para-o-continente-africano-e-sua-cultura-norteou-a-exposicao-dos-trabalhos-xviii-novembro\\\/#primaryimage\"},\"image\":{\"@id\":\"https:\\\/\\\/africaatual.com.br\\\/index.php\\\/2022\\\/12\\\/12\\\/os-conhecimentos-e-saberes-adquiridos-pelos-alunos-da-rede-municipal-onde-um-novo-olhar-pedagogico-para-o-continente-africano-e-sua-cultura-norteou-a-exposicao-dos-trabalhos-xviii-novembro\\\/#primaryimage\"},\"thumbnailUrl\":\"\",\"datePublished\":\"2022-12-12T17:50:43+00:00\",\"description\":\"A atividade fez parte da programa\u00e7\u00e3o do Novembro Negro.\",\"breadcrumb\":{\"@id\":\"https:\\\/\\\/africaatual.com.br\\\/index.php\\\/2022\\\/12\\\/12\\\/os-conhecimentos-e-saberes-adquiridos-pelos-alunos-da-rede-municipal-onde-um-novo-olhar-pedagogico-para-o-continente-africano-e-sua-cultura-norteou-a-exposicao-dos-trabalhos-xviii-novembro\\\/#breadcrumb\"},\"inLanguage\":\"pt-BR\",\"potentialAction\":[{\"@type\":\"ReadAction\",\"target\":[\"https:\\\/\\\/africaatual.com.br\\\/index.php\\\/2022\\\/12\\\/12\\\/os-conhecimentos-e-saberes-adquiridos-pelos-alunos-da-rede-municipal-onde-um-novo-olhar-pedagogico-para-o-continente-africano-e-sua-cultura-norteou-a-exposicao-dos-trabalhos-xviii-novembro\\\/\"]}]},{\"@type\":\"ImageObject\",\"inLanguage\":\"pt-BR\",\"@id\":\"https:\\\/\\\/africaatual.com.br\\\/index.php\\\/2022\\\/12\\\/12\\\/os-conhecimentos-e-saberes-adquiridos-pelos-alunos-da-rede-municipal-onde-um-novo-olhar-pedagogico-para-o-continente-africano-e-sua-cultura-norteou-a-exposicao-dos-trabalhos-xviii-novembro\\\/#primaryimage\",\"url\":\"\",\"contentUrl\":\"\"},{\"@type\":\"BreadcrumbList\",\"@id\":\"https:\\\/\\\/africaatual.com.br\\\/index.php\\\/2022\\\/12\\\/12\\\/os-conhecimentos-e-saberes-adquiridos-pelos-alunos-da-rede-municipal-onde-um-novo-olhar-pedagogico-para-o-continente-africano-e-sua-cultura-norteou-a-exposicao-dos-trabalhos-xviii-novembro\\\/#breadcrumb\",\"itemListElement\":[{\"@type\":\"ListItem\",\"position\":1,\"name\":\"In\u00edcio\",\"item\":\"https:\\\/\\\/africaatual.com.br\\\/\"},{\"@type\":\"ListItem\",\"position\":2,\"name\":\"Rede Municipal de Osasco presente na Exposi\u00e7\u00e3o dos trabalhos do XVIII \u2013 Novembro Negro\"}]},{\"@type\":\"WebSite\",\"@id\":\"https:\\\/\\\/africaatual.com.br\\\/#website\",\"url\":\"https:\\\/\\\/africaatual.com.br\\\/\",\"name\":\"africaatual.com.br\",\"description\":\"O Atlas Geocultural da \u00c1frica \u00e9 um rico material de leitura e pesquisa, que visa apresentar de forma atual os pa\u00edses africanos, ainda t\u00e3o pouco conhecidos.\",\"publisher\":{\"@id\":\"https:\\\/\\\/africaatual.com.br\\\/#organization\"},\"potentialAction\":[{\"@type\":\"SearchAction\",\"target\":{\"@type\":\"EntryPoint\",\"urlTemplate\":\"https:\\\/\\\/africaatual.com.br\\\/?s={search_term_string}\"},\"query-input\":{\"@type\":\"PropertyValueSpecification\",\"valueRequired\":true,\"valueName\":\"search_term_string\"}}],\"inLanguage\":\"pt-BR\"},{\"@type\":\"Organization\",\"@id\":\"https:\\\/\\\/africaatual.com.br\\\/#organization\",\"name\":\"africaatual.com.br\",\"url\":\"https:\\\/\\\/africaatual.com.br\\\/\",\"logo\":{\"@type\":\"ImageObject\",\"inLanguage\":\"pt-BR\",\"@id\":\"https:\\\/\\\/africaatual.com.br\\\/#\\\/schema\\\/logo\\\/image\\\/\",\"url\":\"http:\\\/\\\/africaatual.com.br\\\/wp-content\\\/uploads\\\/2023\\\/06\\\/LOGOEIROS_Prancheta-1-tipo-preto.png\",\"contentUrl\":\"http:\\\/\\\/africaatual.com.br\\\/wp-content\\\/uploads\\\/2023\\\/06\\\/LOGOEIROS_Prancheta-1-tipo-preto.png\",\"width\":1667,\"height\":730,\"caption\":\"africaatual.com.br\"},\"image\":{\"@id\":\"https:\\\/\\\/africaatual.com.br\\\/#\\\/schema\\\/logo\\\/image\\\/\"}},{\"@type\":\"Person\",\"@id\":\"https:\\\/\\\/africaatual.com.br\\\/#\\\/schema\\\/person\\\/31315b203b16bec551dcad6d14ff6b17\",\"name\":\"africaatual\",\"image\":{\"@type\":\"ImageObject\",\"inLanguage\":\"pt-BR\",\"@id\":\"https:\\\/\\\/secure.gravatar.com\\\/avatar\\\/62aeeba3c7bd20a0a9ee0e00da31fba130446f5c08871cd9335ec9bce29b9030?s=96&d=mm&r=g\",\"url\":\"https:\\\/\\\/secure.gravatar.com\\\/avatar\\\/62aeeba3c7bd20a0a9ee0e00da31fba130446f5c08871cd9335ec9bce29b9030?s=96&d=mm&r=g\",\"contentUrl\":\"https:\\\/\\\/secure.gravatar.com\\\/avatar\\\/62aeeba3c7bd20a0a9ee0e00da31fba130446f5c08871cd9335ec9bce29b9030?s=96&d=mm&r=g\",\"caption\":\"africaatual\"},\"sameAs\":[\"http:\\\/\\\/africaatual.com.br\"],\"url\":\"https:\\\/\\\/africaatual.com.br\\\/index.php\\\/author\\\/atlasgeoculturalafricaatual-com\\\/\"}]}<\/script>\n<!-- \/ Yoast SEO plugin. -->","yoast_head_json":{"title":"Rede Municipal de Osasco presente na Exposi\u00e7\u00e3o dos trabalhos do XVIII \u2013 Novembro Negro - africaatual.com.br","description":"A atividade fez parte da programa\u00e7\u00e3o do Novembro Negro.","robots":{"index":"index","follow":"follow","max-snippet":"max-snippet:-1","max-image-preview":"max-image-preview:large","max-video-preview":"max-video-preview:-1"},"canonical":"https:\/\/africaatual.com.br\/index.php\/2022\/12\/12\/os-conhecimentos-e-saberes-adquiridos-pelos-alunos-da-rede-municipal-onde-um-novo-olhar-pedagogico-para-o-continente-africano-e-sua-cultura-norteou-a-exposicao-dos-trabalhos-xviii-novembro\/","og_locale":"pt_BR","og_type":"article","og_title":"Rede Municipal de Osasco presente na Exposi\u00e7\u00e3o dos trabalhos do XVIII \u2013 Novembro Negro - africaatual.com.br","og_description":"A atividade fez parte da programa\u00e7\u00e3o do Novembro Negro.","og_url":"https:\/\/africaatual.com.br\/index.php\/2022\/12\/12\/os-conhecimentos-e-saberes-adquiridos-pelos-alunos-da-rede-municipal-onde-um-novo-olhar-pedagogico-para-o-continente-africano-e-sua-cultura-norteou-a-exposicao-dos-trabalhos-xviii-novembro\/","og_site_name":"africaatual.com.br","article_published_time":"2022-12-12T17:50:43+00:00","author":"africaatual","twitter_card":"summary_large_image","twitter_misc":{"Escrito por":"africaatual","Est. tempo de leitura":"5 minutos"},"schema":{"@context":"https:\/\/schema.org","@graph":[{"@type":"Article","@id":"https:\/\/africaatual.com.br\/index.php\/2022\/12\/12\/os-conhecimentos-e-saberes-adquiridos-pelos-alunos-da-rede-municipal-onde-um-novo-olhar-pedagogico-para-o-continente-africano-e-sua-cultura-norteou-a-exposicao-dos-trabalhos-xviii-novembro\/#article","isPartOf":{"@id":"https:\/\/africaatual.com.br\/index.php\/2022\/12\/12\/os-conhecimentos-e-saberes-adquiridos-pelos-alunos-da-rede-municipal-onde-um-novo-olhar-pedagogico-para-o-continente-africano-e-sua-cultura-norteou-a-exposicao-dos-trabalhos-xviii-novembro\/"},"author":{"name":"africaatual","@id":"https:\/\/africaatual.com.br\/#\/schema\/person\/31315b203b16bec551dcad6d14ff6b17"},"headline":"Rede Municipal de Osasco presente na Exposi\u00e7\u00e3o dos trabalhos do XVIII \u2013 Novembro Negro","datePublished":"2022-12-12T17:50:43+00:00","mainEntityOfPage":{"@id":"https:\/\/africaatual.com.br\/index.php\/2022\/12\/12\/os-conhecimentos-e-saberes-adquiridos-pelos-alunos-da-rede-municipal-onde-um-novo-olhar-pedagogico-para-o-continente-africano-e-sua-cultura-norteou-a-exposicao-dos-trabalhos-xviii-novembro\/"},"wordCount":172,"commentCount":0,"publisher":{"@id":"https:\/\/africaatual.com.br\/#organization"},"image":{"@id":"https:\/\/africaatual.com.br\/index.php\/2022\/12\/12\/os-conhecimentos-e-saberes-adquiridos-pelos-alunos-da-rede-municipal-onde-um-novo-olhar-pedagogico-para-o-continente-africano-e-sua-cultura-norteou-a-exposicao-dos-trabalhos-xviii-novembro\/#primaryimage"},"thumbnailUrl":"","keywords":["Novembro Negro"],"articleSection":["A Africa","Educa\u00e7\u00e3o","News"],"inLanguage":"pt-BR","potentialAction":[{"@type":"CommentAction","name":"Comment","target":["https:\/\/africaatual.com.br\/index.php\/2022\/12\/12\/os-conhecimentos-e-saberes-adquiridos-pelos-alunos-da-rede-municipal-onde-um-novo-olhar-pedagogico-para-o-continente-africano-e-sua-cultura-norteou-a-exposicao-dos-trabalhos-xviii-novembro\/#respond"]}]},{"@type":"WebPage","@id":"https:\/\/africaatual.com.br\/index.php\/2022\/12\/12\/os-conhecimentos-e-saberes-adquiridos-pelos-alunos-da-rede-municipal-onde-um-novo-olhar-pedagogico-para-o-continente-africano-e-sua-cultura-norteou-a-exposicao-dos-trabalhos-xviii-novembro\/","url":"https:\/\/africaatual.com.br\/index.php\/2022\/12\/12\/os-conhecimentos-e-saberes-adquiridos-pelos-alunos-da-rede-municipal-onde-um-novo-olhar-pedagogico-para-o-continente-africano-e-sua-cultura-norteou-a-exposicao-dos-trabalhos-xviii-novembro\/","name":"Rede Municipal de Osasco presente na Exposi\u00e7\u00e3o dos trabalhos do XVIII \u2013 Novembro Negro - africaatual.com.br","isPartOf":{"@id":"https:\/\/africaatual.com.br\/#website"},"primaryImageOfPage":{"@id":"https:\/\/africaatual.com.br\/index.php\/2022\/12\/12\/os-conhecimentos-e-saberes-adquiridos-pelos-alunos-da-rede-municipal-onde-um-novo-olhar-pedagogico-para-o-continente-africano-e-sua-cultura-norteou-a-exposicao-dos-trabalhos-xviii-novembro\/#primaryimage"},"image":{"@id":"https:\/\/africaatual.com.br\/index.php\/2022\/12\/12\/os-conhecimentos-e-saberes-adquiridos-pelos-alunos-da-rede-municipal-onde-um-novo-olhar-pedagogico-para-o-continente-africano-e-sua-cultura-norteou-a-exposicao-dos-trabalhos-xviii-novembro\/#primaryimage"},"thumbnailUrl":"","datePublished":"2022-12-12T17:50:43+00:00","description":"A atividade fez parte da programa\u00e7\u00e3o do Novembro Negro.","breadcrumb":{"@id":"https:\/\/africaatual.com.br\/index.php\/2022\/12\/12\/os-conhecimentos-e-saberes-adquiridos-pelos-alunos-da-rede-municipal-onde-um-novo-olhar-pedagogico-para-o-continente-africano-e-sua-cultura-norteou-a-exposicao-dos-trabalhos-xviii-novembro\/#breadcrumb"},"inLanguage":"pt-BR","potentialAction":[{"@type":"ReadAction","target":["https:\/\/africaatual.com.br\/index.php\/2022\/12\/12\/os-conhecimentos-e-saberes-adquiridos-pelos-alunos-da-rede-municipal-onde-um-novo-olhar-pedagogico-para-o-continente-africano-e-sua-cultura-norteou-a-exposicao-dos-trabalhos-xviii-novembro\/"]}]},{"@type":"ImageObject","inLanguage":"pt-BR","@id":"https:\/\/africaatual.com.br\/index.php\/2022\/12\/12\/os-conhecimentos-e-saberes-adquiridos-pelos-alunos-da-rede-municipal-onde-um-novo-olhar-pedagogico-para-o-continente-africano-e-sua-cultura-norteou-a-exposicao-dos-trabalhos-xviii-novembro\/#primaryimage","url":"","contentUrl":""},{"@type":"BreadcrumbList","@id":"https:\/\/africaatual.com.br\/index.php\/2022\/12\/12\/os-conhecimentos-e-saberes-adquiridos-pelos-alunos-da-rede-municipal-onde-um-novo-olhar-pedagogico-para-o-continente-africano-e-sua-cultura-norteou-a-exposicao-dos-trabalhos-xviii-novembro\/#breadcrumb","itemListElement":[{"@type":"ListItem","position":1,"name":"In\u00edcio","item":"https:\/\/africaatual.com.br\/"},{"@type":"ListItem","position":2,"name":"Rede Municipal de Osasco presente na Exposi\u00e7\u00e3o dos trabalhos do XVIII \u2013 Novembro Negro"}]},{"@type":"WebSite","@id":"https:\/\/africaatual.com.br\/#website","url":"https:\/\/africaatual.com.br\/","name":"africaatual.com.br","description":"O Atlas Geocultural da \u00c1frica \u00e9 um rico material de leitura e pesquisa, que visa apresentar de forma atual os pa\u00edses africanos, ainda t\u00e3o pouco conhecidos.","publisher":{"@id":"https:\/\/africaatual.com.br\/#organization"},"potentialAction":[{"@type":"SearchAction","target":{"@type":"EntryPoint","urlTemplate":"https:\/\/africaatual.com.br\/?s={search_term_string}"},"query-input":{"@type":"PropertyValueSpecification","valueRequired":true,"valueName":"search_term_string"}}],"inLanguage":"pt-BR"},{"@type":"Organization","@id":"https:\/\/africaatual.com.br\/#organization","name":"africaatual.com.br","url":"https:\/\/africaatual.com.br\/","logo":{"@type":"ImageObject","inLanguage":"pt-BR","@id":"https:\/\/africaatual.com.br\/#\/schema\/logo\/image\/","url":"http:\/\/africaatual.com.br\/wp-content\/uploads\/2023\/06\/LOGOEIROS_Prancheta-1-tipo-preto.png","contentUrl":"http:\/\/africaatual.com.br\/wp-content\/uploads\/2023\/06\/LOGOEIROS_Prancheta-1-tipo-preto.png","width":1667,"height":730,"caption":"africaatual.com.br"},"image":{"@id":"https:\/\/africaatual.com.br\/#\/schema\/logo\/image\/"}},{"@type":"Person","@id":"https:\/\/africaatual.com.br\/#\/schema\/person\/31315b203b16bec551dcad6d14ff6b17","name":"africaatual","image":{"@type":"ImageObject","inLanguage":"pt-BR","@id":"https:\/\/secure.gravatar.com\/avatar\/62aeeba3c7bd20a0a9ee0e00da31fba130446f5c08871cd9335ec9bce29b9030?s=96&d=mm&r=g","url":"https:\/\/secure.gravatar.com\/avatar\/62aeeba3c7bd20a0a9ee0e00da31fba130446f5c08871cd9335ec9bce29b9030?s=96&d=mm&r=g","contentUrl":"https:\/\/secure.gravatar.com\/avatar\/62aeeba3c7bd20a0a9ee0e00da31fba130446f5c08871cd9335ec9bce29b9030?s=96&d=mm&r=g","caption":"africaatual"},"sameAs":["http:\/\/africaatual.com.br"],"url":"https:\/\/africaatual.com.br\/index.php\/author\/atlasgeoculturalafricaatual-com\/"}]}},"_links":{"self":[{"href":"https:\/\/africaatual.com.br\/index.php\/wp-json\/wp\/v2\/posts\/6914","targetHints":{"allow":["GET"]}}],"collection":[{"href":"https:\/\/africaatual.com.br\/index.php\/wp-json\/wp\/v2\/posts"}],"about":[{"href":"https:\/\/africaatual.com.br\/index.php\/wp-json\/wp\/v2\/types\/post"}],"author":[{"embeddable":true,"href":"https:\/\/africaatual.com.br\/index.php\/wp-json\/wp\/v2\/users\/1"}],"replies":[{"embeddable":true,"href":"https:\/\/africaatual.com.br\/index.php\/wp-json\/wp\/v2\/comments?post=6914"}],"version-history":[{"count":0,"href":"https:\/\/africaatual.com.br\/index.php\/wp-json\/wp\/v2\/posts\/6914\/revisions"}],"wp:featuredmedia":[{"embeddable":true,"href":"https:\/\/africaatual.com.br\/index.php\/wp-json\/"}],"wp:attachment":[{"href":"https:\/\/africaatual.com.br\/index.php\/wp-json\/wp\/v2\/media?parent=6914"}],"wp:term":[{"taxonomy":"category","embeddable":true,"href":"https:\/\/africaatual.com.br\/index.php\/wp-json\/wp\/v2\/categories?post=6914"},{"taxonomy":"post_tag","embeddable":true,"href":"https:\/\/africaatual.com.br\/index.php\/wp-json\/wp\/v2\/tags?post=6914"},{"taxonomy":"palavra-chave","embeddable":true,"href":"https:\/\/africaatual.com.br\/index.php\/wp-json\/wp\/v2\/palavra-chave?post=6914"}],"curies":[{"name":"wp","href":"https:\/\/api.w.org\/{rel}","templated":true}]}}