
{"id":9809,"date":"2023-11-10T16:52:10","date_gmt":"2023-11-10T19:52:10","guid":{"rendered":"https:\/\/africaatual.com.br\/?p=9809"},"modified":"2025-07-22T20:13:19","modified_gmt":"2025-07-22T23:13:19","slug":"consequencias-do-colonianismo-nas-colonias-africanas-dos-franceses","status":"publish","type":"post","link":"https:\/\/africaatual.com.br\/index.php\/2023\/11\/10\/consequencias-do-colonianismo-nas-colonias-africanas-dos-franceses\/","title":{"rendered":"CONSEQU\u00caNCIAS DO COLONIANISMO NAS COLONIAS AFRICANAS DOS FRANCESES"},"content":{"rendered":"\t\t<div data-elementor-type=\"wp-post\" data-elementor-id=\"9809\" class=\"elementor elementor-9809\">\n\t\t\t\t\t\t<section class=\"elementor-section elementor-top-section elementor-element elementor-element-4fc05813 elementor-section-boxed elementor-section-height-default elementor-section-height-default wpr-particle-no wpr-jarallax-no wpr-parallax-no wpr-sticky-section-no wpr-equal-height-no\" data-id=\"4fc05813\" data-element_type=\"section\" data-e-type=\"section\">\n\t\t\t\t\t\t<div class=\"elementor-container elementor-column-gap-default\">\n\t\t\t\t\t<div class=\"elementor-column elementor-col-100 elementor-top-column elementor-element elementor-element-3b6af61a\" data-id=\"3b6af61a\" data-element_type=\"column\" data-e-type=\"column\">\n\t\t\t<div class=\"elementor-widget-wrap elementor-element-populated\">\n\t\t\t\t\t\t<div class=\"elementor-element elementor-element-48de378c elementor-widget elementor-widget-text-editor\" data-id=\"48de378c\" data-element_type=\"widget\" data-e-type=\"widget\" data-widget_type=\"text-editor.default\">\n\t\t\t\t<div class=\"elementor-widget-container\">\n\t\t\t\t\t\t\t\t\t\n<p>Por Comendador Jos\u00e9 Ferreira de Moraes<\/p>\n\n<p>O franco CFA foi criado em 26 de dezembro de 1945. O motivo de sua cria\u00e7\u00e3o foi a fraqueza do franco franc\u00eas imediatamente ap\u00f3s a Segunda Guerra Mundial. Quando a Fran\u00e7a ratificou o Acordo de Bretton Woods em dezembro de 1945, o franco franc\u00eas foi desvalorizado para estabelecer uma taxa de c\u00e2mbio fixa com o d\u00f3lar americano.\u00a0<\/p>\n\n<p>Novas moedas foram criadas nas col\u00f4nias francesas para poup\u00e1-las da forte desvaloriza\u00e7\u00e3o, facilitando assim a importa\u00e7\u00e3o de mercadorias.<\/p>\n\n<p>O franco CFA &#8211; Franco da Comunidade Financeira da \u00c1frica, originalmente Franco das Col\u00f4nias Francesas na \u00c1frica, ou coloquialmente franco; abrevia\u00e7\u00e3o: F.CFA \u00e9 o nome de duas moedas, o Ocidente Franco CFA africano, usado em oito pa\u00edses da \u00c1frica Ocidental, e o franco CFA da \u00c1frica Central, usado em seis pa\u00edses da \u00c1frica Central.<\/p>\n\n<p>O pior de tudo \u00e9 que apesar das duas moedas serem suportadas pelo Tesouro Frances elas s\u00f3 circulam nas respectivas zonas para onde foram criadas, ou seja, o FCFA da zona UEMOA (composta por 8 pa\u00edses da \u00c1frica ocidental) e n\u00e3o pode circular na zona CEMAC (composta por 6 pa\u00edses da \u00c1frica central) e vice-versa impedindo assim a realiza\u00e7\u00e3o de trocas comerciais entre as duas zonas e como consequ\u00eancia a integra\u00e7\u00e3o das suas economias.<\/p>\n\n<p>Sem d\u00favida o Franco CFA e um instrumento muito perigoso da manuten\u00e7\u00e3o da domina\u00e7\u00e3o colonialista francesa para os pa\u00edses que adotaram o F CFA como suas moedas. Com ele a Fran\u00e7a mant\u00e9m um controle das economias dos pa\u00edses das duas zonas econ\u00f4micas.<\/p>\n\n<p>A Fran\u00e7a \u00e9 considerada uns dos Pa\u00edses que mais teve dom\u00ednio, chegando a 10% da \u00e1rea terrestre.<\/p>\n\n<p>A FRAN\u00c7A, ocupa 7\u00ba lugar com maior poder econ\u00f4mico do mundo.<\/p>\n\n<p>Vou transcorrer em algumas linhas um draft das 14 Col\u00f4nias Africanos que transformaram em Pa\u00edses independentes, mas que, continuam economicamente escrava do sistema econ\u00f4mico franc\u00eas.<\/p>\n\n<p>Ainda persistem o neocolonianismo vivo e regente da Fran\u00e7a sobre os 14 Pa\u00edses Africanos economicamente com o dom\u00ednio do Franco CFA (Franco CFA Ocidental e Central) com emiss\u00e3o e controle do Banco Franc\u00eas e todas as taxas s\u00e3o controladas pelo Banco Central Europeu. Isto, tem prejudicado o desenvolvimento social e econ\u00f4mico de cada Pa\u00eds e vem alimentando a grande Fran\u00e7a economicamente mantendo dentre os primeiros Pa\u00edses mais rico, mas a nova era econ\u00f4mica n\u00e3o permitir respeitar acordos colonialista firmado na era Colonial, como mant\u00e9m a Fran\u00e7a\u00a0 em rela\u00e7\u00e3o aos Pa\u00edses abordados nesta informativo,\u00a0 n\u00e3o pode continuar, temos que engajar\u00a0 na nova era econ\u00f4mica mundial para acabar com acordos firmados em 1959 pela Fran\u00e7a e por isso que temos grandes projetos de parcerias e compromissos com\u00a0 o Continente Africano.<\/p>\n\n<p>Em meados da d\u00e9cada de 50, onde a \u00c1sia e \u00c1frica estava passando por um movimento ante Imperialismo, onde in\u00fameras Col\u00f4nias conquistam suas independ\u00eancias atrav\u00e9s lutas armadas. A Fran\u00e7a com um golpe sujo e muito bem planejado fez um Acordo de Coopera\u00e7\u00e3o para independ\u00eancias das Col\u00f4nias Africanas a partir de 1959.<\/p>\n\n<p>\u00a0O Presidente Franc\u00eas Charles de Gaulle, prop\u00f4s um Acordo para independ\u00eancias sem lutas armadas as 14 Col\u00f4nias, atrelados um instrumento permanente chamado de Acordo de Coopera\u00e7\u00e3o, explicado a seguir:<\/p>\n\n<p><strong><span style=\"text-decoration: underline;\">LADO FRAN\u00c7A:<\/span><\/strong><\/p>\n\n<p>Coopera\u00e7\u00e3o na \u00e1rea Militar, Educa\u00e7\u00e3o e Econ\u00f4mica<\/p>\n\n<p><strong><span style=\"text-decoration: underline;\">LADO COL\u00d4NIAS:<\/span><\/strong><\/p>\n\n<ul>\n<li>Permanente explora\u00e7\u00e3o de Recursos Minerais;<\/li>\n<li>Perman\u00eancia Militar (acordos);<\/li>\n<li>Moeda permanente de circula\u00e7\u00e3o Franco CFA.\u00a0<\/li>\n<\/ul>\n\n<p>Na \u00e9poca o Franco CFA, atrelado ao Franco Franc\u00eas e hoje atrelado ao Euro.<\/p>\n\n<p>Parte deste Acordo tamb\u00e9m, os Pa\u00edses ser\u00e3o obrigados a depositarem em Bancos Franceses:<\/p>\n\n<ul>\n<li>50% de sua reserva internacional no tesouro nacional franc\u00eas;<\/li>\n<li>20% do Passivo Financeiro;<\/li>\n<li>30% ficando apenas para o Pa\u00eds, para seu desenvolvimento Social e Econ\u00f4mico, isto inaceit\u00e1vel.<\/li>\n<\/ul>\n\n<p>\u00a0Mediante este acordo, permaneceria o colonialismo franc\u00eas e prova deste conceito foi a fala do ex-presidente da Fran\u00e7a Jacques Chirac \u201cTemos que ser sinceros e reconhecer que grande parte do dinheiro em nossos bancos vem justamente da explora\u00e7\u00e3o do Continente Africano\u201d. Outro:<\/p>\n\n<p>Ex Presidente Fran\u00e7ois Mitterrand \u201cSem \u00c1frica a FRAN\u00c7A, n\u00e3o teria hist\u00f3ria no s\u00e9culo XXI\u201d.<\/p>\n\n<p>As 14 Col\u00f4nias que se tornaram independentes \u201cPA\u00cdSES\u201d:<\/p>\n\n<p>ZONA UEMOA (Franco CFA Ocidental): Benin, Burkina Fasso, Costa do Marfim, Mali, N\u00edger, Senegal, Togo, Guin\u00e9 Bissau \u201ca partir de 1997, aderiu a zona CFA\u201d.<\/p>\n\n<p>ZONA CEMAC (Franco CFA Central: Gab\u00e3o, Chade, Congo, Rep\u00fablica Centro Africano, Camar\u00f5es, Guin\u00e9 Equatorial \u201caderiu a partir de 1984\u201d.<\/p>\n\n<p>H\u00e1 acordos firmados com as autoridades de alguns Pa\u00edses Africanos e Zonas (UEMOA, CEDEAO e CEMAC), para aplica\u00e7\u00e3o do desenvolvimento Social e Econ\u00f4mico visando a nova Ordem Mundial, objetivando a melhoria da qualidade de vida do povo africano e proporcionando o direto do tema AFRICA VIVE e concomitantemente alinhavados na parceria e compromissos empresariais\/investimentos e entre outros.\u00a0 Estamos fortemente alinhados neste projeto junto a Guin\u00e9 Bissau, dando o ponta p\u00e9 inicial com apoio e firmamento com as autoridades da Presid\u00eancia da Rep\u00fablica, na Assembleia dos Deputados o Deputado Rui Duarte e o nosso Excelent\u00edssimo Juiz Presidente do Supremo Tribunal de Justi\u00e7a o Sr. Npabi e a no Diretora do Banco Central a Vossa Excel\u00eancia Sra.\u00a0 Helena e com as For\u00e7as Armadas e os demais Minist\u00e9rios e inclusive com a C\u00e2mara Municipal, tendo como base principal do projeto do Bloco UEMOA a princesinha do Continente Africano a Guin\u00e9 Bissau.<\/p>\n\n<p>As consequ\u00eancias deste acordo, vem prejudicando o desenvolvimento econ\u00f4mico e social, alimentando cada vez mais a mis\u00e9ria e o desenvolvimento humano.\u00a0<\/p>\n\n<p>Desde 1994 o crescimento vem na casa de 1,5% a.a., inaceit\u00e1vel este indicar para os padr\u00f5es da nova era do desenvolvimento econ\u00f4mico, humano e de uma Na\u00e7\u00e3o e por isso que estamos juntos nesta batalha da igualdade e engajado na distribui\u00e7\u00e3o de riqueza.<\/p>\n\n<p>E este acordo vem se reafirmando nos dias de hoje com la\u00e7o escravista da Fran\u00e7a na explora\u00e7\u00e3o sem limite, como vem sendo notificado nos document\u00e1rios e informativos o direito da explora\u00e7\u00e3o da Fran\u00e7a em Petr\u00f3leo, Diamante, Ouro, Min\u00e9rio de Ferro, Ur\u00e2nio e entre outros Min\u00e9rio Nobres do Continente Africano, cito alguns movimentos de n\u00e3o aceita\u00e7\u00e3o deste acordo pelos Pa\u00edses:\u00a0<\/p>\n\n<p>O ex-presidente da Guin\u00e9 Conacri Abned S\u00e9kae Tor\u00e9, disse: \u201cPreferiria um Pa\u00eds pobre com liberdade, do que um Pa\u00eds rico sem Liberdade\u201d.<\/p>\n\n<p>Isto irritou o Presidente da Fran\u00e7a e houve retalha\u00e7\u00e3o:<\/p>\n\n<p>Cancelou a pens\u00e3o dos Veteranos que havia lutado na guerra da Fran\u00e7a;<\/p>\n\n<p>Destru\u00edram toda infraestrutura no Pa\u00eds;<\/p>\n\n<p>Inundaram toda economia com Notas Falsas da moeda Guinense.<\/p>\n\n<p>\u00a0Este foi o recado da Fran\u00e7a aos Pa\u00edses que quisesse se rebelarem contra o Acordo firmados entre as partes.<\/p>\n\n<p>Dando um passo adiante em 1963, o Ministro Sylnanus Olympio, ent\u00e3o Ministro do TOGO, foi assassinado por lan\u00e7ar uma moeda independente.\u00a0<\/p>\n\n<p>Desde a d\u00e9cada de 60, a Fran\u00e7a realizou mais de 40 interven\u00e7\u00f5es militares nos Pa\u00edses do Acordo.<\/p>\n\n<p>Veja a for\u00e7a da Fran\u00e7a, continua at\u00e9 hoje, exemplo na Costa do Marfim, os servi\u00e7os vitais para sociedade de povo, est\u00e3o nas m\u00e3os dos poderosos Franceses com a presta\u00e7\u00e3o de Servi\u00e7os essenciais a uma sociedade como: \u00c1gua, Eletricidade, Transportes, Aeroportos, Portes, Bancos, Telefonia e ente outros, todos sob comando dos poderosos das autarquias francesas no \u00e2mbito empresarial privado e autarquias p\u00fablicas. O poder continua nas m\u00e3os dos Escravistas.<\/p>\n\n<p>Cito: Em 2019 o Vice Primeiro-Ministro da It\u00e1lia Luigi Di Maio, disse \u201cSe a Fran\u00e7a n\u00e3o tivesse as suas Col\u00f4nias Africanas, porque \u00e9 assim que elas deveriam ser chamadas, seria a D\u00e9cima Quinta maior economia do mundo, ao inv\u00e9s disto est\u00e1 entre as primeiras, precisamente por causa do que faz na \u00c1frica\u201d.<\/p>\n\n<p>A Primeira-Ministra da It\u00e1lia Georgia Meloni, disse: \u201cA solu\u00e7\u00e3o n\u00e3o \u00e9 levar africanos para Europa, a solu\u00e7\u00e3o \u00e9 libertar a \u00c1frica de certos europeus que a exploram\u201d.<\/p>\n\n<p>O PIB da FRANCA \u00e9 de 3 Tri de d\u00f3lares e \u00e9 a 2\u00aa maior economia da Europa, mas se deixar a explora\u00e7\u00e3o na \u00c1frica a sai economia seria reduzida pela metade.<\/p>\n\n<p>Como ponto importante: O Franco CFA foi introduzido nas Col\u00f4nias desde 1930 e permanece como moeda circulante.<\/p>\n\n<p>H\u00e1 uma nova demanda no desenvolvimento de uma nova moeda para os Pa\u00edses membros do Franco CFA chamada de ECO em substitui\u00e7\u00e3o ao Franco CFA com a participa\u00e7\u00e3o da Fran\u00e7a, mas continua a controv\u00e9rsia, a Fran\u00e7a deixar\u00e1 de gerir o Franco, ser\u00e1 convertido em Euro com c\u00e2mbio fixo e dever\u00e1 ser implantado at\u00e9 2027, tem que rever se n\u00e3o permanecer\u00e1 o sugamento dos recursos naturais e de desenvolvimento continuar alimentando a grande na\u00e7\u00e3o Francesa.<\/p>\n\n<p>Enfim, n\u00e3o podemos deixar as grandes mentes e os grandes celebres foram for\u00e7ados a sair do seus Pa\u00edses de origem, para buscarem oportunidades e engrandecer as grandes Na\u00e7\u00f5es como Europa e Outras, temos um compromisso Social e Econ\u00f4mico com o Continente Africano do retorno destas celebridades aos seus Pa\u00edses de Origem, atrav\u00e9s de nossos compromissos comerciais e humanistas a serem implementados no Continente.\u00a0<\/p>\n\n<p>Ponto importante nesta reflex\u00e3o, pela grande mudan\u00e7a da Ordem Mundial, inclusive Ruanda e Mali mudan\u00e7a a l\u00edngua Francesa e n\u00e3o utilizam mais como l\u00edngua oficial.Refr\u00e3o vivo hoje: \u201c<strong>\u00c1FRICA VIVE<\/strong>\u201d.<\/p>\n\t\t\t\t\t\t\t\t<\/div>\n\t\t\t\t<\/div>\n\t\t\t\t\t<\/div>\n\t\t<\/div>\n\t\t\t\t\t<\/div>\n\t\t<\/section>\n\t\t\t\t<\/div>\n\t\t","protected":false},"excerpt":{"rendered":"<p>Por Comendador Jos\u00e9 Ferreira de Moraes O franco CFA foi criado em 26 de dezembro de 1945. O motivo de sua cria\u00e7\u00e3o foi a fraqueza do franco franc\u00eas imediatamente ap\u00f3s a Segunda Guerra Mundial. Quando a Fran\u00e7a ratificou o Acordo de Bretton Woods em dezembro de 1945, o franco franc\u00eas foi desvalorizado para estabelecer uma taxa de c\u00e2mbio fixa com o d\u00f3lar americano.\u00a0 Novas moedas foram criadas nas col\u00f4nias francesas para poup\u00e1-las da forte desvaloriza\u00e7\u00e3o, facilitando assim a importa\u00e7\u00e3o de mercadorias. O franco CFA &#8211; Franco da Comunidade Financeira da \u00c1frica, originalmente Franco das Col\u00f4nias Francesas na \u00c1frica, ou coloquialmente franco; abrevia\u00e7\u00e3o: F.CFA \u00e9 o nome de duas moedas, o Ocidente Franco CFA africano, usado em oito pa\u00edses da \u00c1frica Ocidental, e o franco CFA da \u00c1frica Central, usado em seis pa\u00edses da \u00c1frica Central. O pior de tudo \u00e9 que apesar das duas moedas serem suportadas pelo Tesouro Frances elas s\u00f3 circulam nas respectivas zonas para onde foram criadas, ou seja, o FCFA da zona UEMOA (composta por 8 pa\u00edses da \u00c1frica ocidental) e n\u00e3o pode circular na zona CEMAC (composta por 6 pa\u00edses da \u00c1frica central) e vice-versa impedindo assim a realiza\u00e7\u00e3o de trocas comerciais entre as duas zonas e como consequ\u00eancia a integra\u00e7\u00e3o das suas economias. Sem d\u00favida o Franco CFA e um instrumento muito perigoso da manuten\u00e7\u00e3o da domina\u00e7\u00e3o colonialista francesa para os pa\u00edses que adotaram o F CFA como suas moedas. Com ele a Fran\u00e7a mant\u00e9m um controle das economias dos pa\u00edses das duas zonas econ\u00f4micas. A Fran\u00e7a \u00e9 considerada uns dos Pa\u00edses que mais teve dom\u00ednio, chegando a 10% da \u00e1rea terrestre. A FRAN\u00c7A, ocupa 7\u00ba lugar com maior poder econ\u00f4mico do mundo. Vou transcorrer em algumas linhas um draft das 14 Col\u00f4nias Africanos que transformaram em Pa\u00edses independentes, mas que, continuam economicamente escrava do sistema econ\u00f4mico franc\u00eas. Ainda persistem o neocolonianismo vivo e regente da Fran\u00e7a sobre os 14 Pa\u00edses Africanos economicamente com o dom\u00ednio do Franco CFA (Franco CFA Ocidental e Central) com emiss\u00e3o e controle do Banco Franc\u00eas e todas as taxas s\u00e3o controladas pelo Banco Central Europeu. Isto, tem prejudicado o desenvolvimento social e econ\u00f4mico de cada Pa\u00eds e vem alimentando a grande Fran\u00e7a economicamente mantendo dentre os primeiros Pa\u00edses mais rico, mas a nova era econ\u00f4mica n\u00e3o permitir respeitar acordos colonialista firmado na era Colonial, como mant\u00e9m a Fran\u00e7a\u00a0 em rela\u00e7\u00e3o aos Pa\u00edses abordados nesta informativo,\u00a0 n\u00e3o pode continuar, temos que engajar\u00a0 na nova era econ\u00f4mica mundial para acabar com acordos firmados em 1959 pela Fran\u00e7a e por isso que temos grandes projetos de parcerias e compromissos com\u00a0 o Continente Africano. Em meados da d\u00e9cada de 50, onde a \u00c1sia e \u00c1frica estava passando por um movimento ante Imperialismo, onde in\u00fameras Col\u00f4nias conquistam suas independ\u00eancias atrav\u00e9s lutas armadas. A Fran\u00e7a com um golpe sujo e muito bem planejado fez um Acordo de Coopera\u00e7\u00e3o para independ\u00eancias das Col\u00f4nias Africanas a partir de 1959. \u00a0O Presidente Franc\u00eas Charles de Gaulle, prop\u00f4s um Acordo para independ\u00eancias sem lutas armadas as 14 Col\u00f4nias, atrelados um instrumento permanente chamado de Acordo de Coopera\u00e7\u00e3o, explicado a seguir: LADO FRAN\u00c7A: Coopera\u00e7\u00e3o na \u00e1rea Militar, Educa\u00e7\u00e3o e Econ\u00f4mica LADO COL\u00d4NIAS: Permanente explora\u00e7\u00e3o de Recursos Minerais; Perman\u00eancia Militar (acordos); Moeda permanente de circula\u00e7\u00e3o Franco CFA.\u00a0 Na \u00e9poca o Franco CFA, atrelado ao Franco Franc\u00eas e hoje atrelado ao Euro. Parte deste Acordo tamb\u00e9m, os Pa\u00edses ser\u00e3o obrigados a depositarem em Bancos Franceses: 50% de sua reserva internacional no tesouro nacional franc\u00eas; 20% do Passivo Financeiro; 30% ficando apenas para o Pa\u00eds, para seu desenvolvimento Social e Econ\u00f4mico, isto inaceit\u00e1vel. \u00a0Mediante este acordo, permaneceria o colonialismo franc\u00eas e prova deste conceito foi a fala do ex-presidente da Fran\u00e7a Jacques Chirac \u201cTemos que ser sinceros e reconhecer que grande parte do dinheiro em nossos bancos vem justamente da explora\u00e7\u00e3o do Continente Africano\u201d. Outro: Ex Presidente Fran\u00e7ois Mitterrand \u201cSem \u00c1frica a FRAN\u00c7A, n\u00e3o teria hist\u00f3ria no s\u00e9culo XXI\u201d. As 14 Col\u00f4nias que se tornaram independentes \u201cPA\u00cdSES\u201d: ZONA UEMOA (Franco CFA Ocidental): Benin, Burkina Fasso, Costa do Marfim, Mali, N\u00edger, Senegal, Togo, Guin\u00e9 Bissau \u201ca partir de 1997, aderiu a zona CFA\u201d. ZONA CEMAC (Franco CFA Central: Gab\u00e3o, Chade, Congo, Rep\u00fablica Centro Africano, Camar\u00f5es, Guin\u00e9 Equatorial \u201caderiu a partir de 1984\u201d. H\u00e1 acordos firmados com as autoridades de alguns Pa\u00edses Africanos e Zonas (UEMOA, CEDEAO e CEMAC), para aplica\u00e7\u00e3o do desenvolvimento Social e Econ\u00f4mico visando a nova Ordem Mundial, objetivando a melhoria da qualidade de vida do povo africano e proporcionando o direto do tema AFRICA VIVE e concomitantemente alinhavados na parceria e compromissos empresariais\/investimentos e entre outros.\u00a0 Estamos fortemente alinhados neste projeto junto a Guin\u00e9 Bissau, dando o ponta p\u00e9 inicial com apoio e firmamento com as autoridades da Presid\u00eancia da Rep\u00fablica, na Assembleia dos Deputados o Deputado Rui Duarte e o nosso Excelent\u00edssimo Juiz Presidente do Supremo Tribunal de Justi\u00e7a o Sr. Npabi e a no Diretora do Banco Central a Vossa Excel\u00eancia Sra.\u00a0 Helena e com as For\u00e7as Armadas e os demais Minist\u00e9rios e inclusive com a C\u00e2mara Municipal, tendo como base principal do projeto do Bloco UEMOA a princesinha do Continente Africano a Guin\u00e9 Bissau. As consequ\u00eancias deste acordo, vem prejudicando o desenvolvimento econ\u00f4mico e social, alimentando cada vez mais a mis\u00e9ria e o desenvolvimento humano.\u00a0 Desde 1994 o crescimento vem na casa de 1,5% a.a., inaceit\u00e1vel este indicar para os padr\u00f5es da nova era do desenvolvimento econ\u00f4mico, humano e de uma Na\u00e7\u00e3o e por isso que estamos juntos nesta batalha da igualdade e engajado na distribui\u00e7\u00e3o de riqueza. E este acordo vem se reafirmando nos dias de hoje com la\u00e7o escravista da Fran\u00e7a na explora\u00e7\u00e3o sem limite, como vem sendo notificado nos document\u00e1rios e informativos o direito da explora\u00e7\u00e3o da Fran\u00e7a em Petr\u00f3leo, Diamante, Ouro, Min\u00e9rio de Ferro, Ur\u00e2nio e entre outros Min\u00e9rio Nobres do Continente Africano, cito alguns movimentos de n\u00e3o aceita\u00e7\u00e3o deste acordo pelos Pa\u00edses:\u00a0 O ex-presidente da Guin\u00e9 Conacri Abned S\u00e9kae Tor\u00e9, disse: \u201cPreferiria um Pa\u00eds pobre com liberdade, do que um Pa\u00eds rico sem Liberdade\u201d. Isto irritou o Presidente da Fran\u00e7a e<\/p>\n","protected":false},"author":1,"featured_media":9810,"comment_status":"open","ping_status":"open","sticky":true,"template":"elementor_theme","format":"standard","meta":{"inline_featured_image":false,"ocean_post_layout":"","ocean_both_sidebars_style":"","ocean_both_sidebars_content_width":0,"ocean_both_sidebars_sidebars_width":0,"ocean_sidebar":"0","ocean_second_sidebar":"0","ocean_disable_margins":"enable","ocean_add_body_class":"","ocean_shortcode_before_top_bar":"","ocean_shortcode_after_top_bar":"","ocean_shortcode_before_header":"","ocean_shortcode_after_header":"","ocean_has_shortcode":"","ocean_shortcode_after_title":"","ocean_shortcode_before_footer_widgets":"","ocean_shortcode_after_footer_widgets":"","ocean_shortcode_before_footer_bottom":"","ocean_shortcode_after_footer_bottom":"","ocean_display_top_bar":"default","ocean_display_header":"default","ocean_header_style":"","ocean_center_header_left_menu":"0","ocean_custom_header_template":"0","ocean_custom_logo":0,"ocean_custom_retina_logo":0,"ocean_custom_logo_max_width":0,"ocean_custom_logo_tablet_max_width":0,"ocean_custom_logo_mobile_max_width":0,"ocean_custom_logo_max_height":0,"ocean_custom_logo_tablet_max_height":0,"ocean_custom_logo_mobile_max_height":0,"ocean_header_custom_menu":"0","ocean_menu_typo_font_family":"0","ocean_menu_typo_font_subset":"","ocean_menu_typo_font_size":0,"ocean_menu_typo_font_size_tablet":0,"ocean_menu_typo_font_size_mobile":0,"ocean_menu_typo_font_size_unit":"px","ocean_menu_typo_font_weight":"","ocean_menu_typo_font_weight_tablet":"","ocean_menu_typo_font_weight_mobile":"","ocean_menu_typo_transform":"","ocean_menu_typo_transform_tablet":"","ocean_menu_typo_transform_mobile":"","ocean_menu_typo_line_height":0,"ocean_menu_typo_line_height_tablet":0,"ocean_menu_typo_line_height_mobile":0,"ocean_menu_typo_line_height_unit":"","ocean_menu_typo_spacing":0,"ocean_menu_typo_spacing_tablet":0,"ocean_menu_typo_spacing_mobile":0,"ocean_menu_typo_spacing_unit":"","ocean_menu_link_color":"","ocean_menu_link_color_hover":"","ocean_menu_link_color_active":"","ocean_menu_link_background":"","ocean_menu_link_hover_background":"","ocean_menu_link_active_background":"","ocean_menu_social_links_bg":"","ocean_menu_social_hover_links_bg":"","ocean_menu_social_links_color":"","ocean_menu_social_hover_links_color":"","ocean_disable_title":"default","ocean_disable_heading":"default","ocean_post_title":"","ocean_post_subheading":"","ocean_post_title_style":"","ocean_post_title_background_color":"","ocean_post_title_background":0,"ocean_post_title_bg_image_position":"","ocean_post_title_bg_image_attachment":"","ocean_post_title_bg_image_repeat":"","ocean_post_title_bg_image_size":"","ocean_post_title_height":0,"ocean_post_title_bg_overlay":0.5,"ocean_post_title_bg_overlay_color":"","ocean_disable_breadcrumbs":"default","ocean_breadcrumbs_color":"","ocean_breadcrumbs_separator_color":"","ocean_breadcrumbs_links_color":"","ocean_breadcrumbs_links_hover_color":"","ocean_display_footer_widgets":"default","ocean_display_footer_bottom":"default","ocean_custom_footer_template":"0","omw_enable_modal_window":"enable","ocean_post_oembed":"","ocean_post_self_hosted_media":"","ocean_post_video_embed":"","ocean_link_format":"","ocean_link_format_target":"self","ocean_quote_format":"","ocean_quote_format_link":"post","ocean_gallery_link_images":"off","ocean_gallery_id":[],"footnotes":""},"categories":[48,25,62,14,23],"tags":[139],"palavra-chave":[],"class_list":["post-9809","post","type-post","status-publish","format-standard","has-post-thumbnail","hentry","category-sem-categoria","category-economia-politica","category-news","category-noticias","category-sociologia","tag-comendador-jose-ferreira","entry","has-media"],"yoast_head":"<!-- This site is optimized with the Yoast SEO plugin v27.3 - https:\/\/yoast.com\/product\/yoast-seo-wordpress\/ -->\n<title>CONSEQU\u00caNCIAS DO COLONIANISMO NAS COLONIAS AFRICANAS DOS FRANCESES - africaatual.com.br<\/title>\n<meta name=\"robots\" content=\"index, follow, max-snippet:-1, max-image-preview:large, max-video-preview:-1\" \/>\n<link rel=\"canonical\" href=\"https:\/\/africaatual.com.br\/index.php\/2023\/11\/10\/consequencias-do-colonianismo-nas-colonias-africanas-dos-franceses\/\" \/>\n<meta property=\"og:locale\" content=\"pt_BR\" \/>\n<meta property=\"og:type\" content=\"article\" \/>\n<meta property=\"og:title\" content=\"CONSEQU\u00caNCIAS DO COLONIANISMO NAS COLONIAS AFRICANAS DOS FRANCESES - africaatual.com.br\" \/>\n<meta property=\"og:description\" content=\"Por Comendador Jos\u00e9 Ferreira de Moraes O franco CFA foi criado em 26 de dezembro de 1945. O motivo de sua cria\u00e7\u00e3o foi a fraqueza do franco franc\u00eas imediatamente ap\u00f3s a Segunda Guerra Mundial. Quando a Fran\u00e7a ratificou o Acordo de Bretton Woods em dezembro de 1945, o franco franc\u00eas foi desvalorizado para estabelecer uma taxa de c\u00e2mbio fixa com o d\u00f3lar americano.\u00a0 Novas moedas foram criadas nas col\u00f4nias francesas para poup\u00e1-las da forte desvaloriza\u00e7\u00e3o, facilitando assim a importa\u00e7\u00e3o de mercadorias. O franco CFA &#8211; Franco da Comunidade Financeira da \u00c1frica, originalmente Franco das Col\u00f4nias Francesas na \u00c1frica, ou coloquialmente franco; abrevia\u00e7\u00e3o: F.CFA \u00e9 o nome de duas moedas, o Ocidente Franco CFA africano, usado em oito pa\u00edses da \u00c1frica Ocidental, e o franco CFA da \u00c1frica Central, usado em seis pa\u00edses da \u00c1frica Central. O pior de tudo \u00e9 que apesar das duas moedas serem suportadas pelo Tesouro Frances elas s\u00f3 circulam nas respectivas zonas para onde foram criadas, ou seja, o FCFA da zona UEMOA (composta por 8 pa\u00edses da \u00c1frica ocidental) e n\u00e3o pode circular na zona CEMAC (composta por 6 pa\u00edses da \u00c1frica central) e vice-versa impedindo assim a realiza\u00e7\u00e3o de trocas comerciais entre as duas zonas e como consequ\u00eancia a integra\u00e7\u00e3o das suas economias. Sem d\u00favida o Franco CFA e um instrumento muito perigoso da manuten\u00e7\u00e3o da domina\u00e7\u00e3o colonialista francesa para os pa\u00edses que adotaram o F CFA como suas moedas. Com ele a Fran\u00e7a mant\u00e9m um controle das economias dos pa\u00edses das duas zonas econ\u00f4micas. A Fran\u00e7a \u00e9 considerada uns dos Pa\u00edses que mais teve dom\u00ednio, chegando a 10% da \u00e1rea terrestre. A FRAN\u00c7A, ocupa 7\u00ba lugar com maior poder econ\u00f4mico do mundo. Vou transcorrer em algumas linhas um draft das 14 Col\u00f4nias Africanos que transformaram em Pa\u00edses independentes, mas que, continuam economicamente escrava do sistema econ\u00f4mico franc\u00eas. Ainda persistem o neocolonianismo vivo e regente da Fran\u00e7a sobre os 14 Pa\u00edses Africanos economicamente com o dom\u00ednio do Franco CFA (Franco CFA Ocidental e Central) com emiss\u00e3o e controle do Banco Franc\u00eas e todas as taxas s\u00e3o controladas pelo Banco Central Europeu. Isto, tem prejudicado o desenvolvimento social e econ\u00f4mico de cada Pa\u00eds e vem alimentando a grande Fran\u00e7a economicamente mantendo dentre os primeiros Pa\u00edses mais rico, mas a nova era econ\u00f4mica n\u00e3o permitir respeitar acordos colonialista firmado na era Colonial, como mant\u00e9m a Fran\u00e7a\u00a0 em rela\u00e7\u00e3o aos Pa\u00edses abordados nesta informativo,\u00a0 n\u00e3o pode continuar, temos que engajar\u00a0 na nova era econ\u00f4mica mundial para acabar com acordos firmados em 1959 pela Fran\u00e7a e por isso que temos grandes projetos de parcerias e compromissos com\u00a0 o Continente Africano. Em meados da d\u00e9cada de 50, onde a \u00c1sia e \u00c1frica estava passando por um movimento ante Imperialismo, onde in\u00fameras Col\u00f4nias conquistam suas independ\u00eancias atrav\u00e9s lutas armadas. A Fran\u00e7a com um golpe sujo e muito bem planejado fez um Acordo de Coopera\u00e7\u00e3o para independ\u00eancias das Col\u00f4nias Africanas a partir de 1959. \u00a0O Presidente Franc\u00eas Charles de Gaulle, prop\u00f4s um Acordo para independ\u00eancias sem lutas armadas as 14 Col\u00f4nias, atrelados um instrumento permanente chamado de Acordo de Coopera\u00e7\u00e3o, explicado a seguir: LADO FRAN\u00c7A: Coopera\u00e7\u00e3o na \u00e1rea Militar, Educa\u00e7\u00e3o e Econ\u00f4mica LADO COL\u00d4NIAS: Permanente explora\u00e7\u00e3o de Recursos Minerais; Perman\u00eancia Militar (acordos); Moeda permanente de circula\u00e7\u00e3o Franco CFA.\u00a0 Na \u00e9poca o Franco CFA, atrelado ao Franco Franc\u00eas e hoje atrelado ao Euro. Parte deste Acordo tamb\u00e9m, os Pa\u00edses ser\u00e3o obrigados a depositarem em Bancos Franceses: 50% de sua reserva internacional no tesouro nacional franc\u00eas; 20% do Passivo Financeiro; 30% ficando apenas para o Pa\u00eds, para seu desenvolvimento Social e Econ\u00f4mico, isto inaceit\u00e1vel. \u00a0Mediante este acordo, permaneceria o colonialismo franc\u00eas e prova deste conceito foi a fala do ex-presidente da Fran\u00e7a Jacques Chirac \u201cTemos que ser sinceros e reconhecer que grande parte do dinheiro em nossos bancos vem justamente da explora\u00e7\u00e3o do Continente Africano\u201d. Outro: Ex Presidente Fran\u00e7ois Mitterrand \u201cSem \u00c1frica a FRAN\u00c7A, n\u00e3o teria hist\u00f3ria no s\u00e9culo XXI\u201d. As 14 Col\u00f4nias que se tornaram independentes \u201cPA\u00cdSES\u201d: ZONA UEMOA (Franco CFA Ocidental): Benin, Burkina Fasso, Costa do Marfim, Mali, N\u00edger, Senegal, Togo, Guin\u00e9 Bissau \u201ca partir de 1997, aderiu a zona CFA\u201d. ZONA CEMAC (Franco CFA Central: Gab\u00e3o, Chade, Congo, Rep\u00fablica Centro Africano, Camar\u00f5es, Guin\u00e9 Equatorial \u201caderiu a partir de 1984\u201d. H\u00e1 acordos firmados com as autoridades de alguns Pa\u00edses Africanos e Zonas (UEMOA, CEDEAO e CEMAC), para aplica\u00e7\u00e3o do desenvolvimento Social e Econ\u00f4mico visando a nova Ordem Mundial, objetivando a melhoria da qualidade de vida do povo africano e proporcionando o direto do tema AFRICA VIVE e concomitantemente alinhavados na parceria e compromissos empresariais\/investimentos e entre outros.\u00a0 Estamos fortemente alinhados neste projeto junto a Guin\u00e9 Bissau, dando o ponta p\u00e9 inicial com apoio e firmamento com as autoridades da Presid\u00eancia da Rep\u00fablica, na Assembleia dos Deputados o Deputado Rui Duarte e o nosso Excelent\u00edssimo Juiz Presidente do Supremo Tribunal de Justi\u00e7a o Sr. Npabi e a no Diretora do Banco Central a Vossa Excel\u00eancia Sra.\u00a0 Helena e com as For\u00e7as Armadas e os demais Minist\u00e9rios e inclusive com a C\u00e2mara Municipal, tendo como base principal do projeto do Bloco UEMOA a princesinha do Continente Africano a Guin\u00e9 Bissau. As consequ\u00eancias deste acordo, vem prejudicando o desenvolvimento econ\u00f4mico e social, alimentando cada vez mais a mis\u00e9ria e o desenvolvimento humano.\u00a0 Desde 1994 o crescimento vem na casa de 1,5% a.a., inaceit\u00e1vel este indicar para os padr\u00f5es da nova era do desenvolvimento econ\u00f4mico, humano e de uma Na\u00e7\u00e3o e por isso que estamos juntos nesta batalha da igualdade e engajado na distribui\u00e7\u00e3o de riqueza. E este acordo vem se reafirmando nos dias de hoje com la\u00e7o escravista da Fran\u00e7a na explora\u00e7\u00e3o sem limite, como vem sendo notificado nos document\u00e1rios e informativos o direito da explora\u00e7\u00e3o da Fran\u00e7a em Petr\u00f3leo, Diamante, Ouro, Min\u00e9rio de Ferro, Ur\u00e2nio e entre outros Min\u00e9rio Nobres do Continente Africano, cito alguns movimentos de n\u00e3o aceita\u00e7\u00e3o deste acordo pelos Pa\u00edses:\u00a0 O ex-presidente da Guin\u00e9 Conacri Abned S\u00e9kae Tor\u00e9, disse: \u201cPreferiria um Pa\u00eds pobre com liberdade, do que um Pa\u00eds rico sem Liberdade\u201d. Isto irritou o Presidente da Fran\u00e7a e\" \/>\n<meta property=\"og:url\" content=\"https:\/\/africaatual.com.br\/index.php\/2023\/11\/10\/consequencias-do-colonianismo-nas-colonias-africanas-dos-franceses\/\" \/>\n<meta property=\"og:site_name\" content=\"africaatual.com.br\" \/>\n<meta property=\"article:published_time\" content=\"2023-11-10T19:52:10+00:00\" \/>\n<meta property=\"article:modified_time\" content=\"2025-07-22T23:13:19+00:00\" \/>\n<meta property=\"og:image\" content=\"http:\/\/africaatual.com.br\/wp-content\/uploads\/2023\/11\/@atlasgeoculturaldaafrica-12.jpg\" \/>\n\t<meta property=\"og:image:width\" content=\"1080\" \/>\n\t<meta property=\"og:image:height\" content=\"1080\" \/>\n\t<meta property=\"og:image:type\" content=\"image\/jpeg\" \/>\n<meta name=\"author\" content=\"africaatual\" \/>\n<meta name=\"twitter:card\" content=\"summary_large_image\" \/>\n<meta name=\"twitter:label1\" content=\"Escrito por\" \/>\n\t<meta name=\"twitter:data1\" content=\"africaatual\" \/>\n\t<meta name=\"twitter:label2\" content=\"Est. tempo de leitura\" \/>\n\t<meta name=\"twitter:data2\" content=\"9 minutos\" \/>\n<script type=\"application\/ld+json\" class=\"yoast-schema-graph\">{\"@context\":\"https:\\\/\\\/schema.org\",\"@graph\":[{\"@type\":\"Article\",\"@id\":\"https:\\\/\\\/africaatual.com.br\\\/index.php\\\/2023\\\/11\\\/10\\\/consequencias-do-colonianismo-nas-colonias-africanas-dos-franceses\\\/#article\",\"isPartOf\":{\"@id\":\"https:\\\/\\\/africaatual.com.br\\\/index.php\\\/2023\\\/11\\\/10\\\/consequencias-do-colonianismo-nas-colonias-africanas-dos-franceses\\\/\"},\"author\":{\"name\":\"africaatual\",\"@id\":\"https:\\\/\\\/africaatual.com.br\\\/#\\\/schema\\\/person\\\/31315b203b16bec551dcad6d14ff6b17\"},\"headline\":\"CONSEQU\u00caNCIAS DO COLONIANISMO NAS COLONIAS AFRICANAS DOS FRANCESES\",\"datePublished\":\"2023-11-10T19:52:10+00:00\",\"dateModified\":\"2025-07-22T23:13:19+00:00\",\"mainEntityOfPage\":{\"@id\":\"https:\\\/\\\/africaatual.com.br\\\/index.php\\\/2023\\\/11\\\/10\\\/consequencias-do-colonianismo-nas-colonias-africanas-dos-franceses\\\/\"},\"wordCount\":1617,\"commentCount\":0,\"publisher\":{\"@id\":\"https:\\\/\\\/africaatual.com.br\\\/#organization\"},\"image\":{\"@id\":\"https:\\\/\\\/africaatual.com.br\\\/index.php\\\/2023\\\/11\\\/10\\\/consequencias-do-colonianismo-nas-colonias-africanas-dos-franceses\\\/#primaryimage\"},\"thumbnailUrl\":\"https:\\\/\\\/africaatual.com.br\\\/wp-content\\\/uploads\\\/2023\\\/11\\\/@atlasgeoculturaldaafrica-12.jpg\",\"keywords\":[\"Comendador Jos\u00e9 Ferreira\"],\"articleSection\":[\"A Africa\",\"Economia Pol\u00edtica\",\"News\",\"Not\u00edcias\",\"Sociologia\"],\"inLanguage\":\"pt-BR\",\"potentialAction\":[{\"@type\":\"CommentAction\",\"name\":\"Comment\",\"target\":[\"https:\\\/\\\/africaatual.com.br\\\/index.php\\\/2023\\\/11\\\/10\\\/consequencias-do-colonianismo-nas-colonias-africanas-dos-franceses\\\/#respond\"]}]},{\"@type\":\"WebPage\",\"@id\":\"https:\\\/\\\/africaatual.com.br\\\/index.php\\\/2023\\\/11\\\/10\\\/consequencias-do-colonianismo-nas-colonias-africanas-dos-franceses\\\/\",\"url\":\"https:\\\/\\\/africaatual.com.br\\\/index.php\\\/2023\\\/11\\\/10\\\/consequencias-do-colonianismo-nas-colonias-africanas-dos-franceses\\\/\",\"name\":\"CONSEQU\u00caNCIAS DO COLONIANISMO NAS COLONIAS AFRICANAS DOS FRANCESES - africaatual.com.br\",\"isPartOf\":{\"@id\":\"https:\\\/\\\/africaatual.com.br\\\/#website\"},\"primaryImageOfPage\":{\"@id\":\"https:\\\/\\\/africaatual.com.br\\\/index.php\\\/2023\\\/11\\\/10\\\/consequencias-do-colonianismo-nas-colonias-africanas-dos-franceses\\\/#primaryimage\"},\"image\":{\"@id\":\"https:\\\/\\\/africaatual.com.br\\\/index.php\\\/2023\\\/11\\\/10\\\/consequencias-do-colonianismo-nas-colonias-africanas-dos-franceses\\\/#primaryimage\"},\"thumbnailUrl\":\"https:\\\/\\\/africaatual.com.br\\\/wp-content\\\/uploads\\\/2023\\\/11\\\/@atlasgeoculturaldaafrica-12.jpg\",\"datePublished\":\"2023-11-10T19:52:10+00:00\",\"dateModified\":\"2025-07-22T23:13:19+00:00\",\"breadcrumb\":{\"@id\":\"https:\\\/\\\/africaatual.com.br\\\/index.php\\\/2023\\\/11\\\/10\\\/consequencias-do-colonianismo-nas-colonias-africanas-dos-franceses\\\/#breadcrumb\"},\"inLanguage\":\"pt-BR\",\"potentialAction\":[{\"@type\":\"ReadAction\",\"target\":[\"https:\\\/\\\/africaatual.com.br\\\/index.php\\\/2023\\\/11\\\/10\\\/consequencias-do-colonianismo-nas-colonias-africanas-dos-franceses\\\/\"]}]},{\"@type\":\"ImageObject\",\"inLanguage\":\"pt-BR\",\"@id\":\"https:\\\/\\\/africaatual.com.br\\\/index.php\\\/2023\\\/11\\\/10\\\/consequencias-do-colonianismo-nas-colonias-africanas-dos-franceses\\\/#primaryimage\",\"url\":\"https:\\\/\\\/africaatual.com.br\\\/wp-content\\\/uploads\\\/2023\\\/11\\\/@atlasgeoculturaldaafrica-12.jpg\",\"contentUrl\":\"https:\\\/\\\/africaatual.com.br\\\/wp-content\\\/uploads\\\/2023\\\/11\\\/@atlasgeoculturaldaafrica-12.jpg\",\"width\":1080,\"height\":1080},{\"@type\":\"BreadcrumbList\",\"@id\":\"https:\\\/\\\/africaatual.com.br\\\/index.php\\\/2023\\\/11\\\/10\\\/consequencias-do-colonianismo-nas-colonias-africanas-dos-franceses\\\/#breadcrumb\",\"itemListElement\":[{\"@type\":\"ListItem\",\"position\":1,\"name\":\"In\u00edcio\",\"item\":\"https:\\\/\\\/africaatual.com.br\\\/\"},{\"@type\":\"ListItem\",\"position\":2,\"name\":\"CONSEQU\u00caNCIAS DO COLONIANISMO NAS COLONIAS AFRICANAS DOS FRANCESES\"}]},{\"@type\":\"WebSite\",\"@id\":\"https:\\\/\\\/africaatual.com.br\\\/#website\",\"url\":\"https:\\\/\\\/africaatual.com.br\\\/\",\"name\":\"africaatual.com.br\",\"description\":\"O Atlas Geocultural da \u00c1frica \u00e9 um rico material de leitura e pesquisa, que visa apresentar de forma atual os pa\u00edses africanos, ainda t\u00e3o pouco conhecidos.\",\"publisher\":{\"@id\":\"https:\\\/\\\/africaatual.com.br\\\/#organization\"},\"potentialAction\":[{\"@type\":\"SearchAction\",\"target\":{\"@type\":\"EntryPoint\",\"urlTemplate\":\"https:\\\/\\\/africaatual.com.br\\\/?s={search_term_string}\"},\"query-input\":{\"@type\":\"PropertyValueSpecification\",\"valueRequired\":true,\"valueName\":\"search_term_string\"}}],\"inLanguage\":\"pt-BR\"},{\"@type\":\"Organization\",\"@id\":\"https:\\\/\\\/africaatual.com.br\\\/#organization\",\"name\":\"africaatual.com.br\",\"url\":\"https:\\\/\\\/africaatual.com.br\\\/\",\"logo\":{\"@type\":\"ImageObject\",\"inLanguage\":\"pt-BR\",\"@id\":\"https:\\\/\\\/africaatual.com.br\\\/#\\\/schema\\\/logo\\\/image\\\/\",\"url\":\"http:\\\/\\\/africaatual.com.br\\\/wp-content\\\/uploads\\\/2023\\\/06\\\/LOGOEIROS_Prancheta-1-tipo-preto.png\",\"contentUrl\":\"http:\\\/\\\/africaatual.com.br\\\/wp-content\\\/uploads\\\/2023\\\/06\\\/LOGOEIROS_Prancheta-1-tipo-preto.png\",\"width\":1667,\"height\":730,\"caption\":\"africaatual.com.br\"},\"image\":{\"@id\":\"https:\\\/\\\/africaatual.com.br\\\/#\\\/schema\\\/logo\\\/image\\\/\"}},{\"@type\":\"Person\",\"@id\":\"https:\\\/\\\/africaatual.com.br\\\/#\\\/schema\\\/person\\\/31315b203b16bec551dcad6d14ff6b17\",\"name\":\"africaatual\",\"image\":{\"@type\":\"ImageObject\",\"inLanguage\":\"pt-BR\",\"@id\":\"https:\\\/\\\/secure.gravatar.com\\\/avatar\\\/62aeeba3c7bd20a0a9ee0e00da31fba130446f5c08871cd9335ec9bce29b9030?s=96&d=mm&r=g\",\"url\":\"https:\\\/\\\/secure.gravatar.com\\\/avatar\\\/62aeeba3c7bd20a0a9ee0e00da31fba130446f5c08871cd9335ec9bce29b9030?s=96&d=mm&r=g\",\"contentUrl\":\"https:\\\/\\\/secure.gravatar.com\\\/avatar\\\/62aeeba3c7bd20a0a9ee0e00da31fba130446f5c08871cd9335ec9bce29b9030?s=96&d=mm&r=g\",\"caption\":\"africaatual\"},\"sameAs\":[\"http:\\\/\\\/africaatual.com.br\"],\"url\":\"https:\\\/\\\/africaatual.com.br\\\/index.php\\\/author\\\/atlasgeoculturalafricaatual-com\\\/\"}]}<\/script>\n<!-- \/ Yoast SEO plugin. -->","yoast_head_json":{"title":"CONSEQU\u00caNCIAS DO COLONIANISMO NAS COLONIAS AFRICANAS DOS FRANCESES - africaatual.com.br","robots":{"index":"index","follow":"follow","max-snippet":"max-snippet:-1","max-image-preview":"max-image-preview:large","max-video-preview":"max-video-preview:-1"},"canonical":"https:\/\/africaatual.com.br\/index.php\/2023\/11\/10\/consequencias-do-colonianismo-nas-colonias-africanas-dos-franceses\/","og_locale":"pt_BR","og_type":"article","og_title":"CONSEQU\u00caNCIAS DO COLONIANISMO NAS COLONIAS AFRICANAS DOS FRANCESES - africaatual.com.br","og_description":"Por Comendador Jos\u00e9 Ferreira de Moraes O franco CFA foi criado em 26 de dezembro de 1945. O motivo de sua cria\u00e7\u00e3o foi a fraqueza do franco franc\u00eas imediatamente ap\u00f3s a Segunda Guerra Mundial. Quando a Fran\u00e7a ratificou o Acordo de Bretton Woods em dezembro de 1945, o franco franc\u00eas foi desvalorizado para estabelecer uma taxa de c\u00e2mbio fixa com o d\u00f3lar americano.\u00a0 Novas moedas foram criadas nas col\u00f4nias francesas para poup\u00e1-las da forte desvaloriza\u00e7\u00e3o, facilitando assim a importa\u00e7\u00e3o de mercadorias. O franco CFA &#8211; Franco da Comunidade Financeira da \u00c1frica, originalmente Franco das Col\u00f4nias Francesas na \u00c1frica, ou coloquialmente franco; abrevia\u00e7\u00e3o: F.CFA \u00e9 o nome de duas moedas, o Ocidente Franco CFA africano, usado em oito pa\u00edses da \u00c1frica Ocidental, e o franco CFA da \u00c1frica Central, usado em seis pa\u00edses da \u00c1frica Central. O pior de tudo \u00e9 que apesar das duas moedas serem suportadas pelo Tesouro Frances elas s\u00f3 circulam nas respectivas zonas para onde foram criadas, ou seja, o FCFA da zona UEMOA (composta por 8 pa\u00edses da \u00c1frica ocidental) e n\u00e3o pode circular na zona CEMAC (composta por 6 pa\u00edses da \u00c1frica central) e vice-versa impedindo assim a realiza\u00e7\u00e3o de trocas comerciais entre as duas zonas e como consequ\u00eancia a integra\u00e7\u00e3o das suas economias. Sem d\u00favida o Franco CFA e um instrumento muito perigoso da manuten\u00e7\u00e3o da domina\u00e7\u00e3o colonialista francesa para os pa\u00edses que adotaram o F CFA como suas moedas. Com ele a Fran\u00e7a mant\u00e9m um controle das economias dos pa\u00edses das duas zonas econ\u00f4micas. A Fran\u00e7a \u00e9 considerada uns dos Pa\u00edses que mais teve dom\u00ednio, chegando a 10% da \u00e1rea terrestre. A FRAN\u00c7A, ocupa 7\u00ba lugar com maior poder econ\u00f4mico do mundo. Vou transcorrer em algumas linhas um draft das 14 Col\u00f4nias Africanos que transformaram em Pa\u00edses independentes, mas que, continuam economicamente escrava do sistema econ\u00f4mico franc\u00eas. Ainda persistem o neocolonianismo vivo e regente da Fran\u00e7a sobre os 14 Pa\u00edses Africanos economicamente com o dom\u00ednio do Franco CFA (Franco CFA Ocidental e Central) com emiss\u00e3o e controle do Banco Franc\u00eas e todas as taxas s\u00e3o controladas pelo Banco Central Europeu. Isto, tem prejudicado o desenvolvimento social e econ\u00f4mico de cada Pa\u00eds e vem alimentando a grande Fran\u00e7a economicamente mantendo dentre os primeiros Pa\u00edses mais rico, mas a nova era econ\u00f4mica n\u00e3o permitir respeitar acordos colonialista firmado na era Colonial, como mant\u00e9m a Fran\u00e7a\u00a0 em rela\u00e7\u00e3o aos Pa\u00edses abordados nesta informativo,\u00a0 n\u00e3o pode continuar, temos que engajar\u00a0 na nova era econ\u00f4mica mundial para acabar com acordos firmados em 1959 pela Fran\u00e7a e por isso que temos grandes projetos de parcerias e compromissos com\u00a0 o Continente Africano. Em meados da d\u00e9cada de 50, onde a \u00c1sia e \u00c1frica estava passando por um movimento ante Imperialismo, onde in\u00fameras Col\u00f4nias conquistam suas independ\u00eancias atrav\u00e9s lutas armadas. A Fran\u00e7a com um golpe sujo e muito bem planejado fez um Acordo de Coopera\u00e7\u00e3o para independ\u00eancias das Col\u00f4nias Africanas a partir de 1959. \u00a0O Presidente Franc\u00eas Charles de Gaulle, prop\u00f4s um Acordo para independ\u00eancias sem lutas armadas as 14 Col\u00f4nias, atrelados um instrumento permanente chamado de Acordo de Coopera\u00e7\u00e3o, explicado a seguir: LADO FRAN\u00c7A: Coopera\u00e7\u00e3o na \u00e1rea Militar, Educa\u00e7\u00e3o e Econ\u00f4mica LADO COL\u00d4NIAS: Permanente explora\u00e7\u00e3o de Recursos Minerais; Perman\u00eancia Militar (acordos); Moeda permanente de circula\u00e7\u00e3o Franco CFA.\u00a0 Na \u00e9poca o Franco CFA, atrelado ao Franco Franc\u00eas e hoje atrelado ao Euro. Parte deste Acordo tamb\u00e9m, os Pa\u00edses ser\u00e3o obrigados a depositarem em Bancos Franceses: 50% de sua reserva internacional no tesouro nacional franc\u00eas; 20% do Passivo Financeiro; 30% ficando apenas para o Pa\u00eds, para seu desenvolvimento Social e Econ\u00f4mico, isto inaceit\u00e1vel. \u00a0Mediante este acordo, permaneceria o colonialismo franc\u00eas e prova deste conceito foi a fala do ex-presidente da Fran\u00e7a Jacques Chirac \u201cTemos que ser sinceros e reconhecer que grande parte do dinheiro em nossos bancos vem justamente da explora\u00e7\u00e3o do Continente Africano\u201d. Outro: Ex Presidente Fran\u00e7ois Mitterrand \u201cSem \u00c1frica a FRAN\u00c7A, n\u00e3o teria hist\u00f3ria no s\u00e9culo XXI\u201d. As 14 Col\u00f4nias que se tornaram independentes \u201cPA\u00cdSES\u201d: ZONA UEMOA (Franco CFA Ocidental): Benin, Burkina Fasso, Costa do Marfim, Mali, N\u00edger, Senegal, Togo, Guin\u00e9 Bissau \u201ca partir de 1997, aderiu a zona CFA\u201d. ZONA CEMAC (Franco CFA Central: Gab\u00e3o, Chade, Congo, Rep\u00fablica Centro Africano, Camar\u00f5es, Guin\u00e9 Equatorial \u201caderiu a partir de 1984\u201d. H\u00e1 acordos firmados com as autoridades de alguns Pa\u00edses Africanos e Zonas (UEMOA, CEDEAO e CEMAC), para aplica\u00e7\u00e3o do desenvolvimento Social e Econ\u00f4mico visando a nova Ordem Mundial, objetivando a melhoria da qualidade de vida do povo africano e proporcionando o direto do tema AFRICA VIVE e concomitantemente alinhavados na parceria e compromissos empresariais\/investimentos e entre outros.\u00a0 Estamos fortemente alinhados neste projeto junto a Guin\u00e9 Bissau, dando o ponta p\u00e9 inicial com apoio e firmamento com as autoridades da Presid\u00eancia da Rep\u00fablica, na Assembleia dos Deputados o Deputado Rui Duarte e o nosso Excelent\u00edssimo Juiz Presidente do Supremo Tribunal de Justi\u00e7a o Sr. Npabi e a no Diretora do Banco Central a Vossa Excel\u00eancia Sra.\u00a0 Helena e com as For\u00e7as Armadas e os demais Minist\u00e9rios e inclusive com a C\u00e2mara Municipal, tendo como base principal do projeto do Bloco UEMOA a princesinha do Continente Africano a Guin\u00e9 Bissau. As consequ\u00eancias deste acordo, vem prejudicando o desenvolvimento econ\u00f4mico e social, alimentando cada vez mais a mis\u00e9ria e o desenvolvimento humano.\u00a0 Desde 1994 o crescimento vem na casa de 1,5% a.a., inaceit\u00e1vel este indicar para os padr\u00f5es da nova era do desenvolvimento econ\u00f4mico, humano e de uma Na\u00e7\u00e3o e por isso que estamos juntos nesta batalha da igualdade e engajado na distribui\u00e7\u00e3o de riqueza. E este acordo vem se reafirmando nos dias de hoje com la\u00e7o escravista da Fran\u00e7a na explora\u00e7\u00e3o sem limite, como vem sendo notificado nos document\u00e1rios e informativos o direito da explora\u00e7\u00e3o da Fran\u00e7a em Petr\u00f3leo, Diamante, Ouro, Min\u00e9rio de Ferro, Ur\u00e2nio e entre outros Min\u00e9rio Nobres do Continente Africano, cito alguns movimentos de n\u00e3o aceita\u00e7\u00e3o deste acordo pelos Pa\u00edses:\u00a0 O ex-presidente da Guin\u00e9 Conacri Abned S\u00e9kae Tor\u00e9, disse: \u201cPreferiria um Pa\u00eds pobre com liberdade, do que um Pa\u00eds rico sem Liberdade\u201d. Isto irritou o Presidente da Fran\u00e7a e","og_url":"https:\/\/africaatual.com.br\/index.php\/2023\/11\/10\/consequencias-do-colonianismo-nas-colonias-africanas-dos-franceses\/","og_site_name":"africaatual.com.br","article_published_time":"2023-11-10T19:52:10+00:00","article_modified_time":"2025-07-22T23:13:19+00:00","og_image":[{"width":1080,"height":1080,"url":"http:\/\/africaatual.com.br\/wp-content\/uploads\/2023\/11\/@atlasgeoculturaldaafrica-12.jpg","type":"image\/jpeg"}],"author":"africaatual","twitter_card":"summary_large_image","twitter_misc":{"Escrito por":"africaatual","Est. tempo de leitura":"9 minutos"},"schema":{"@context":"https:\/\/schema.org","@graph":[{"@type":"Article","@id":"https:\/\/africaatual.com.br\/index.php\/2023\/11\/10\/consequencias-do-colonianismo-nas-colonias-africanas-dos-franceses\/#article","isPartOf":{"@id":"https:\/\/africaatual.com.br\/index.php\/2023\/11\/10\/consequencias-do-colonianismo-nas-colonias-africanas-dos-franceses\/"},"author":{"name":"africaatual","@id":"https:\/\/africaatual.com.br\/#\/schema\/person\/31315b203b16bec551dcad6d14ff6b17"},"headline":"CONSEQU\u00caNCIAS DO COLONIANISMO NAS COLONIAS AFRICANAS DOS FRANCESES","datePublished":"2023-11-10T19:52:10+00:00","dateModified":"2025-07-22T23:13:19+00:00","mainEntityOfPage":{"@id":"https:\/\/africaatual.com.br\/index.php\/2023\/11\/10\/consequencias-do-colonianismo-nas-colonias-africanas-dos-franceses\/"},"wordCount":1617,"commentCount":0,"publisher":{"@id":"https:\/\/africaatual.com.br\/#organization"},"image":{"@id":"https:\/\/africaatual.com.br\/index.php\/2023\/11\/10\/consequencias-do-colonianismo-nas-colonias-africanas-dos-franceses\/#primaryimage"},"thumbnailUrl":"https:\/\/africaatual.com.br\/wp-content\/uploads\/2023\/11\/@atlasgeoculturaldaafrica-12.jpg","keywords":["Comendador Jos\u00e9 Ferreira"],"articleSection":["A Africa","Economia Pol\u00edtica","News","Not\u00edcias","Sociologia"],"inLanguage":"pt-BR","potentialAction":[{"@type":"CommentAction","name":"Comment","target":["https:\/\/africaatual.com.br\/index.php\/2023\/11\/10\/consequencias-do-colonianismo-nas-colonias-africanas-dos-franceses\/#respond"]}]},{"@type":"WebPage","@id":"https:\/\/africaatual.com.br\/index.php\/2023\/11\/10\/consequencias-do-colonianismo-nas-colonias-africanas-dos-franceses\/","url":"https:\/\/africaatual.com.br\/index.php\/2023\/11\/10\/consequencias-do-colonianismo-nas-colonias-africanas-dos-franceses\/","name":"CONSEQU\u00caNCIAS DO COLONIANISMO NAS COLONIAS AFRICANAS DOS FRANCESES - africaatual.com.br","isPartOf":{"@id":"https:\/\/africaatual.com.br\/#website"},"primaryImageOfPage":{"@id":"https:\/\/africaatual.com.br\/index.php\/2023\/11\/10\/consequencias-do-colonianismo-nas-colonias-africanas-dos-franceses\/#primaryimage"},"image":{"@id":"https:\/\/africaatual.com.br\/index.php\/2023\/11\/10\/consequencias-do-colonianismo-nas-colonias-africanas-dos-franceses\/#primaryimage"},"thumbnailUrl":"https:\/\/africaatual.com.br\/wp-content\/uploads\/2023\/11\/@atlasgeoculturaldaafrica-12.jpg","datePublished":"2023-11-10T19:52:10+00:00","dateModified":"2025-07-22T23:13:19+00:00","breadcrumb":{"@id":"https:\/\/africaatual.com.br\/index.php\/2023\/11\/10\/consequencias-do-colonianismo-nas-colonias-africanas-dos-franceses\/#breadcrumb"},"inLanguage":"pt-BR","potentialAction":[{"@type":"ReadAction","target":["https:\/\/africaatual.com.br\/index.php\/2023\/11\/10\/consequencias-do-colonianismo-nas-colonias-africanas-dos-franceses\/"]}]},{"@type":"ImageObject","inLanguage":"pt-BR","@id":"https:\/\/africaatual.com.br\/index.php\/2023\/11\/10\/consequencias-do-colonianismo-nas-colonias-africanas-dos-franceses\/#primaryimage","url":"https:\/\/africaatual.com.br\/wp-content\/uploads\/2023\/11\/@atlasgeoculturaldaafrica-12.jpg","contentUrl":"https:\/\/africaatual.com.br\/wp-content\/uploads\/2023\/11\/@atlasgeoculturaldaafrica-12.jpg","width":1080,"height":1080},{"@type":"BreadcrumbList","@id":"https:\/\/africaatual.com.br\/index.php\/2023\/11\/10\/consequencias-do-colonianismo-nas-colonias-africanas-dos-franceses\/#breadcrumb","itemListElement":[{"@type":"ListItem","position":1,"name":"In\u00edcio","item":"https:\/\/africaatual.com.br\/"},{"@type":"ListItem","position":2,"name":"CONSEQU\u00caNCIAS DO COLONIANISMO NAS COLONIAS AFRICANAS DOS FRANCESES"}]},{"@type":"WebSite","@id":"https:\/\/africaatual.com.br\/#website","url":"https:\/\/africaatual.com.br\/","name":"africaatual.com.br","description":"O Atlas Geocultural da \u00c1frica \u00e9 um rico material de leitura e pesquisa, que visa apresentar de forma atual os pa\u00edses africanos, ainda t\u00e3o pouco conhecidos.","publisher":{"@id":"https:\/\/africaatual.com.br\/#organization"},"potentialAction":[{"@type":"SearchAction","target":{"@type":"EntryPoint","urlTemplate":"https:\/\/africaatual.com.br\/?s={search_term_string}"},"query-input":{"@type":"PropertyValueSpecification","valueRequired":true,"valueName":"search_term_string"}}],"inLanguage":"pt-BR"},{"@type":"Organization","@id":"https:\/\/africaatual.com.br\/#organization","name":"africaatual.com.br","url":"https:\/\/africaatual.com.br\/","logo":{"@type":"ImageObject","inLanguage":"pt-BR","@id":"https:\/\/africaatual.com.br\/#\/schema\/logo\/image\/","url":"http:\/\/africaatual.com.br\/wp-content\/uploads\/2023\/06\/LOGOEIROS_Prancheta-1-tipo-preto.png","contentUrl":"http:\/\/africaatual.com.br\/wp-content\/uploads\/2023\/06\/LOGOEIROS_Prancheta-1-tipo-preto.png","width":1667,"height":730,"caption":"africaatual.com.br"},"image":{"@id":"https:\/\/africaatual.com.br\/#\/schema\/logo\/image\/"}},{"@type":"Person","@id":"https:\/\/africaatual.com.br\/#\/schema\/person\/31315b203b16bec551dcad6d14ff6b17","name":"africaatual","image":{"@type":"ImageObject","inLanguage":"pt-BR","@id":"https:\/\/secure.gravatar.com\/avatar\/62aeeba3c7bd20a0a9ee0e00da31fba130446f5c08871cd9335ec9bce29b9030?s=96&d=mm&r=g","url":"https:\/\/secure.gravatar.com\/avatar\/62aeeba3c7bd20a0a9ee0e00da31fba130446f5c08871cd9335ec9bce29b9030?s=96&d=mm&r=g","contentUrl":"https:\/\/secure.gravatar.com\/avatar\/62aeeba3c7bd20a0a9ee0e00da31fba130446f5c08871cd9335ec9bce29b9030?s=96&d=mm&r=g","caption":"africaatual"},"sameAs":["http:\/\/africaatual.com.br"],"url":"https:\/\/africaatual.com.br\/index.php\/author\/atlasgeoculturalafricaatual-com\/"}]}},"_links":{"self":[{"href":"https:\/\/africaatual.com.br\/index.php\/wp-json\/wp\/v2\/posts\/9809","targetHints":{"allow":["GET"]}}],"collection":[{"href":"https:\/\/africaatual.com.br\/index.php\/wp-json\/wp\/v2\/posts"}],"about":[{"href":"https:\/\/africaatual.com.br\/index.php\/wp-json\/wp\/v2\/types\/post"}],"author":[{"embeddable":true,"href":"https:\/\/africaatual.com.br\/index.php\/wp-json\/wp\/v2\/users\/1"}],"replies":[{"embeddable":true,"href":"https:\/\/africaatual.com.br\/index.php\/wp-json\/wp\/v2\/comments?post=9809"}],"version-history":[{"count":7,"href":"https:\/\/africaatual.com.br\/index.php\/wp-json\/wp\/v2\/posts\/9809\/revisions"}],"predecessor-version":[{"id":9817,"href":"https:\/\/africaatual.com.br\/index.php\/wp-json\/wp\/v2\/posts\/9809\/revisions\/9817"}],"wp:featuredmedia":[{"embeddable":true,"href":"https:\/\/africaatual.com.br\/index.php\/wp-json\/wp\/v2\/media\/9810"}],"wp:attachment":[{"href":"https:\/\/africaatual.com.br\/index.php\/wp-json\/wp\/v2\/media?parent=9809"}],"wp:term":[{"taxonomy":"category","embeddable":true,"href":"https:\/\/africaatual.com.br\/index.php\/wp-json\/wp\/v2\/categories?post=9809"},{"taxonomy":"post_tag","embeddable":true,"href":"https:\/\/africaatual.com.br\/index.php\/wp-json\/wp\/v2\/tags?post=9809"},{"taxonomy":"palavra-chave","embeddable":true,"href":"https:\/\/africaatual.com.br\/index.php\/wp-json\/wp\/v2\/palavra-chave?post=9809"}],"curies":[{"name":"wp","href":"https:\/\/api.w.org\/{rel}","templated":true}]}}