
{"id":9856,"date":"2023-11-26T21:00:30","date_gmt":"2023-11-27T00:00:30","guid":{"rendered":"https:\/\/africaatual.com.br\/?p=9856"},"modified":"2023-11-26T21:01:03","modified_gmt":"2023-11-27T00:01:03","slug":"ministerio-publico-mobiliza-prefeituras-paulistas-para-pacto-coletivo-cidades-antirracistas","status":"publish","type":"post","link":"https:\/\/africaatual.com.br\/index.php\/2023\/11\/26\/ministerio-publico-mobiliza-prefeituras-paulistas-para-pacto-coletivo-cidades-antirracistas\/","title":{"rendered":"Minist\u00e9rio P\u00fablico mobiliza prefeituras paulistas para Pacto Coletivo Cidades Antirracistas"},"content":{"rendered":"\n<p>Evento no dia 28 de novembro prev\u00ea reunir dezenas de prefeitos e prefeitas para assinatura de um compromisso em ades\u00e3o ao projeto Cidades Antirracistas<\/p>\n\n\n\n<p>Com o objetivo de ampliar alcance de projeto que fomenta pol\u00edticas antirracistas, o Minist\u00e9rio P\u00fablico de S\u00e3o Paulo, por meio de sua Rede de Enfrentamento ao Racismo, convida todas as prefeituras interessadas a assinarem compromisso em um ato simb\u00f3lico no dia 28 de novembro, a partir das 15h.<\/p>\n\n\n\n<p>O Cidades Antirracistas prop\u00f5e a implementa\u00e7\u00e3o de estruturas necess\u00e1rias para o munic\u00edpio aderir ao Sistema Nacional de Promo\u00e7\u00e3o da Igualdade Racial (SINAPIR), s\u00e3o elas: cria\u00e7\u00e3o de Conselho Municipal de Promo\u00e7\u00e3o da Igualdade Racial, constitui\u00e7\u00e3o de \u00d3rg\u00e3o de Promo\u00e7\u00e3o da Igualdade Racial e Plano de Promo\u00e7\u00e3o da Igualdade Racial. O projeto est\u00e1 em andamento em mais de 15 cidades de diversas regi\u00f5es do Estado de S\u00e3o Paulo.<\/p>\n\n\n\n<p>Elaborado pela Rede de Enfrentamento ao Racismo, o Cidades Antirracistas foi pensado ap\u00f3s escuta social realizada pelo MPSP na regi\u00e3o do Vale do Ribeira como parte da constru\u00e7\u00e3o do Plano Geral de Atua\u00e7\u00e3o (PGA MP Social), metodologia na qual as prioridades institucionais para cada regi\u00e3o s\u00e3o decididas em conjunto com a sociedade.<\/p>\n\n\n\n<p>Al\u00e9m das prefeituras interessadas, as que j\u00e1 possuem Procedimento Administrativo de Acompanhamento (PAA) do projeto devem estar presentes: Mongagu\u00e1, Peru\u00edbe, Barra do Turvo, Cajati, Jacupiranga, Iporanga, Registro, Iguape, Ilha Comprida, Itariri, Pariquera-A\u00e7u, Ibitinga, Cafel\u00e2ndia, Pindamonhangaba.<\/p>\n\n\n\n<p>Na oportunidade, tamb\u00e9m haver\u00e1 presta\u00e7\u00e3o de contas dos trabalhos da Rede nas demais frentes: Educa\u00e7\u00e3o Antirracista, Pol\u00edticas Afirmativas, Racismo Religioso, Justi\u00e7a Penal e Ra\u00e7a, classe e g\u00eanero. Al\u00e9m de prefeituras interessadas, estar\u00e3o presentes representantes do Sistema Nacional de Promo\u00e7\u00e3o da Igualdade Racial (SINAPIR), Minist\u00e9rio da Igualdade Racial, de comunidades negras e quilombolas e sociedade civil.<\/p>\n\n\n\n<p>Agenda:<br>28 de novembro de 2023, 15h<br>Rua Riachuelo, 115, S\u00e9 &#8211; S\u00e3o Paulo (Audit\u00f3rio Queiroz Filho)<br>Prefeituras interessadas podem entrar em contato pelo caocivel@mpsp.mp.br<\/p>\n","protected":false},"excerpt":{"rendered":"<p>Evento no dia 28 de novembro prev\u00ea reunir dezenas de prefeitos e prefeitas para assinatura de um compromisso em ades\u00e3o ao projeto Cidades Antirracistas Com o objetivo de ampliar alcance de projeto que fomenta pol\u00edticas antirracistas, o Minist\u00e9rio P\u00fablico de S\u00e3o Paulo, por meio de sua Rede de Enfrentamento ao Racismo, convida todas as prefeituras interessadas a assinarem compromisso em um ato simb\u00f3lico no dia 28 de novembro, a partir das 15h. O Cidades Antirracistas prop\u00f5e a implementa\u00e7\u00e3o de estruturas necess\u00e1rias para o munic\u00edpio aderir ao Sistema Nacional de Promo\u00e7\u00e3o da Igualdade Racial (SINAPIR), s\u00e3o elas: cria\u00e7\u00e3o de Conselho Municipal de Promo\u00e7\u00e3o da Igualdade Racial, constitui\u00e7\u00e3o de \u00d3rg\u00e3o de Promo\u00e7\u00e3o da Igualdade Racial e Plano de Promo\u00e7\u00e3o da Igualdade Racial. O projeto est\u00e1 em andamento em mais de 15 cidades de diversas regi\u00f5es do Estado de S\u00e3o Paulo. Elaborado pela Rede de Enfrentamento ao Racismo, o Cidades Antirracistas foi pensado ap\u00f3s escuta social realizada pelo MPSP na regi\u00e3o do Vale do Ribeira como parte da constru\u00e7\u00e3o do Plano Geral de Atua\u00e7\u00e3o (PGA MP Social), metodologia na qual as prioridades institucionais para cada regi\u00e3o s\u00e3o decididas em conjunto com a sociedade. Al\u00e9m das prefeituras interessadas, as que j\u00e1 possuem Procedimento Administrativo de Acompanhamento (PAA) do projeto devem estar presentes: Mongagu\u00e1, Peru\u00edbe, Barra do Turvo, Cajati, Jacupiranga, Iporanga, Registro, Iguape, Ilha Comprida, Itariri, Pariquera-A\u00e7u, Ibitinga, Cafel\u00e2ndia, Pindamonhangaba. Na oportunidade, tamb\u00e9m haver\u00e1 presta\u00e7\u00e3o de contas dos trabalhos da Rede nas demais frentes: Educa\u00e7\u00e3o Antirracista, Pol\u00edticas Afirmativas, Racismo Religioso, Justi\u00e7a Penal e Ra\u00e7a, classe e g\u00eanero. Al\u00e9m de prefeituras interessadas, estar\u00e3o presentes representantes do Sistema Nacional de Promo\u00e7\u00e3o da Igualdade Racial (SINAPIR), Minist\u00e9rio da Igualdade Racial, de comunidades negras e quilombolas e sociedade civil. Agenda:28 de novembro de 2023, 15hRua Riachuelo, 115, S\u00e9 &#8211; S\u00e3o Paulo (Audit\u00f3rio Queiroz Filho)Prefeituras interessadas podem entrar em contato pelo caocivel@mpsp.mp.br<\/p>\n","protected":false},"author":1,"featured_media":9857,"comment_status":"open","ping_status":"open","sticky":false,"template":"","format":"standard","meta":{"inline_featured_image":false,"ocean_post_layout":"","ocean_both_sidebars_style":"","ocean_both_sidebars_content_width":0,"ocean_both_sidebars_sidebars_width":0,"ocean_sidebar":"0","ocean_second_sidebar":"0","ocean_disable_margins":"enable","ocean_add_body_class":"","ocean_shortcode_before_top_bar":"","ocean_shortcode_after_top_bar":"","ocean_shortcode_before_header":"","ocean_shortcode_after_header":"","ocean_has_shortcode":"","ocean_shortcode_after_title":"","ocean_shortcode_before_footer_widgets":"","ocean_shortcode_after_footer_widgets":"","ocean_shortcode_before_footer_bottom":"","ocean_shortcode_after_footer_bottom":"","ocean_display_top_bar":"default","ocean_display_header":"default","ocean_header_style":"","ocean_center_header_left_menu":"0","ocean_custom_header_template":"0","ocean_custom_logo":0,"ocean_custom_retina_logo":0,"ocean_custom_logo_max_width":0,"ocean_custom_logo_tablet_max_width":0,"ocean_custom_logo_mobile_max_width":0,"ocean_custom_logo_max_height":0,"ocean_custom_logo_tablet_max_height":0,"ocean_custom_logo_mobile_max_height":0,"ocean_header_custom_menu":"0","ocean_menu_typo_font_family":"0","ocean_menu_typo_font_subset":"","ocean_menu_typo_font_size":0,"ocean_menu_typo_font_size_tablet":0,"ocean_menu_typo_font_size_mobile":0,"ocean_menu_typo_font_size_unit":"px","ocean_menu_typo_font_weight":"","ocean_menu_typo_font_weight_tablet":"","ocean_menu_typo_font_weight_mobile":"","ocean_menu_typo_transform":"","ocean_menu_typo_transform_tablet":"","ocean_menu_typo_transform_mobile":"","ocean_menu_typo_line_height":0,"ocean_menu_typo_line_height_tablet":0,"ocean_menu_typo_line_height_mobile":0,"ocean_menu_typo_line_height_unit":"","ocean_menu_typo_spacing":0,"ocean_menu_typo_spacing_tablet":0,"ocean_menu_typo_spacing_mobile":0,"ocean_menu_typo_spacing_unit":"","ocean_menu_link_color":"","ocean_menu_link_color_hover":"","ocean_menu_link_color_active":"","ocean_menu_link_background":"","ocean_menu_link_hover_background":"","ocean_menu_link_active_background":"","ocean_menu_social_links_bg":"","ocean_menu_social_hover_links_bg":"","ocean_menu_social_links_color":"","ocean_menu_social_hover_links_color":"","ocean_disable_title":"default","ocean_disable_heading":"default","ocean_post_title":"","ocean_post_subheading":"","ocean_post_title_style":"","ocean_post_title_background_color":"","ocean_post_title_background":0,"ocean_post_title_bg_image_position":"","ocean_post_title_bg_image_attachment":"","ocean_post_title_bg_image_repeat":"","ocean_post_title_bg_image_size":"","ocean_post_title_height":0,"ocean_post_title_bg_overlay":0.5,"ocean_post_title_bg_overlay_color":"","ocean_disable_breadcrumbs":"default","ocean_breadcrumbs_color":"","ocean_breadcrumbs_separator_color":"","ocean_breadcrumbs_links_color":"","ocean_breadcrumbs_links_hover_color":"","ocean_display_footer_widgets":"default","ocean_display_footer_bottom":"default","ocean_custom_footer_template":"0","omw_enable_modal_window":"enable","ocean_post_oembed":"","ocean_post_self_hosted_media":"","ocean_post_video_embed":"","ocean_link_format":"","ocean_link_format_target":"self","ocean_quote_format":"","ocean_quote_format_link":"post","ocean_gallery_link_images":"off","ocean_gallery_id":[],"footnotes":""},"categories":[1,14],"tags":[],"palavra-chave":[],"class_list":["post-9856","post","type-post","status-publish","format-standard","has-post-thumbnail","hentry","category-blog","category-noticias","entry","has-media"],"yoast_head":"<!-- This site is optimized with the Yoast SEO plugin v27.3 - https:\/\/yoast.com\/product\/yoast-seo-wordpress\/ -->\n<title>Minist\u00e9rio P\u00fablico mobiliza prefeituras paulistas para Pacto Coletivo Cidades Antirracistas - africaatual.com.br<\/title>\n<meta name=\"robots\" content=\"index, follow, max-snippet:-1, max-image-preview:large, max-video-preview:-1\" \/>\n<link rel=\"canonical\" href=\"https:\/\/africaatual.com.br\/index.php\/2023\/11\/26\/ministerio-publico-mobiliza-prefeituras-paulistas-para-pacto-coletivo-cidades-antirracistas\/\" \/>\n<meta property=\"og:locale\" content=\"pt_BR\" \/>\n<meta property=\"og:type\" content=\"article\" \/>\n<meta property=\"og:title\" content=\"Minist\u00e9rio P\u00fablico mobiliza prefeituras paulistas para Pacto Coletivo Cidades Antirracistas - africaatual.com.br\" \/>\n<meta property=\"og:description\" content=\"Evento no dia 28 de novembro prev\u00ea reunir dezenas de prefeitos e prefeitas para assinatura de um compromisso em ades\u00e3o ao projeto Cidades Antirracistas Com o objetivo de ampliar alcance de projeto que fomenta pol\u00edticas antirracistas, o Minist\u00e9rio P\u00fablico de S\u00e3o Paulo, por meio de sua Rede de Enfrentamento ao Racismo, convida todas as prefeituras interessadas a assinarem compromisso em um ato simb\u00f3lico no dia 28 de novembro, a partir das 15h. O Cidades Antirracistas prop\u00f5e a implementa\u00e7\u00e3o de estruturas necess\u00e1rias para o munic\u00edpio aderir ao Sistema Nacional de Promo\u00e7\u00e3o da Igualdade Racial (SINAPIR), s\u00e3o elas: cria\u00e7\u00e3o de Conselho Municipal de Promo\u00e7\u00e3o da Igualdade Racial, constitui\u00e7\u00e3o de \u00d3rg\u00e3o de Promo\u00e7\u00e3o da Igualdade Racial e Plano de Promo\u00e7\u00e3o da Igualdade Racial. O projeto est\u00e1 em andamento em mais de 15 cidades de diversas regi\u00f5es do Estado de S\u00e3o Paulo. Elaborado pela Rede de Enfrentamento ao Racismo, o Cidades Antirracistas foi pensado ap\u00f3s escuta social realizada pelo MPSP na regi\u00e3o do Vale do Ribeira como parte da constru\u00e7\u00e3o do Plano Geral de Atua\u00e7\u00e3o (PGA MP Social), metodologia na qual as prioridades institucionais para cada regi\u00e3o s\u00e3o decididas em conjunto com a sociedade. Al\u00e9m das prefeituras interessadas, as que j\u00e1 possuem Procedimento Administrativo de Acompanhamento (PAA) do projeto devem estar presentes: Mongagu\u00e1, Peru\u00edbe, Barra do Turvo, Cajati, Jacupiranga, Iporanga, Registro, Iguape, Ilha Comprida, Itariri, Pariquera-A\u00e7u, Ibitinga, Cafel\u00e2ndia, Pindamonhangaba. Na oportunidade, tamb\u00e9m haver\u00e1 presta\u00e7\u00e3o de contas dos trabalhos da Rede nas demais frentes: Educa\u00e7\u00e3o Antirracista, Pol\u00edticas Afirmativas, Racismo Religioso, Justi\u00e7a Penal e Ra\u00e7a, classe e g\u00eanero. Al\u00e9m de prefeituras interessadas, estar\u00e3o presentes representantes do Sistema Nacional de Promo\u00e7\u00e3o da Igualdade Racial (SINAPIR), Minist\u00e9rio da Igualdade Racial, de comunidades negras e quilombolas e sociedade civil. Agenda:28 de novembro de 2023, 15hRua Riachuelo, 115, S\u00e9 &#8211; S\u00e3o Paulo (Audit\u00f3rio Queiroz Filho)Prefeituras interessadas podem entrar em contato pelo caocivel@mpsp.mp.br\" \/>\n<meta property=\"og:url\" content=\"https:\/\/africaatual.com.br\/index.php\/2023\/11\/26\/ministerio-publico-mobiliza-prefeituras-paulistas-para-pacto-coletivo-cidades-antirracistas\/\" \/>\n<meta property=\"og:site_name\" content=\"africaatual.com.br\" \/>\n<meta property=\"article:published_time\" content=\"2023-11-27T00:00:30+00:00\" \/>\n<meta property=\"article:modified_time\" content=\"2023-11-27T00:01:03+00:00\" \/>\n<meta property=\"og:image\" content=\"http:\/\/africaatual.com.br\/wp-content\/uploads\/2023\/11\/WhatsApp-Image-2023-11-25-at-16.05.40.jpeg\" \/>\n\t<meta property=\"og:image:width\" content=\"609\" \/>\n\t<meta property=\"og:image:height\" content=\"609\" \/>\n\t<meta property=\"og:image:type\" content=\"image\/jpeg\" \/>\n<meta name=\"author\" content=\"africaatual\" \/>\n<meta name=\"twitter:card\" content=\"summary_large_image\" \/>\n<meta name=\"twitter:label1\" content=\"Escrito por\" \/>\n\t<meta name=\"twitter:data1\" content=\"africaatual\" \/>\n\t<meta name=\"twitter:label2\" content=\"Est. tempo de leitura\" \/>\n\t<meta name=\"twitter:data2\" content=\"2 minutos\" \/>\n<script type=\"application\/ld+json\" class=\"yoast-schema-graph\">{\"@context\":\"https:\\\/\\\/schema.org\",\"@graph\":[{\"@type\":\"Article\",\"@id\":\"https:\\\/\\\/africaatual.com.br\\\/index.php\\\/2023\\\/11\\\/26\\\/ministerio-publico-mobiliza-prefeituras-paulistas-para-pacto-coletivo-cidades-antirracistas\\\/#article\",\"isPartOf\":{\"@id\":\"https:\\\/\\\/africaatual.com.br\\\/index.php\\\/2023\\\/11\\\/26\\\/ministerio-publico-mobiliza-prefeituras-paulistas-para-pacto-coletivo-cidades-antirracistas\\\/\"},\"author\":{\"name\":\"africaatual\",\"@id\":\"https:\\\/\\\/africaatual.com.br\\\/#\\\/schema\\\/person\\\/31315b203b16bec551dcad6d14ff6b17\"},\"headline\":\"Minist\u00e9rio P\u00fablico mobiliza prefeituras paulistas para Pacto Coletivo Cidades Antirracistas\",\"datePublished\":\"2023-11-27T00:00:30+00:00\",\"dateModified\":\"2023-11-27T00:01:03+00:00\",\"mainEntityOfPage\":{\"@id\":\"https:\\\/\\\/africaatual.com.br\\\/index.php\\\/2023\\\/11\\\/26\\\/ministerio-publico-mobiliza-prefeituras-paulistas-para-pacto-coletivo-cidades-antirracistas\\\/\"},\"wordCount\":356,\"commentCount\":0,\"publisher\":{\"@id\":\"https:\\\/\\\/africaatual.com.br\\\/#organization\"},\"image\":{\"@id\":\"https:\\\/\\\/africaatual.com.br\\\/index.php\\\/2023\\\/11\\\/26\\\/ministerio-publico-mobiliza-prefeituras-paulistas-para-pacto-coletivo-cidades-antirracistas\\\/#primaryimage\"},\"thumbnailUrl\":\"https:\\\/\\\/africaatual.com.br\\\/wp-content\\\/uploads\\\/2023\\\/11\\\/WhatsApp-Image-2023-11-25-at-16.05.40.jpeg\",\"articleSection\":[\"Blog\",\"Not\u00edcias\"],\"inLanguage\":\"pt-BR\",\"potentialAction\":[{\"@type\":\"CommentAction\",\"name\":\"Comment\",\"target\":[\"https:\\\/\\\/africaatual.com.br\\\/index.php\\\/2023\\\/11\\\/26\\\/ministerio-publico-mobiliza-prefeituras-paulistas-para-pacto-coletivo-cidades-antirracistas\\\/#respond\"]}]},{\"@type\":\"WebPage\",\"@id\":\"https:\\\/\\\/africaatual.com.br\\\/index.php\\\/2023\\\/11\\\/26\\\/ministerio-publico-mobiliza-prefeituras-paulistas-para-pacto-coletivo-cidades-antirracistas\\\/\",\"url\":\"https:\\\/\\\/africaatual.com.br\\\/index.php\\\/2023\\\/11\\\/26\\\/ministerio-publico-mobiliza-prefeituras-paulistas-para-pacto-coletivo-cidades-antirracistas\\\/\",\"name\":\"Minist\u00e9rio P\u00fablico mobiliza prefeituras paulistas para Pacto Coletivo Cidades Antirracistas - africaatual.com.br\",\"isPartOf\":{\"@id\":\"https:\\\/\\\/africaatual.com.br\\\/#website\"},\"primaryImageOfPage\":{\"@id\":\"https:\\\/\\\/africaatual.com.br\\\/index.php\\\/2023\\\/11\\\/26\\\/ministerio-publico-mobiliza-prefeituras-paulistas-para-pacto-coletivo-cidades-antirracistas\\\/#primaryimage\"},\"image\":{\"@id\":\"https:\\\/\\\/africaatual.com.br\\\/index.php\\\/2023\\\/11\\\/26\\\/ministerio-publico-mobiliza-prefeituras-paulistas-para-pacto-coletivo-cidades-antirracistas\\\/#primaryimage\"},\"thumbnailUrl\":\"https:\\\/\\\/africaatual.com.br\\\/wp-content\\\/uploads\\\/2023\\\/11\\\/WhatsApp-Image-2023-11-25-at-16.05.40.jpeg\",\"datePublished\":\"2023-11-27T00:00:30+00:00\",\"dateModified\":\"2023-11-27T00:01:03+00:00\",\"breadcrumb\":{\"@id\":\"https:\\\/\\\/africaatual.com.br\\\/index.php\\\/2023\\\/11\\\/26\\\/ministerio-publico-mobiliza-prefeituras-paulistas-para-pacto-coletivo-cidades-antirracistas\\\/#breadcrumb\"},\"inLanguage\":\"pt-BR\",\"potentialAction\":[{\"@type\":\"ReadAction\",\"target\":[\"https:\\\/\\\/africaatual.com.br\\\/index.php\\\/2023\\\/11\\\/26\\\/ministerio-publico-mobiliza-prefeituras-paulistas-para-pacto-coletivo-cidades-antirracistas\\\/\"]}]},{\"@type\":\"ImageObject\",\"inLanguage\":\"pt-BR\",\"@id\":\"https:\\\/\\\/africaatual.com.br\\\/index.php\\\/2023\\\/11\\\/26\\\/ministerio-publico-mobiliza-prefeituras-paulistas-para-pacto-coletivo-cidades-antirracistas\\\/#primaryimage\",\"url\":\"https:\\\/\\\/africaatual.com.br\\\/wp-content\\\/uploads\\\/2023\\\/11\\\/WhatsApp-Image-2023-11-25-at-16.05.40.jpeg\",\"contentUrl\":\"https:\\\/\\\/africaatual.com.br\\\/wp-content\\\/uploads\\\/2023\\\/11\\\/WhatsApp-Image-2023-11-25-at-16.05.40.jpeg\",\"width\":609,\"height\":609,\"caption\":\"Cidades antirracistas no estado de s\u00e3o paulo\"},{\"@type\":\"BreadcrumbList\",\"@id\":\"https:\\\/\\\/africaatual.com.br\\\/index.php\\\/2023\\\/11\\\/26\\\/ministerio-publico-mobiliza-prefeituras-paulistas-para-pacto-coletivo-cidades-antirracistas\\\/#breadcrumb\",\"itemListElement\":[{\"@type\":\"ListItem\",\"position\":1,\"name\":\"In\u00edcio\",\"item\":\"https:\\\/\\\/africaatual.com.br\\\/\"},{\"@type\":\"ListItem\",\"position\":2,\"name\":\"Minist\u00e9rio P\u00fablico mobiliza prefeituras paulistas para Pacto Coletivo Cidades Antirracistas\"}]},{\"@type\":\"WebSite\",\"@id\":\"https:\\\/\\\/africaatual.com.br\\\/#website\",\"url\":\"https:\\\/\\\/africaatual.com.br\\\/\",\"name\":\"africaatual.com.br\",\"description\":\"O Atlas Geocultural da \u00c1frica \u00e9 um rico material de leitura e pesquisa, que visa apresentar de forma atual os pa\u00edses africanos, ainda t\u00e3o pouco conhecidos.\",\"publisher\":{\"@id\":\"https:\\\/\\\/africaatual.com.br\\\/#organization\"},\"potentialAction\":[{\"@type\":\"SearchAction\",\"target\":{\"@type\":\"EntryPoint\",\"urlTemplate\":\"https:\\\/\\\/africaatual.com.br\\\/?s={search_term_string}\"},\"query-input\":{\"@type\":\"PropertyValueSpecification\",\"valueRequired\":true,\"valueName\":\"search_term_string\"}}],\"inLanguage\":\"pt-BR\"},{\"@type\":\"Organization\",\"@id\":\"https:\\\/\\\/africaatual.com.br\\\/#organization\",\"name\":\"africaatual.com.br\",\"url\":\"https:\\\/\\\/africaatual.com.br\\\/\",\"logo\":{\"@type\":\"ImageObject\",\"inLanguage\":\"pt-BR\",\"@id\":\"https:\\\/\\\/africaatual.com.br\\\/#\\\/schema\\\/logo\\\/image\\\/\",\"url\":\"http:\\\/\\\/africaatual.com.br\\\/wp-content\\\/uploads\\\/2023\\\/06\\\/LOGOEIROS_Prancheta-1-tipo-preto.png\",\"contentUrl\":\"http:\\\/\\\/africaatual.com.br\\\/wp-content\\\/uploads\\\/2023\\\/06\\\/LOGOEIROS_Prancheta-1-tipo-preto.png\",\"width\":1667,\"height\":730,\"caption\":\"africaatual.com.br\"},\"image\":{\"@id\":\"https:\\\/\\\/africaatual.com.br\\\/#\\\/schema\\\/logo\\\/image\\\/\"}},{\"@type\":\"Person\",\"@id\":\"https:\\\/\\\/africaatual.com.br\\\/#\\\/schema\\\/person\\\/31315b203b16bec551dcad6d14ff6b17\",\"name\":\"africaatual\",\"image\":{\"@type\":\"ImageObject\",\"inLanguage\":\"pt-BR\",\"@id\":\"https:\\\/\\\/secure.gravatar.com\\\/avatar\\\/62aeeba3c7bd20a0a9ee0e00da31fba130446f5c08871cd9335ec9bce29b9030?s=96&d=mm&r=g\",\"url\":\"https:\\\/\\\/secure.gravatar.com\\\/avatar\\\/62aeeba3c7bd20a0a9ee0e00da31fba130446f5c08871cd9335ec9bce29b9030?s=96&d=mm&r=g\",\"contentUrl\":\"https:\\\/\\\/secure.gravatar.com\\\/avatar\\\/62aeeba3c7bd20a0a9ee0e00da31fba130446f5c08871cd9335ec9bce29b9030?s=96&d=mm&r=g\",\"caption\":\"africaatual\"},\"sameAs\":[\"http:\\\/\\\/africaatual.com.br\"],\"url\":\"https:\\\/\\\/africaatual.com.br\\\/index.php\\\/author\\\/atlasgeoculturalafricaatual-com\\\/\"}]}<\/script>\n<!-- \/ Yoast SEO plugin. -->","yoast_head_json":{"title":"Minist\u00e9rio P\u00fablico mobiliza prefeituras paulistas para Pacto Coletivo Cidades Antirracistas - africaatual.com.br","robots":{"index":"index","follow":"follow","max-snippet":"max-snippet:-1","max-image-preview":"max-image-preview:large","max-video-preview":"max-video-preview:-1"},"canonical":"https:\/\/africaatual.com.br\/index.php\/2023\/11\/26\/ministerio-publico-mobiliza-prefeituras-paulistas-para-pacto-coletivo-cidades-antirracistas\/","og_locale":"pt_BR","og_type":"article","og_title":"Minist\u00e9rio P\u00fablico mobiliza prefeituras paulistas para Pacto Coletivo Cidades Antirracistas - africaatual.com.br","og_description":"Evento no dia 28 de novembro prev\u00ea reunir dezenas de prefeitos e prefeitas para assinatura de um compromisso em ades\u00e3o ao projeto Cidades Antirracistas Com o objetivo de ampliar alcance de projeto que fomenta pol\u00edticas antirracistas, o Minist\u00e9rio P\u00fablico de S\u00e3o Paulo, por meio de sua Rede de Enfrentamento ao Racismo, convida todas as prefeituras interessadas a assinarem compromisso em um ato simb\u00f3lico no dia 28 de novembro, a partir das 15h. O Cidades Antirracistas prop\u00f5e a implementa\u00e7\u00e3o de estruturas necess\u00e1rias para o munic\u00edpio aderir ao Sistema Nacional de Promo\u00e7\u00e3o da Igualdade Racial (SINAPIR), s\u00e3o elas: cria\u00e7\u00e3o de Conselho Municipal de Promo\u00e7\u00e3o da Igualdade Racial, constitui\u00e7\u00e3o de \u00d3rg\u00e3o de Promo\u00e7\u00e3o da Igualdade Racial e Plano de Promo\u00e7\u00e3o da Igualdade Racial. O projeto est\u00e1 em andamento em mais de 15 cidades de diversas regi\u00f5es do Estado de S\u00e3o Paulo. Elaborado pela Rede de Enfrentamento ao Racismo, o Cidades Antirracistas foi pensado ap\u00f3s escuta social realizada pelo MPSP na regi\u00e3o do Vale do Ribeira como parte da constru\u00e7\u00e3o do Plano Geral de Atua\u00e7\u00e3o (PGA MP Social), metodologia na qual as prioridades institucionais para cada regi\u00e3o s\u00e3o decididas em conjunto com a sociedade. Al\u00e9m das prefeituras interessadas, as que j\u00e1 possuem Procedimento Administrativo de Acompanhamento (PAA) do projeto devem estar presentes: Mongagu\u00e1, Peru\u00edbe, Barra do Turvo, Cajati, Jacupiranga, Iporanga, Registro, Iguape, Ilha Comprida, Itariri, Pariquera-A\u00e7u, Ibitinga, Cafel\u00e2ndia, Pindamonhangaba. Na oportunidade, tamb\u00e9m haver\u00e1 presta\u00e7\u00e3o de contas dos trabalhos da Rede nas demais frentes: Educa\u00e7\u00e3o Antirracista, Pol\u00edticas Afirmativas, Racismo Religioso, Justi\u00e7a Penal e Ra\u00e7a, classe e g\u00eanero. Al\u00e9m de prefeituras interessadas, estar\u00e3o presentes representantes do Sistema Nacional de Promo\u00e7\u00e3o da Igualdade Racial (SINAPIR), Minist\u00e9rio da Igualdade Racial, de comunidades negras e quilombolas e sociedade civil. Agenda:28 de novembro de 2023, 15hRua Riachuelo, 115, S\u00e9 &#8211; S\u00e3o Paulo (Audit\u00f3rio Queiroz Filho)Prefeituras interessadas podem entrar em contato pelo caocivel@mpsp.mp.br","og_url":"https:\/\/africaatual.com.br\/index.php\/2023\/11\/26\/ministerio-publico-mobiliza-prefeituras-paulistas-para-pacto-coletivo-cidades-antirracistas\/","og_site_name":"africaatual.com.br","article_published_time":"2023-11-27T00:00:30+00:00","article_modified_time":"2023-11-27T00:01:03+00:00","og_image":[{"width":609,"height":609,"url":"http:\/\/africaatual.com.br\/wp-content\/uploads\/2023\/11\/WhatsApp-Image-2023-11-25-at-16.05.40.jpeg","type":"image\/jpeg"}],"author":"africaatual","twitter_card":"summary_large_image","twitter_misc":{"Escrito por":"africaatual","Est. tempo de leitura":"2 minutos"},"schema":{"@context":"https:\/\/schema.org","@graph":[{"@type":"Article","@id":"https:\/\/africaatual.com.br\/index.php\/2023\/11\/26\/ministerio-publico-mobiliza-prefeituras-paulistas-para-pacto-coletivo-cidades-antirracistas\/#article","isPartOf":{"@id":"https:\/\/africaatual.com.br\/index.php\/2023\/11\/26\/ministerio-publico-mobiliza-prefeituras-paulistas-para-pacto-coletivo-cidades-antirracistas\/"},"author":{"name":"africaatual","@id":"https:\/\/africaatual.com.br\/#\/schema\/person\/31315b203b16bec551dcad6d14ff6b17"},"headline":"Minist\u00e9rio P\u00fablico mobiliza prefeituras paulistas para Pacto Coletivo Cidades Antirracistas","datePublished":"2023-11-27T00:00:30+00:00","dateModified":"2023-11-27T00:01:03+00:00","mainEntityOfPage":{"@id":"https:\/\/africaatual.com.br\/index.php\/2023\/11\/26\/ministerio-publico-mobiliza-prefeituras-paulistas-para-pacto-coletivo-cidades-antirracistas\/"},"wordCount":356,"commentCount":0,"publisher":{"@id":"https:\/\/africaatual.com.br\/#organization"},"image":{"@id":"https:\/\/africaatual.com.br\/index.php\/2023\/11\/26\/ministerio-publico-mobiliza-prefeituras-paulistas-para-pacto-coletivo-cidades-antirracistas\/#primaryimage"},"thumbnailUrl":"https:\/\/africaatual.com.br\/wp-content\/uploads\/2023\/11\/WhatsApp-Image-2023-11-25-at-16.05.40.jpeg","articleSection":["Blog","Not\u00edcias"],"inLanguage":"pt-BR","potentialAction":[{"@type":"CommentAction","name":"Comment","target":["https:\/\/africaatual.com.br\/index.php\/2023\/11\/26\/ministerio-publico-mobiliza-prefeituras-paulistas-para-pacto-coletivo-cidades-antirracistas\/#respond"]}]},{"@type":"WebPage","@id":"https:\/\/africaatual.com.br\/index.php\/2023\/11\/26\/ministerio-publico-mobiliza-prefeituras-paulistas-para-pacto-coletivo-cidades-antirracistas\/","url":"https:\/\/africaatual.com.br\/index.php\/2023\/11\/26\/ministerio-publico-mobiliza-prefeituras-paulistas-para-pacto-coletivo-cidades-antirracistas\/","name":"Minist\u00e9rio P\u00fablico mobiliza prefeituras paulistas para Pacto Coletivo Cidades Antirracistas - africaatual.com.br","isPartOf":{"@id":"https:\/\/africaatual.com.br\/#website"},"primaryImageOfPage":{"@id":"https:\/\/africaatual.com.br\/index.php\/2023\/11\/26\/ministerio-publico-mobiliza-prefeituras-paulistas-para-pacto-coletivo-cidades-antirracistas\/#primaryimage"},"image":{"@id":"https:\/\/africaatual.com.br\/index.php\/2023\/11\/26\/ministerio-publico-mobiliza-prefeituras-paulistas-para-pacto-coletivo-cidades-antirracistas\/#primaryimage"},"thumbnailUrl":"https:\/\/africaatual.com.br\/wp-content\/uploads\/2023\/11\/WhatsApp-Image-2023-11-25-at-16.05.40.jpeg","datePublished":"2023-11-27T00:00:30+00:00","dateModified":"2023-11-27T00:01:03+00:00","breadcrumb":{"@id":"https:\/\/africaatual.com.br\/index.php\/2023\/11\/26\/ministerio-publico-mobiliza-prefeituras-paulistas-para-pacto-coletivo-cidades-antirracistas\/#breadcrumb"},"inLanguage":"pt-BR","potentialAction":[{"@type":"ReadAction","target":["https:\/\/africaatual.com.br\/index.php\/2023\/11\/26\/ministerio-publico-mobiliza-prefeituras-paulistas-para-pacto-coletivo-cidades-antirracistas\/"]}]},{"@type":"ImageObject","inLanguage":"pt-BR","@id":"https:\/\/africaatual.com.br\/index.php\/2023\/11\/26\/ministerio-publico-mobiliza-prefeituras-paulistas-para-pacto-coletivo-cidades-antirracistas\/#primaryimage","url":"https:\/\/africaatual.com.br\/wp-content\/uploads\/2023\/11\/WhatsApp-Image-2023-11-25-at-16.05.40.jpeg","contentUrl":"https:\/\/africaatual.com.br\/wp-content\/uploads\/2023\/11\/WhatsApp-Image-2023-11-25-at-16.05.40.jpeg","width":609,"height":609,"caption":"Cidades antirracistas no estado de s\u00e3o paulo"},{"@type":"BreadcrumbList","@id":"https:\/\/africaatual.com.br\/index.php\/2023\/11\/26\/ministerio-publico-mobiliza-prefeituras-paulistas-para-pacto-coletivo-cidades-antirracistas\/#breadcrumb","itemListElement":[{"@type":"ListItem","position":1,"name":"In\u00edcio","item":"https:\/\/africaatual.com.br\/"},{"@type":"ListItem","position":2,"name":"Minist\u00e9rio P\u00fablico mobiliza prefeituras paulistas para Pacto Coletivo Cidades Antirracistas"}]},{"@type":"WebSite","@id":"https:\/\/africaatual.com.br\/#website","url":"https:\/\/africaatual.com.br\/","name":"africaatual.com.br","description":"O Atlas Geocultural da \u00c1frica \u00e9 um rico material de leitura e pesquisa, que visa apresentar de forma atual os pa\u00edses africanos, ainda t\u00e3o pouco conhecidos.","publisher":{"@id":"https:\/\/africaatual.com.br\/#organization"},"potentialAction":[{"@type":"SearchAction","target":{"@type":"EntryPoint","urlTemplate":"https:\/\/africaatual.com.br\/?s={search_term_string}"},"query-input":{"@type":"PropertyValueSpecification","valueRequired":true,"valueName":"search_term_string"}}],"inLanguage":"pt-BR"},{"@type":"Organization","@id":"https:\/\/africaatual.com.br\/#organization","name":"africaatual.com.br","url":"https:\/\/africaatual.com.br\/","logo":{"@type":"ImageObject","inLanguage":"pt-BR","@id":"https:\/\/africaatual.com.br\/#\/schema\/logo\/image\/","url":"http:\/\/africaatual.com.br\/wp-content\/uploads\/2023\/06\/LOGOEIROS_Prancheta-1-tipo-preto.png","contentUrl":"http:\/\/africaatual.com.br\/wp-content\/uploads\/2023\/06\/LOGOEIROS_Prancheta-1-tipo-preto.png","width":1667,"height":730,"caption":"africaatual.com.br"},"image":{"@id":"https:\/\/africaatual.com.br\/#\/schema\/logo\/image\/"}},{"@type":"Person","@id":"https:\/\/africaatual.com.br\/#\/schema\/person\/31315b203b16bec551dcad6d14ff6b17","name":"africaatual","image":{"@type":"ImageObject","inLanguage":"pt-BR","@id":"https:\/\/secure.gravatar.com\/avatar\/62aeeba3c7bd20a0a9ee0e00da31fba130446f5c08871cd9335ec9bce29b9030?s=96&d=mm&r=g","url":"https:\/\/secure.gravatar.com\/avatar\/62aeeba3c7bd20a0a9ee0e00da31fba130446f5c08871cd9335ec9bce29b9030?s=96&d=mm&r=g","contentUrl":"https:\/\/secure.gravatar.com\/avatar\/62aeeba3c7bd20a0a9ee0e00da31fba130446f5c08871cd9335ec9bce29b9030?s=96&d=mm&r=g","caption":"africaatual"},"sameAs":["http:\/\/africaatual.com.br"],"url":"https:\/\/africaatual.com.br\/index.php\/author\/atlasgeoculturalafricaatual-com\/"}]}},"_links":{"self":[{"href":"https:\/\/africaatual.com.br\/index.php\/wp-json\/wp\/v2\/posts\/9856","targetHints":{"allow":["GET"]}}],"collection":[{"href":"https:\/\/africaatual.com.br\/index.php\/wp-json\/wp\/v2\/posts"}],"about":[{"href":"https:\/\/africaatual.com.br\/index.php\/wp-json\/wp\/v2\/types\/post"}],"author":[{"embeddable":true,"href":"https:\/\/africaatual.com.br\/index.php\/wp-json\/wp\/v2\/users\/1"}],"replies":[{"embeddable":true,"href":"https:\/\/africaatual.com.br\/index.php\/wp-json\/wp\/v2\/comments?post=9856"}],"version-history":[{"count":1,"href":"https:\/\/africaatual.com.br\/index.php\/wp-json\/wp\/v2\/posts\/9856\/revisions"}],"predecessor-version":[{"id":9858,"href":"https:\/\/africaatual.com.br\/index.php\/wp-json\/wp\/v2\/posts\/9856\/revisions\/9858"}],"wp:featuredmedia":[{"embeddable":true,"href":"https:\/\/africaatual.com.br\/index.php\/wp-json\/wp\/v2\/media\/9857"}],"wp:attachment":[{"href":"https:\/\/africaatual.com.br\/index.php\/wp-json\/wp\/v2\/media?parent=9856"}],"wp:term":[{"taxonomy":"category","embeddable":true,"href":"https:\/\/africaatual.com.br\/index.php\/wp-json\/wp\/v2\/categories?post=9856"},{"taxonomy":"post_tag","embeddable":true,"href":"https:\/\/africaatual.com.br\/index.php\/wp-json\/wp\/v2\/tags?post=9856"},{"taxonomy":"palavra-chave","embeddable":true,"href":"https:\/\/africaatual.com.br\/index.php\/wp-json\/wp\/v2\/palavra-chave?post=9856"}],"curies":[{"name":"wp","href":"https:\/\/api.w.org\/{rel}","templated":true}]}}